{"id":62943,"date":"2026-09-02T08:12:01","date_gmt":"2026-09-02T12:12:01","guid":{"rendered":"https:\/\/conexion23.com\/?p=62943"},"modified":"2026-09-02T08:12:01","modified_gmt":"2026-09-02T12:12:01","slug":"eu-incorpora-caso-dominicano-a-fuerza-contra-carteles","status":"publish","type":"post","link":"https:\/\/conexion23.com\/?p=62943","title":{"rendered":"EU incorpora caso dominicano a fuerza contra carteles"},"content":{"rendered":"<p style=\"text-align: justify;\">Estados Unidos incorpor\u00f3 los procesos judiciales que se siguen contra Erick Randhiel Mosquea Polanco, se\u00f1alado como cabecilla del caso Falc\u00f3n, a la Homeland Security Task Force (HSTF), una iniciativa especial creada para perseguir carteles, bandas extranjeras y organizaciones criminales transnacionales.<\/p>\n<p style=\"text-align: justify;\">El Departamento de Justicia confirm\u00f3 la inclusi\u00f3n al anunciar la extradici\u00f3n desde Colombia de Mosquea Polanco, a quien identifica como l\u00edder de una organizaci\u00f3n internacional de tr\u00e1fico de coca\u00edna y lavado de dinero con base en Rep\u00fablica Dominicana.<\/p>\n<p style=\"text-align: justify;\">La decisi\u00f3n implica que las investigaciones vinculadas a su estructura pasan a formar parte de una estrategia de alcance mayor que una pesquisa ordinaria de narcotr\u00e1fico.<\/p>\n<p style=\"text-align: justify;\">La HSTF fue establecida mediante la Orden Ejecutiva 14159 y opera bajo el modelo denominado whole-of-government, que articula de manera coordinada los recursos de diferentes agencias federales para identificar, investigar, procesar y desmantelar organizaciones criminales.<\/p>\n<p style=\"text-align: justify;\">Seg\u00fan el Departamento de Justicia, su objetivo es dirigir \u00abtodo el poder\u00bb de las agencias de aplicaci\u00f3n de la ley contra carteles, organizaciones transnacionales, bandas extranjeras y redes de tr\u00e1fico y contrabando de personas.<\/p>\n<p style=\"text-align: justify;\">Con ello, las investigaciones que se llevan a cabo en Puerto Rico y Nueva Jersey contra el presunto jefe de Falc\u00f3n quedan dentro de la misma estrategia federal utilizada contra las principales organizaciones criminales internacionales perseguidas por Washington.<\/p>\n<p style=\"text-align: justify;\">El Departamento de Justicia no lo presenta simplemente como un narcotraficante, sino como l\u00edder de una organizaci\u00f3n internacional. La DEA, adem\u00e1s, lo hab\u00eda clasificado como Regional Priority Organizational Target (RPOT), categor\u00eda reservada para objetivos prioritarios.<\/p>\n<p style=\"text-align: justify;\">La modalidad de la HSTF permite que investigaciones antes dispersas entre agencias y jurisdicciones sean abordadas de forma coordinada. En este caso han participado la DEA, Homeland Security Investigations (HSI), FBI, U.S. Marshals Service, fiscales federales y organismos de cooperaci\u00f3n internacional del Departamento de Justicia, adem\u00e1s de autoridades colombianas para su localizaci\u00f3n, arresto y extradici\u00f3n.<\/p>\n<p style=\"text-align: justify;\">Mosquea Polanco permaneci\u00f3 pr\u00f3fugo tras el lanzamiento de la Operaci\u00f3n Falc\u00f3n en 2021. Fue arrestado en Colombia en diciembre de 2024 a solicitud de EE.UU. y extraditado el pasado 26 de agosto.<\/p>\n","protected":false},"excerpt":{"rendered":"<p>Estados Unidos incorpor\u00f3 los procesos judiciales que se siguen contra Erick Randhiel Mosquea Polanco, se\u00f1alado como cabecilla del caso Falc\u00f3n, a la Homeland Security Task Force (HSTF), una iniciativa especial creada para perseguir carteles, bandas extranjeras y organizaciones criminales transnacionales. El Departamento de Justicia confirm\u00f3 la inclusi\u00f3n al anunciar la extradici\u00f3n desde Colombia de Mosquea [&hellip;]<\/p>\n","protected":false},"author":15,"featured_media":62944,"comment_status":"open","ping_status":"open","sticky":false,"template":"","format":"standard","meta":{"footnotes":""},"categories":[3883],"tags":[11602,11601,284],"class_list":["post-62943","post","type-post","status-publish","format-standard","has-post-thumbnail","category-ultramar","tag-carteles","tag-caso-dominicano","tag-estados-unidos"],"yoast_head":"<!-- This site is optimized with the Yoast SEO plugin v27.6 - https:\/\/yoast.com\/product\/yoast-seo-wordpress\/ -->\n<title>EU incorpora caso dominicano a fuerza contra carteles - Conexi\u00f3n 23<\/title>\n<meta name=\"robots\" content=\"index, follow, max-snippet:-1, max-image-preview:large, max-video-preview:-1\" \/>\n<link rel=\"canonical\" href=\"https:\/\/conexion23.com\/?p=62943\" \/>\n<meta property=\"og:locale\" content=\"es_ES\" \/>\n<meta property=\"og:type\" content=\"article\" \/>\n<meta property=\"og:title\" content=\"EU incorpora caso dominicano a fuerza contra carteles - Conexi\u00f3n 23\" \/>\n<meta property=\"og:description\" content=\"Estados Unidos incorpor\u00f3 los procesos judiciales que se siguen contra Erick Randhiel Mosquea Polanco, se\u00f1alado como cabecilla del caso Falc\u00f3n, a la Homeland Security Task Force (HSTF), una iniciativa especial creada para perseguir carteles, bandas extranjeras y organizaciones criminales transnacionales. El Departamento de Justicia confirm\u00f3 la inclusi\u00f3n al anunciar la extradici\u00f3n desde Colombia de Mosquea [&hellip;]\" \/>\n<meta property=\"og:url\" content=\"https:\/\/conexion23.com\/?p=62943\" \/>\n<meta property=\"og:site_name\" content=\"Conexi\u00f3n 23\" \/>\n<meta property=\"article:publisher\" content=\"https:\/\/www.facebook.com\/conexion23com\" \/>\n<meta property=\"article:published_time\" content=\"2026-09-02T12:12:01+00:00\" \/>\n<meta property=\"og:image\" content=\"https:\/\/conexion23.com\/wp-content\/uploads\/2026\/09\/dominicanos-en-el-exterior.png\" \/>\n\t<meta property=\"og:image:width\" content=\"600\" \/>\n\t<meta property=\"og:image:height\" content=\"434\" \/>\n\t<meta property=\"og:image:type\" content=\"image\/png\" \/>\n<meta name=\"author\" content=\"Raffy Ben\u00edtez\" \/>\n<meta name=\"twitter:card\" content=\"summary_large_image\" \/>\n<meta name=\"twitter:label1\" content=\"Escrito por\" \/>\n\t<meta name=\"twitter:data1\" content=\"Raffy Ben\u00edtez\" \/>\n\t<meta name=\"twitter:label2\" content=\"Tiempo de lectura\" \/>\n\t<meta name=\"twitter:data2\" content=\"2 minutos\" \/>\n<script type=\"application\/ld+json\" class=\"yoast-schema-graph\">{\"@context\":\"https:\\\/\\\/schema.org\",\"@graph\":[{\"@type\":\"Article\",\"@id\":\"https:\\\/\\\/conexion23.com\\\/?p=62943#article\",\"isPartOf\":{\"@id\":\"https:\\\/\\\/conexion23.com\\\/?p=62943\"},\"author\":{\"name\":\"Raffy Ben\u00edtez\",\"@id\":\"http:\\\/\\\/conexion23.com\\\/#\\\/schema\\\/person\\\/03e36043331117e97a373299bbcd30a6\"},\"headline\":\"EU incorpora caso dominicano a fuerza contra carteles\",\"datePublished\":\"2026-09-02T12:12:01+00:00\",\"mainEntityOfPage\":{\"@id\":\"https:\\\/\\\/conexion23.com\\\/?p=62943\"},\"wordCount\":366,\"commentCount\":0,\"publisher\":{\"@id\":\"http:\\\/\\\/conexion23.com\\\/#organization\"},\"image\":{\"@id\":\"https:\\\/\\\/conexion23.com\\\/?p=62943#primaryimage\"},\"thumbnailUrl\":\"https:\\\/\\\/conexion23.com\\\/wp-content\\\/uploads\\\/2026\\\/09\\\/dominicanos-en-el-exterior.png\",\"keywords\":[\"carteles\",\"caso dominicano\",\"Estados unidos\"],\"articleSection\":[\"Ultramar\"],\"inLanguage\":\"es\",\"potentialAction\":[{\"@type\":\"CommentAction\",\"name\":\"Comment\",\"target\":[\"https:\\\/\\\/conexion23.com\\\/?p=62943#respond\"]}]},{\"@type\":\"WebPage\",\"@id\":\"https:\\\/\\\/conexion23.com\\\/?p=62943\",\"url\":\"https:\\\/\\\/conexion23.com\\\/?p=62943\",\"name\":\"EU incorpora caso dominicano a fuerza contra carteles - Conexi\u00f3n 23\",\"isPartOf\":{\"@id\":\"http:\\\/\\\/conexion23.com\\\/#website\"},\"primaryImageOfPage\":{\"@id\":\"https:\\\/\\\/conexion23.com\\\/?p=62943#primaryimage\"},\"image\":{\"@id\":\"https:\\\/\\\/conexion23.com\\\/?p=62943#primaryimage\"},\"thumbnailUrl\":\"https:\\\/\\\/conexion23.com\\\/wp-content\\\/uploads\\\/2026\\\/09\\\/dominicanos-en-el-exterior.png\",\"datePublished\":\"2026-09-02T12:12:01+00:00\",\"breadcrumb\":{\"@id\":\"https:\\\/\\\/conexion23.com\\\/?p=62943#breadcrumb\"},\"inLanguage\":\"es\",\"potentialAction\":[{\"@type\":\"ReadAction\",\"target\":[\"https:\\\/\\\/conexion23.com\\\/?p=62943\"]}]},{\"@type\":\"ImageObject\",\"inLanguage\":\"es\",\"@id\":\"https:\\\/\\\/conexion23.com\\\/?p=62943#primaryimage\",\"url\":\"https:\\\/\\\/conexion23.com\\\/wp-content\\\/uploads\\\/2026\\\/09\\\/dominicanos-en-el-exterior.png\",\"contentUrl\":\"https:\\\/\\\/conexion23.com\\\/wp-content\\\/uploads\\\/2026\\\/09\\\/dominicanos-en-el-exterior.png\",\"width\":600,\"height\":434},{\"@type\":\"BreadcrumbList\",\"@id\":\"https:\\\/\\\/conexion23.com\\\/?p=62943#breadcrumb\",\"itemListElement\":[{\"@type\":\"ListItem\",\"position\":1,\"name\":\"Portada\",\"item\":\"http:\\\/\\\/conexion23.com\\\/\"},{\"@type\":\"ListItem\",\"position\":2,\"name\":\"EU incorpora caso dominicano a fuerza contra carteles\"}]},{\"@type\":\"WebSite\",\"@id\":\"http:\\\/\\\/conexion23.com\\\/#website\",\"url\":\"http:\\\/\\\/conexion23.com\\\/\",\"name\":\"Conexi\u00f3n 23\",\"description\":\"Peri\u00f3dico 100% Petromacorisano\",\"publisher\":{\"@id\":\"http:\\\/\\\/conexion23.com\\\/#organization\"},\"potentialAction\":[{\"@type\":\"SearchAction\",\"target\":{\"@type\":\"EntryPoint\",\"urlTemplate\":\"http:\\\/\\\/conexion23.com\\\/?s={search_term_string}\"},\"query-input\":{\"@type\":\"PropertyValueSpecification\",\"valueRequired\":true,\"valueName\":\"search_term_string\"}}],\"inLanguage\":\"es\"},{\"@type\":\"Organization\",\"@id\":\"http:\\\/\\\/conexion23.com\\\/#organization\",\"name\":\"Conexion 23\",\"url\":\"http:\\\/\\\/conexion23.com\\\/\",\"logo\":{\"@type\":\"ImageObject\",\"inLanguage\":\"es\",\"@id\":\"http:\\\/\\\/conexion23.com\\\/#\\\/schema\\\/logo\\\/image\\\/\",\"url\":\"https:\\\/\\\/conexion23.com\\\/wp-content\\\/uploads\\\/2021\\\/11\\\/Diseno-sin-titulo-2.png\",\"contentUrl\":\"https:\\\/\\\/conexion23.com\\\/wp-content\\\/uploads\\\/2021\\\/11\\\/Diseno-sin-titulo-2.png\",\"width\":541,\"height\":90,\"caption\":\"Conexion 23\"},\"image\":{\"@id\":\"http:\\\/\\\/conexion23.com\\\/#\\\/schema\\\/logo\\\/image\\\/\"},\"sameAs\":[\"https:\\\/\\\/www.facebook.com\\\/conexion23com\",\"https:\\\/\\\/www.instagram.com\\\/conexion23com\\\/\",\"https:\\\/\\\/www.youtube.com\\\/channel\\\/UCYc7vxxFZMYLIHNsHHxPZ3Q\"]},{\"@type\":\"Person\",\"@id\":\"http:\\\/\\\/conexion23.com\\\/#\\\/schema\\\/person\\\/03e36043331117e97a373299bbcd30a6\",\"name\":\"Raffy Ben\u00edtez\",\"image\":{\"@type\":\"ImageObject\",\"inLanguage\":\"es\",\"@id\":\"https:\\\/\\\/secure.gravatar.com\\\/avatar\\\/3190a6a6c5e1b0327500f7d6c56b6242472ee6cb974cf09b401ee6b3b0798f23?s=96&d=mm&r=g\",\"url\":\"https:\\\/\\\/secure.gravatar.com\\\/avatar\\\/3190a6a6c5e1b0327500f7d6c56b6242472ee6cb974cf09b401ee6b3b0798f23?s=96&d=mm&r=g\",\"contentUrl\":\"https:\\\/\\\/secure.gravatar.com\\\/avatar\\\/3190a6a6c5e1b0327500f7d6c56b6242472ee6cb974cf09b401ee6b3b0798f23?s=96&d=mm&r=g\",\"caption\":\"Raffy Ben\u00edtez\"},\"url\":\"https:\\\/\\\/conexion23.com\\\/?author=15\"}]}<\/script>\n<!-- \/ Yoast SEO plugin. -->","yoast_head_json":{"title":"EU incorpora caso dominicano a fuerza contra carteles - Conexi\u00f3n 23","robots":{"index":"index","follow":"follow","max-snippet":"max-snippet:-1","max-image-preview":"max-image-preview:large","max-video-preview":"max-video-preview:-1"},"canonical":"https:\/\/conexion23.com\/?p=62943","og_locale":"es_ES","og_type":"article","og_title":"EU incorpora caso dominicano a fuerza contra carteles - Conexi\u00f3n 23","og_description":"Estados Unidos incorpor\u00f3 los procesos judiciales que se siguen contra Erick Randhiel Mosquea Polanco, se\u00f1alado como cabecilla del caso Falc\u00f3n, a la Homeland Security Task Force (HSTF), una iniciativa especial creada para perseguir carteles, bandas extranjeras y organizaciones criminales transnacionales. El Departamento de Justicia confirm\u00f3 la inclusi\u00f3n al anunciar la extradici\u00f3n desde Colombia de Mosquea [&hellip;]","og_url":"https:\/\/conexion23.com\/?p=62943","og_site_name":"Conexi\u00f3n 23","article_publisher":"https:\/\/www.facebook.com\/conexion23com","article_published_time":"2026-09-02T12:12:01+00:00","og_image":[{"width":600,"height":434,"url":"https:\/\/conexion23.com\/wp-content\/uploads\/2026\/09\/dominicanos-en-el-exterior.png","type":"image\/png"}],"author":"Raffy Ben\u00edtez","twitter_card":"summary_large_image","twitter_misc":{"Escrito por":"Raffy Ben\u00edtez","Tiempo de lectura":"2 minutos"},"schema":{"@context":"https:\/\/schema.org","@graph":[{"@type":"Article","@id":"https:\/\/conexion23.com\/?p=62943#article","isPartOf":{"@id":"https:\/\/conexion23.com\/?p=62943"},"author":{"name":"Raffy Ben\u00edtez","@id":"http:\/\/conexion23.com\/#\/schema\/person\/03e36043331117e97a373299bbcd30a6"},"headline":"EU incorpora caso dominicano a fuerza contra carteles","datePublished":"2026-09-02T12:12:01+00:00","mainEntityOfPage":{"@id":"https:\/\/conexion23.com\/?p=62943"},"wordCount":366,"commentCount":0,"publisher":{"@id":"http:\/\/conexion23.com\/#organization"},"image":{"@id":"https:\/\/conexion23.com\/?p=62943#primaryimage"},"thumbnailUrl":"https:\/\/conexion23.com\/wp-content\/uploads\/2026\/09\/dominicanos-en-el-exterior.png","keywords":["carteles","caso dominicano","Estados unidos"],"articleSection":["Ultramar"],"inLanguage":"es","potentialAction":[{"@type":"CommentAction","name":"Comment","target":["https:\/\/conexion23.com\/?p=62943#respond"]}]},{"@type":"WebPage","@id":"https:\/\/conexion23.com\/?p=62943","url":"https:\/\/conexion23.com\/?p=62943","name":"EU incorpora caso dominicano a fuerza contra carteles - Conexi\u00f3n 23","isPartOf":{"@id":"http:\/\/conexion23.com\/#website"},"primaryImageOfPage":{"@id":"https:\/\/conexion23.com\/?p=62943#primaryimage"},"image":{"@id":"https:\/\/conexion23.com\/?p=62943#primaryimage"},"thumbnailUrl":"https:\/\/conexion23.com\/wp-content\/uploads\/2026\/09\/dominicanos-en-el-exterior.png","datePublished":"2026-09-02T12:12:01+00:00","breadcrumb":{"@id":"https:\/\/conexion23.com\/?p=62943#breadcrumb"},"inLanguage":"es","potentialAction":[{"@type":"ReadAction","target":["https:\/\/conexion23.com\/?p=62943"]}]},{"@type":"ImageObject","inLanguage":"es","@id":"https:\/\/conexion23.com\/?p=62943#primaryimage","url":"https:\/\/conexion23.com\/wp-content\/uploads\/2026\/09\/dominicanos-en-el-exterior.png","contentUrl":"https:\/\/conexion23.com\/wp-content\/uploads\/2026\/09\/dominicanos-en-el-exterior.png","width":600,"height":434},{"@type":"BreadcrumbList","@id":"https:\/\/conexion23.com\/?p=62943#breadcrumb","itemListElement":[{"@type":"ListItem","position":1,"name":"Portada","item":"http:\/\/conexion23.com\/"},{"@type":"ListItem","position":2,"name":"EU incorpora caso dominicano a fuerza contra carteles"}]},{"@type":"WebSite","@id":"http:\/\/conexion23.com\/#website","url":"http:\/\/conexion23.com\/","name":"Conexi\u00f3n 23","description":"Peri\u00f3dico 100% Petromacorisano","publisher":{"@id":"http:\/\/conexion23.com\/#organization"},"potentialAction":[{"@type":"SearchAction","target":{"@type":"EntryPoint","urlTemplate":"http:\/\/conexion23.com\/?s={search_term_string}"},"query-input":{"@type":"PropertyValueSpecification","valueRequired":true,"valueName":"search_term_string"}}],"inLanguage":"es"},{"@type":"Organization","@id":"http:\/\/conexion23.com\/#organization","name":"Conexion 23","url":"http:\/\/conexion23.com\/","logo":{"@type":"ImageObject","inLanguage":"es","@id":"http:\/\/conexion23.com\/#\/schema\/logo\/image\/","url":"https:\/\/conexion23.com\/wp-content\/uploads\/2021\/11\/Diseno-sin-titulo-2.png","contentUrl":"https:\/\/conexion23.com\/wp-content\/uploads\/2021\/11\/Diseno-sin-titulo-2.png","width":541,"height":90,"caption":"Conexion 23"},"image":{"@id":"http:\/\/conexion23.com\/#\/schema\/logo\/image\/"},"sameAs":["https:\/\/www.facebook.com\/conexion23com","https:\/\/www.instagram.com\/conexion23com\/","https:\/\/www.youtube.com\/channel\/UCYc7vxxFZMYLIHNsHHxPZ3Q"]},{"@type":"Person","@id":"http:\/\/conexion23.com\/#\/schema\/person\/03e36043331117e97a373299bbcd30a6","name":"Raffy Ben\u00edtez","image":{"@type":"ImageObject","inLanguage":"es","@id":"https:\/\/secure.gravatar.com\/avatar\/3190a6a6c5e1b0327500f7d6c56b6242472ee6cb974cf09b401ee6b3b0798f23?s=96&d=mm&r=g","url":"https:\/\/secure.gravatar.com\/avatar\/3190a6a6c5e1b0327500f7d6c56b6242472ee6cb974cf09b401ee6b3b0798f23?s=96&d=mm&r=g","contentUrl":"https:\/\/secure.gravatar.com\/avatar\/3190a6a6c5e1b0327500f7d6c56b6242472ee6cb974cf09b401ee6b3b0798f23?s=96&d=mm&r=g","caption":"Raffy Ben\u00edtez"},"url":"https:\/\/conexion23.com\/?author=15"}]}},"_links":{"self":[{"href":"https:\/\/conexion23.com\/index.php?rest_route=\/wp\/v2\/posts\/62943","targetHints":{"allow":["GET"]}}],"collection":[{"href":"https:\/\/conexion23.com\/index.php?rest_route=\/wp\/v2\/posts"}],"about":[{"href":"https:\/\/conexion23.com\/index.php?rest_route=\/wp\/v2\/types\/post"}],"author":[{"embeddable":true,"href":"https:\/\/conexion23.com\/index.php?rest_route=\/wp\/v2\/users\/15"}],"replies":[{"embeddable":true,"href":"https:\/\/conexion23.com\/index.php?rest_route=%2Fwp%2Fv2%2Fcomments&post=62943"}],"version-history":[{"count":1,"href":"https:\/\/conexion23.com\/index.php?rest_route=\/wp\/v2\/posts\/62943\/revisions"}],"predecessor-version":[{"id":62945,"href":"https:\/\/conexion23.com\/index.php?rest_route=\/wp\/v2\/posts\/62943\/revisions\/62945"}],"wp:featuredmedia":[{"embeddable":true,"href":"https:\/\/conexion23.com\/index.php?rest_route=\/wp\/v2\/media\/62944"}],"wp:attachment":[{"href":"https:\/\/conexion23.com\/index.php?rest_route=%2Fwp%2Fv2%2Fmedia&parent=62943"}],"wp:term":[{"taxonomy":"category","embeddable":true,"href":"https:\/\/conexion23.com\/index.php?rest_route=%2Fwp%2Fv2%2Fcategories&post=62943"},{"taxonomy":"post_tag","embeddable":true,"href":"https:\/\/conexion23.com\/index.php?rest_route=%2Fwp%2Fv2%2Ftags&post=62943"}],"curies":[{"name":"wp","href":"https:\/\/api.w.org\/{rel}","templated":true}]}}