{"id":62948,"date":"2026-09-02T17:30:48","date_gmt":"2026-09-02T21:30:48","guid":{"rendered":"https:\/\/conexion23.com\/?p=62948"},"modified":"2026-09-02T17:32:00","modified_gmt":"2026-09-02T21:32:00","slug":"melvin-matos-apuesta-al-fortalecimiento-de-la-fuerza-del-pueblo-y-anuncia-aspiraciones-a-diputado-para-2028","status":"publish","type":"post","link":"https:\/\/conexion23.com\/?p=62948","title":{"rendered":"Melvin Matos apuesta al fortalecimiento de la Fuerza del Pueblo y anuncia aspiraciones a diputado para 2028"},"content":{"rendered":"<p>El dirigente pol\u00edtico Melvin Matos afirm\u00f3 que trabaja en el fortalecimiento y crecimiento de la Fuerza del Pueblo en San Pedro de Macor\u00eds, al tiempo que manifest\u00f3 su intenci\u00f3n de impulsar un proyecto pol\u00edtico con miras a obtener una diputaci\u00f3n en las elecciones del 2028.<\/p>\n<p>Matos se\u00f1al\u00f3 que entre sus principales prop\u00f3sitos se encuentra promover el desarrollo tur\u00edstico de la Regi\u00f3n Este y contribuir a dinamizar la econom\u00eda de San Pedro de Macor\u00eds, provincia que, seg\u00fan consider\u00f3, atraviesa un per\u00edodo de atraso en materia comercial.<\/p>\n<p><img loading=\"lazy\" decoding=\"async\" class=\"alignnone size-medium wp-image-62949\" src=\"http:\/\/conexion23.com\/wp-content\/uploads\/2026\/09\/Melvin-Matos-1-300x263.jpg\" alt=\"\" width=\"300\" height=\"263\" srcset=\"https:\/\/conexion23.com\/wp-content\/uploads\/2026\/09\/Melvin-Matos-1-300x263.jpg 300w, https:\/\/conexion23.com\/wp-content\/uploads\/2026\/09\/Melvin-Matos-1-478x420.jpg 478w, https:\/\/conexion23.com\/wp-content\/uploads\/2026\/09\/Melvin-Matos-1-150x132.jpg 150w, https:\/\/conexion23.com\/wp-content\/uploads\/2026\/09\/Melvin-Matos-1.jpg 575w\" sizes=\"auto, (max-width: 300px) 100vw, 300px\" \/><\/p>\n<p>El dirigente pol\u00edtico atribuy\u00f3 parte de esta situaci\u00f3n a lo que calific\u00f3 como una mala gesti\u00f3n en el manejo del sector comercial relacionado con acuerdos diplom\u00e1ticos establecidos por gobiernos anteriores.<\/p>\n<p>Sin embargo, Matos asegur\u00f3 que San Pedro de Macor\u00eds es un pueblo con una importante historia y potencial para salir adelante. En ese sentido, plante\u00f3 la necesidad de establecer acuerdos y mecanismos de apoyo dirigidos a las peque\u00f1as y medianas empresas, as\u00ed como trabajar de manera directa con los sectores de clase media y de menores ingresos, a los que defini\u00f3 como emprendedores que necesitan mayores oportunidades.<\/p>\n<p>Finalmente sobre su proyecto pol\u00edtico, explic\u00f3 que su fortalecimiento se sustenta en el trabajo que viene realizando tanto en el municipio cabecera como en los dem\u00e1s municipios de la provincia, mediante la creaci\u00f3n de equipos de trabajo destinados a sumar nuevos integrantes a su proyecto y, al mismo tiempo, fortalecer las estructuras de la Fuerza del Pueblo.<\/p>\n","protected":false},"excerpt":{"rendered":"<p>El dirigente pol\u00edtico Melvin Matos afirm\u00f3 que trabaja en el fortalecimiento y crecimiento de la Fuerza del Pueblo en San Pedro de Macor\u00eds, al tiempo que manifest\u00f3 su intenci\u00f3n de impulsar un proyecto pol\u00edtico con miras a obtener una diputaci\u00f3n en las elecciones del 2028. Matos se\u00f1al\u00f3 que entre sus principales prop\u00f3sitos se encuentra promover [&hellip;]<\/p>\n","protected":false},"author":15,"featured_media":62950,"comment_status":"open","ping_status":"open","sticky":false,"template":"","format":"standard","meta":{"footnotes":""},"categories":[12,2472,35],"tags":[11605,1011,11604,171,11603],"class_list":["post-62948","post","type-post","status-publish","format-standard","has-post-thumbnail","category-municipales","category-provincias-del-este","category-spm","tag-aspiraciones","tag-diputado","tag-fortalecimiento","tag-fuerza-del-pueblo","tag-melvin-matos"],"yoast_head":"<!-- This site is optimized with the Yoast SEO plugin v27.6 - https:\/\/yoast.com\/product\/yoast-seo-wordpress\/ -->\n<title>Melvin Matos apuesta al fortalecimiento de la Fuerza del Pueblo y anuncia aspiraciones a diputado para 2028 - Conexi\u00f3n 23<\/title>\n<meta name=\"robots\" content=\"index, follow, max-snippet:-1, max-image-preview:large, max-video-preview:-1\" \/>\n<link rel=\"canonical\" href=\"https:\/\/conexion23.com\/?p=62948\" \/>\n<meta property=\"og:locale\" content=\"es_ES\" \/>\n<meta property=\"og:type\" content=\"article\" \/>\n<meta property=\"og:title\" content=\"Melvin Matos apuesta al fortalecimiento de la Fuerza del Pueblo y anuncia aspiraciones a diputado para 2028 - Conexi\u00f3n 23\" \/>\n<meta property=\"og:description\" content=\"El dirigente pol\u00edtico Melvin Matos afirm\u00f3 que trabaja en el fortalecimiento y crecimiento de la Fuerza del Pueblo en San Pedro de Macor\u00eds, al tiempo que manifest\u00f3 su intenci\u00f3n de impulsar un proyecto pol\u00edtico con miras a obtener una diputaci\u00f3n en las elecciones del 2028. Matos se\u00f1al\u00f3 que entre sus principales prop\u00f3sitos se encuentra promover [&hellip;]\" \/>\n<meta property=\"og:url\" content=\"https:\/\/conexion23.com\/?p=62948\" \/>\n<meta property=\"og:site_name\" content=\"Conexi\u00f3n 23\" \/>\n<meta property=\"article:publisher\" content=\"https:\/\/www.facebook.com\/conexion23com\" \/>\n<meta property=\"article:published_time\" content=\"2026-09-02T21:30:48+00:00\" \/>\n<meta property=\"article:modified_time\" content=\"2026-09-02T21:32:00+00:00\" \/>\n<meta property=\"og:image\" content=\"http:\/\/conexion23.com\/wp-content\/uploads\/2026\/09\/Melvin-Matos.jpg\" \/>\n\t<meta property=\"og:image:width\" content=\"575\" \/>\n\t<meta property=\"og:image:height\" content=\"638\" \/>\n\t<meta property=\"og:image:type\" content=\"image\/jpeg\" \/>\n<meta name=\"author\" content=\"Raffy Ben\u00edtez\" \/>\n<meta name=\"twitter:card\" content=\"summary_large_image\" \/>\n<meta name=\"twitter:label1\" content=\"Escrito por\" \/>\n\t<meta name=\"twitter:data1\" content=\"Raffy Ben\u00edtez\" \/>\n\t<meta name=\"twitter:label2\" content=\"Tiempo de lectura\" \/>\n\t<meta name=\"twitter:data2\" content=\"2 minutos\" \/>\n<script type=\"application\/ld+json\" class=\"yoast-schema-graph\">{\"@context\":\"https:\\\/\\\/schema.org\",\"@graph\":[{\"@type\":\"Article\",\"@id\":\"https:\\\/\\\/conexion23.com\\\/?p=62948#article\",\"isPartOf\":{\"@id\":\"https:\\\/\\\/conexion23.com\\\/?p=62948\"},\"author\":{\"name\":\"Raffy Ben\u00edtez\",\"@id\":\"http:\\\/\\\/conexion23.com\\\/#\\\/schema\\\/person\\\/03e36043331117e97a373299bbcd30a6\"},\"headline\":\"Melvin Matos apuesta al fortalecimiento de la Fuerza del Pueblo y anuncia aspiraciones a diputado para 2028\",\"datePublished\":\"2026-09-02T21:30:48+00:00\",\"dateModified\":\"2026-09-02T21:32:00+00:00\",\"mainEntityOfPage\":{\"@id\":\"https:\\\/\\\/conexion23.com\\\/?p=62948\"},\"wordCount\":276,\"commentCount\":0,\"publisher\":{\"@id\":\"http:\\\/\\\/conexion23.com\\\/#organization\"},\"image\":{\"@id\":\"https:\\\/\\\/conexion23.com\\\/?p=62948#primaryimage\"},\"thumbnailUrl\":\"https:\\\/\\\/conexion23.com\\\/wp-content\\\/uploads\\\/2026\\\/09\\\/Melvin-Matos.jpg\",\"keywords\":[\"aspiraciones\",\"diputado\",\"fortalecimiento\",\"fuerza del pueblo\",\"Melvin Matos\"],\"articleSection\":[\"Municipales\",\"Provincias del Este\",\"SPM\"],\"inLanguage\":\"es\",\"potentialAction\":[{\"@type\":\"CommentAction\",\"name\":\"Comment\",\"target\":[\"https:\\\/\\\/conexion23.com\\\/?p=62948#respond\"]}]},{\"@type\":\"WebPage\",\"@id\":\"https:\\\/\\\/conexion23.com\\\/?p=62948\",\"url\":\"https:\\\/\\\/conexion23.com\\\/?p=62948\",\"name\":\"Melvin Matos apuesta al fortalecimiento de la Fuerza del Pueblo y anuncia aspiraciones a diputado para 2028 - Conexi\u00f3n 23\",\"isPartOf\":{\"@id\":\"http:\\\/\\\/conexion23.com\\\/#website\"},\"primaryImageOfPage\":{\"@id\":\"https:\\\/\\\/conexion23.com\\\/?p=62948#primaryimage\"},\"image\":{\"@id\":\"https:\\\/\\\/conexion23.com\\\/?p=62948#primaryimage\"},\"thumbnailUrl\":\"https:\\\/\\\/conexion23.com\\\/wp-content\\\/uploads\\\/2026\\\/09\\\/Melvin-Matos.jpg\",\"datePublished\":\"2026-09-02T21:30:48+00:00\",\"dateModified\":\"2026-09-02T21:32:00+00:00\",\"breadcrumb\":{\"@id\":\"https:\\\/\\\/conexion23.com\\\/?p=62948#breadcrumb\"},\"inLanguage\":\"es\",\"potentialAction\":[{\"@type\":\"ReadAction\",\"target\":[\"https:\\\/\\\/conexion23.com\\\/?p=62948\"]}]},{\"@type\":\"ImageObject\",\"inLanguage\":\"es\",\"@id\":\"https:\\\/\\\/conexion23.com\\\/?p=62948#primaryimage\",\"url\":\"https:\\\/\\\/conexion23.com\\\/wp-content\\\/uploads\\\/2026\\\/09\\\/Melvin-Matos.jpg\",\"contentUrl\":\"https:\\\/\\\/conexion23.com\\\/wp-content\\\/uploads\\\/2026\\\/09\\\/Melvin-Matos.jpg\",\"width\":575,\"height\":638},{\"@type\":\"BreadcrumbList\",\"@id\":\"https:\\\/\\\/conexion23.com\\\/?p=62948#breadcrumb\",\"itemListElement\":[{\"@type\":\"ListItem\",\"position\":1,\"name\":\"Portada\",\"item\":\"http:\\\/\\\/conexion23.com\\\/\"},{\"@type\":\"ListItem\",\"position\":2,\"name\":\"Melvin Matos apuesta al fortalecimiento de la Fuerza del Pueblo y anuncia aspiraciones a diputado para 2028\"}]},{\"@type\":\"WebSite\",\"@id\":\"http:\\\/\\\/conexion23.com\\\/#website\",\"url\":\"http:\\\/\\\/conexion23.com\\\/\",\"name\":\"Conexi\u00f3n 23\",\"description\":\"Peri\u00f3dico 100% Petromacorisano\",\"publisher\":{\"@id\":\"http:\\\/\\\/conexion23.com\\\/#organization\"},\"potentialAction\":[{\"@type\":\"SearchAction\",\"target\":{\"@type\":\"EntryPoint\",\"urlTemplate\":\"http:\\\/\\\/conexion23.com\\\/?s={search_term_string}\"},\"query-input\":{\"@type\":\"PropertyValueSpecification\",\"valueRequired\":true,\"valueName\":\"search_term_string\"}}],\"inLanguage\":\"es\"},{\"@type\":\"Organization\",\"@id\":\"http:\\\/\\\/conexion23.com\\\/#organization\",\"name\":\"Conexion 23\",\"url\":\"http:\\\/\\\/conexion23.com\\\/\",\"logo\":{\"@type\":\"ImageObject\",\"inLanguage\":\"es\",\"@id\":\"http:\\\/\\\/conexion23.com\\\/#\\\/schema\\\/logo\\\/image\\\/\",\"url\":\"https:\\\/\\\/conexion23.com\\\/wp-content\\\/uploads\\\/2021\\\/11\\\/Diseno-sin-titulo-2.png\",\"contentUrl\":\"https:\\\/\\\/conexion23.com\\\/wp-content\\\/uploads\\\/2021\\\/11\\\/Diseno-sin-titulo-2.png\",\"width\":541,\"height\":90,\"caption\":\"Conexion 23\"},\"image\":{\"@id\":\"http:\\\/\\\/conexion23.com\\\/#\\\/schema\\\/logo\\\/image\\\/\"},\"sameAs\":[\"https:\\\/\\\/www.facebook.com\\\/conexion23com\",\"https:\\\/\\\/www.instagram.com\\\/conexion23com\\\/\",\"https:\\\/\\\/www.youtube.com\\\/channel\\\/UCYc7vxxFZMYLIHNsHHxPZ3Q\"]},{\"@type\":\"Person\",\"@id\":\"http:\\\/\\\/conexion23.com\\\/#\\\/schema\\\/person\\\/03e36043331117e97a373299bbcd30a6\",\"name\":\"Raffy Ben\u00edtez\",\"image\":{\"@type\":\"ImageObject\",\"inLanguage\":\"es\",\"@id\":\"https:\\\/\\\/secure.gravatar.com\\\/avatar\\\/3190a6a6c5e1b0327500f7d6c56b6242472ee6cb974cf09b401ee6b3b0798f23?s=96&d=mm&r=g\",\"url\":\"https:\\\/\\\/secure.gravatar.com\\\/avatar\\\/3190a6a6c5e1b0327500f7d6c56b6242472ee6cb974cf09b401ee6b3b0798f23?s=96&d=mm&r=g\",\"contentUrl\":\"https:\\\/\\\/secure.gravatar.com\\\/avatar\\\/3190a6a6c5e1b0327500f7d6c56b6242472ee6cb974cf09b401ee6b3b0798f23?s=96&d=mm&r=g\",\"caption\":\"Raffy Ben\u00edtez\"},\"url\":\"https:\\\/\\\/conexion23.com\\\/?author=15\"}]}<\/script>\n<!-- \/ Yoast SEO plugin. -->","yoast_head_json":{"title":"Melvin Matos apuesta al fortalecimiento de la Fuerza del Pueblo y anuncia aspiraciones a diputado para 2028 - Conexi\u00f3n 23","robots":{"index":"index","follow":"follow","max-snippet":"max-snippet:-1","max-image-preview":"max-image-preview:large","max-video-preview":"max-video-preview:-1"},"canonical":"https:\/\/conexion23.com\/?p=62948","og_locale":"es_ES","og_type":"article","og_title":"Melvin Matos apuesta al fortalecimiento de la Fuerza del Pueblo y anuncia aspiraciones a diputado para 2028 - Conexi\u00f3n 23","og_description":"El dirigente pol\u00edtico Melvin Matos afirm\u00f3 que trabaja en el fortalecimiento y crecimiento de la Fuerza del Pueblo en San Pedro de Macor\u00eds, al tiempo que manifest\u00f3 su intenci\u00f3n de impulsar un proyecto pol\u00edtico con miras a obtener una diputaci\u00f3n en las elecciones del 2028. Matos se\u00f1al\u00f3 que entre sus principales prop\u00f3sitos se encuentra promover [&hellip;]","og_url":"https:\/\/conexion23.com\/?p=62948","og_site_name":"Conexi\u00f3n 23","article_publisher":"https:\/\/www.facebook.com\/conexion23com","article_published_time":"2026-09-02T21:30:48+00:00","article_modified_time":"2026-09-02T21:32:00+00:00","og_image":[{"width":575,"height":638,"url":"http:\/\/conexion23.com\/wp-content\/uploads\/2026\/09\/Melvin-Matos.jpg","type":"image\/jpeg"}],"author":"Raffy Ben\u00edtez","twitter_card":"summary_large_image","twitter_misc":{"Escrito por":"Raffy Ben\u00edtez","Tiempo de lectura":"2 minutos"},"schema":{"@context":"https:\/\/schema.org","@graph":[{"@type":"Article","@id":"https:\/\/conexion23.com\/?p=62948#article","isPartOf":{"@id":"https:\/\/conexion23.com\/?p=62948"},"author":{"name":"Raffy Ben\u00edtez","@id":"http:\/\/conexion23.com\/#\/schema\/person\/03e36043331117e97a373299bbcd30a6"},"headline":"Melvin Matos apuesta al fortalecimiento de la Fuerza del Pueblo y anuncia aspiraciones a diputado para 2028","datePublished":"2026-09-02T21:30:48+00:00","dateModified":"2026-09-02T21:32:00+00:00","mainEntityOfPage":{"@id":"https:\/\/conexion23.com\/?p=62948"},"wordCount":276,"commentCount":0,"publisher":{"@id":"http:\/\/conexion23.com\/#organization"},"image":{"@id":"https:\/\/conexion23.com\/?p=62948#primaryimage"},"thumbnailUrl":"https:\/\/conexion23.com\/wp-content\/uploads\/2026\/09\/Melvin-Matos.jpg","keywords":["aspiraciones","diputado","fortalecimiento","fuerza del pueblo","Melvin Matos"],"articleSection":["Municipales","Provincias del Este","SPM"],"inLanguage":"es","potentialAction":[{"@type":"CommentAction","name":"Comment","target":["https:\/\/conexion23.com\/?p=62948#respond"]}]},{"@type":"WebPage","@id":"https:\/\/conexion23.com\/?p=62948","url":"https:\/\/conexion23.com\/?p=62948","name":"Melvin Matos apuesta al fortalecimiento de la Fuerza del Pueblo y anuncia aspiraciones a diputado para 2028 - Conexi\u00f3n 23","isPartOf":{"@id":"http:\/\/conexion23.com\/#website"},"primaryImageOfPage":{"@id":"https:\/\/conexion23.com\/?p=62948#primaryimage"},"image":{"@id":"https:\/\/conexion23.com\/?p=62948#primaryimage"},"thumbnailUrl":"https:\/\/conexion23.com\/wp-content\/uploads\/2026\/09\/Melvin-Matos.jpg","datePublished":"2026-09-02T21:30:48+00:00","dateModified":"2026-09-02T21:32:00+00:00","breadcrumb":{"@id":"https:\/\/conexion23.com\/?p=62948#breadcrumb"},"inLanguage":"es","potentialAction":[{"@type":"ReadAction","target":["https:\/\/conexion23.com\/?p=62948"]}]},{"@type":"ImageObject","inLanguage":"es","@id":"https:\/\/conexion23.com\/?p=62948#primaryimage","url":"https:\/\/conexion23.com\/wp-content\/uploads\/2026\/09\/Melvin-Matos.jpg","contentUrl":"https:\/\/conexion23.com\/wp-content\/uploads\/2026\/09\/Melvin-Matos.jpg","width":575,"height":638},{"@type":"BreadcrumbList","@id":"https:\/\/conexion23.com\/?p=62948#breadcrumb","itemListElement":[{"@type":"ListItem","position":1,"name":"Portada","item":"http:\/\/conexion23.com\/"},{"@type":"ListItem","position":2,"name":"Melvin Matos apuesta al fortalecimiento de la Fuerza del Pueblo y anuncia aspiraciones a diputado para 2028"}]},{"@type":"WebSite","@id":"http:\/\/conexion23.com\/#website","url":"http:\/\/conexion23.com\/","name":"Conexi\u00f3n 23","description":"Peri\u00f3dico 100% Petromacorisano","publisher":{"@id":"http:\/\/conexion23.com\/#organization"},"potentialAction":[{"@type":"SearchAction","target":{"@type":"EntryPoint","urlTemplate":"http:\/\/conexion23.com\/?s={search_term_string}"},"query-input":{"@type":"PropertyValueSpecification","valueRequired":true,"valueName":"search_term_string"}}],"inLanguage":"es"},{"@type":"Organization","@id":"http:\/\/conexion23.com\/#organization","name":"Conexion 23","url":"http:\/\/conexion23.com\/","logo":{"@type":"ImageObject","inLanguage":"es","@id":"http:\/\/conexion23.com\/#\/schema\/logo\/image\/","url":"https:\/\/conexion23.com\/wp-content\/uploads\/2021\/11\/Diseno-sin-titulo-2.png","contentUrl":"https:\/\/conexion23.com\/wp-content\/uploads\/2021\/11\/Diseno-sin-titulo-2.png","width":541,"height":90,"caption":"Conexion 23"},"image":{"@id":"http:\/\/conexion23.com\/#\/schema\/logo\/image\/"},"sameAs":["https:\/\/www.facebook.com\/conexion23com","https:\/\/www.instagram.com\/conexion23com\/","https:\/\/www.youtube.com\/channel\/UCYc7vxxFZMYLIHNsHHxPZ3Q"]},{"@type":"Person","@id":"http:\/\/conexion23.com\/#\/schema\/person\/03e36043331117e97a373299bbcd30a6","name":"Raffy Ben\u00edtez","image":{"@type":"ImageObject","inLanguage":"es","@id":"https:\/\/secure.gravatar.com\/avatar\/3190a6a6c5e1b0327500f7d6c56b6242472ee6cb974cf09b401ee6b3b0798f23?s=96&d=mm&r=g","url":"https:\/\/secure.gravatar.com\/avatar\/3190a6a6c5e1b0327500f7d6c56b6242472ee6cb974cf09b401ee6b3b0798f23?s=96&d=mm&r=g","contentUrl":"https:\/\/secure.gravatar.com\/avatar\/3190a6a6c5e1b0327500f7d6c56b6242472ee6cb974cf09b401ee6b3b0798f23?s=96&d=mm&r=g","caption":"Raffy Ben\u00edtez"},"url":"https:\/\/conexion23.com\/?author=15"}]}},"_links":{"self":[{"href":"https:\/\/conexion23.com\/index.php?rest_route=\/wp\/v2\/posts\/62948","targetHints":{"allow":["GET"]}}],"collection":[{"href":"https:\/\/conexion23.com\/index.php?rest_route=\/wp\/v2\/posts"}],"about":[{"href":"https:\/\/conexion23.com\/index.php?rest_route=\/wp\/v2\/types\/post"}],"author":[{"embeddable":true,"href":"https:\/\/conexion23.com\/index.php?rest_route=\/wp\/v2\/users\/15"}],"replies":[{"embeddable":true,"href":"https:\/\/conexion23.com\/index.php?rest_route=%2Fwp%2Fv2%2Fcomments&post=62948"}],"version-history":[{"count":1,"href":"https:\/\/conexion23.com\/index.php?rest_route=\/wp\/v2\/posts\/62948\/revisions"}],"predecessor-version":[{"id":62951,"href":"https:\/\/conexion23.com\/index.php?rest_route=\/wp\/v2\/posts\/62948\/revisions\/62951"}],"wp:featuredmedia":[{"embeddable":true,"href":"https:\/\/conexion23.com\/index.php?rest_route=\/wp\/v2\/media\/62950"}],"wp:attachment":[{"href":"https:\/\/conexion23.com\/index.php?rest_route=%2Fwp%2Fv2%2Fmedia&parent=62948"}],"wp:term":[{"taxonomy":"category","embeddable":true,"href":"https:\/\/conexion23.com\/index.php?rest_route=%2Fwp%2Fv2%2Fcategories&post=62948"},{"taxonomy":"post_tag","embeddable":true,"href":"https:\/\/conexion23.com\/index.php?rest_route=%2Fwp%2Fv2%2Ftags&post=62948"}],"curies":[{"name":"wp","href":"https:\/\/api.w.org\/{rel}","templated":true}]}}