{"id":62955,"date":"2026-09-02T17:58:30","date_gmt":"2026-09-02T21:58:30","guid":{"rendered":"https:\/\/conexion23.com\/?p=62955"},"modified":"2026-09-02T17:58:30","modified_gmt":"2026-09-02T21:58:30","slug":"trump-quiere-cambiar-el-nombre-del-estrecho-de-ormuz-por-estrecho-de-trump","status":"publish","type":"post","link":"https:\/\/conexion23.com\/?p=62955","title":{"rendered":"Trump quiere cambiar el nombre del estrecho de Ormuz por \u00abestrecho de Trump\u00bb"},"content":{"rendered":"<p id=\"m66309-66308-66310\" style=\"text-align: justify;\">El\u00a0<b>presidente estadounidense<\/b>,\u00a0<b>Donald Trump<\/b>, propuso este mi\u00e9rcoles cambiar el nombre del\u00a0<b>estrecho de Ormuz<\/b>\u00a0por \u00ab<b>estrecho de Trump<\/b>\u00ab, en momentos en que ese paso mar\u00edtimo se encuentra en el centro del conflicto de<b>\u00a0Oriente Medio<\/b>.<\/p>\n<p id=\"m66314-66313-66315\" style=\"text-align: justify;\">Ir\u00e1n bloque\u00f3 la v\u00eda mar\u00edtima, crucial para el tr\u00e1nsito del petr\u00f3leo mundial, tras los ataques de Estados Unidos e Israel el 28 de febrero, que desencadenaron la guerra.<\/p>\n<p id=\"m66319-66318-66320\" style=\"text-align: justify;\">\u00abAhora que ya lo tenemos bajo control de Estados Unidos, \u00bf\u00bf\u00bfpodr\u00edamos cambiar el nombre del estrecho de Ormuz por ESTRECHO DE TRUMP??? Como el propio Estados Unidos, \u00a0ser\u00e1 m\u00e1s &#8216;sexy&#8217; que nunca\u00bb, escribi\u00f3 el mandatario en su cuenta de Truth Social.<\/p>\n<div id=\"div-gpt-ad-1682694769489-0\" class=\"c-add\" style=\"text-align: justify;\"><\/div>\n<p id=\"m66324-66323-66325\" style=\"text-align: justify;\">Hace una semana Trump orden\u00f3 rebautizar el lago Ontario como \u00abLago Am\u00e9rica\u00bb, en medio de la guerra comercial con Canad\u00e1 por la imposici\u00f3n de aranceles.<\/p>\n<p id=\"m66329-66328-66330\" style=\"text-align: justify;\">El mandatario tambi\u00e9n hab\u00eda hecho lo mismo con el golfo de M\u00e9xico, al que ahora denomina \u00abGolfo de Am\u00e9rica, apenas asumi\u00f3 su segundo mandato en enero de 2025.<\/p>\n<p id=\"m66334-66333-66335\" style=\"text-align: justify;\">Ni M\u00e9xico ni Canad\u00e1 han aceptado los cambios.<\/p>\n<div id=\"div-gpt-ad-1682694813819-0\" class=\"c-add\" style=\"text-align: justify;\"><\/div>\n<p id=\"m66339-66338-66340\" style=\"text-align: justify;\">En las \u00faltimas semanas, Trump ha insistido repetidamente en su amenaza de reivindicar la soberan\u00eda sobre el estrecho de Ormuz.<\/p>\n<p id=\"m66344-66343-66345\" style=\"text-align: justify;\">Incluso public\u00f3 un mapa que mostraba la v\u00eda mar\u00edtima como un \u00abnuevo territorio estadounidense\u00bb.<\/p>\n<p id=\"m66349-66348-66350\" style=\"text-align: justify;\">Los precios del petr\u00f3leo han vuelto a subir despu\u00e9s de que Estados Unidos lanz\u00f3 nuevos ataques cerca del estrecho de Ormuz el martes, en respuesta, seg\u00fan Trump, a nuevos intentos de Ir\u00e1n por sembrar minas.<\/p>\n","protected":false},"excerpt":{"rendered":"<p>El\u00a0presidente estadounidense,\u00a0Donald Trump, propuso este mi\u00e9rcoles cambiar el nombre del\u00a0estrecho de Ormuz\u00a0por \u00abestrecho de Trump\u00ab, en momentos en que ese paso mar\u00edtimo se encuentra en el centro del conflicto de\u00a0Oriente Medio. Ir\u00e1n bloque\u00f3 la v\u00eda mar\u00edtima, crucial para el tr\u00e1nsito del petr\u00f3leo mundial, tras los ataques de Estados Unidos e Israel el 28 de febrero, [&hellip;]<\/p>\n","protected":false},"author":15,"featured_media":59030,"comment_status":"open","ping_status":"open","sticky":false,"template":"","format":"standard","meta":{"footnotes":""},"categories":[3881],"tags":[11609,3647,7085,11608],"class_list":["post-62955","post","type-post","status-publish","format-standard","has-post-thumbnail","category-internacionales","tag-cambiar-el-nombre","tag-donald-trump","tag-estrecho-de-ormuz","tag-estrecho-de-trump"],"yoast_head":"<!-- This site is optimized with the Yoast SEO plugin v27.6 - https:\/\/yoast.com\/product\/yoast-seo-wordpress\/ -->\n<title>Trump quiere cambiar el nombre del estrecho de Ormuz por &quot;estrecho de Trump&quot; - Conexi\u00f3n 23<\/title>\n<meta name=\"robots\" content=\"index, follow, max-snippet:-1, max-image-preview:large, max-video-preview:-1\" \/>\n<link rel=\"canonical\" href=\"https:\/\/conexion23.com\/?p=62955\" \/>\n<meta property=\"og:locale\" content=\"es_ES\" \/>\n<meta property=\"og:type\" content=\"article\" \/>\n<meta property=\"og:title\" content=\"Trump quiere cambiar el nombre del estrecho de Ormuz por &quot;estrecho de Trump&quot; - Conexi\u00f3n 23\" \/>\n<meta property=\"og:description\" content=\"El\u00a0presidente estadounidense,\u00a0Donald Trump, propuso este mi\u00e9rcoles cambiar el nombre del\u00a0estrecho de Ormuz\u00a0por \u00abestrecho de Trump\u00ab, en momentos en que ese paso mar\u00edtimo se encuentra en el centro del conflicto de\u00a0Oriente Medio. Ir\u00e1n bloque\u00f3 la v\u00eda mar\u00edtima, crucial para el tr\u00e1nsito del petr\u00f3leo mundial, tras los ataques de Estados Unidos e Israel el 28 de febrero, [&hellip;]\" \/>\n<meta property=\"og:url\" content=\"https:\/\/conexion23.com\/?p=62955\" \/>\n<meta property=\"og:site_name\" content=\"Conexi\u00f3n 23\" \/>\n<meta property=\"article:publisher\" content=\"https:\/\/www.facebook.com\/conexion23com\" \/>\n<meta property=\"article:published_time\" content=\"2026-09-02T21:58:30+00:00\" \/>\n<meta property=\"og:image\" content=\"http:\/\/conexion23.com\/wp-content\/uploads\/2026\/06\/donald-trump.jpeg\" \/>\n\t<meta property=\"og:image:width\" content=\"950\" \/>\n\t<meta property=\"og:image:height\" content=\"465\" \/>\n\t<meta property=\"og:image:type\" content=\"image\/jpeg\" \/>\n<meta name=\"author\" content=\"Raffy Ben\u00edtez\" \/>\n<meta name=\"twitter:card\" content=\"summary_large_image\" \/>\n<meta name=\"twitter:label1\" content=\"Escrito por\" \/>\n\t<meta name=\"twitter:data1\" content=\"Raffy Ben\u00edtez\" \/>\n\t<meta name=\"twitter:label2\" content=\"Tiempo de lectura\" \/>\n\t<meta name=\"twitter:data2\" content=\"2 minutos\" \/>\n<script type=\"application\/ld+json\" class=\"yoast-schema-graph\">{\"@context\":\"https:\\\/\\\/schema.org\",\"@graph\":[{\"@type\":\"Article\",\"@id\":\"https:\\\/\\\/conexion23.com\\\/?p=62955#article\",\"isPartOf\":{\"@id\":\"https:\\\/\\\/conexion23.com\\\/?p=62955\"},\"author\":{\"name\":\"Raffy Ben\u00edtez\",\"@id\":\"http:\\\/\\\/conexion23.com\\\/#\\\/schema\\\/person\\\/03e36043331117e97a373299bbcd30a6\"},\"headline\":\"Trump quiere cambiar el nombre del estrecho de Ormuz por \u00abestrecho de Trump\u00bb\",\"datePublished\":\"2026-09-02T21:58:30+00:00\",\"mainEntityOfPage\":{\"@id\":\"https:\\\/\\\/conexion23.com\\\/?p=62955\"},\"wordCount\":269,\"commentCount\":0,\"publisher\":{\"@id\":\"http:\\\/\\\/conexion23.com\\\/#organization\"},\"image\":{\"@id\":\"https:\\\/\\\/conexion23.com\\\/?p=62955#primaryimage\"},\"thumbnailUrl\":\"https:\\\/\\\/conexion23.com\\\/wp-content\\\/uploads\\\/2026\\\/06\\\/donald-trump.jpeg\",\"keywords\":[\"cambiar el nombre\",\"Donald Trump\",\"estrecho de Ormuz\",\"estrecho de Trump\"],\"articleSection\":[\"Internacionales\"],\"inLanguage\":\"es\",\"potentialAction\":[{\"@type\":\"CommentAction\",\"name\":\"Comment\",\"target\":[\"https:\\\/\\\/conexion23.com\\\/?p=62955#respond\"]}]},{\"@type\":\"WebPage\",\"@id\":\"https:\\\/\\\/conexion23.com\\\/?p=62955\",\"url\":\"https:\\\/\\\/conexion23.com\\\/?p=62955\",\"name\":\"Trump quiere cambiar el nombre del estrecho de Ormuz por \\\"estrecho de Trump\\\" - Conexi\u00f3n 23\",\"isPartOf\":{\"@id\":\"http:\\\/\\\/conexion23.com\\\/#website\"},\"primaryImageOfPage\":{\"@id\":\"https:\\\/\\\/conexion23.com\\\/?p=62955#primaryimage\"},\"image\":{\"@id\":\"https:\\\/\\\/conexion23.com\\\/?p=62955#primaryimage\"},\"thumbnailUrl\":\"https:\\\/\\\/conexion23.com\\\/wp-content\\\/uploads\\\/2026\\\/06\\\/donald-trump.jpeg\",\"datePublished\":\"2026-09-02T21:58:30+00:00\",\"breadcrumb\":{\"@id\":\"https:\\\/\\\/conexion23.com\\\/?p=62955#breadcrumb\"},\"inLanguage\":\"es\",\"potentialAction\":[{\"@type\":\"ReadAction\",\"target\":[\"https:\\\/\\\/conexion23.com\\\/?p=62955\"]}]},{\"@type\":\"ImageObject\",\"inLanguage\":\"es\",\"@id\":\"https:\\\/\\\/conexion23.com\\\/?p=62955#primaryimage\",\"url\":\"https:\\\/\\\/conexion23.com\\\/wp-content\\\/uploads\\\/2026\\\/06\\\/donald-trump.jpeg\",\"contentUrl\":\"https:\\\/\\\/conexion23.com\\\/wp-content\\\/uploads\\\/2026\\\/06\\\/donald-trump.jpeg\",\"width\":950,\"height\":465},{\"@type\":\"BreadcrumbList\",\"@id\":\"https:\\\/\\\/conexion23.com\\\/?p=62955#breadcrumb\",\"itemListElement\":[{\"@type\":\"ListItem\",\"position\":1,\"name\":\"Portada\",\"item\":\"http:\\\/\\\/conexion23.com\\\/\"},{\"@type\":\"ListItem\",\"position\":2,\"name\":\"Trump quiere cambiar el nombre del estrecho de Ormuz por \u00abestrecho de Trump\u00bb\"}]},{\"@type\":\"WebSite\",\"@id\":\"http:\\\/\\\/conexion23.com\\\/#website\",\"url\":\"http:\\\/\\\/conexion23.com\\\/\",\"name\":\"Conexi\u00f3n 23\",\"description\":\"Peri\u00f3dico 100% Petromacorisano\",\"publisher\":{\"@id\":\"http:\\\/\\\/conexion23.com\\\/#organization\"},\"potentialAction\":[{\"@type\":\"SearchAction\",\"target\":{\"@type\":\"EntryPoint\",\"urlTemplate\":\"http:\\\/\\\/conexion23.com\\\/?s={search_term_string}\"},\"query-input\":{\"@type\":\"PropertyValueSpecification\",\"valueRequired\":true,\"valueName\":\"search_term_string\"}}],\"inLanguage\":\"es\"},{\"@type\":\"Organization\",\"@id\":\"http:\\\/\\\/conexion23.com\\\/#organization\",\"name\":\"Conexion 23\",\"url\":\"http:\\\/\\\/conexion23.com\\\/\",\"logo\":{\"@type\":\"ImageObject\",\"inLanguage\":\"es\",\"@id\":\"http:\\\/\\\/conexion23.com\\\/#\\\/schema\\\/logo\\\/image\\\/\",\"url\":\"https:\\\/\\\/conexion23.com\\\/wp-content\\\/uploads\\\/2021\\\/11\\\/Diseno-sin-titulo-2.png\",\"contentUrl\":\"https:\\\/\\\/conexion23.com\\\/wp-content\\\/uploads\\\/2021\\\/11\\\/Diseno-sin-titulo-2.png\",\"width\":541,\"height\":90,\"caption\":\"Conexion 23\"},\"image\":{\"@id\":\"http:\\\/\\\/conexion23.com\\\/#\\\/schema\\\/logo\\\/image\\\/\"},\"sameAs\":[\"https:\\\/\\\/www.facebook.com\\\/conexion23com\",\"https:\\\/\\\/www.instagram.com\\\/conexion23com\\\/\",\"https:\\\/\\\/www.youtube.com\\\/channel\\\/UCYc7vxxFZMYLIHNsHHxPZ3Q\"]},{\"@type\":\"Person\",\"@id\":\"http:\\\/\\\/conexion23.com\\\/#\\\/schema\\\/person\\\/03e36043331117e97a373299bbcd30a6\",\"name\":\"Raffy Ben\u00edtez\",\"image\":{\"@type\":\"ImageObject\",\"inLanguage\":\"es\",\"@id\":\"https:\\\/\\\/secure.gravatar.com\\\/avatar\\\/3190a6a6c5e1b0327500f7d6c56b6242472ee6cb974cf09b401ee6b3b0798f23?s=96&d=mm&r=g\",\"url\":\"https:\\\/\\\/secure.gravatar.com\\\/avatar\\\/3190a6a6c5e1b0327500f7d6c56b6242472ee6cb974cf09b401ee6b3b0798f23?s=96&d=mm&r=g\",\"contentUrl\":\"https:\\\/\\\/secure.gravatar.com\\\/avatar\\\/3190a6a6c5e1b0327500f7d6c56b6242472ee6cb974cf09b401ee6b3b0798f23?s=96&d=mm&r=g\",\"caption\":\"Raffy Ben\u00edtez\"},\"url\":\"https:\\\/\\\/conexion23.com\\\/?author=15\"}]}<\/script>\n<!-- \/ Yoast SEO plugin. -->","yoast_head_json":{"title":"Trump quiere cambiar el nombre del estrecho de Ormuz por \"estrecho de Trump\" - Conexi\u00f3n 23","robots":{"index":"index","follow":"follow","max-snippet":"max-snippet:-1","max-image-preview":"max-image-preview:large","max-video-preview":"max-video-preview:-1"},"canonical":"https:\/\/conexion23.com\/?p=62955","og_locale":"es_ES","og_type":"article","og_title":"Trump quiere cambiar el nombre del estrecho de Ormuz por \"estrecho de Trump\" - Conexi\u00f3n 23","og_description":"El\u00a0presidente estadounidense,\u00a0Donald Trump, propuso este mi\u00e9rcoles cambiar el nombre del\u00a0estrecho de Ormuz\u00a0por \u00abestrecho de Trump\u00ab, en momentos en que ese paso mar\u00edtimo se encuentra en el centro del conflicto de\u00a0Oriente Medio. Ir\u00e1n bloque\u00f3 la v\u00eda mar\u00edtima, crucial para el tr\u00e1nsito del petr\u00f3leo mundial, tras los ataques de Estados Unidos e Israel el 28 de febrero, [&hellip;]","og_url":"https:\/\/conexion23.com\/?p=62955","og_site_name":"Conexi\u00f3n 23","article_publisher":"https:\/\/www.facebook.com\/conexion23com","article_published_time":"2026-09-02T21:58:30+00:00","og_image":[{"width":950,"height":465,"url":"http:\/\/conexion23.com\/wp-content\/uploads\/2026\/06\/donald-trump.jpeg","type":"image\/jpeg"}],"author":"Raffy Ben\u00edtez","twitter_card":"summary_large_image","twitter_misc":{"Escrito por":"Raffy Ben\u00edtez","Tiempo de lectura":"2 minutos"},"schema":{"@context":"https:\/\/schema.org","@graph":[{"@type":"Article","@id":"https:\/\/conexion23.com\/?p=62955#article","isPartOf":{"@id":"https:\/\/conexion23.com\/?p=62955"},"author":{"name":"Raffy Ben\u00edtez","@id":"http:\/\/conexion23.com\/#\/schema\/person\/03e36043331117e97a373299bbcd30a6"},"headline":"Trump quiere cambiar el nombre del estrecho de Ormuz por \u00abestrecho de Trump\u00bb","datePublished":"2026-09-02T21:58:30+00:00","mainEntityOfPage":{"@id":"https:\/\/conexion23.com\/?p=62955"},"wordCount":269,"commentCount":0,"publisher":{"@id":"http:\/\/conexion23.com\/#organization"},"image":{"@id":"https:\/\/conexion23.com\/?p=62955#primaryimage"},"thumbnailUrl":"https:\/\/conexion23.com\/wp-content\/uploads\/2026\/06\/donald-trump.jpeg","keywords":["cambiar el nombre","Donald Trump","estrecho de Ormuz","estrecho de Trump"],"articleSection":["Internacionales"],"inLanguage":"es","potentialAction":[{"@type":"CommentAction","name":"Comment","target":["https:\/\/conexion23.com\/?p=62955#respond"]}]},{"@type":"WebPage","@id":"https:\/\/conexion23.com\/?p=62955","url":"https:\/\/conexion23.com\/?p=62955","name":"Trump quiere cambiar el nombre del estrecho de Ormuz por \"estrecho de Trump\" - Conexi\u00f3n 23","isPartOf":{"@id":"http:\/\/conexion23.com\/#website"},"primaryImageOfPage":{"@id":"https:\/\/conexion23.com\/?p=62955#primaryimage"},"image":{"@id":"https:\/\/conexion23.com\/?p=62955#primaryimage"},"thumbnailUrl":"https:\/\/conexion23.com\/wp-content\/uploads\/2026\/06\/donald-trump.jpeg","datePublished":"2026-09-02T21:58:30+00:00","breadcrumb":{"@id":"https:\/\/conexion23.com\/?p=62955#breadcrumb"},"inLanguage":"es","potentialAction":[{"@type":"ReadAction","target":["https:\/\/conexion23.com\/?p=62955"]}]},{"@type":"ImageObject","inLanguage":"es","@id":"https:\/\/conexion23.com\/?p=62955#primaryimage","url":"https:\/\/conexion23.com\/wp-content\/uploads\/2026\/06\/donald-trump.jpeg","contentUrl":"https:\/\/conexion23.com\/wp-content\/uploads\/2026\/06\/donald-trump.jpeg","width":950,"height":465},{"@type":"BreadcrumbList","@id":"https:\/\/conexion23.com\/?p=62955#breadcrumb","itemListElement":[{"@type":"ListItem","position":1,"name":"Portada","item":"http:\/\/conexion23.com\/"},{"@type":"ListItem","position":2,"name":"Trump quiere cambiar el nombre del estrecho de Ormuz por \u00abestrecho de Trump\u00bb"}]},{"@type":"WebSite","@id":"http:\/\/conexion23.com\/#website","url":"http:\/\/conexion23.com\/","name":"Conexi\u00f3n 23","description":"Peri\u00f3dico 100% Petromacorisano","publisher":{"@id":"http:\/\/conexion23.com\/#organization"},"potentialAction":[{"@type":"SearchAction","target":{"@type":"EntryPoint","urlTemplate":"http:\/\/conexion23.com\/?s={search_term_string}"},"query-input":{"@type":"PropertyValueSpecification","valueRequired":true,"valueName":"search_term_string"}}],"inLanguage":"es"},{"@type":"Organization","@id":"http:\/\/conexion23.com\/#organization","name":"Conexion 23","url":"http:\/\/conexion23.com\/","logo":{"@type":"ImageObject","inLanguage":"es","@id":"http:\/\/conexion23.com\/#\/schema\/logo\/image\/","url":"https:\/\/conexion23.com\/wp-content\/uploads\/2021\/11\/Diseno-sin-titulo-2.png","contentUrl":"https:\/\/conexion23.com\/wp-content\/uploads\/2021\/11\/Diseno-sin-titulo-2.png","width":541,"height":90,"caption":"Conexion 23"},"image":{"@id":"http:\/\/conexion23.com\/#\/schema\/logo\/image\/"},"sameAs":["https:\/\/www.facebook.com\/conexion23com","https:\/\/www.instagram.com\/conexion23com\/","https:\/\/www.youtube.com\/channel\/UCYc7vxxFZMYLIHNsHHxPZ3Q"]},{"@type":"Person","@id":"http:\/\/conexion23.com\/#\/schema\/person\/03e36043331117e97a373299bbcd30a6","name":"Raffy Ben\u00edtez","image":{"@type":"ImageObject","inLanguage":"es","@id":"https:\/\/secure.gravatar.com\/avatar\/3190a6a6c5e1b0327500f7d6c56b6242472ee6cb974cf09b401ee6b3b0798f23?s=96&d=mm&r=g","url":"https:\/\/secure.gravatar.com\/avatar\/3190a6a6c5e1b0327500f7d6c56b6242472ee6cb974cf09b401ee6b3b0798f23?s=96&d=mm&r=g","contentUrl":"https:\/\/secure.gravatar.com\/avatar\/3190a6a6c5e1b0327500f7d6c56b6242472ee6cb974cf09b401ee6b3b0798f23?s=96&d=mm&r=g","caption":"Raffy Ben\u00edtez"},"url":"https:\/\/conexion23.com\/?author=15"}]}},"_links":{"self":[{"href":"https:\/\/conexion23.com\/index.php?rest_route=\/wp\/v2\/posts\/62955","targetHints":{"allow":["GET"]}}],"collection":[{"href":"https:\/\/conexion23.com\/index.php?rest_route=\/wp\/v2\/posts"}],"about":[{"href":"https:\/\/conexion23.com\/index.php?rest_route=\/wp\/v2\/types\/post"}],"author":[{"embeddable":true,"href":"https:\/\/conexion23.com\/index.php?rest_route=\/wp\/v2\/users\/15"}],"replies":[{"embeddable":true,"href":"https:\/\/conexion23.com\/index.php?rest_route=%2Fwp%2Fv2%2Fcomments&post=62955"}],"version-history":[{"count":1,"href":"https:\/\/conexion23.com\/index.php?rest_route=\/wp\/v2\/posts\/62955\/revisions"}],"predecessor-version":[{"id":62956,"href":"https:\/\/conexion23.com\/index.php?rest_route=\/wp\/v2\/posts\/62955\/revisions\/62956"}],"wp:featuredmedia":[{"embeddable":true,"href":"https:\/\/conexion23.com\/index.php?rest_route=\/wp\/v2\/media\/59030"}],"wp:attachment":[{"href":"https:\/\/conexion23.com\/index.php?rest_route=%2Fwp%2Fv2%2Fmedia&parent=62955"}],"wp:term":[{"taxonomy":"category","embeddable":true,"href":"https:\/\/conexion23.com\/index.php?rest_route=%2Fwp%2Fv2%2Fcategories&post=62955"},{"taxonomy":"post_tag","embeddable":true,"href":"https:\/\/conexion23.com\/index.php?rest_route=%2Fwp%2Fv2%2Ftags&post=62955"}],"curies":[{"name":"wp","href":"https:\/\/api.w.org\/{rel}","templated":true}]}}