{"id":62964,"date":"2026-09-02T19:20:39","date_gmt":"2026-09-02T23:20:39","guid":{"rendered":"https:\/\/conexion23.com\/?p=62964"},"modified":"2026-09-02T18:48:10","modified_gmt":"2026-09-02T22:48:10","slug":"rector-uasd-y-el-presidente-del-consejo-nacional-de-drogas-firmaran-acuerdo-para-promover-una-cultura-de-paz","status":"publish","type":"post","link":"https:\/\/conexion23.com\/?p=62964","title":{"rendered":"UASD y Consejo Nacional de Drogas firmar\u00e1n acuerdo para promover una cultura de paz"},"content":{"rendered":"<p style=\"font-weight: 400; text-align: justify;\"><strong>El rector de la Universidad Aut\u00f3noma de Santo Domingo (UASD), maestro Jorge Asjana David, recibi\u00f3 en su despacho al presidente del Consejo Nacional de Drogas (CND), Alejandro Abr\u00e9u, con quien abord\u00f3 las bases de un acuerdo de colaboraci\u00f3n orientado a promover una cultura de paz, la prevenci\u00f3n integral y la formaci\u00f3n en valores para la juventud dominicana.<\/strong><\/p>\n<p style=\"font-weight: 400; text-align: justify;\">En el encuentro, ambas autoridades coincidieron en la necesidad de fortalecer la formaci\u00f3n de j\u00f3venes y adultos mediante programas de gerencia, liderazgo y emprendimiento que les proporcionen herramientas para desarrollar proyectos sostenibles y alcanzar estabilidad econ\u00f3mica.<\/p>\n<p style=\"font-weight: 400; text-align: justify;\">Asjana David reafirm\u00f3 el compromiso social de la UASD y destac\u00f3 la creaci\u00f3n de una cl\u00ednica e incubadora de emprendimiento en la nueva sede proyectada para Santo Domingo Este, donde los j\u00f3venes podr\u00e1n desarrollar y fortalecer sus iniciativas de negocio con acompa\u00f1amiento t\u00e9cnico.<\/p>\n<p style=\"font-weight: 400; text-align: justify;\">Reiter\u00f3 que la Academia continuar\u00e1 impulsando la capacitaci\u00f3n en gerencia, liderazgo, gesti\u00f3n de recursos y emprendimiento, como herramientas para formar profesionales y l\u00edderes capaces de contribuir al desarrollo sostenible de sus comunidades.<\/p>\n<p style=\"font-weight: 400; text-align: justify;\">De su lado, Abr\u00e9u inform\u00f3 que, por encomienda de la Presidencia de la Rep\u00fablica, el CND trabaja en el Plan Estado-Sociedad de Prevenci\u00f3n y Convivencia 2026-2036, iniciativa que busca prevenir el consumo de sustancias il\u00edcitas y la violencia entre los j\u00f3venes. En ese contexto, solicit\u00f3 el respaldo de la UASD para realizar consultas y encuentros provinciales en aulas y auditorios de sus recintos, centros y subcentros universitarios.<\/p>\n<p style=\"font-weight: 400; text-align: justify;\">Asimismo, plante\u00f3 desarrollar producciones comunicacionales conjuntas para difundir contenidos educativos y promover valores ciudadanos, en coordinaci\u00f3n con programas como Oportunidad 14-24 e INFOTEP.<\/p>\n","protected":false},"excerpt":{"rendered":"<p>El rector de la Universidad Aut\u00f3noma de Santo Domingo (UASD), maestro Jorge Asjana David, recibi\u00f3 en su despacho al presidente del Consejo Nacional de Drogas (CND), Alejandro Abr\u00e9u, con quien abord\u00f3 las bases de un acuerdo de colaboraci\u00f3n orientado a promover una cultura de paz, la prevenci\u00f3n integral y la formaci\u00f3n en valores para la [&hellip;]<\/p>\n","protected":false},"author":18,"featured_media":62965,"comment_status":"open","ping_status":"open","sticky":false,"template":"","format":"standard","meta":{"footnotes":""},"categories":[3913,3773],"tags":[10991,384,11613],"class_list":["post-62964","post","type-post","status-publish","format-standard","has-post-thumbnail","category-nacionales","category-portada","tag-consejo-nacional-de-drogas","tag-drogas","tag-universidad-autonoma-de-santo-domingo"],"yoast_head":"<!-- This site is optimized with the Yoast SEO plugin v27.6 - https:\/\/yoast.com\/product\/yoast-seo-wordpress\/ -->\n<title>UASD y Consejo Nacional de Drogas firmar\u00e1n acuerdo para promover una cultura de paz - Conexi\u00f3n 23<\/title>\n<meta name=\"robots\" content=\"index, follow, max-snippet:-1, max-image-preview:large, max-video-preview:-1\" \/>\n<link rel=\"canonical\" href=\"https:\/\/conexion23.com\/?p=62964\" \/>\n<meta property=\"og:locale\" content=\"es_ES\" \/>\n<meta property=\"og:type\" content=\"article\" \/>\n<meta property=\"og:title\" content=\"UASD y Consejo Nacional de Drogas firmar\u00e1n acuerdo para promover una cultura de paz - Conexi\u00f3n 23\" \/>\n<meta property=\"og:description\" content=\"El rector de la Universidad Aut\u00f3noma de Santo Domingo (UASD), maestro Jorge Asjana David, recibi\u00f3 en su despacho al presidente del Consejo Nacional de Drogas (CND), Alejandro Abr\u00e9u, con quien abord\u00f3 las bases de un acuerdo de colaboraci\u00f3n orientado a promover una cultura de paz, la prevenci\u00f3n integral y la formaci\u00f3n en valores para la [&hellip;]\" \/>\n<meta property=\"og:url\" content=\"https:\/\/conexion23.com\/?p=62964\" \/>\n<meta property=\"og:site_name\" content=\"Conexi\u00f3n 23\" \/>\n<meta property=\"article:publisher\" content=\"https:\/\/www.facebook.com\/conexion23com\" \/>\n<meta property=\"article:published_time\" content=\"2026-09-02T23:20:39+00:00\" \/>\n<meta property=\"og:image\" content=\"https:\/\/conexion23.com\/wp-content\/uploads\/2026\/09\/acuerdo-droga-y-uasd.jpg\" \/>\n\t<meta property=\"og:image:width\" content=\"1200\" \/>\n\t<meta property=\"og:image:height\" content=\"1600\" \/>\n\t<meta property=\"og:image:type\" content=\"image\/jpeg\" \/>\n<meta name=\"author\" content=\"Redacci\u00f3n\" \/>\n<meta name=\"twitter:card\" content=\"summary_large_image\" \/>\n<meta name=\"twitter:label1\" content=\"Escrito por\" \/>\n\t<meta name=\"twitter:data1\" content=\"Redacci\u00f3n\" \/>\n\t<meta name=\"twitter:label2\" content=\"Tiempo de lectura\" \/>\n\t<meta name=\"twitter:data2\" content=\"2 minutos\" \/>\n<script type=\"application\/ld+json\" class=\"yoast-schema-graph\">{\"@context\":\"https:\\\/\\\/schema.org\",\"@graph\":[{\"@type\":\"Article\",\"@id\":\"https:\\\/\\\/conexion23.com\\\/?p=62964#article\",\"isPartOf\":{\"@id\":\"https:\\\/\\\/conexion23.com\\\/?p=62964\"},\"author\":{\"name\":\"Redacci\u00f3n\",\"@id\":\"http:\\\/\\\/conexion23.com\\\/#\\\/schema\\\/person\\\/0a860802b17d01ad2a278f53c507c296\"},\"headline\":\"UASD y Consejo Nacional de Drogas firmar\u00e1n acuerdo para promover una cultura de paz\",\"datePublished\":\"2026-09-02T23:20:39+00:00\",\"mainEntityOfPage\":{\"@id\":\"https:\\\/\\\/conexion23.com\\\/?p=62964\"},\"wordCount\":296,\"commentCount\":0,\"publisher\":{\"@id\":\"http:\\\/\\\/conexion23.com\\\/#organization\"},\"image\":{\"@id\":\"https:\\\/\\\/conexion23.com\\\/?p=62964#primaryimage\"},\"thumbnailUrl\":\"https:\\\/\\\/conexion23.com\\\/wp-content\\\/uploads\\\/2026\\\/09\\\/acuerdo-droga-y-uasd.jpg\",\"keywords\":[\"Consejo Nacional de Drogas\",\"Drogas\",\"Universidad Aut\u00f3noma de Santo Domingo\"],\"articleSection\":[\"Nacionales\",\"Portada\"],\"inLanguage\":\"es\",\"potentialAction\":[{\"@type\":\"CommentAction\",\"name\":\"Comment\",\"target\":[\"https:\\\/\\\/conexion23.com\\\/?p=62964#respond\"]}]},{\"@type\":\"WebPage\",\"@id\":\"https:\\\/\\\/conexion23.com\\\/?p=62964\",\"url\":\"https:\\\/\\\/conexion23.com\\\/?p=62964\",\"name\":\"UASD y Consejo Nacional de Drogas firmar\u00e1n acuerdo para promover una cultura de paz - Conexi\u00f3n 23\",\"isPartOf\":{\"@id\":\"http:\\\/\\\/conexion23.com\\\/#website\"},\"primaryImageOfPage\":{\"@id\":\"https:\\\/\\\/conexion23.com\\\/?p=62964#primaryimage\"},\"image\":{\"@id\":\"https:\\\/\\\/conexion23.com\\\/?p=62964#primaryimage\"},\"thumbnailUrl\":\"https:\\\/\\\/conexion23.com\\\/wp-content\\\/uploads\\\/2026\\\/09\\\/acuerdo-droga-y-uasd.jpg\",\"datePublished\":\"2026-09-02T23:20:39+00:00\",\"breadcrumb\":{\"@id\":\"https:\\\/\\\/conexion23.com\\\/?p=62964#breadcrumb\"},\"inLanguage\":\"es\",\"potentialAction\":[{\"@type\":\"ReadAction\",\"target\":[\"https:\\\/\\\/conexion23.com\\\/?p=62964\"]}]},{\"@type\":\"ImageObject\",\"inLanguage\":\"es\",\"@id\":\"https:\\\/\\\/conexion23.com\\\/?p=62964#primaryimage\",\"url\":\"https:\\\/\\\/conexion23.com\\\/wp-content\\\/uploads\\\/2026\\\/09\\\/acuerdo-droga-y-uasd.jpg\",\"contentUrl\":\"https:\\\/\\\/conexion23.com\\\/wp-content\\\/uploads\\\/2026\\\/09\\\/acuerdo-droga-y-uasd.jpg\",\"width\":1200,\"height\":1600},{\"@type\":\"BreadcrumbList\",\"@id\":\"https:\\\/\\\/conexion23.com\\\/?p=62964#breadcrumb\",\"itemListElement\":[{\"@type\":\"ListItem\",\"position\":1,\"name\":\"Portada\",\"item\":\"http:\\\/\\\/conexion23.com\\\/\"},{\"@type\":\"ListItem\",\"position\":2,\"name\":\"UASD y Consejo Nacional de Drogas firmar\u00e1n acuerdo para promover una cultura de paz\"}]},{\"@type\":\"WebSite\",\"@id\":\"http:\\\/\\\/conexion23.com\\\/#website\",\"url\":\"http:\\\/\\\/conexion23.com\\\/\",\"name\":\"Conexi\u00f3n 23\",\"description\":\"Peri\u00f3dico 100% Petromacorisano\",\"publisher\":{\"@id\":\"http:\\\/\\\/conexion23.com\\\/#organization\"},\"potentialAction\":[{\"@type\":\"SearchAction\",\"target\":{\"@type\":\"EntryPoint\",\"urlTemplate\":\"http:\\\/\\\/conexion23.com\\\/?s={search_term_string}\"},\"query-input\":{\"@type\":\"PropertyValueSpecification\",\"valueRequired\":true,\"valueName\":\"search_term_string\"}}],\"inLanguage\":\"es\"},{\"@type\":\"Organization\",\"@id\":\"http:\\\/\\\/conexion23.com\\\/#organization\",\"name\":\"Conexion 23\",\"url\":\"http:\\\/\\\/conexion23.com\\\/\",\"logo\":{\"@type\":\"ImageObject\",\"inLanguage\":\"es\",\"@id\":\"http:\\\/\\\/conexion23.com\\\/#\\\/schema\\\/logo\\\/image\\\/\",\"url\":\"https:\\\/\\\/conexion23.com\\\/wp-content\\\/uploads\\\/2021\\\/11\\\/Diseno-sin-titulo-2.png\",\"contentUrl\":\"https:\\\/\\\/conexion23.com\\\/wp-content\\\/uploads\\\/2021\\\/11\\\/Diseno-sin-titulo-2.png\",\"width\":541,\"height\":90,\"caption\":\"Conexion 23\"},\"image\":{\"@id\":\"http:\\\/\\\/conexion23.com\\\/#\\\/schema\\\/logo\\\/image\\\/\"},\"sameAs\":[\"https:\\\/\\\/www.facebook.com\\\/conexion23com\",\"https:\\\/\\\/www.instagram.com\\\/conexion23com\\\/\",\"https:\\\/\\\/www.youtube.com\\\/channel\\\/UCYc7vxxFZMYLIHNsHHxPZ3Q\"]},{\"@type\":\"Person\",\"@id\":\"http:\\\/\\\/conexion23.com\\\/#\\\/schema\\\/person\\\/0a860802b17d01ad2a278f53c507c296\",\"name\":\"Redacci\u00f3n\",\"image\":{\"@type\":\"ImageObject\",\"inLanguage\":\"es\",\"@id\":\"https:\\\/\\\/secure.gravatar.com\\\/avatar\\\/ec9d84b79c776aa1994e5893944465db9974b17b884155623da51b7b62c02845?s=96&d=mm&r=g\",\"url\":\"https:\\\/\\\/secure.gravatar.com\\\/avatar\\\/ec9d84b79c776aa1994e5893944465db9974b17b884155623da51b7b62c02845?s=96&d=mm&r=g\",\"contentUrl\":\"https:\\\/\\\/secure.gravatar.com\\\/avatar\\\/ec9d84b79c776aa1994e5893944465db9974b17b884155623da51b7b62c02845?s=96&d=mm&r=g\",\"caption\":\"Redacci\u00f3n\"},\"url\":\"https:\\\/\\\/conexion23.com\\\/?author=18\"}]}<\/script>\n<!-- \/ Yoast SEO plugin. -->","yoast_head_json":{"title":"UASD y Consejo Nacional de Drogas firmar\u00e1n acuerdo para promover una cultura de paz - Conexi\u00f3n 23","robots":{"index":"index","follow":"follow","max-snippet":"max-snippet:-1","max-image-preview":"max-image-preview:large","max-video-preview":"max-video-preview:-1"},"canonical":"https:\/\/conexion23.com\/?p=62964","og_locale":"es_ES","og_type":"article","og_title":"UASD y Consejo Nacional de Drogas firmar\u00e1n acuerdo para promover una cultura de paz - Conexi\u00f3n 23","og_description":"El rector de la Universidad Aut\u00f3noma de Santo Domingo (UASD), maestro Jorge Asjana David, recibi\u00f3 en su despacho al presidente del Consejo Nacional de Drogas (CND), Alejandro Abr\u00e9u, con quien abord\u00f3 las bases de un acuerdo de colaboraci\u00f3n orientado a promover una cultura de paz, la prevenci\u00f3n integral y la formaci\u00f3n en valores para la [&hellip;]","og_url":"https:\/\/conexion23.com\/?p=62964","og_site_name":"Conexi\u00f3n 23","article_publisher":"https:\/\/www.facebook.com\/conexion23com","article_published_time":"2026-09-02T23:20:39+00:00","og_image":[{"width":1200,"height":1600,"url":"https:\/\/conexion23.com\/wp-content\/uploads\/2026\/09\/acuerdo-droga-y-uasd.jpg","type":"image\/jpeg"}],"author":"Redacci\u00f3n","twitter_card":"summary_large_image","twitter_misc":{"Escrito por":"Redacci\u00f3n","Tiempo de lectura":"2 minutos"},"schema":{"@context":"https:\/\/schema.org","@graph":[{"@type":"Article","@id":"https:\/\/conexion23.com\/?p=62964#article","isPartOf":{"@id":"https:\/\/conexion23.com\/?p=62964"},"author":{"name":"Redacci\u00f3n","@id":"http:\/\/conexion23.com\/#\/schema\/person\/0a860802b17d01ad2a278f53c507c296"},"headline":"UASD y Consejo Nacional de Drogas firmar\u00e1n acuerdo para promover una cultura de paz","datePublished":"2026-09-02T23:20:39+00:00","mainEntityOfPage":{"@id":"https:\/\/conexion23.com\/?p=62964"},"wordCount":296,"commentCount":0,"publisher":{"@id":"http:\/\/conexion23.com\/#organization"},"image":{"@id":"https:\/\/conexion23.com\/?p=62964#primaryimage"},"thumbnailUrl":"https:\/\/conexion23.com\/wp-content\/uploads\/2026\/09\/acuerdo-droga-y-uasd.jpg","keywords":["Consejo Nacional de Drogas","Drogas","Universidad Aut\u00f3noma de Santo Domingo"],"articleSection":["Nacionales","Portada"],"inLanguage":"es","potentialAction":[{"@type":"CommentAction","name":"Comment","target":["https:\/\/conexion23.com\/?p=62964#respond"]}]},{"@type":"WebPage","@id":"https:\/\/conexion23.com\/?p=62964","url":"https:\/\/conexion23.com\/?p=62964","name":"UASD y Consejo Nacional de Drogas firmar\u00e1n acuerdo para promover una cultura de paz - Conexi\u00f3n 23","isPartOf":{"@id":"http:\/\/conexion23.com\/#website"},"primaryImageOfPage":{"@id":"https:\/\/conexion23.com\/?p=62964#primaryimage"},"image":{"@id":"https:\/\/conexion23.com\/?p=62964#primaryimage"},"thumbnailUrl":"https:\/\/conexion23.com\/wp-content\/uploads\/2026\/09\/acuerdo-droga-y-uasd.jpg","datePublished":"2026-09-02T23:20:39+00:00","breadcrumb":{"@id":"https:\/\/conexion23.com\/?p=62964#breadcrumb"},"inLanguage":"es","potentialAction":[{"@type":"ReadAction","target":["https:\/\/conexion23.com\/?p=62964"]}]},{"@type":"ImageObject","inLanguage":"es","@id":"https:\/\/conexion23.com\/?p=62964#primaryimage","url":"https:\/\/conexion23.com\/wp-content\/uploads\/2026\/09\/acuerdo-droga-y-uasd.jpg","contentUrl":"https:\/\/conexion23.com\/wp-content\/uploads\/2026\/09\/acuerdo-droga-y-uasd.jpg","width":1200,"height":1600},{"@type":"BreadcrumbList","@id":"https:\/\/conexion23.com\/?p=62964#breadcrumb","itemListElement":[{"@type":"ListItem","position":1,"name":"Portada","item":"http:\/\/conexion23.com\/"},{"@type":"ListItem","position":2,"name":"UASD y Consejo Nacional de Drogas firmar\u00e1n acuerdo para promover una cultura de paz"}]},{"@type":"WebSite","@id":"http:\/\/conexion23.com\/#website","url":"http:\/\/conexion23.com\/","name":"Conexi\u00f3n 23","description":"Peri\u00f3dico 100% Petromacorisano","publisher":{"@id":"http:\/\/conexion23.com\/#organization"},"potentialAction":[{"@type":"SearchAction","target":{"@type":"EntryPoint","urlTemplate":"http:\/\/conexion23.com\/?s={search_term_string}"},"query-input":{"@type":"PropertyValueSpecification","valueRequired":true,"valueName":"search_term_string"}}],"inLanguage":"es"},{"@type":"Organization","@id":"http:\/\/conexion23.com\/#organization","name":"Conexion 23","url":"http:\/\/conexion23.com\/","logo":{"@type":"ImageObject","inLanguage":"es","@id":"http:\/\/conexion23.com\/#\/schema\/logo\/image\/","url":"https:\/\/conexion23.com\/wp-content\/uploads\/2021\/11\/Diseno-sin-titulo-2.png","contentUrl":"https:\/\/conexion23.com\/wp-content\/uploads\/2021\/11\/Diseno-sin-titulo-2.png","width":541,"height":90,"caption":"Conexion 23"},"image":{"@id":"http:\/\/conexion23.com\/#\/schema\/logo\/image\/"},"sameAs":["https:\/\/www.facebook.com\/conexion23com","https:\/\/www.instagram.com\/conexion23com\/","https:\/\/www.youtube.com\/channel\/UCYc7vxxFZMYLIHNsHHxPZ3Q"]},{"@type":"Person","@id":"http:\/\/conexion23.com\/#\/schema\/person\/0a860802b17d01ad2a278f53c507c296","name":"Redacci\u00f3n","image":{"@type":"ImageObject","inLanguage":"es","@id":"https:\/\/secure.gravatar.com\/avatar\/ec9d84b79c776aa1994e5893944465db9974b17b884155623da51b7b62c02845?s=96&d=mm&r=g","url":"https:\/\/secure.gravatar.com\/avatar\/ec9d84b79c776aa1994e5893944465db9974b17b884155623da51b7b62c02845?s=96&d=mm&r=g","contentUrl":"https:\/\/secure.gravatar.com\/avatar\/ec9d84b79c776aa1994e5893944465db9974b17b884155623da51b7b62c02845?s=96&d=mm&r=g","caption":"Redacci\u00f3n"},"url":"https:\/\/conexion23.com\/?author=18"}]}},"_links":{"self":[{"href":"https:\/\/conexion23.com\/index.php?rest_route=\/wp\/v2\/posts\/62964","targetHints":{"allow":["GET"]}}],"collection":[{"href":"https:\/\/conexion23.com\/index.php?rest_route=\/wp\/v2\/posts"}],"about":[{"href":"https:\/\/conexion23.com\/index.php?rest_route=\/wp\/v2\/types\/post"}],"author":[{"embeddable":true,"href":"https:\/\/conexion23.com\/index.php?rest_route=\/wp\/v2\/users\/18"}],"replies":[{"embeddable":true,"href":"https:\/\/conexion23.com\/index.php?rest_route=%2Fwp%2Fv2%2Fcomments&post=62964"}],"version-history":[{"count":3,"href":"https:\/\/conexion23.com\/index.php?rest_route=\/wp\/v2\/posts\/62964\/revisions"}],"predecessor-version":[{"id":62968,"href":"https:\/\/conexion23.com\/index.php?rest_route=\/wp\/v2\/posts\/62964\/revisions\/62968"}],"wp:featuredmedia":[{"embeddable":true,"href":"https:\/\/conexion23.com\/index.php?rest_route=\/wp\/v2\/media\/62965"}],"wp:attachment":[{"href":"https:\/\/conexion23.com\/index.php?rest_route=%2Fwp%2Fv2%2Fmedia&parent=62964"}],"wp:term":[{"taxonomy":"category","embeddable":true,"href":"https:\/\/conexion23.com\/index.php?rest_route=%2Fwp%2Fv2%2Fcategories&post=62964"},{"taxonomy":"post_tag","embeddable":true,"href":"https:\/\/conexion23.com\/index.php?rest_route=%2Fwp%2Fv2%2Ftags&post=62964"}],"curies":[{"name":"wp","href":"https:\/\/api.w.org\/{rel}","templated":true}]}}