{"id":62970,"date":"2026-09-03T08:01:04","date_gmt":"2026-09-03T12:01:04","guid":{"rendered":"https:\/\/conexion23.com\/?p=62970"},"modified":"2026-09-03T08:01:04","modified_gmt":"2026-09-03T12:01:04","slug":"felix-bautista-deposita-proyecto-de-ley-que-busca-eliminar-el-metodo-dhondt","status":"publish","type":"post","link":"https:\/\/conexion23.com\/?p=62970","title":{"rendered":"F\u00e9lix Bautista deposita proyecto de ley que busca eliminar el m\u00e9todo D\u2019Hondt"},"content":{"rendered":"<p style=\"text-align: justify;\">El senador por San Juan, F\u00e9lix Bautista, deposit\u00f3 ante el Senado de la Rep\u00fablica un proyecto de ley que busca eliminar el m\u00e9todo D\u2019Hondt para la elecci\u00f3n de diputados, regidores y vocales de los distritos municipales.<\/p>\n<p style=\"text-align: justify;\">La iniciativa plantea modificar la forma en que se distribuyen los esca\u00f1os, bajo el argumento de que el m\u00e9todo D\u2019Hondt no garantiza una correspondencia directa entre la cantidad de votos obtenidos individualmente por los candidatos y la asignaci\u00f3n de los puestos electivos.<\/p>\n<p style=\"text-align: justify;\">Bautista sostiene que el mecanismo vigente resulta injusto y desproporcionado, debido a que la suma de los votos obtenidos por los candidatos de una organizaci\u00f3n pol\u00edtica puede determinar la asignaci\u00f3n de esca\u00f1os, incluso cuando otros aspirantes hayan obtenido una mayor votaci\u00f3n individual.<\/p>\n<p style=\"text-align: justify;\">El proyecto propone que los candidatos sean escogidos mediante el principio de mayor\u00eda simple, de manera que resulten electos quienes obtengan la mayor cantidad de votos v\u00e1lidos en sus respectivas demarcaciones.<\/p>\n<p style=\"text-align: justify;\">La propuesta tambi\u00e9n contempla derogar la Ley 157-13, que establece el sistema de votaci\u00f3n preferencial y el m\u00e9todo D\u2019Hondt, adem\u00e1s de modificar disposiciones de la Ley Org\u00e1nica del R\u00e9gimen Electoral 20-23.<\/p>\n<p style=\"text-align: justify;\">El legislador argumenta que su propuesta procura fortalecer el car\u00e1cter directo del sufragio y garantizar que la voluntad expresada por los electores se refleje de manera m\u00e1s efectiva en la conformaci\u00f3n de la representaci\u00f3n pol\u00edtica.<\/p>\n","protected":false},"excerpt":{"rendered":"<p>El senador por San Juan, F\u00e9lix Bautista, deposit\u00f3 ante el Senado de la Rep\u00fablica un proyecto de ley que busca eliminar el m\u00e9todo D\u2019Hondt para la elecci\u00f3n de diputados, regidores y vocales de los distritos municipales. La iniciativa plantea modificar la forma en que se distribuyen los esca\u00f1os, bajo el argumento de que el m\u00e9todo [&hellip;]<\/p>\n","protected":false},"author":15,"featured_media":60233,"comment_status":"open","ping_status":"open","sticky":false,"template":"","format":"standard","meta":{"footnotes":""},"categories":[3882,3773],"tags":[11615,6894,11614,4802,823],"class_list":["post-62970","post","type-post","status-publish","format-standard","has-post-thumbnail","category-politica","category-portada","tag-eliminar","tag-felix-bautista","tag-metodo-dhondt","tag-proyecto-de-ley","tag-senador"],"yoast_head":"<!-- This site is optimized with the Yoast SEO plugin v27.6 - https:\/\/yoast.com\/product\/yoast-seo-wordpress\/ -->\n<title>F\u00e9lix Bautista deposita proyecto de ley que busca eliminar el m\u00e9todo D\u2019Hondt - Conexi\u00f3n 23<\/title>\n<meta name=\"robots\" content=\"index, follow, max-snippet:-1, max-image-preview:large, max-video-preview:-1\" \/>\n<link rel=\"canonical\" href=\"https:\/\/conexion23.com\/?p=62970\" \/>\n<meta property=\"og:locale\" content=\"es_ES\" \/>\n<meta property=\"og:type\" content=\"article\" \/>\n<meta property=\"og:title\" content=\"F\u00e9lix Bautista deposita proyecto de ley que busca eliminar el m\u00e9todo D\u2019Hondt - Conexi\u00f3n 23\" \/>\n<meta property=\"og:description\" content=\"El senador por San Juan, F\u00e9lix Bautista, deposit\u00f3 ante el Senado de la Rep\u00fablica un proyecto de ley que busca eliminar el m\u00e9todo D\u2019Hondt para la elecci\u00f3n de diputados, regidores y vocales de los distritos municipales. La iniciativa plantea modificar la forma en que se distribuyen los esca\u00f1os, bajo el argumento de que el m\u00e9todo [&hellip;]\" \/>\n<meta property=\"og:url\" content=\"https:\/\/conexion23.com\/?p=62970\" \/>\n<meta property=\"og:site_name\" content=\"Conexi\u00f3n 23\" \/>\n<meta property=\"article:publisher\" content=\"https:\/\/www.facebook.com\/conexion23com\" \/>\n<meta property=\"article:published_time\" content=\"2026-09-03T12:01:04+00:00\" \/>\n<meta property=\"og:image\" content=\"http:\/\/conexion23.com\/wp-content\/uploads\/2026\/07\/felix-bautista-e1784805903580.webp\" \/>\n\t<meta property=\"og:image:width\" content=\"347\" \/>\n\t<meta property=\"og:image:height\" content=\"266\" \/>\n\t<meta property=\"og:image:type\" content=\"image\/webp\" \/>\n<meta name=\"author\" content=\"Raffy Ben\u00edtez\" \/>\n<meta name=\"twitter:card\" content=\"summary_large_image\" \/>\n<meta name=\"twitter:label1\" content=\"Escrito por\" \/>\n\t<meta name=\"twitter:data1\" content=\"Raffy Ben\u00edtez\" \/>\n\t<meta name=\"twitter:label2\" content=\"Tiempo de lectura\" \/>\n\t<meta name=\"twitter:data2\" content=\"2 minutos\" \/>\n<script type=\"application\/ld+json\" class=\"yoast-schema-graph\">{\"@context\":\"https:\\\/\\\/schema.org\",\"@graph\":[{\"@type\":\"Article\",\"@id\":\"https:\\\/\\\/conexion23.com\\\/?p=62970#article\",\"isPartOf\":{\"@id\":\"https:\\\/\\\/conexion23.com\\\/?p=62970\"},\"author\":{\"name\":\"Raffy Ben\u00edtez\",\"@id\":\"http:\\\/\\\/conexion23.com\\\/#\\\/schema\\\/person\\\/03e36043331117e97a373299bbcd30a6\"},\"headline\":\"F\u00e9lix Bautista deposita proyecto de ley que busca eliminar el m\u00e9todo D\u2019Hondt\",\"datePublished\":\"2026-09-03T12:01:04+00:00\",\"mainEntityOfPage\":{\"@id\":\"https:\\\/\\\/conexion23.com\\\/?p=62970\"},\"wordCount\":260,\"commentCount\":0,\"publisher\":{\"@id\":\"http:\\\/\\\/conexion23.com\\\/#organization\"},\"image\":{\"@id\":\"https:\\\/\\\/conexion23.com\\\/?p=62970#primaryimage\"},\"thumbnailUrl\":\"https:\\\/\\\/conexion23.com\\\/wp-content\\\/uploads\\\/2026\\\/07\\\/felix-bautista-e1784805903580.webp\",\"keywords\":[\"eliminar\",\"F\u00e9lix Bautista\",\"m\u00e9todo D\u2019Hondt\",\"proyecto de ley\",\"Senador\"],\"articleSection\":[\"Pol\u00edtica\",\"Portada\"],\"inLanguage\":\"es\",\"potentialAction\":[{\"@type\":\"CommentAction\",\"name\":\"Comment\",\"target\":[\"https:\\\/\\\/conexion23.com\\\/?p=62970#respond\"]}]},{\"@type\":\"WebPage\",\"@id\":\"https:\\\/\\\/conexion23.com\\\/?p=62970\",\"url\":\"https:\\\/\\\/conexion23.com\\\/?p=62970\",\"name\":\"F\u00e9lix Bautista deposita proyecto de ley que busca eliminar el m\u00e9todo D\u2019Hondt - Conexi\u00f3n 23\",\"isPartOf\":{\"@id\":\"http:\\\/\\\/conexion23.com\\\/#website\"},\"primaryImageOfPage\":{\"@id\":\"https:\\\/\\\/conexion23.com\\\/?p=62970#primaryimage\"},\"image\":{\"@id\":\"https:\\\/\\\/conexion23.com\\\/?p=62970#primaryimage\"},\"thumbnailUrl\":\"https:\\\/\\\/conexion23.com\\\/wp-content\\\/uploads\\\/2026\\\/07\\\/felix-bautista-e1784805903580.webp\",\"datePublished\":\"2026-09-03T12:01:04+00:00\",\"breadcrumb\":{\"@id\":\"https:\\\/\\\/conexion23.com\\\/?p=62970#breadcrumb\"},\"inLanguage\":\"es\",\"potentialAction\":[{\"@type\":\"ReadAction\",\"target\":[\"https:\\\/\\\/conexion23.com\\\/?p=62970\"]}]},{\"@type\":\"ImageObject\",\"inLanguage\":\"es\",\"@id\":\"https:\\\/\\\/conexion23.com\\\/?p=62970#primaryimage\",\"url\":\"https:\\\/\\\/conexion23.com\\\/wp-content\\\/uploads\\\/2026\\\/07\\\/felix-bautista-e1784805903580.webp\",\"contentUrl\":\"https:\\\/\\\/conexion23.com\\\/wp-content\\\/uploads\\\/2026\\\/07\\\/felix-bautista-e1784805903580.webp\",\"width\":347,\"height\":266},{\"@type\":\"BreadcrumbList\",\"@id\":\"https:\\\/\\\/conexion23.com\\\/?p=62970#breadcrumb\",\"itemListElement\":[{\"@type\":\"ListItem\",\"position\":1,\"name\":\"Portada\",\"item\":\"http:\\\/\\\/conexion23.com\\\/\"},{\"@type\":\"ListItem\",\"position\":2,\"name\":\"F\u00e9lix Bautista deposita proyecto de ley que busca eliminar el m\u00e9todo D\u2019Hondt\"}]},{\"@type\":\"WebSite\",\"@id\":\"http:\\\/\\\/conexion23.com\\\/#website\",\"url\":\"http:\\\/\\\/conexion23.com\\\/\",\"name\":\"Conexi\u00f3n 23\",\"description\":\"Peri\u00f3dico 100% Petromacorisano\",\"publisher\":{\"@id\":\"http:\\\/\\\/conexion23.com\\\/#organization\"},\"potentialAction\":[{\"@type\":\"SearchAction\",\"target\":{\"@type\":\"EntryPoint\",\"urlTemplate\":\"http:\\\/\\\/conexion23.com\\\/?s={search_term_string}\"},\"query-input\":{\"@type\":\"PropertyValueSpecification\",\"valueRequired\":true,\"valueName\":\"search_term_string\"}}],\"inLanguage\":\"es\"},{\"@type\":\"Organization\",\"@id\":\"http:\\\/\\\/conexion23.com\\\/#organization\",\"name\":\"Conexion 23\",\"url\":\"http:\\\/\\\/conexion23.com\\\/\",\"logo\":{\"@type\":\"ImageObject\",\"inLanguage\":\"es\",\"@id\":\"http:\\\/\\\/conexion23.com\\\/#\\\/schema\\\/logo\\\/image\\\/\",\"url\":\"https:\\\/\\\/conexion23.com\\\/wp-content\\\/uploads\\\/2021\\\/11\\\/Diseno-sin-titulo-2.png\",\"contentUrl\":\"https:\\\/\\\/conexion23.com\\\/wp-content\\\/uploads\\\/2021\\\/11\\\/Diseno-sin-titulo-2.png\",\"width\":541,\"height\":90,\"caption\":\"Conexion 23\"},\"image\":{\"@id\":\"http:\\\/\\\/conexion23.com\\\/#\\\/schema\\\/logo\\\/image\\\/\"},\"sameAs\":[\"https:\\\/\\\/www.facebook.com\\\/conexion23com\",\"https:\\\/\\\/www.instagram.com\\\/conexion23com\\\/\",\"https:\\\/\\\/www.youtube.com\\\/channel\\\/UCYc7vxxFZMYLIHNsHHxPZ3Q\"]},{\"@type\":\"Person\",\"@id\":\"http:\\\/\\\/conexion23.com\\\/#\\\/schema\\\/person\\\/03e36043331117e97a373299bbcd30a6\",\"name\":\"Raffy Ben\u00edtez\",\"image\":{\"@type\":\"ImageObject\",\"inLanguage\":\"es\",\"@id\":\"https:\\\/\\\/secure.gravatar.com\\\/avatar\\\/3190a6a6c5e1b0327500f7d6c56b6242472ee6cb974cf09b401ee6b3b0798f23?s=96&d=mm&r=g\",\"url\":\"https:\\\/\\\/secure.gravatar.com\\\/avatar\\\/3190a6a6c5e1b0327500f7d6c56b6242472ee6cb974cf09b401ee6b3b0798f23?s=96&d=mm&r=g\",\"contentUrl\":\"https:\\\/\\\/secure.gravatar.com\\\/avatar\\\/3190a6a6c5e1b0327500f7d6c56b6242472ee6cb974cf09b401ee6b3b0798f23?s=96&d=mm&r=g\",\"caption\":\"Raffy Ben\u00edtez\"},\"url\":\"https:\\\/\\\/conexion23.com\\\/?author=15\"}]}<\/script>\n<!-- \/ Yoast SEO plugin. -->","yoast_head_json":{"title":"F\u00e9lix Bautista deposita proyecto de ley que busca eliminar el m\u00e9todo D\u2019Hondt - Conexi\u00f3n 23","robots":{"index":"index","follow":"follow","max-snippet":"max-snippet:-1","max-image-preview":"max-image-preview:large","max-video-preview":"max-video-preview:-1"},"canonical":"https:\/\/conexion23.com\/?p=62970","og_locale":"es_ES","og_type":"article","og_title":"F\u00e9lix Bautista deposita proyecto de ley que busca eliminar el m\u00e9todo D\u2019Hondt - Conexi\u00f3n 23","og_description":"El senador por San Juan, F\u00e9lix Bautista, deposit\u00f3 ante el Senado de la Rep\u00fablica un proyecto de ley que busca eliminar el m\u00e9todo D\u2019Hondt para la elecci\u00f3n de diputados, regidores y vocales de los distritos municipales. La iniciativa plantea modificar la forma en que se distribuyen los esca\u00f1os, bajo el argumento de que el m\u00e9todo [&hellip;]","og_url":"https:\/\/conexion23.com\/?p=62970","og_site_name":"Conexi\u00f3n 23","article_publisher":"https:\/\/www.facebook.com\/conexion23com","article_published_time":"2026-09-03T12:01:04+00:00","og_image":[{"width":347,"height":266,"url":"http:\/\/conexion23.com\/wp-content\/uploads\/2026\/07\/felix-bautista-e1784805903580.webp","type":"image\/webp"}],"author":"Raffy Ben\u00edtez","twitter_card":"summary_large_image","twitter_misc":{"Escrito por":"Raffy Ben\u00edtez","Tiempo de lectura":"2 minutos"},"schema":{"@context":"https:\/\/schema.org","@graph":[{"@type":"Article","@id":"https:\/\/conexion23.com\/?p=62970#article","isPartOf":{"@id":"https:\/\/conexion23.com\/?p=62970"},"author":{"name":"Raffy Ben\u00edtez","@id":"http:\/\/conexion23.com\/#\/schema\/person\/03e36043331117e97a373299bbcd30a6"},"headline":"F\u00e9lix Bautista deposita proyecto de ley que busca eliminar el m\u00e9todo D\u2019Hondt","datePublished":"2026-09-03T12:01:04+00:00","mainEntityOfPage":{"@id":"https:\/\/conexion23.com\/?p=62970"},"wordCount":260,"commentCount":0,"publisher":{"@id":"http:\/\/conexion23.com\/#organization"},"image":{"@id":"https:\/\/conexion23.com\/?p=62970#primaryimage"},"thumbnailUrl":"https:\/\/conexion23.com\/wp-content\/uploads\/2026\/07\/felix-bautista-e1784805903580.webp","keywords":["eliminar","F\u00e9lix Bautista","m\u00e9todo D\u2019Hondt","proyecto de ley","Senador"],"articleSection":["Pol\u00edtica","Portada"],"inLanguage":"es","potentialAction":[{"@type":"CommentAction","name":"Comment","target":["https:\/\/conexion23.com\/?p=62970#respond"]}]},{"@type":"WebPage","@id":"https:\/\/conexion23.com\/?p=62970","url":"https:\/\/conexion23.com\/?p=62970","name":"F\u00e9lix Bautista deposita proyecto de ley que busca eliminar el m\u00e9todo D\u2019Hondt - Conexi\u00f3n 23","isPartOf":{"@id":"http:\/\/conexion23.com\/#website"},"primaryImageOfPage":{"@id":"https:\/\/conexion23.com\/?p=62970#primaryimage"},"image":{"@id":"https:\/\/conexion23.com\/?p=62970#primaryimage"},"thumbnailUrl":"https:\/\/conexion23.com\/wp-content\/uploads\/2026\/07\/felix-bautista-e1784805903580.webp","datePublished":"2026-09-03T12:01:04+00:00","breadcrumb":{"@id":"https:\/\/conexion23.com\/?p=62970#breadcrumb"},"inLanguage":"es","potentialAction":[{"@type":"ReadAction","target":["https:\/\/conexion23.com\/?p=62970"]}]},{"@type":"ImageObject","inLanguage":"es","@id":"https:\/\/conexion23.com\/?p=62970#primaryimage","url":"https:\/\/conexion23.com\/wp-content\/uploads\/2026\/07\/felix-bautista-e1784805903580.webp","contentUrl":"https:\/\/conexion23.com\/wp-content\/uploads\/2026\/07\/felix-bautista-e1784805903580.webp","width":347,"height":266},{"@type":"BreadcrumbList","@id":"https:\/\/conexion23.com\/?p=62970#breadcrumb","itemListElement":[{"@type":"ListItem","position":1,"name":"Portada","item":"http:\/\/conexion23.com\/"},{"@type":"ListItem","position":2,"name":"F\u00e9lix Bautista deposita proyecto de ley que busca eliminar el m\u00e9todo D\u2019Hondt"}]},{"@type":"WebSite","@id":"http:\/\/conexion23.com\/#website","url":"http:\/\/conexion23.com\/","name":"Conexi\u00f3n 23","description":"Peri\u00f3dico 100% Petromacorisano","publisher":{"@id":"http:\/\/conexion23.com\/#organization"},"potentialAction":[{"@type":"SearchAction","target":{"@type":"EntryPoint","urlTemplate":"http:\/\/conexion23.com\/?s={search_term_string}"},"query-input":{"@type":"PropertyValueSpecification","valueRequired":true,"valueName":"search_term_string"}}],"inLanguage":"es"},{"@type":"Organization","@id":"http:\/\/conexion23.com\/#organization","name":"Conexion 23","url":"http:\/\/conexion23.com\/","logo":{"@type":"ImageObject","inLanguage":"es","@id":"http:\/\/conexion23.com\/#\/schema\/logo\/image\/","url":"https:\/\/conexion23.com\/wp-content\/uploads\/2021\/11\/Diseno-sin-titulo-2.png","contentUrl":"https:\/\/conexion23.com\/wp-content\/uploads\/2021\/11\/Diseno-sin-titulo-2.png","width":541,"height":90,"caption":"Conexion 23"},"image":{"@id":"http:\/\/conexion23.com\/#\/schema\/logo\/image\/"},"sameAs":["https:\/\/www.facebook.com\/conexion23com","https:\/\/www.instagram.com\/conexion23com\/","https:\/\/www.youtube.com\/channel\/UCYc7vxxFZMYLIHNsHHxPZ3Q"]},{"@type":"Person","@id":"http:\/\/conexion23.com\/#\/schema\/person\/03e36043331117e97a373299bbcd30a6","name":"Raffy Ben\u00edtez","image":{"@type":"ImageObject","inLanguage":"es","@id":"https:\/\/secure.gravatar.com\/avatar\/3190a6a6c5e1b0327500f7d6c56b6242472ee6cb974cf09b401ee6b3b0798f23?s=96&d=mm&r=g","url":"https:\/\/secure.gravatar.com\/avatar\/3190a6a6c5e1b0327500f7d6c56b6242472ee6cb974cf09b401ee6b3b0798f23?s=96&d=mm&r=g","contentUrl":"https:\/\/secure.gravatar.com\/avatar\/3190a6a6c5e1b0327500f7d6c56b6242472ee6cb974cf09b401ee6b3b0798f23?s=96&d=mm&r=g","caption":"Raffy Ben\u00edtez"},"url":"https:\/\/conexion23.com\/?author=15"}]}},"_links":{"self":[{"href":"https:\/\/conexion23.com\/index.php?rest_route=\/wp\/v2\/posts\/62970","targetHints":{"allow":["GET"]}}],"collection":[{"href":"https:\/\/conexion23.com\/index.php?rest_route=\/wp\/v2\/posts"}],"about":[{"href":"https:\/\/conexion23.com\/index.php?rest_route=\/wp\/v2\/types\/post"}],"author":[{"embeddable":true,"href":"https:\/\/conexion23.com\/index.php?rest_route=\/wp\/v2\/users\/15"}],"replies":[{"embeddable":true,"href":"https:\/\/conexion23.com\/index.php?rest_route=%2Fwp%2Fv2%2Fcomments&post=62970"}],"version-history":[{"count":2,"href":"https:\/\/conexion23.com\/index.php?rest_route=\/wp\/v2\/posts\/62970\/revisions"}],"predecessor-version":[{"id":62972,"href":"https:\/\/conexion23.com\/index.php?rest_route=\/wp\/v2\/posts\/62970\/revisions\/62972"}],"wp:featuredmedia":[{"embeddable":true,"href":"https:\/\/conexion23.com\/index.php?rest_route=\/wp\/v2\/media\/60233"}],"wp:attachment":[{"href":"https:\/\/conexion23.com\/index.php?rest_route=%2Fwp%2Fv2%2Fmedia&parent=62970"}],"wp:term":[{"taxonomy":"category","embeddable":true,"href":"https:\/\/conexion23.com\/index.php?rest_route=%2Fwp%2Fv2%2Fcategories&post=62970"},{"taxonomy":"post_tag","embeddable":true,"href":"https:\/\/conexion23.com\/index.php?rest_route=%2Fwp%2Fv2%2Ftags&post=62970"}],"curies":[{"name":"wp","href":"https:\/\/api.w.org\/{rel}","templated":true}]}}