{"id":62979,"date":"2026-09-03T08:24:57","date_gmt":"2026-09-03T12:24:57","guid":{"rendered":"https:\/\/conexion23.com\/?p=62979"},"modified":"2026-09-03T08:24:57","modified_gmt":"2026-09-03T12:24:57","slug":"las-estrellas-orientales-vuelven-a-contratar-a-josh-lester-como-importado","status":"publish","type":"post","link":"https:\/\/conexion23.com\/?p=62979","title":{"rendered":"Las Estrellas Orientales vuelven a contratar a Josh Lester como importado"},"content":{"rendered":"<p id=\"m19099-19098-19100\" style=\"text-align: justify;\">Las Estrellas Orientales anunciaron que contrataron nuevamente al inicialista y antesalista norteamericano Josh Lester como uno de sus jugadores importados, esta vez para el torneo de la Liga de B\u00e9isbol Profesional de la Rep\u00fablica Dominicana que comenzar\u00e1 el 16 de octubre pr\u00f3ximo.<\/p>\n<p id=\"m19104-19103-19105\" style=\"text-align: justify;\">Lester (.236-6-18) jug\u00f3 con las Estrellas la temporada pasada, en la cual lider\u00f3 la Serie Regular de la mencionada Liga Dominicana en bases por bolas recibidas (36) y actuaciones en juegos (50), todos los de su club. En este \u00faltimo encasillado empatado con su compa\u00f1ero de equipo y jardinero Raimel Tapia, a quien sigui\u00f3 en liderato de dobles del club (12 a 11).<\/p>\n<p id=\"m19109-19108-19110\" style=\"text-align: justify;\">El selectivo bateador derecho tuvo el cuarto mejor promedio de embasarse (.362) entre los jugadores titulares de las Estrellas y fue segundo del club en jonrones (6), empatado con Rodolfo Castro y detr\u00e1s de Miguel San\u00f3 (9), quien lider\u00f3 la liga.<\/p>\n<p id=\"m19114-19113-19115\" style=\"text-align: justify;\">Lester act\u00faa este a\u00f1o en la Liga Mexicana, donde con el equipo de Monterrey batea para promedio de .290, con 15 jonrones y 51 carreras empujadas, en 89 juegos. Su promedio de embasarse es de .370.<\/p>\n<p id=\"m19119-19118-19120\" style=\"text-align: justify;\">\u201cEn Lester esperamos tener el jugador s\u00f3lido, estable, que fue para nosotros la temporada pasada\u201d, manifest\u00f3 \u00c1ngel Ovalles, vicepresidente de operaciones de b\u00e9isbol de las Estrellas.\u201d\u00c9l es un hombre que puede estar en la alineaci\u00f3n todos los d\u00edas. Ya lo demostr\u00f3 en su primera temporada con nosotros\u201d.<\/p>\n<p id=\"m19124-19123-19125\" style=\"text-align: justify;\">Ahora las Estrellas han anunciado a tres de sus jugadores importados para la venidera campa\u00f1a de b\u00e9isbol profesional en la Rep\u00fablica Dominicana.<\/p>\n<p id=\"m19129-19128-19130\" style=\"text-align: justify;\">Los otros dos son: el jardinero nicarag\u00fcense Ismael Mungu\u00eda y el relevista Patrick Weigel.<\/p>\n","protected":false},"excerpt":{"rendered":"<p>Las Estrellas Orientales anunciaron que contrataron nuevamente al inicialista y antesalista norteamericano Josh Lester como uno de sus jugadores importados, esta vez para el torneo de la Liga de B\u00e9isbol Profesional de la Rep\u00fablica Dominicana que comenzar\u00e1 el 16 de octubre pr\u00f3ximo. Lester (.236-6-18) jug\u00f3 con las Estrellas la temporada pasada, en la cual lider\u00f3 [&hellip;]<\/p>\n","protected":false},"author":15,"featured_media":62980,"comment_status":"open","ping_status":"open","sticky":false,"template":"","format":"standard","meta":{"footnotes":""},"categories":[6],"tags":[193,44,11619,11618,89],"class_list":["post-62979","post","type-post","status-publish","format-standard","has-post-thumbnail","category-deportes","tag-contrato","tag-estrellas-orientales","tag-importado","tag-josh-lester","tag-lidom"],"yoast_head":"<!-- This site is optimized with the Yoast SEO plugin v27.6 - https:\/\/yoast.com\/product\/yoast-seo-wordpress\/ -->\n<title>Las Estrellas Orientales vuelven a contratar a Josh Lester como importado - Conexi\u00f3n 23<\/title>\n<meta name=\"robots\" content=\"index, follow, max-snippet:-1, max-image-preview:large, max-video-preview:-1\" \/>\n<link rel=\"canonical\" href=\"https:\/\/conexion23.com\/?p=62979\" \/>\n<meta property=\"og:locale\" content=\"es_ES\" \/>\n<meta property=\"og:type\" content=\"article\" \/>\n<meta property=\"og:title\" content=\"Las Estrellas Orientales vuelven a contratar a Josh Lester como importado - Conexi\u00f3n 23\" \/>\n<meta property=\"og:description\" content=\"Las Estrellas Orientales anunciaron que contrataron nuevamente al inicialista y antesalista norteamericano Josh Lester como uno de sus jugadores importados, esta vez para el torneo de la Liga de B\u00e9isbol Profesional de la Rep\u00fablica Dominicana que comenzar\u00e1 el 16 de octubre pr\u00f3ximo. Lester (.236-6-18) jug\u00f3 con las Estrellas la temporada pasada, en la cual lider\u00f3 [&hellip;]\" \/>\n<meta property=\"og:url\" content=\"https:\/\/conexion23.com\/?p=62979\" \/>\n<meta property=\"og:site_name\" content=\"Conexi\u00f3n 23\" \/>\n<meta property=\"article:publisher\" content=\"https:\/\/www.facebook.com\/conexion23com\" \/>\n<meta property=\"article:published_time\" content=\"2026-09-03T12:24:57+00:00\" \/>\n<meta property=\"og:image\" content=\"http:\/\/conexion23.com\/wp-content\/uploads\/2026\/09\/Josh-Lester.jpeg\" \/>\n\t<meta property=\"og:image:width\" content=\"800\" \/>\n\t<meta property=\"og:image:height\" content=\"533\" \/>\n\t<meta property=\"og:image:type\" content=\"image\/jpeg\" \/>\n<meta name=\"author\" content=\"Raffy Ben\u00edtez\" \/>\n<meta name=\"twitter:card\" content=\"summary_large_image\" \/>\n<meta name=\"twitter:label1\" content=\"Escrito por\" \/>\n\t<meta name=\"twitter:data1\" content=\"Raffy Ben\u00edtez\" \/>\n\t<meta name=\"twitter:label2\" content=\"Tiempo de lectura\" \/>\n\t<meta name=\"twitter:data2\" content=\"2 minutos\" \/>\n<script type=\"application\/ld+json\" class=\"yoast-schema-graph\">{\"@context\":\"https:\\\/\\\/schema.org\",\"@graph\":[{\"@type\":\"Article\",\"@id\":\"https:\\\/\\\/conexion23.com\\\/?p=62979#article\",\"isPartOf\":{\"@id\":\"https:\\\/\\\/conexion23.com\\\/?p=62979\"},\"author\":{\"name\":\"Raffy Ben\u00edtez\",\"@id\":\"http:\\\/\\\/conexion23.com\\\/#\\\/schema\\\/person\\\/03e36043331117e97a373299bbcd30a6\"},\"headline\":\"Las Estrellas Orientales vuelven a contratar a Josh Lester como importado\",\"datePublished\":\"2026-09-03T12:24:57+00:00\",\"mainEntityOfPage\":{\"@id\":\"https:\\\/\\\/conexion23.com\\\/?p=62979\"},\"wordCount\":281,\"commentCount\":0,\"publisher\":{\"@id\":\"http:\\\/\\\/conexion23.com\\\/#organization\"},\"image\":{\"@id\":\"https:\\\/\\\/conexion23.com\\\/?p=62979#primaryimage\"},\"thumbnailUrl\":\"https:\\\/\\\/conexion23.com\\\/wp-content\\\/uploads\\\/2026\\\/09\\\/Josh-Lester.jpeg\",\"keywords\":[\"contrato\",\"estrellas orientales\",\"importado\",\"Josh Lester\",\"lidom\"],\"articleSection\":[\"Deportes\"],\"inLanguage\":\"es\",\"potentialAction\":[{\"@type\":\"CommentAction\",\"name\":\"Comment\",\"target\":[\"https:\\\/\\\/conexion23.com\\\/?p=62979#respond\"]}]},{\"@type\":\"WebPage\",\"@id\":\"https:\\\/\\\/conexion23.com\\\/?p=62979\",\"url\":\"https:\\\/\\\/conexion23.com\\\/?p=62979\",\"name\":\"Las Estrellas Orientales vuelven a contratar a Josh Lester como importado - Conexi\u00f3n 23\",\"isPartOf\":{\"@id\":\"http:\\\/\\\/conexion23.com\\\/#website\"},\"primaryImageOfPage\":{\"@id\":\"https:\\\/\\\/conexion23.com\\\/?p=62979#primaryimage\"},\"image\":{\"@id\":\"https:\\\/\\\/conexion23.com\\\/?p=62979#primaryimage\"},\"thumbnailUrl\":\"https:\\\/\\\/conexion23.com\\\/wp-content\\\/uploads\\\/2026\\\/09\\\/Josh-Lester.jpeg\",\"datePublished\":\"2026-09-03T12:24:57+00:00\",\"breadcrumb\":{\"@id\":\"https:\\\/\\\/conexion23.com\\\/?p=62979#breadcrumb\"},\"inLanguage\":\"es\",\"potentialAction\":[{\"@type\":\"ReadAction\",\"target\":[\"https:\\\/\\\/conexion23.com\\\/?p=62979\"]}]},{\"@type\":\"ImageObject\",\"inLanguage\":\"es\",\"@id\":\"https:\\\/\\\/conexion23.com\\\/?p=62979#primaryimage\",\"url\":\"https:\\\/\\\/conexion23.com\\\/wp-content\\\/uploads\\\/2026\\\/09\\\/Josh-Lester.jpeg\",\"contentUrl\":\"https:\\\/\\\/conexion23.com\\\/wp-content\\\/uploads\\\/2026\\\/09\\\/Josh-Lester.jpeg\",\"width\":800,\"height\":533},{\"@type\":\"BreadcrumbList\",\"@id\":\"https:\\\/\\\/conexion23.com\\\/?p=62979#breadcrumb\",\"itemListElement\":[{\"@type\":\"ListItem\",\"position\":1,\"name\":\"Portada\",\"item\":\"http:\\\/\\\/conexion23.com\\\/\"},{\"@type\":\"ListItem\",\"position\":2,\"name\":\"Las Estrellas Orientales vuelven a contratar a Josh Lester como importado\"}]},{\"@type\":\"WebSite\",\"@id\":\"http:\\\/\\\/conexion23.com\\\/#website\",\"url\":\"http:\\\/\\\/conexion23.com\\\/\",\"name\":\"Conexi\u00f3n 23\",\"description\":\"Peri\u00f3dico 100% Petromacorisano\",\"publisher\":{\"@id\":\"http:\\\/\\\/conexion23.com\\\/#organization\"},\"potentialAction\":[{\"@type\":\"SearchAction\",\"target\":{\"@type\":\"EntryPoint\",\"urlTemplate\":\"http:\\\/\\\/conexion23.com\\\/?s={search_term_string}\"},\"query-input\":{\"@type\":\"PropertyValueSpecification\",\"valueRequired\":true,\"valueName\":\"search_term_string\"}}],\"inLanguage\":\"es\"},{\"@type\":\"Organization\",\"@id\":\"http:\\\/\\\/conexion23.com\\\/#organization\",\"name\":\"Conexion 23\",\"url\":\"http:\\\/\\\/conexion23.com\\\/\",\"logo\":{\"@type\":\"ImageObject\",\"inLanguage\":\"es\",\"@id\":\"http:\\\/\\\/conexion23.com\\\/#\\\/schema\\\/logo\\\/image\\\/\",\"url\":\"https:\\\/\\\/conexion23.com\\\/wp-content\\\/uploads\\\/2021\\\/11\\\/Diseno-sin-titulo-2.png\",\"contentUrl\":\"https:\\\/\\\/conexion23.com\\\/wp-content\\\/uploads\\\/2021\\\/11\\\/Diseno-sin-titulo-2.png\",\"width\":541,\"height\":90,\"caption\":\"Conexion 23\"},\"image\":{\"@id\":\"http:\\\/\\\/conexion23.com\\\/#\\\/schema\\\/logo\\\/image\\\/\"},\"sameAs\":[\"https:\\\/\\\/www.facebook.com\\\/conexion23com\",\"https:\\\/\\\/www.instagram.com\\\/conexion23com\\\/\",\"https:\\\/\\\/www.youtube.com\\\/channel\\\/UCYc7vxxFZMYLIHNsHHxPZ3Q\"]},{\"@type\":\"Person\",\"@id\":\"http:\\\/\\\/conexion23.com\\\/#\\\/schema\\\/person\\\/03e36043331117e97a373299bbcd30a6\",\"name\":\"Raffy Ben\u00edtez\",\"image\":{\"@type\":\"ImageObject\",\"inLanguage\":\"es\",\"@id\":\"https:\\\/\\\/secure.gravatar.com\\\/avatar\\\/3190a6a6c5e1b0327500f7d6c56b6242472ee6cb974cf09b401ee6b3b0798f23?s=96&d=mm&r=g\",\"url\":\"https:\\\/\\\/secure.gravatar.com\\\/avatar\\\/3190a6a6c5e1b0327500f7d6c56b6242472ee6cb974cf09b401ee6b3b0798f23?s=96&d=mm&r=g\",\"contentUrl\":\"https:\\\/\\\/secure.gravatar.com\\\/avatar\\\/3190a6a6c5e1b0327500f7d6c56b6242472ee6cb974cf09b401ee6b3b0798f23?s=96&d=mm&r=g\",\"caption\":\"Raffy Ben\u00edtez\"},\"url\":\"https:\\\/\\\/conexion23.com\\\/?author=15\"}]}<\/script>\n<!-- \/ Yoast SEO plugin. -->","yoast_head_json":{"title":"Las Estrellas Orientales vuelven a contratar a Josh Lester como importado - Conexi\u00f3n 23","robots":{"index":"index","follow":"follow","max-snippet":"max-snippet:-1","max-image-preview":"max-image-preview:large","max-video-preview":"max-video-preview:-1"},"canonical":"https:\/\/conexion23.com\/?p=62979","og_locale":"es_ES","og_type":"article","og_title":"Las Estrellas Orientales vuelven a contratar a Josh Lester como importado - Conexi\u00f3n 23","og_description":"Las Estrellas Orientales anunciaron que contrataron nuevamente al inicialista y antesalista norteamericano Josh Lester como uno de sus jugadores importados, esta vez para el torneo de la Liga de B\u00e9isbol Profesional de la Rep\u00fablica Dominicana que comenzar\u00e1 el 16 de octubre pr\u00f3ximo. Lester (.236-6-18) jug\u00f3 con las Estrellas la temporada pasada, en la cual lider\u00f3 [&hellip;]","og_url":"https:\/\/conexion23.com\/?p=62979","og_site_name":"Conexi\u00f3n 23","article_publisher":"https:\/\/www.facebook.com\/conexion23com","article_published_time":"2026-09-03T12:24:57+00:00","og_image":[{"width":800,"height":533,"url":"http:\/\/conexion23.com\/wp-content\/uploads\/2026\/09\/Josh-Lester.jpeg","type":"image\/jpeg"}],"author":"Raffy Ben\u00edtez","twitter_card":"summary_large_image","twitter_misc":{"Escrito por":"Raffy Ben\u00edtez","Tiempo de lectura":"2 minutos"},"schema":{"@context":"https:\/\/schema.org","@graph":[{"@type":"Article","@id":"https:\/\/conexion23.com\/?p=62979#article","isPartOf":{"@id":"https:\/\/conexion23.com\/?p=62979"},"author":{"name":"Raffy Ben\u00edtez","@id":"http:\/\/conexion23.com\/#\/schema\/person\/03e36043331117e97a373299bbcd30a6"},"headline":"Las Estrellas Orientales vuelven a contratar a Josh Lester como importado","datePublished":"2026-09-03T12:24:57+00:00","mainEntityOfPage":{"@id":"https:\/\/conexion23.com\/?p=62979"},"wordCount":281,"commentCount":0,"publisher":{"@id":"http:\/\/conexion23.com\/#organization"},"image":{"@id":"https:\/\/conexion23.com\/?p=62979#primaryimage"},"thumbnailUrl":"https:\/\/conexion23.com\/wp-content\/uploads\/2026\/09\/Josh-Lester.jpeg","keywords":["contrato","estrellas orientales","importado","Josh Lester","lidom"],"articleSection":["Deportes"],"inLanguage":"es","potentialAction":[{"@type":"CommentAction","name":"Comment","target":["https:\/\/conexion23.com\/?p=62979#respond"]}]},{"@type":"WebPage","@id":"https:\/\/conexion23.com\/?p=62979","url":"https:\/\/conexion23.com\/?p=62979","name":"Las Estrellas Orientales vuelven a contratar a Josh Lester como importado - Conexi\u00f3n 23","isPartOf":{"@id":"http:\/\/conexion23.com\/#website"},"primaryImageOfPage":{"@id":"https:\/\/conexion23.com\/?p=62979#primaryimage"},"image":{"@id":"https:\/\/conexion23.com\/?p=62979#primaryimage"},"thumbnailUrl":"https:\/\/conexion23.com\/wp-content\/uploads\/2026\/09\/Josh-Lester.jpeg","datePublished":"2026-09-03T12:24:57+00:00","breadcrumb":{"@id":"https:\/\/conexion23.com\/?p=62979#breadcrumb"},"inLanguage":"es","potentialAction":[{"@type":"ReadAction","target":["https:\/\/conexion23.com\/?p=62979"]}]},{"@type":"ImageObject","inLanguage":"es","@id":"https:\/\/conexion23.com\/?p=62979#primaryimage","url":"https:\/\/conexion23.com\/wp-content\/uploads\/2026\/09\/Josh-Lester.jpeg","contentUrl":"https:\/\/conexion23.com\/wp-content\/uploads\/2026\/09\/Josh-Lester.jpeg","width":800,"height":533},{"@type":"BreadcrumbList","@id":"https:\/\/conexion23.com\/?p=62979#breadcrumb","itemListElement":[{"@type":"ListItem","position":1,"name":"Portada","item":"http:\/\/conexion23.com\/"},{"@type":"ListItem","position":2,"name":"Las Estrellas Orientales vuelven a contratar a Josh Lester como importado"}]},{"@type":"WebSite","@id":"http:\/\/conexion23.com\/#website","url":"http:\/\/conexion23.com\/","name":"Conexi\u00f3n 23","description":"Peri\u00f3dico 100% Petromacorisano","publisher":{"@id":"http:\/\/conexion23.com\/#organization"},"potentialAction":[{"@type":"SearchAction","target":{"@type":"EntryPoint","urlTemplate":"http:\/\/conexion23.com\/?s={search_term_string}"},"query-input":{"@type":"PropertyValueSpecification","valueRequired":true,"valueName":"search_term_string"}}],"inLanguage":"es"},{"@type":"Organization","@id":"http:\/\/conexion23.com\/#organization","name":"Conexion 23","url":"http:\/\/conexion23.com\/","logo":{"@type":"ImageObject","inLanguage":"es","@id":"http:\/\/conexion23.com\/#\/schema\/logo\/image\/","url":"https:\/\/conexion23.com\/wp-content\/uploads\/2021\/11\/Diseno-sin-titulo-2.png","contentUrl":"https:\/\/conexion23.com\/wp-content\/uploads\/2021\/11\/Diseno-sin-titulo-2.png","width":541,"height":90,"caption":"Conexion 23"},"image":{"@id":"http:\/\/conexion23.com\/#\/schema\/logo\/image\/"},"sameAs":["https:\/\/www.facebook.com\/conexion23com","https:\/\/www.instagram.com\/conexion23com\/","https:\/\/www.youtube.com\/channel\/UCYc7vxxFZMYLIHNsHHxPZ3Q"]},{"@type":"Person","@id":"http:\/\/conexion23.com\/#\/schema\/person\/03e36043331117e97a373299bbcd30a6","name":"Raffy Ben\u00edtez","image":{"@type":"ImageObject","inLanguage":"es","@id":"https:\/\/secure.gravatar.com\/avatar\/3190a6a6c5e1b0327500f7d6c56b6242472ee6cb974cf09b401ee6b3b0798f23?s=96&d=mm&r=g","url":"https:\/\/secure.gravatar.com\/avatar\/3190a6a6c5e1b0327500f7d6c56b6242472ee6cb974cf09b401ee6b3b0798f23?s=96&d=mm&r=g","contentUrl":"https:\/\/secure.gravatar.com\/avatar\/3190a6a6c5e1b0327500f7d6c56b6242472ee6cb974cf09b401ee6b3b0798f23?s=96&d=mm&r=g","caption":"Raffy Ben\u00edtez"},"url":"https:\/\/conexion23.com\/?author=15"}]}},"_links":{"self":[{"href":"https:\/\/conexion23.com\/index.php?rest_route=\/wp\/v2\/posts\/62979","targetHints":{"allow":["GET"]}}],"collection":[{"href":"https:\/\/conexion23.com\/index.php?rest_route=\/wp\/v2\/posts"}],"about":[{"href":"https:\/\/conexion23.com\/index.php?rest_route=\/wp\/v2\/types\/post"}],"author":[{"embeddable":true,"href":"https:\/\/conexion23.com\/index.php?rest_route=\/wp\/v2\/users\/15"}],"replies":[{"embeddable":true,"href":"https:\/\/conexion23.com\/index.php?rest_route=%2Fwp%2Fv2%2Fcomments&post=62979"}],"version-history":[{"count":1,"href":"https:\/\/conexion23.com\/index.php?rest_route=\/wp\/v2\/posts\/62979\/revisions"}],"predecessor-version":[{"id":62981,"href":"https:\/\/conexion23.com\/index.php?rest_route=\/wp\/v2\/posts\/62979\/revisions\/62981"}],"wp:featuredmedia":[{"embeddable":true,"href":"https:\/\/conexion23.com\/index.php?rest_route=\/wp\/v2\/media\/62980"}],"wp:attachment":[{"href":"https:\/\/conexion23.com\/index.php?rest_route=%2Fwp%2Fv2%2Fmedia&parent=62979"}],"wp:term":[{"taxonomy":"category","embeddable":true,"href":"https:\/\/conexion23.com\/index.php?rest_route=%2Fwp%2Fv2%2Fcategories&post=62979"},{"taxonomy":"post_tag","embeddable":true,"href":"https:\/\/conexion23.com\/index.php?rest_route=%2Fwp%2Fv2%2Ftags&post=62979"}],"curies":[{"name":"wp","href":"https:\/\/api.w.org\/{rel}","templated":true}]}}