{"id":62982,"date":"2026-09-03T08:33:57","date_gmt":"2026-09-03T12:33:57","guid":{"rendered":"https:\/\/conexion23.com\/?p=62982"},"modified":"2026-09-03T08:33:57","modified_gmt":"2026-09-03T12:33:57","slug":"la-fuerza-del-pueblo-en-spm-suma-profesionales-del-derecho-y-cerca-de-40-jovenes-en-tres-juramentaciones","status":"publish","type":"post","link":"https:\/\/conexion23.com\/?p=62982","title":{"rendered":"La Fuerza del Pueblo en SPM suma profesionales del derecho y cerca de 40 j\u00f3venes en tres juramentaciones"},"content":{"rendered":"<p style=\"text-align: justify;\">La Fuerza del Pueblo contin\u00faa fortaleciendo su estructura pol\u00edtica en San Pedro de Macor\u00eds, con la incorporaci\u00f3n de nuevos dirigentes y simpatizantes, entre ellos profesionales del derecho y decenas de j\u00f3venes que decidieron integrarse a las filas de la organizaci\u00f3n pol\u00edtica.<\/p>\n<p><img loading=\"lazy\" decoding=\"async\" class=\"alignnone size-medium wp-image-62985\" src=\"http:\/\/conexion23.com\/wp-content\/uploads\/2026\/09\/fuerza-del-pueblo-SPM-300x225.jpg\" alt=\"\" width=\"300\" height=\"225\" srcset=\"https:\/\/conexion23.com\/wp-content\/uploads\/2026\/09\/fuerza-del-pueblo-SPM-300x225.jpg 300w, https:\/\/conexion23.com\/wp-content\/uploads\/2026\/09\/fuerza-del-pueblo-SPM-1024x768.jpg 1024w, https:\/\/conexion23.com\/wp-content\/uploads\/2026\/09\/fuerza-del-pueblo-SPM-768x576.jpg 768w, https:\/\/conexion23.com\/wp-content\/uploads\/2026\/09\/fuerza-del-pueblo-SPM-1536x1152.jpg 1536w, https:\/\/conexion23.com\/wp-content\/uploads\/2026\/09\/fuerza-del-pueblo-SPM-560x420.jpg 560w, https:\/\/conexion23.com\/wp-content\/uploads\/2026\/09\/fuerza-del-pueblo-SPM-1120x840.jpg 1120w, https:\/\/conexion23.com\/wp-content\/uploads\/2026\/09\/fuerza-del-pueblo-SPM-80x60.jpg 80w, https:\/\/conexion23.com\/wp-content\/uploads\/2026\/09\/fuerza-del-pueblo-SPM-160x120.jpg 160w, https:\/\/conexion23.com\/wp-content\/uploads\/2026\/09\/fuerza-del-pueblo-SPM-150x113.jpg 150w, https:\/\/conexion23.com\/wp-content\/uploads\/2026\/09\/fuerza-del-pueblo-SPM-600x450.jpg 600w, https:\/\/conexion23.com\/wp-content\/uploads\/2026\/09\/fuerza-del-pueblo-SPM-696x522.jpg 696w, https:\/\/conexion23.com\/wp-content\/uploads\/2026\/09\/fuerza-del-pueblo-SPM-1392x1044.jpg 1392w, https:\/\/conexion23.com\/wp-content\/uploads\/2026\/09\/fuerza-del-pueblo-SPM-1068x801.jpg 1068w, https:\/\/conexion23.com\/wp-content\/uploads\/2026\/09\/fuerza-del-pueblo-SPM-265x198.jpg 265w, https:\/\/conexion23.com\/wp-content\/uploads\/2026\/09\/fuerza-del-pueblo-SPM-530x396.jpg 530w, https:\/\/conexion23.com\/wp-content\/uploads\/2026\/09\/fuerza-del-pueblo-SPM.jpg 1600w\" sizes=\"auto, (max-width: 300px) 100vw, 300px\" \/><\/p>\n<p style=\"text-align: justify;\">Las nuevas incorporaciones se produjeron durante la reuni\u00f3n ordinaria de la Direcci\u00f3n Ejecutiva Municipal, celebrada la noche de este mi\u00e9rcoles 2 de septiembre encabezada por el presidente municipal de la Fuerza del Pueblo en el municipio, licenciado Ra\u00fal Custodio.<\/p>\n<p style=\"text-align: justify;\">Durante la actividad fueron realizadas tres juramentaciones. La primera correspondi\u00f3 a un grupo de profesionales del derecho que ingresaron a la organizaci\u00f3n de la mano del compa\u00f1ero Eulogio Mej\u00eda y que pasan a formar parte del bloque A1.<\/p>\n<p><img loading=\"lazy\" decoding=\"async\" class=\"alignnone size-medium wp-image-62986\" src=\"http:\/\/conexion23.com\/wp-content\/uploads\/2026\/09\/fuerza-del-pueblo-spm-2-300x169.jpg\" alt=\"\" width=\"300\" height=\"169\" srcset=\"https:\/\/conexion23.com\/wp-content\/uploads\/2026\/09\/fuerza-del-pueblo-spm-2-300x169.jpg 300w, https:\/\/conexion23.com\/wp-content\/uploads\/2026\/09\/fuerza-del-pueblo-spm-2-1024x576.jpg 1024w, https:\/\/conexion23.com\/wp-content\/uploads\/2026\/09\/fuerza-del-pueblo-spm-2-768x432.jpg 768w, https:\/\/conexion23.com\/wp-content\/uploads\/2026\/09\/fuerza-del-pueblo-spm-2-1536x864.jpg 1536w, https:\/\/conexion23.com\/wp-content\/uploads\/2026\/09\/fuerza-del-pueblo-spm-2-747x420.jpg 747w, https:\/\/conexion23.com\/wp-content\/uploads\/2026\/09\/fuerza-del-pueblo-spm-2-1494x840.jpg 1494w, https:\/\/conexion23.com\/wp-content\/uploads\/2026\/09\/fuerza-del-pueblo-spm-2-150x84.jpg 150w, https:\/\/conexion23.com\/wp-content\/uploads\/2026\/09\/fuerza-del-pueblo-spm-2-600x337.jpg 600w, https:\/\/conexion23.com\/wp-content\/uploads\/2026\/09\/fuerza-del-pueblo-spm-2-696x391.jpg 696w, https:\/\/conexion23.com\/wp-content\/uploads\/2026\/09\/fuerza-del-pueblo-spm-2-1392x783.jpg 1392w, https:\/\/conexion23.com\/wp-content\/uploads\/2026\/09\/fuerza-del-pueblo-spm-2-1068x600.jpg 1068w, https:\/\/conexion23.com\/wp-content\/uploads\/2026\/09\/fuerza-del-pueblo-spm-2.jpg 1599w\" sizes=\"auto, (max-width: 300px) 100vw, 300px\" \/><\/p>\n<p style=\"text-align: justify;\">Posteriormente, fueron juramentados 31 j\u00f3venes pertenecientes al bloque C1, mientras que, en una tercera juramentaci\u00f3n realizada durante la misma reuni\u00f3n, se incorporaron 8 j\u00f3venes m\u00e1s de ese bloque.<\/p>\n<p style=\"text-align: justify;\">Con estas tres juramentaciones, la organizaci\u00f3n pol\u00edtica suma 39 j\u00f3venes, adem\u00e1s del grupo de profesionales del derecho, como parte del proceso de crecimiento y fortalecimiento de su estructura municipal.<\/p>\n<p style=\"text-align: justify;\">La Fuerza del Pueblo ha venido desarrollando durante las \u00faltimas seis semanas una serie de juramentaciones de nuevos miembros en el marco de las reuniones ordinarias de su Direcci\u00f3n Ejecutiva Municipal, evidenciando, seg\u00fan sus dirigentes, un proceso de expansi\u00f3n de la organizaci\u00f3n en San Pedro de Macor\u00eds.<\/p>\n","protected":false},"excerpt":{"rendered":"<p>La Fuerza del Pueblo contin\u00faa fortaleciendo su estructura pol\u00edtica en San Pedro de Macor\u00eds, con la incorporaci\u00f3n de nuevos dirigentes y simpatizantes, entre ellos profesionales del derecho y decenas de j\u00f3venes que decidieron integrarse a las filas de la organizaci\u00f3n pol\u00edtica. Las nuevas incorporaciones se produjeron durante la reuni\u00f3n ordinaria de la Direcci\u00f3n Ejecutiva Municipal, [&hellip;]<\/p>\n","protected":false},"author":15,"featured_media":62984,"comment_status":"open","ping_status":"open","sticky":false,"template":"","format":"standard","meta":{"footnotes":""},"categories":[3882],"tags":[171,5952,11620,57],"class_list":["post-62982","post","type-post","status-publish","format-standard","has-post-thumbnail","category-politica","tag-fuerza-del-pueblo","tag-juramentaciones","tag-profesionales-del-derecho","tag-san-pedro-de-macoris"],"yoast_head":"<!-- This site is optimized with the Yoast SEO plugin v27.6 - https:\/\/yoast.com\/product\/yoast-seo-wordpress\/ -->\n<title>La Fuerza del Pueblo en SPM suma profesionales del derecho y cerca de 40 j\u00f3venes en tres juramentaciones - Conexi\u00f3n 23<\/title>\n<meta name=\"robots\" content=\"index, follow, max-snippet:-1, max-image-preview:large, max-video-preview:-1\" \/>\n<link rel=\"canonical\" href=\"https:\/\/conexion23.com\/?p=62982\" \/>\n<meta property=\"og:locale\" content=\"es_ES\" \/>\n<meta property=\"og:type\" content=\"article\" \/>\n<meta property=\"og:title\" content=\"La Fuerza del Pueblo en SPM suma profesionales del derecho y cerca de 40 j\u00f3venes en tres juramentaciones - Conexi\u00f3n 23\" \/>\n<meta property=\"og:description\" content=\"La Fuerza del Pueblo contin\u00faa fortaleciendo su estructura pol\u00edtica en San Pedro de Macor\u00eds, con la incorporaci\u00f3n de nuevos dirigentes y simpatizantes, entre ellos profesionales del derecho y decenas de j\u00f3venes que decidieron integrarse a las filas de la organizaci\u00f3n pol\u00edtica. Las nuevas incorporaciones se produjeron durante la reuni\u00f3n ordinaria de la Direcci\u00f3n Ejecutiva Municipal, [&hellip;]\" \/>\n<meta property=\"og:url\" content=\"https:\/\/conexion23.com\/?p=62982\" \/>\n<meta property=\"og:site_name\" content=\"Conexi\u00f3n 23\" \/>\n<meta property=\"article:publisher\" content=\"https:\/\/www.facebook.com\/conexion23com\" \/>\n<meta property=\"article:published_time\" content=\"2026-09-03T12:33:57+00:00\" \/>\n<meta property=\"og:image\" content=\"https:\/\/conexion23.com\/wp-content\/uploads\/2026\/09\/juramentacion.jpg\" \/>\n\t<meta property=\"og:image:width\" content=\"1600\" \/>\n\t<meta property=\"og:image:height\" content=\"718\" \/>\n\t<meta property=\"og:image:type\" content=\"image\/jpeg\" \/>\n<meta name=\"author\" content=\"Raffy Ben\u00edtez\" \/>\n<meta name=\"twitter:card\" content=\"summary_large_image\" \/>\n<meta name=\"twitter:label1\" content=\"Escrito por\" \/>\n\t<meta name=\"twitter:data1\" content=\"Raffy Ben\u00edtez\" \/>\n\t<meta name=\"twitter:label2\" content=\"Tiempo de lectura\" \/>\n\t<meta name=\"twitter:data2\" content=\"2 minutos\" \/>\n<script type=\"application\/ld+json\" class=\"yoast-schema-graph\">{\"@context\":\"https:\\\/\\\/schema.org\",\"@graph\":[{\"@type\":\"Article\",\"@id\":\"https:\\\/\\\/conexion23.com\\\/?p=62982#article\",\"isPartOf\":{\"@id\":\"https:\\\/\\\/conexion23.com\\\/?p=62982\"},\"author\":{\"name\":\"Raffy Ben\u00edtez\",\"@id\":\"https:\\\/\\\/conexion23.com\\\/#\\\/schema\\\/person\\\/03e36043331117e97a373299bbcd30a6\"},\"headline\":\"La Fuerza del Pueblo en SPM suma profesionales del derecho y cerca de 40 j\u00f3venes en tres juramentaciones\",\"datePublished\":\"2026-09-03T12:33:57+00:00\",\"mainEntityOfPage\":{\"@id\":\"https:\\\/\\\/conexion23.com\\\/?p=62982\"},\"wordCount\":264,\"commentCount\":0,\"publisher\":{\"@id\":\"https:\\\/\\\/conexion23.com\\\/#organization\"},\"image\":{\"@id\":\"https:\\\/\\\/conexion23.com\\\/?p=62982#primaryimage\"},\"thumbnailUrl\":\"https:\\\/\\\/conexion23.com\\\/wp-content\\\/uploads\\\/2026\\\/09\\\/juramentacion.jpg\",\"keywords\":[\"fuerza del pueblo\",\"juramentaciones\",\"profesionales del derecho\",\"san pedro de macoris\"],\"articleSection\":[\"Pol\u00edtica\"],\"inLanguage\":\"es\",\"potentialAction\":[{\"@type\":\"CommentAction\",\"name\":\"Comment\",\"target\":[\"https:\\\/\\\/conexion23.com\\\/?p=62982#respond\"]}]},{\"@type\":\"WebPage\",\"@id\":\"https:\\\/\\\/conexion23.com\\\/?p=62982\",\"url\":\"https:\\\/\\\/conexion23.com\\\/?p=62982\",\"name\":\"La Fuerza del Pueblo en SPM suma profesionales del derecho y cerca de 40 j\u00f3venes en tres juramentaciones - Conexi\u00f3n 23\",\"isPartOf\":{\"@id\":\"https:\\\/\\\/conexion23.com\\\/#website\"},\"primaryImageOfPage\":{\"@id\":\"https:\\\/\\\/conexion23.com\\\/?p=62982#primaryimage\"},\"image\":{\"@id\":\"https:\\\/\\\/conexion23.com\\\/?p=62982#primaryimage\"},\"thumbnailUrl\":\"https:\\\/\\\/conexion23.com\\\/wp-content\\\/uploads\\\/2026\\\/09\\\/juramentacion.jpg\",\"datePublished\":\"2026-09-03T12:33:57+00:00\",\"breadcrumb\":{\"@id\":\"https:\\\/\\\/conexion23.com\\\/?p=62982#breadcrumb\"},\"inLanguage\":\"es\",\"potentialAction\":[{\"@type\":\"ReadAction\",\"target\":[\"https:\\\/\\\/conexion23.com\\\/?p=62982\"]}]},{\"@type\":\"ImageObject\",\"inLanguage\":\"es\",\"@id\":\"https:\\\/\\\/conexion23.com\\\/?p=62982#primaryimage\",\"url\":\"https:\\\/\\\/conexion23.com\\\/wp-content\\\/uploads\\\/2026\\\/09\\\/juramentacion.jpg\",\"contentUrl\":\"https:\\\/\\\/conexion23.com\\\/wp-content\\\/uploads\\\/2026\\\/09\\\/juramentacion.jpg\",\"width\":1600,\"height\":718},{\"@type\":\"BreadcrumbList\",\"@id\":\"https:\\\/\\\/conexion23.com\\\/?p=62982#breadcrumb\",\"itemListElement\":[{\"@type\":\"ListItem\",\"position\":1,\"name\":\"Portada\",\"item\":\"https:\\\/\\\/conexion23.com\\\/\"},{\"@type\":\"ListItem\",\"position\":2,\"name\":\"La Fuerza del Pueblo en SPM suma profesionales del derecho y cerca de 40 j\u00f3venes en tres juramentaciones\"}]},{\"@type\":\"WebSite\",\"@id\":\"https:\\\/\\\/conexion23.com\\\/#website\",\"url\":\"https:\\\/\\\/conexion23.com\\\/\",\"name\":\"Conexi\u00f3n 23\",\"description\":\"Peri\u00f3dico 100% Petromacorisano\",\"publisher\":{\"@id\":\"https:\\\/\\\/conexion23.com\\\/#organization\"},\"potentialAction\":[{\"@type\":\"SearchAction\",\"target\":{\"@type\":\"EntryPoint\",\"urlTemplate\":\"https:\\\/\\\/conexion23.com\\\/?s={search_term_string}\"},\"query-input\":{\"@type\":\"PropertyValueSpecification\",\"valueRequired\":true,\"valueName\":\"search_term_string\"}}],\"inLanguage\":\"es\"},{\"@type\":\"Organization\",\"@id\":\"https:\\\/\\\/conexion23.com\\\/#organization\",\"name\":\"Conexion 23\",\"url\":\"https:\\\/\\\/conexion23.com\\\/\",\"logo\":{\"@type\":\"ImageObject\",\"inLanguage\":\"es\",\"@id\":\"https:\\\/\\\/conexion23.com\\\/#\\\/schema\\\/logo\\\/image\\\/\",\"url\":\"https:\\\/\\\/conexion23.com\\\/wp-content\\\/uploads\\\/2021\\\/11\\\/Diseno-sin-titulo-2.png\",\"contentUrl\":\"https:\\\/\\\/conexion23.com\\\/wp-content\\\/uploads\\\/2021\\\/11\\\/Diseno-sin-titulo-2.png\",\"width\":541,\"height\":90,\"caption\":\"Conexion 23\"},\"image\":{\"@id\":\"https:\\\/\\\/conexion23.com\\\/#\\\/schema\\\/logo\\\/image\\\/\"},\"sameAs\":[\"https:\\\/\\\/www.facebook.com\\\/conexion23com\",\"https:\\\/\\\/www.instagram.com\\\/conexion23com\\\/\",\"https:\\\/\\\/www.youtube.com\\\/channel\\\/UCYc7vxxFZMYLIHNsHHxPZ3Q\"]},{\"@type\":\"Person\",\"@id\":\"https:\\\/\\\/conexion23.com\\\/#\\\/schema\\\/person\\\/03e36043331117e97a373299bbcd30a6\",\"name\":\"Raffy Ben\u00edtez\",\"image\":{\"@type\":\"ImageObject\",\"inLanguage\":\"es\",\"@id\":\"https:\\\/\\\/secure.gravatar.com\\\/avatar\\\/3190a6a6c5e1b0327500f7d6c56b6242472ee6cb974cf09b401ee6b3b0798f23?s=96&d=mm&r=g\",\"url\":\"https:\\\/\\\/secure.gravatar.com\\\/avatar\\\/3190a6a6c5e1b0327500f7d6c56b6242472ee6cb974cf09b401ee6b3b0798f23?s=96&d=mm&r=g\",\"contentUrl\":\"https:\\\/\\\/secure.gravatar.com\\\/avatar\\\/3190a6a6c5e1b0327500f7d6c56b6242472ee6cb974cf09b401ee6b3b0798f23?s=96&d=mm&r=g\",\"caption\":\"Raffy Ben\u00edtez\"},\"url\":\"https:\\\/\\\/conexion23.com\\\/?author=15\"}]}<\/script>\n<!-- \/ Yoast SEO plugin. -->","yoast_head_json":{"title":"La Fuerza del Pueblo en SPM suma profesionales del derecho y cerca de 40 j\u00f3venes en tres juramentaciones - Conexi\u00f3n 23","robots":{"index":"index","follow":"follow","max-snippet":"max-snippet:-1","max-image-preview":"max-image-preview:large","max-video-preview":"max-video-preview:-1"},"canonical":"https:\/\/conexion23.com\/?p=62982","og_locale":"es_ES","og_type":"article","og_title":"La Fuerza del Pueblo en SPM suma profesionales del derecho y cerca de 40 j\u00f3venes en tres juramentaciones - Conexi\u00f3n 23","og_description":"La Fuerza del Pueblo contin\u00faa fortaleciendo su estructura pol\u00edtica en San Pedro de Macor\u00eds, con la incorporaci\u00f3n de nuevos dirigentes y simpatizantes, entre ellos profesionales del derecho y decenas de j\u00f3venes que decidieron integrarse a las filas de la organizaci\u00f3n pol\u00edtica. Las nuevas incorporaciones se produjeron durante la reuni\u00f3n ordinaria de la Direcci\u00f3n Ejecutiva Municipal, [&hellip;]","og_url":"https:\/\/conexion23.com\/?p=62982","og_site_name":"Conexi\u00f3n 23","article_publisher":"https:\/\/www.facebook.com\/conexion23com","article_published_time":"2026-09-03T12:33:57+00:00","og_image":[{"width":1600,"height":718,"url":"https:\/\/conexion23.com\/wp-content\/uploads\/2026\/09\/juramentacion.jpg","type":"image\/jpeg"}],"author":"Raffy Ben\u00edtez","twitter_card":"summary_large_image","twitter_misc":{"Escrito por":"Raffy Ben\u00edtez","Tiempo de lectura":"2 minutos"},"schema":{"@context":"https:\/\/schema.org","@graph":[{"@type":"Article","@id":"https:\/\/conexion23.com\/?p=62982#article","isPartOf":{"@id":"https:\/\/conexion23.com\/?p=62982"},"author":{"name":"Raffy Ben\u00edtez","@id":"https:\/\/conexion23.com\/#\/schema\/person\/03e36043331117e97a373299bbcd30a6"},"headline":"La Fuerza del Pueblo en SPM suma profesionales del derecho y cerca de 40 j\u00f3venes en tres juramentaciones","datePublished":"2026-09-03T12:33:57+00:00","mainEntityOfPage":{"@id":"https:\/\/conexion23.com\/?p=62982"},"wordCount":264,"commentCount":0,"publisher":{"@id":"https:\/\/conexion23.com\/#organization"},"image":{"@id":"https:\/\/conexion23.com\/?p=62982#primaryimage"},"thumbnailUrl":"https:\/\/conexion23.com\/wp-content\/uploads\/2026\/09\/juramentacion.jpg","keywords":["fuerza del pueblo","juramentaciones","profesionales del derecho","san pedro de macoris"],"articleSection":["Pol\u00edtica"],"inLanguage":"es","potentialAction":[{"@type":"CommentAction","name":"Comment","target":["https:\/\/conexion23.com\/?p=62982#respond"]}]},{"@type":"WebPage","@id":"https:\/\/conexion23.com\/?p=62982","url":"https:\/\/conexion23.com\/?p=62982","name":"La Fuerza del Pueblo en SPM suma profesionales del derecho y cerca de 40 j\u00f3venes en tres juramentaciones - Conexi\u00f3n 23","isPartOf":{"@id":"https:\/\/conexion23.com\/#website"},"primaryImageOfPage":{"@id":"https:\/\/conexion23.com\/?p=62982#primaryimage"},"image":{"@id":"https:\/\/conexion23.com\/?p=62982#primaryimage"},"thumbnailUrl":"https:\/\/conexion23.com\/wp-content\/uploads\/2026\/09\/juramentacion.jpg","datePublished":"2026-09-03T12:33:57+00:00","breadcrumb":{"@id":"https:\/\/conexion23.com\/?p=62982#breadcrumb"},"inLanguage":"es","potentialAction":[{"@type":"ReadAction","target":["https:\/\/conexion23.com\/?p=62982"]}]},{"@type":"ImageObject","inLanguage":"es","@id":"https:\/\/conexion23.com\/?p=62982#primaryimage","url":"https:\/\/conexion23.com\/wp-content\/uploads\/2026\/09\/juramentacion.jpg","contentUrl":"https:\/\/conexion23.com\/wp-content\/uploads\/2026\/09\/juramentacion.jpg","width":1600,"height":718},{"@type":"BreadcrumbList","@id":"https:\/\/conexion23.com\/?p=62982#breadcrumb","itemListElement":[{"@type":"ListItem","position":1,"name":"Portada","item":"https:\/\/conexion23.com\/"},{"@type":"ListItem","position":2,"name":"La Fuerza del Pueblo en SPM suma profesionales del derecho y cerca de 40 j\u00f3venes en tres juramentaciones"}]},{"@type":"WebSite","@id":"https:\/\/conexion23.com\/#website","url":"https:\/\/conexion23.com\/","name":"Conexi\u00f3n 23","description":"Peri\u00f3dico 100% Petromacorisano","publisher":{"@id":"https:\/\/conexion23.com\/#organization"},"potentialAction":[{"@type":"SearchAction","target":{"@type":"EntryPoint","urlTemplate":"https:\/\/conexion23.com\/?s={search_term_string}"},"query-input":{"@type":"PropertyValueSpecification","valueRequired":true,"valueName":"search_term_string"}}],"inLanguage":"es"},{"@type":"Organization","@id":"https:\/\/conexion23.com\/#organization","name":"Conexion 23","url":"https:\/\/conexion23.com\/","logo":{"@type":"ImageObject","inLanguage":"es","@id":"https:\/\/conexion23.com\/#\/schema\/logo\/image\/","url":"https:\/\/conexion23.com\/wp-content\/uploads\/2021\/11\/Diseno-sin-titulo-2.png","contentUrl":"https:\/\/conexion23.com\/wp-content\/uploads\/2021\/11\/Diseno-sin-titulo-2.png","width":541,"height":90,"caption":"Conexion 23"},"image":{"@id":"https:\/\/conexion23.com\/#\/schema\/logo\/image\/"},"sameAs":["https:\/\/www.facebook.com\/conexion23com","https:\/\/www.instagram.com\/conexion23com\/","https:\/\/www.youtube.com\/channel\/UCYc7vxxFZMYLIHNsHHxPZ3Q"]},{"@type":"Person","@id":"https:\/\/conexion23.com\/#\/schema\/person\/03e36043331117e97a373299bbcd30a6","name":"Raffy Ben\u00edtez","image":{"@type":"ImageObject","inLanguage":"es","@id":"https:\/\/secure.gravatar.com\/avatar\/3190a6a6c5e1b0327500f7d6c56b6242472ee6cb974cf09b401ee6b3b0798f23?s=96&d=mm&r=g","url":"https:\/\/secure.gravatar.com\/avatar\/3190a6a6c5e1b0327500f7d6c56b6242472ee6cb974cf09b401ee6b3b0798f23?s=96&d=mm&r=g","contentUrl":"https:\/\/secure.gravatar.com\/avatar\/3190a6a6c5e1b0327500f7d6c56b6242472ee6cb974cf09b401ee6b3b0798f23?s=96&d=mm&r=g","caption":"Raffy Ben\u00edtez"},"url":"https:\/\/conexion23.com\/?author=15"}]}},"_links":{"self":[{"href":"https:\/\/conexion23.com\/index.php?rest_route=\/wp\/v2\/posts\/62982","targetHints":{"allow":["GET"]}}],"collection":[{"href":"https:\/\/conexion23.com\/index.php?rest_route=\/wp\/v2\/posts"}],"about":[{"href":"https:\/\/conexion23.com\/index.php?rest_route=\/wp\/v2\/types\/post"}],"author":[{"embeddable":true,"href":"https:\/\/conexion23.com\/index.php?rest_route=\/wp\/v2\/users\/15"}],"replies":[{"embeddable":true,"href":"https:\/\/conexion23.com\/index.php?rest_route=%2Fwp%2Fv2%2Fcomments&post=62982"}],"version-history":[{"count":1,"href":"https:\/\/conexion23.com\/index.php?rest_route=\/wp\/v2\/posts\/62982\/revisions"}],"predecessor-version":[{"id":62987,"href":"https:\/\/conexion23.com\/index.php?rest_route=\/wp\/v2\/posts\/62982\/revisions\/62987"}],"wp:featuredmedia":[{"embeddable":true,"href":"https:\/\/conexion23.com\/index.php?rest_route=\/wp\/v2\/media\/62984"}],"wp:attachment":[{"href":"https:\/\/conexion23.com\/index.php?rest_route=%2Fwp%2Fv2%2Fmedia&parent=62982"}],"wp:term":[{"taxonomy":"category","embeddable":true,"href":"https:\/\/conexion23.com\/index.php?rest_route=%2Fwp%2Fv2%2Fcategories&post=62982"},{"taxonomy":"post_tag","embeddable":true,"href":"https:\/\/conexion23.com\/index.php?rest_route=%2Fwp%2Fv2%2Ftags&post=62982"}],"curies":[{"name":"wp","href":"https:\/\/api.w.org\/{rel}","templated":true}]}}