{"id":62983,"date":"2026-09-03T09:00:10","date_gmt":"2026-09-03T13:00:10","guid":{"rendered":"https:\/\/conexion23.com\/?p=62983"},"modified":"2026-09-03T08:37:34","modified_gmt":"2026-09-03T12:37:34","slug":"debil-vaguada-provocara-aguaceros-dispersos-dispersas-en-regiones","status":"publish","type":"post","link":"https:\/\/conexion23.com\/?p=62983","title":{"rendered":"D\u00e9bil vaguada provocar\u00e1 aguaceros dispersos dispersas en regiones"},"content":{"rendered":"<p class=\"paragraph\" style=\"text-align: justify;\"><strong>Una d\u00e9bil vaguada\u00a0provocar\u00e1 aguaceros dispersos, con tronadas y r\u00e1fagas de viento hacia localidades de las regiones del noroeste, sureste, Cordillera Central y valle del Cibao.<\/strong><\/p>\n<p class=\"paragraph\" style=\"text-align: justify;\">El Instituto Dominicano de Meteorolog\u00eda (Indomet) pronostic\u00f3 adem\u00e1s, que las lluvias ocurrir\u00e1n en la tarde y se extender\u00e1n hasta horas de la noche.<\/p>\n<p class=\"paragraph\" style=\"text-align: justify;\">En cuanto a las temperaturas, el organismo que predice las condiciones del tiempo prev\u00e9 que continuar\u00e1n calurosa, debido a la \u00e9poca del a\u00f1o y a la presencia de part\u00edculas de polvo del Sahara.<\/p>\n<p class=\"paragraph\" style=\"text-align: justify;\"><b>Agreg\u00f3 que la temperatura m\u00ednima estar\u00e1 entre 24 \u00b0C y 26 \u00b0C y m\u00e1xima entre 34 \u00b0C y 36 \u00b0C.<\/b><\/p>\n<p class=\"paragraph\" style=\"text-align: justify;\"><b>Vigila depresi\u00f3n tropical<\/b><\/p>\n<p class=\"paragraph\" style=\"text-align: justify;\">Meteorolog\u00eda informa que vigila la depresi\u00f3n tropical Edouard, la que est\u00e1 a 60 kil\u00f3metros al noroeste de Lufkin Texas, EE. UU., con vientos m\u00e1ximos sostenidos de 35 km\/h, y movimiento hacia el nor\/noroeste a 7 km\/h.<\/p>\n<p style=\"text-align: justify;\">Indomet asegura que por su posici\u00f3n y desplazamiento el fen\u00f3meno no ofrece peligro para Rep\u00fablica Dominicana.<\/p>\n","protected":false},"excerpt":{"rendered":"<p>Una d\u00e9bil vaguada\u00a0provocar\u00e1 aguaceros dispersos, con tronadas y r\u00e1fagas de viento hacia localidades de las regiones del noroeste, sureste, Cordillera Central y valle del Cibao. El Instituto Dominicano de Meteorolog\u00eda (Indomet) pronostic\u00f3 adem\u00e1s, que las lluvias ocurrir\u00e1n en la tarde y se extender\u00e1n hasta horas de la noche. En cuanto a las temperaturas, el organismo [&hellip;]<\/p>\n","protected":false},"author":18,"featured_media":34352,"comment_status":"open","ping_status":"open","sticky":false,"template":"","format":"standard","meta":{"footnotes":""},"categories":[3913,3773],"tags":[5405,3727,1043,2994,686],"class_list":["post-62983","post","type-post","status-publish","format-standard","has-post-thumbnail","category-nacionales","category-portada","tag-agucero","tag-indomet","tag-lluvia","tag-tiempo","tag-vaguada"],"yoast_head":"<!-- This site is optimized with the Yoast SEO plugin v27.6 - https:\/\/yoast.com\/product\/yoast-seo-wordpress\/ -->\n<title>D\u00e9bil vaguada provocar\u00e1 aguaceros dispersos dispersas en regiones - Conexi\u00f3n 23<\/title>\n<meta name=\"robots\" content=\"index, follow, max-snippet:-1, max-image-preview:large, max-video-preview:-1\" \/>\n<link rel=\"canonical\" href=\"https:\/\/conexion23.com\/?p=62983\" \/>\n<meta property=\"og:locale\" content=\"es_ES\" \/>\n<meta property=\"og:type\" content=\"article\" \/>\n<meta property=\"og:title\" content=\"D\u00e9bil vaguada provocar\u00e1 aguaceros dispersos dispersas en regiones - Conexi\u00f3n 23\" \/>\n<meta property=\"og:description\" content=\"Una d\u00e9bil vaguada\u00a0provocar\u00e1 aguaceros dispersos, con tronadas y r\u00e1fagas de viento hacia localidades de las regiones del noroeste, sureste, Cordillera Central y valle del Cibao. El Instituto Dominicano de Meteorolog\u00eda (Indomet) pronostic\u00f3 adem\u00e1s, que las lluvias ocurrir\u00e1n en la tarde y se extender\u00e1n hasta horas de la noche. En cuanto a las temperaturas, el organismo [&hellip;]\" \/>\n<meta property=\"og:url\" content=\"https:\/\/conexion23.com\/?p=62983\" \/>\n<meta property=\"og:site_name\" content=\"Conexi\u00f3n 23\" \/>\n<meta property=\"article:publisher\" content=\"https:\/\/www.facebook.com\/conexion23com\" \/>\n<meta property=\"article:published_time\" content=\"2026-09-03T13:00:10+00:00\" \/>\n<meta property=\"og:image\" content=\"https:\/\/conexion23.com\/wp-content\/uploads\/2024\/11\/condiciones-adversas-de-lluvias-y-viento-en-mexico-292791-1_1024-770x540-1.jpg\" \/>\n\t<meta property=\"og:image:width\" content=\"770\" \/>\n\t<meta property=\"og:image:height\" content=\"540\" \/>\n\t<meta property=\"og:image:type\" content=\"image\/jpeg\" \/>\n<meta name=\"author\" content=\"Redacci\u00f3n\" \/>\n<meta name=\"twitter:card\" content=\"summary_large_image\" \/>\n<meta name=\"twitter:label1\" content=\"Escrito por\" \/>\n\t<meta name=\"twitter:data1\" content=\"Redacci\u00f3n\" \/>\n\t<meta name=\"twitter:label2\" content=\"Tiempo de lectura\" \/>\n\t<meta name=\"twitter:data2\" content=\"1 minuto\" \/>\n<script type=\"application\/ld+json\" class=\"yoast-schema-graph\">{\"@context\":\"https:\\\/\\\/schema.org\",\"@graph\":[{\"@type\":\"Article\",\"@id\":\"https:\\\/\\\/conexion23.com\\\/?p=62983#article\",\"isPartOf\":{\"@id\":\"https:\\\/\\\/conexion23.com\\\/?p=62983\"},\"author\":{\"name\":\"Redacci\u00f3n\",\"@id\":\"https:\\\/\\\/conexion23.com\\\/#\\\/schema\\\/person\\\/0a860802b17d01ad2a278f53c507c296\"},\"headline\":\"D\u00e9bil vaguada provocar\u00e1 aguaceros dispersos dispersas en regiones\",\"datePublished\":\"2026-09-03T13:00:10+00:00\",\"mainEntityOfPage\":{\"@id\":\"https:\\\/\\\/conexion23.com\\\/?p=62983\"},\"wordCount\":181,\"commentCount\":0,\"publisher\":{\"@id\":\"https:\\\/\\\/conexion23.com\\\/#organization\"},\"image\":{\"@id\":\"https:\\\/\\\/conexion23.com\\\/?p=62983#primaryimage\"},\"thumbnailUrl\":\"https:\\\/\\\/conexion23.com\\\/wp-content\\\/uploads\\\/2024\\\/11\\\/condiciones-adversas-de-lluvias-y-viento-en-mexico-292791-1_1024-770x540-1.jpg\",\"keywords\":[\"agucero\",\"indomet\",\"lluvia\",\"tiempo\",\"vaguada\"],\"articleSection\":[\"Nacionales\",\"Portada\"],\"inLanguage\":\"es\",\"potentialAction\":[{\"@type\":\"CommentAction\",\"name\":\"Comment\",\"target\":[\"https:\\\/\\\/conexion23.com\\\/?p=62983#respond\"]}]},{\"@type\":\"WebPage\",\"@id\":\"https:\\\/\\\/conexion23.com\\\/?p=62983\",\"url\":\"https:\\\/\\\/conexion23.com\\\/?p=62983\",\"name\":\"D\u00e9bil vaguada provocar\u00e1 aguaceros dispersos dispersas en regiones - Conexi\u00f3n 23\",\"isPartOf\":{\"@id\":\"https:\\\/\\\/conexion23.com\\\/#website\"},\"primaryImageOfPage\":{\"@id\":\"https:\\\/\\\/conexion23.com\\\/?p=62983#primaryimage\"},\"image\":{\"@id\":\"https:\\\/\\\/conexion23.com\\\/?p=62983#primaryimage\"},\"thumbnailUrl\":\"https:\\\/\\\/conexion23.com\\\/wp-content\\\/uploads\\\/2024\\\/11\\\/condiciones-adversas-de-lluvias-y-viento-en-mexico-292791-1_1024-770x540-1.jpg\",\"datePublished\":\"2026-09-03T13:00:10+00:00\",\"breadcrumb\":{\"@id\":\"https:\\\/\\\/conexion23.com\\\/?p=62983#breadcrumb\"},\"inLanguage\":\"es\",\"potentialAction\":[{\"@type\":\"ReadAction\",\"target\":[\"https:\\\/\\\/conexion23.com\\\/?p=62983\"]}]},{\"@type\":\"ImageObject\",\"inLanguage\":\"es\",\"@id\":\"https:\\\/\\\/conexion23.com\\\/?p=62983#primaryimage\",\"url\":\"https:\\\/\\\/conexion23.com\\\/wp-content\\\/uploads\\\/2024\\\/11\\\/condiciones-adversas-de-lluvias-y-viento-en-mexico-292791-1_1024-770x540-1.jpg\",\"contentUrl\":\"https:\\\/\\\/conexion23.com\\\/wp-content\\\/uploads\\\/2024\\\/11\\\/condiciones-adversas-de-lluvias-y-viento-en-mexico-292791-1_1024-770x540-1.jpg\",\"width\":770,\"height\":540},{\"@type\":\"BreadcrumbList\",\"@id\":\"https:\\\/\\\/conexion23.com\\\/?p=62983#breadcrumb\",\"itemListElement\":[{\"@type\":\"ListItem\",\"position\":1,\"name\":\"Portada\",\"item\":\"https:\\\/\\\/conexion23.com\\\/\"},{\"@type\":\"ListItem\",\"position\":2,\"name\":\"D\u00e9bil vaguada provocar\u00e1 aguaceros dispersos dispersas en regiones\"}]},{\"@type\":\"WebSite\",\"@id\":\"https:\\\/\\\/conexion23.com\\\/#website\",\"url\":\"https:\\\/\\\/conexion23.com\\\/\",\"name\":\"Conexi\u00f3n 23\",\"description\":\"Peri\u00f3dico 100% Petromacorisano\",\"publisher\":{\"@id\":\"https:\\\/\\\/conexion23.com\\\/#organization\"},\"potentialAction\":[{\"@type\":\"SearchAction\",\"target\":{\"@type\":\"EntryPoint\",\"urlTemplate\":\"https:\\\/\\\/conexion23.com\\\/?s={search_term_string}\"},\"query-input\":{\"@type\":\"PropertyValueSpecification\",\"valueRequired\":true,\"valueName\":\"search_term_string\"}}],\"inLanguage\":\"es\"},{\"@type\":\"Organization\",\"@id\":\"https:\\\/\\\/conexion23.com\\\/#organization\",\"name\":\"Conexion 23\",\"url\":\"https:\\\/\\\/conexion23.com\\\/\",\"logo\":{\"@type\":\"ImageObject\",\"inLanguage\":\"es\",\"@id\":\"https:\\\/\\\/conexion23.com\\\/#\\\/schema\\\/logo\\\/image\\\/\",\"url\":\"https:\\\/\\\/conexion23.com\\\/wp-content\\\/uploads\\\/2021\\\/11\\\/Diseno-sin-titulo-2.png\",\"contentUrl\":\"https:\\\/\\\/conexion23.com\\\/wp-content\\\/uploads\\\/2021\\\/11\\\/Diseno-sin-titulo-2.png\",\"width\":541,\"height\":90,\"caption\":\"Conexion 23\"},\"image\":{\"@id\":\"https:\\\/\\\/conexion23.com\\\/#\\\/schema\\\/logo\\\/image\\\/\"},\"sameAs\":[\"https:\\\/\\\/www.facebook.com\\\/conexion23com\",\"https:\\\/\\\/www.instagram.com\\\/conexion23com\\\/\",\"https:\\\/\\\/www.youtube.com\\\/channel\\\/UCYc7vxxFZMYLIHNsHHxPZ3Q\"]},{\"@type\":\"Person\",\"@id\":\"https:\\\/\\\/conexion23.com\\\/#\\\/schema\\\/person\\\/0a860802b17d01ad2a278f53c507c296\",\"name\":\"Redacci\u00f3n\",\"image\":{\"@type\":\"ImageObject\",\"inLanguage\":\"es\",\"@id\":\"https:\\\/\\\/secure.gravatar.com\\\/avatar\\\/ec9d84b79c776aa1994e5893944465db9974b17b884155623da51b7b62c02845?s=96&d=mm&r=g\",\"url\":\"https:\\\/\\\/secure.gravatar.com\\\/avatar\\\/ec9d84b79c776aa1994e5893944465db9974b17b884155623da51b7b62c02845?s=96&d=mm&r=g\",\"contentUrl\":\"https:\\\/\\\/secure.gravatar.com\\\/avatar\\\/ec9d84b79c776aa1994e5893944465db9974b17b884155623da51b7b62c02845?s=96&d=mm&r=g\",\"caption\":\"Redacci\u00f3n\"},\"url\":\"https:\\\/\\\/conexion23.com\\\/?author=18\"}]}<\/script>\n<!-- \/ Yoast SEO plugin. -->","yoast_head_json":{"title":"D\u00e9bil vaguada provocar\u00e1 aguaceros dispersos dispersas en regiones - Conexi\u00f3n 23","robots":{"index":"index","follow":"follow","max-snippet":"max-snippet:-1","max-image-preview":"max-image-preview:large","max-video-preview":"max-video-preview:-1"},"canonical":"https:\/\/conexion23.com\/?p=62983","og_locale":"es_ES","og_type":"article","og_title":"D\u00e9bil vaguada provocar\u00e1 aguaceros dispersos dispersas en regiones - Conexi\u00f3n 23","og_description":"Una d\u00e9bil vaguada\u00a0provocar\u00e1 aguaceros dispersos, con tronadas y r\u00e1fagas de viento hacia localidades de las regiones del noroeste, sureste, Cordillera Central y valle del Cibao. El Instituto Dominicano de Meteorolog\u00eda (Indomet) pronostic\u00f3 adem\u00e1s, que las lluvias ocurrir\u00e1n en la tarde y se extender\u00e1n hasta horas de la noche. En cuanto a las temperaturas, el organismo [&hellip;]","og_url":"https:\/\/conexion23.com\/?p=62983","og_site_name":"Conexi\u00f3n 23","article_publisher":"https:\/\/www.facebook.com\/conexion23com","article_published_time":"2026-09-03T13:00:10+00:00","og_image":[{"width":770,"height":540,"url":"https:\/\/conexion23.com\/wp-content\/uploads\/2024\/11\/condiciones-adversas-de-lluvias-y-viento-en-mexico-292791-1_1024-770x540-1.jpg","type":"image\/jpeg"}],"author":"Redacci\u00f3n","twitter_card":"summary_large_image","twitter_misc":{"Escrito por":"Redacci\u00f3n","Tiempo de lectura":"1 minuto"},"schema":{"@context":"https:\/\/schema.org","@graph":[{"@type":"Article","@id":"https:\/\/conexion23.com\/?p=62983#article","isPartOf":{"@id":"https:\/\/conexion23.com\/?p=62983"},"author":{"name":"Redacci\u00f3n","@id":"https:\/\/conexion23.com\/#\/schema\/person\/0a860802b17d01ad2a278f53c507c296"},"headline":"D\u00e9bil vaguada provocar\u00e1 aguaceros dispersos dispersas en regiones","datePublished":"2026-09-03T13:00:10+00:00","mainEntityOfPage":{"@id":"https:\/\/conexion23.com\/?p=62983"},"wordCount":181,"commentCount":0,"publisher":{"@id":"https:\/\/conexion23.com\/#organization"},"image":{"@id":"https:\/\/conexion23.com\/?p=62983#primaryimage"},"thumbnailUrl":"https:\/\/conexion23.com\/wp-content\/uploads\/2024\/11\/condiciones-adversas-de-lluvias-y-viento-en-mexico-292791-1_1024-770x540-1.jpg","keywords":["agucero","indomet","lluvia","tiempo","vaguada"],"articleSection":["Nacionales","Portada"],"inLanguage":"es","potentialAction":[{"@type":"CommentAction","name":"Comment","target":["https:\/\/conexion23.com\/?p=62983#respond"]}]},{"@type":"WebPage","@id":"https:\/\/conexion23.com\/?p=62983","url":"https:\/\/conexion23.com\/?p=62983","name":"D\u00e9bil vaguada provocar\u00e1 aguaceros dispersos dispersas en regiones - Conexi\u00f3n 23","isPartOf":{"@id":"https:\/\/conexion23.com\/#website"},"primaryImageOfPage":{"@id":"https:\/\/conexion23.com\/?p=62983#primaryimage"},"image":{"@id":"https:\/\/conexion23.com\/?p=62983#primaryimage"},"thumbnailUrl":"https:\/\/conexion23.com\/wp-content\/uploads\/2024\/11\/condiciones-adversas-de-lluvias-y-viento-en-mexico-292791-1_1024-770x540-1.jpg","datePublished":"2026-09-03T13:00:10+00:00","breadcrumb":{"@id":"https:\/\/conexion23.com\/?p=62983#breadcrumb"},"inLanguage":"es","potentialAction":[{"@type":"ReadAction","target":["https:\/\/conexion23.com\/?p=62983"]}]},{"@type":"ImageObject","inLanguage":"es","@id":"https:\/\/conexion23.com\/?p=62983#primaryimage","url":"https:\/\/conexion23.com\/wp-content\/uploads\/2024\/11\/condiciones-adversas-de-lluvias-y-viento-en-mexico-292791-1_1024-770x540-1.jpg","contentUrl":"https:\/\/conexion23.com\/wp-content\/uploads\/2024\/11\/condiciones-adversas-de-lluvias-y-viento-en-mexico-292791-1_1024-770x540-1.jpg","width":770,"height":540},{"@type":"BreadcrumbList","@id":"https:\/\/conexion23.com\/?p=62983#breadcrumb","itemListElement":[{"@type":"ListItem","position":1,"name":"Portada","item":"https:\/\/conexion23.com\/"},{"@type":"ListItem","position":2,"name":"D\u00e9bil vaguada provocar\u00e1 aguaceros dispersos dispersas en regiones"}]},{"@type":"WebSite","@id":"https:\/\/conexion23.com\/#website","url":"https:\/\/conexion23.com\/","name":"Conexi\u00f3n 23","description":"Peri\u00f3dico 100% Petromacorisano","publisher":{"@id":"https:\/\/conexion23.com\/#organization"},"potentialAction":[{"@type":"SearchAction","target":{"@type":"EntryPoint","urlTemplate":"https:\/\/conexion23.com\/?s={search_term_string}"},"query-input":{"@type":"PropertyValueSpecification","valueRequired":true,"valueName":"search_term_string"}}],"inLanguage":"es"},{"@type":"Organization","@id":"https:\/\/conexion23.com\/#organization","name":"Conexion 23","url":"https:\/\/conexion23.com\/","logo":{"@type":"ImageObject","inLanguage":"es","@id":"https:\/\/conexion23.com\/#\/schema\/logo\/image\/","url":"https:\/\/conexion23.com\/wp-content\/uploads\/2021\/11\/Diseno-sin-titulo-2.png","contentUrl":"https:\/\/conexion23.com\/wp-content\/uploads\/2021\/11\/Diseno-sin-titulo-2.png","width":541,"height":90,"caption":"Conexion 23"},"image":{"@id":"https:\/\/conexion23.com\/#\/schema\/logo\/image\/"},"sameAs":["https:\/\/www.facebook.com\/conexion23com","https:\/\/www.instagram.com\/conexion23com\/","https:\/\/www.youtube.com\/channel\/UCYc7vxxFZMYLIHNsHHxPZ3Q"]},{"@type":"Person","@id":"https:\/\/conexion23.com\/#\/schema\/person\/0a860802b17d01ad2a278f53c507c296","name":"Redacci\u00f3n","image":{"@type":"ImageObject","inLanguage":"es","@id":"https:\/\/secure.gravatar.com\/avatar\/ec9d84b79c776aa1994e5893944465db9974b17b884155623da51b7b62c02845?s=96&d=mm&r=g","url":"https:\/\/secure.gravatar.com\/avatar\/ec9d84b79c776aa1994e5893944465db9974b17b884155623da51b7b62c02845?s=96&d=mm&r=g","contentUrl":"https:\/\/secure.gravatar.com\/avatar\/ec9d84b79c776aa1994e5893944465db9974b17b884155623da51b7b62c02845?s=96&d=mm&r=g","caption":"Redacci\u00f3n"},"url":"https:\/\/conexion23.com\/?author=18"}]}},"_links":{"self":[{"href":"https:\/\/conexion23.com\/index.php?rest_route=\/wp\/v2\/posts\/62983","targetHints":{"allow":["GET"]}}],"collection":[{"href":"https:\/\/conexion23.com\/index.php?rest_route=\/wp\/v2\/posts"}],"about":[{"href":"https:\/\/conexion23.com\/index.php?rest_route=\/wp\/v2\/types\/post"}],"author":[{"embeddable":true,"href":"https:\/\/conexion23.com\/index.php?rest_route=\/wp\/v2\/users\/18"}],"replies":[{"embeddable":true,"href":"https:\/\/conexion23.com\/index.php?rest_route=%2Fwp%2Fv2%2Fcomments&post=62983"}],"version-history":[{"count":1,"href":"https:\/\/conexion23.com\/index.php?rest_route=\/wp\/v2\/posts\/62983\/revisions"}],"predecessor-version":[{"id":62989,"href":"https:\/\/conexion23.com\/index.php?rest_route=\/wp\/v2\/posts\/62983\/revisions\/62989"}],"wp:featuredmedia":[{"embeddable":true,"href":"https:\/\/conexion23.com\/index.php?rest_route=\/wp\/v2\/media\/34352"}],"wp:attachment":[{"href":"https:\/\/conexion23.com\/index.php?rest_route=%2Fwp%2Fv2%2Fmedia&parent=62983"}],"wp:term":[{"taxonomy":"category","embeddable":true,"href":"https:\/\/conexion23.com\/index.php?rest_route=%2Fwp%2Fv2%2Fcategories&post=62983"},{"taxonomy":"post_tag","embeddable":true,"href":"https:\/\/conexion23.com\/index.php?rest_route=%2Fwp%2Fv2%2Ftags&post=62983"}],"curies":[{"name":"wp","href":"https:\/\/api.w.org\/{rel}","templated":true}]}}