{"id":62988,"date":"2026-09-03T08:39:59","date_gmt":"2026-09-03T12:39:59","guid":{"rendered":"https:\/\/conexion23.com\/?p=62988"},"modified":"2026-09-03T08:39:59","modified_gmt":"2026-09-03T12:39:59","slug":"tc-ordena-pasar-fichas-policiales-al-archivo-muerto-tras-pasar-10-anos","status":"publish","type":"post","link":"https:\/\/conexion23.com\/?p=62988","title":{"rendered":"TC ordena pasar fichas policiales al archivo muerto tras pasar 10 a\u00f1os"},"content":{"rendered":"<p class=\"has-text-align-justify wp-block-paragraph\" style=\"text-align: justify;\">El\u00a0Tribunal Constitucional (TC)\u00a0estableci\u00f3 que las fichas contenidas en el\u00a0Registro de Control e Inteligencia Policial\u00a0no pueden permanecer clasificadas indefinidamente y determin\u00f3 que, una vez transcurridos\u00a010 a\u00f1os desde su incorporaci\u00f3n, deben perder esa condici\u00f3n y ser trasladadas al archivo hist\u00f3rico o \u201cmuerto\u201d de la Polic\u00eda Nacional.<\/p>\n<p class=\"has-text-align-justify wp-block-paragraph\" style=\"text-align: justify;\">El criterio fue fijado mediante la\u00a0sentencia TC\/0840\/26, tras acoger una acci\u00f3n de\u00a0habeas data\u00a0presentada contra la Polic\u00eda Nacional y ordenar la recategorizaci\u00f3n de un registro que permanec\u00eda activo pese a haber superado el plazo establecido en la normativa.<\/p>\n<p class=\"has-text-align-justify wp-block-paragraph\" style=\"text-align: justify;\">El proceso tuvo su origen en una investigaci\u00f3n policial realizada en\u00a0enero de 2011. Sin embargo, una certificaci\u00f3n emitida en julio de 2024 por el Archivo Central de Individualizaci\u00f3n F\u00edsica y Antecedentes de la Polic\u00eda Nacional confirm\u00f3 que la ficha continuaba registrada con estatus\u00a0\u201cactivo\u201d.<\/p>\n<p class=\"has-text-align-justify wp-block-paragraph\" style=\"text-align: justify;\">Para el TC, esa condici\u00f3n contraven\u00eda lo establecido en el\u00a0Decreto 122-07, de marzo de 2007, cuyo art\u00edculo 9 dispone que, despu\u00e9s de transcurridos 10 a\u00f1os desde la incorporaci\u00f3n de los datos al Registro de Control e Inteligencia Policial, estos dejan de tener car\u00e1cter clasificado.<\/p>\n<h3 class=\"wp-block-heading\" style=\"text-align: justify;\">Trasladar al archivo muerto no significa destruir la informaci\u00f3n<\/h3>\n<p class=\"has-text-align-justify wp-block-paragraph\" style=\"text-align: justify;\">El Tribunal Constitucional aclar\u00f3 que el cumplimiento del plazo de 10 a\u00f1os\u00a0no implica la destrucci\u00f3n o eliminaci\u00f3n de los datos.<\/p>\n<p class=\"has-text-align-justify wp-block-paragraph\" style=\"text-align: justify;\">La medida consiste en modificar el tratamiento de la informaci\u00f3n, de modo que los registros dejen de estar clasificados y sean trasladados al archivo hist\u00f3rico o \u201cmuerto\u201d de la instituci\u00f3n policial.<\/p>\n<p class=\"has-text-align-justify wp-block-paragraph\" style=\"text-align: justify;\">El tribunal tambi\u00e9n precis\u00f3 que la existencia de archivos internos de la Polic\u00eda Nacional no constituye, por s\u00ed sola, una vulneraci\u00f3n de derechos fundamentales.<\/p>\n<p class=\"has-text-align-justify wp-block-paragraph\" style=\"text-align: justify;\">Estos registros pueden conservarse de manera reservada cuando respondan a fines leg\u00edtimos relacionados con la investigaci\u00f3n criminal y la inteligencia policial.<\/p>\n<h3 class=\"wp-block-heading\" style=\"text-align: justify;\">Informaci\u00f3n desclasificada no significa informaci\u00f3n p\u00fablica<\/h3>\n<p class=\"has-text-align-justify wp-block-paragraph\" style=\"text-align: justify;\">El TC hizo una precisi\u00f3n adicional: que una ficha deje de tener car\u00e1cter clasificado\u00a0no significa que pueda ser divulgada p\u00fablicamente.<\/p>\n<p class=\"has-text-align-justify wp-block-paragraph\" style=\"text-align: justify;\">La publicaci\u00f3n de esos datos podr\u00eda afectar derechos fundamentales de la persona a la que corresponden, entre ellos el\u00a0derecho a la intimidad y al honor.<\/p>\n<p class=\"has-text-align-justify wp-block-paragraph\" style=\"text-align: justify;\">Por tanto, el cambio de categor\u00eda del registro no elimina las obligaciones de protecci\u00f3n y confidencialidad que puedan corresponder a la informaci\u00f3n.<\/p>\n<p class=\"has-text-align-justify wp-block-paragraph\" style=\"text-align: justify;\">En su sentencia, el Constitucional tambi\u00e9n cuestion\u00f3 la actuaci\u00f3n del\u00a0Tribunal Superior Administrativo (TSA), al considerar que no respondi\u00f3 de manera concreta al reclamo relacionado con el cambio de estatus de la ficha debido a que hab\u00eda superado el per\u00edodo de 10 a\u00f1os establecido en la normativa.<\/p>\n<p class=\"has-text-align-justify wp-block-paragraph\" style=\"text-align: justify;\">Ante esta situaci\u00f3n, el TC\u00a0revoc\u00f3 la decisi\u00f3n que hab\u00eda rechazado la acci\u00f3n de habeas data\u00a0y orden\u00f3 aplicar al registro el tratamiento correspondiente, conforme al plazo establecido en el Decreto 122-07.<\/p>\n<p class=\"has-text-align-justify wp-block-paragraph\" style=\"text-align: justify;\">La decisi\u00f3n establece as\u00ed un criterio sobre el tiempo durante el cual una ficha puede mantener su condici\u00f3n de clasificada dentro de los registros de control e inteligencia policial.<\/p>\n","protected":false},"excerpt":{"rendered":"<p>El\u00a0Tribunal Constitucional (TC)\u00a0estableci\u00f3 que las fichas contenidas en el\u00a0Registro de Control e Inteligencia Policial\u00a0no pueden permanecer clasificadas indefinidamente y determin\u00f3 que, una vez transcurridos\u00a010 a\u00f1os desde su incorporaci\u00f3n, deben perder esa condici\u00f3n y ser trasladadas al archivo hist\u00f3rico o \u201cmuerto\u201d de la Polic\u00eda Nacional. El criterio fue fijado mediante la\u00a0sentencia TC\/0840\/26, tras acoger una acci\u00f3n [&hellip;]<\/p>\n","protected":false},"author":15,"featured_media":62991,"comment_status":"open","ping_status":"open","sticky":false,"template":"","format":"standard","meta":{"footnotes":""},"categories":[3913,3773],"tags":[11622,11621,3982],"class_list":["post-62988","post","type-post","status-publish","format-standard","has-post-thumbnail","category-nacionales","category-portada","tag-archivo-muerto","tag-fichas-policiales","tag-tribunal-constitucional"],"yoast_head":"<!-- This site is optimized with the Yoast SEO plugin v27.6 - https:\/\/yoast.com\/product\/yoast-seo-wordpress\/ -->\n<title>TC ordena pasar fichas policiales al archivo muerto tras pasar 10 a\u00f1os - Conexi\u00f3n 23<\/title>\n<meta name=\"robots\" content=\"index, follow, max-snippet:-1, max-image-preview:large, max-video-preview:-1\" \/>\n<link rel=\"canonical\" href=\"https:\/\/conexion23.com\/?p=62988\" \/>\n<meta property=\"og:locale\" content=\"es_ES\" \/>\n<meta property=\"og:type\" content=\"article\" \/>\n<meta property=\"og:title\" content=\"TC ordena pasar fichas policiales al archivo muerto tras pasar 10 a\u00f1os - Conexi\u00f3n 23\" \/>\n<meta property=\"og:description\" content=\"El\u00a0Tribunal Constitucional (TC)\u00a0estableci\u00f3 que las fichas contenidas en el\u00a0Registro de Control e Inteligencia Policial\u00a0no pueden permanecer clasificadas indefinidamente y determin\u00f3 que, una vez transcurridos\u00a010 a\u00f1os desde su incorporaci\u00f3n, deben perder esa condici\u00f3n y ser trasladadas al archivo hist\u00f3rico o \u201cmuerto\u201d de la Polic\u00eda Nacional. El criterio fue fijado mediante la\u00a0sentencia TC\/0840\/26, tras acoger una acci\u00f3n [&hellip;]\" \/>\n<meta property=\"og:url\" content=\"https:\/\/conexion23.com\/?p=62988\" \/>\n<meta property=\"og:site_name\" content=\"Conexi\u00f3n 23\" \/>\n<meta property=\"article:publisher\" content=\"https:\/\/www.facebook.com\/conexion23com\" \/>\n<meta property=\"article:published_time\" content=\"2026-09-03T12:39:59+00:00\" \/>\n<meta property=\"og:image\" content=\"https:\/\/conexion23.com\/wp-content\/uploads\/2026\/09\/Tribunal-constitucional.webp\" \/>\n\t<meta property=\"og:image:width\" content=\"1536\" \/>\n\t<meta property=\"og:image:height\" content=\"1025\" \/>\n\t<meta property=\"og:image:type\" content=\"image\/webp\" \/>\n<meta name=\"author\" content=\"Raffy Ben\u00edtez\" \/>\n<meta name=\"twitter:card\" content=\"summary_large_image\" \/>\n<meta name=\"twitter:label1\" content=\"Escrito por\" \/>\n\t<meta name=\"twitter:data1\" content=\"Raffy Ben\u00edtez\" \/>\n\t<meta name=\"twitter:label2\" content=\"Tiempo de lectura\" \/>\n\t<meta name=\"twitter:data2\" content=\"3 minutos\" \/>\n<script type=\"application\/ld+json\" class=\"yoast-schema-graph\">{\"@context\":\"https:\\\/\\\/schema.org\",\"@graph\":[{\"@type\":\"Article\",\"@id\":\"https:\\\/\\\/conexion23.com\\\/?p=62988#article\",\"isPartOf\":{\"@id\":\"https:\\\/\\\/conexion23.com\\\/?p=62988\"},\"author\":{\"name\":\"Raffy Ben\u00edtez\",\"@id\":\"https:\\\/\\\/conexion23.com\\\/#\\\/schema\\\/person\\\/03e36043331117e97a373299bbcd30a6\"},\"headline\":\"TC ordena pasar fichas policiales al archivo muerto tras pasar 10 a\u00f1os\",\"datePublished\":\"2026-09-03T12:39:59+00:00\",\"mainEntityOfPage\":{\"@id\":\"https:\\\/\\\/conexion23.com\\\/?p=62988\"},\"wordCount\":527,\"commentCount\":0,\"publisher\":{\"@id\":\"https:\\\/\\\/conexion23.com\\\/#organization\"},\"image\":{\"@id\":\"https:\\\/\\\/conexion23.com\\\/?p=62988#primaryimage\"},\"thumbnailUrl\":\"https:\\\/\\\/conexion23.com\\\/wp-content\\\/uploads\\\/2026\\\/09\\\/Tribunal-constitucional.webp\",\"keywords\":[\"archivo muerto\",\"fichas policiales\",\"Tribunal Constitucional\"],\"articleSection\":[\"Nacionales\",\"Portada\"],\"inLanguage\":\"es\",\"potentialAction\":[{\"@type\":\"CommentAction\",\"name\":\"Comment\",\"target\":[\"https:\\\/\\\/conexion23.com\\\/?p=62988#respond\"]}]},{\"@type\":\"WebPage\",\"@id\":\"https:\\\/\\\/conexion23.com\\\/?p=62988\",\"url\":\"https:\\\/\\\/conexion23.com\\\/?p=62988\",\"name\":\"TC ordena pasar fichas policiales al archivo muerto tras pasar 10 a\u00f1os - Conexi\u00f3n 23\",\"isPartOf\":{\"@id\":\"https:\\\/\\\/conexion23.com\\\/#website\"},\"primaryImageOfPage\":{\"@id\":\"https:\\\/\\\/conexion23.com\\\/?p=62988#primaryimage\"},\"image\":{\"@id\":\"https:\\\/\\\/conexion23.com\\\/?p=62988#primaryimage\"},\"thumbnailUrl\":\"https:\\\/\\\/conexion23.com\\\/wp-content\\\/uploads\\\/2026\\\/09\\\/Tribunal-constitucional.webp\",\"datePublished\":\"2026-09-03T12:39:59+00:00\",\"breadcrumb\":{\"@id\":\"https:\\\/\\\/conexion23.com\\\/?p=62988#breadcrumb\"},\"inLanguage\":\"es\",\"potentialAction\":[{\"@type\":\"ReadAction\",\"target\":[\"https:\\\/\\\/conexion23.com\\\/?p=62988\"]}]},{\"@type\":\"ImageObject\",\"inLanguage\":\"es\",\"@id\":\"https:\\\/\\\/conexion23.com\\\/?p=62988#primaryimage\",\"url\":\"https:\\\/\\\/conexion23.com\\\/wp-content\\\/uploads\\\/2026\\\/09\\\/Tribunal-constitucional.webp\",\"contentUrl\":\"https:\\\/\\\/conexion23.com\\\/wp-content\\\/uploads\\\/2026\\\/09\\\/Tribunal-constitucional.webp\",\"width\":1536,\"height\":1025},{\"@type\":\"BreadcrumbList\",\"@id\":\"https:\\\/\\\/conexion23.com\\\/?p=62988#breadcrumb\",\"itemListElement\":[{\"@type\":\"ListItem\",\"position\":1,\"name\":\"Portada\",\"item\":\"https:\\\/\\\/conexion23.com\\\/\"},{\"@type\":\"ListItem\",\"position\":2,\"name\":\"TC ordena pasar fichas policiales al archivo muerto tras pasar 10 a\u00f1os\"}]},{\"@type\":\"WebSite\",\"@id\":\"https:\\\/\\\/conexion23.com\\\/#website\",\"url\":\"https:\\\/\\\/conexion23.com\\\/\",\"name\":\"Conexi\u00f3n 23\",\"description\":\"Peri\u00f3dico 100% Petromacorisano\",\"publisher\":{\"@id\":\"https:\\\/\\\/conexion23.com\\\/#organization\"},\"potentialAction\":[{\"@type\":\"SearchAction\",\"target\":{\"@type\":\"EntryPoint\",\"urlTemplate\":\"https:\\\/\\\/conexion23.com\\\/?s={search_term_string}\"},\"query-input\":{\"@type\":\"PropertyValueSpecification\",\"valueRequired\":true,\"valueName\":\"search_term_string\"}}],\"inLanguage\":\"es\"},{\"@type\":\"Organization\",\"@id\":\"https:\\\/\\\/conexion23.com\\\/#organization\",\"name\":\"Conexion 23\",\"url\":\"https:\\\/\\\/conexion23.com\\\/\",\"logo\":{\"@type\":\"ImageObject\",\"inLanguage\":\"es\",\"@id\":\"https:\\\/\\\/conexion23.com\\\/#\\\/schema\\\/logo\\\/image\\\/\",\"url\":\"https:\\\/\\\/conexion23.com\\\/wp-content\\\/uploads\\\/2021\\\/11\\\/Diseno-sin-titulo-2.png\",\"contentUrl\":\"https:\\\/\\\/conexion23.com\\\/wp-content\\\/uploads\\\/2021\\\/11\\\/Diseno-sin-titulo-2.png\",\"width\":541,\"height\":90,\"caption\":\"Conexion 23\"},\"image\":{\"@id\":\"https:\\\/\\\/conexion23.com\\\/#\\\/schema\\\/logo\\\/image\\\/\"},\"sameAs\":[\"https:\\\/\\\/www.facebook.com\\\/conexion23com\",\"https:\\\/\\\/www.instagram.com\\\/conexion23com\\\/\",\"https:\\\/\\\/www.youtube.com\\\/channel\\\/UCYc7vxxFZMYLIHNsHHxPZ3Q\"]},{\"@type\":\"Person\",\"@id\":\"https:\\\/\\\/conexion23.com\\\/#\\\/schema\\\/person\\\/03e36043331117e97a373299bbcd30a6\",\"name\":\"Raffy Ben\u00edtez\",\"image\":{\"@type\":\"ImageObject\",\"inLanguage\":\"es\",\"@id\":\"https:\\\/\\\/secure.gravatar.com\\\/avatar\\\/3190a6a6c5e1b0327500f7d6c56b6242472ee6cb974cf09b401ee6b3b0798f23?s=96&d=mm&r=g\",\"url\":\"https:\\\/\\\/secure.gravatar.com\\\/avatar\\\/3190a6a6c5e1b0327500f7d6c56b6242472ee6cb974cf09b401ee6b3b0798f23?s=96&d=mm&r=g\",\"contentUrl\":\"https:\\\/\\\/secure.gravatar.com\\\/avatar\\\/3190a6a6c5e1b0327500f7d6c56b6242472ee6cb974cf09b401ee6b3b0798f23?s=96&d=mm&r=g\",\"caption\":\"Raffy Ben\u00edtez\"},\"url\":\"https:\\\/\\\/conexion23.com\\\/?author=15\"}]}<\/script>\n<!-- \/ Yoast SEO plugin. -->","yoast_head_json":{"title":"TC ordena pasar fichas policiales al archivo muerto tras pasar 10 a\u00f1os - Conexi\u00f3n 23","robots":{"index":"index","follow":"follow","max-snippet":"max-snippet:-1","max-image-preview":"max-image-preview:large","max-video-preview":"max-video-preview:-1"},"canonical":"https:\/\/conexion23.com\/?p=62988","og_locale":"es_ES","og_type":"article","og_title":"TC ordena pasar fichas policiales al archivo muerto tras pasar 10 a\u00f1os - Conexi\u00f3n 23","og_description":"El\u00a0Tribunal Constitucional (TC)\u00a0estableci\u00f3 que las fichas contenidas en el\u00a0Registro de Control e Inteligencia Policial\u00a0no pueden permanecer clasificadas indefinidamente y determin\u00f3 que, una vez transcurridos\u00a010 a\u00f1os desde su incorporaci\u00f3n, deben perder esa condici\u00f3n y ser trasladadas al archivo hist\u00f3rico o \u201cmuerto\u201d de la Polic\u00eda Nacional. El criterio fue fijado mediante la\u00a0sentencia TC\/0840\/26, tras acoger una acci\u00f3n [&hellip;]","og_url":"https:\/\/conexion23.com\/?p=62988","og_site_name":"Conexi\u00f3n 23","article_publisher":"https:\/\/www.facebook.com\/conexion23com","article_published_time":"2026-09-03T12:39:59+00:00","og_image":[{"width":1536,"height":1025,"url":"https:\/\/conexion23.com\/wp-content\/uploads\/2026\/09\/Tribunal-constitucional.webp","type":"image\/webp"}],"author":"Raffy Ben\u00edtez","twitter_card":"summary_large_image","twitter_misc":{"Escrito por":"Raffy Ben\u00edtez","Tiempo de lectura":"3 minutos"},"schema":{"@context":"https:\/\/schema.org","@graph":[{"@type":"Article","@id":"https:\/\/conexion23.com\/?p=62988#article","isPartOf":{"@id":"https:\/\/conexion23.com\/?p=62988"},"author":{"name":"Raffy Ben\u00edtez","@id":"https:\/\/conexion23.com\/#\/schema\/person\/03e36043331117e97a373299bbcd30a6"},"headline":"TC ordena pasar fichas policiales al archivo muerto tras pasar 10 a\u00f1os","datePublished":"2026-09-03T12:39:59+00:00","mainEntityOfPage":{"@id":"https:\/\/conexion23.com\/?p=62988"},"wordCount":527,"commentCount":0,"publisher":{"@id":"https:\/\/conexion23.com\/#organization"},"image":{"@id":"https:\/\/conexion23.com\/?p=62988#primaryimage"},"thumbnailUrl":"https:\/\/conexion23.com\/wp-content\/uploads\/2026\/09\/Tribunal-constitucional.webp","keywords":["archivo muerto","fichas policiales","Tribunal Constitucional"],"articleSection":["Nacionales","Portada"],"inLanguage":"es","potentialAction":[{"@type":"CommentAction","name":"Comment","target":["https:\/\/conexion23.com\/?p=62988#respond"]}]},{"@type":"WebPage","@id":"https:\/\/conexion23.com\/?p=62988","url":"https:\/\/conexion23.com\/?p=62988","name":"TC ordena pasar fichas policiales al archivo muerto tras pasar 10 a\u00f1os - Conexi\u00f3n 23","isPartOf":{"@id":"https:\/\/conexion23.com\/#website"},"primaryImageOfPage":{"@id":"https:\/\/conexion23.com\/?p=62988#primaryimage"},"image":{"@id":"https:\/\/conexion23.com\/?p=62988#primaryimage"},"thumbnailUrl":"https:\/\/conexion23.com\/wp-content\/uploads\/2026\/09\/Tribunal-constitucional.webp","datePublished":"2026-09-03T12:39:59+00:00","breadcrumb":{"@id":"https:\/\/conexion23.com\/?p=62988#breadcrumb"},"inLanguage":"es","potentialAction":[{"@type":"ReadAction","target":["https:\/\/conexion23.com\/?p=62988"]}]},{"@type":"ImageObject","inLanguage":"es","@id":"https:\/\/conexion23.com\/?p=62988#primaryimage","url":"https:\/\/conexion23.com\/wp-content\/uploads\/2026\/09\/Tribunal-constitucional.webp","contentUrl":"https:\/\/conexion23.com\/wp-content\/uploads\/2026\/09\/Tribunal-constitucional.webp","width":1536,"height":1025},{"@type":"BreadcrumbList","@id":"https:\/\/conexion23.com\/?p=62988#breadcrumb","itemListElement":[{"@type":"ListItem","position":1,"name":"Portada","item":"https:\/\/conexion23.com\/"},{"@type":"ListItem","position":2,"name":"TC ordena pasar fichas policiales al archivo muerto tras pasar 10 a\u00f1os"}]},{"@type":"WebSite","@id":"https:\/\/conexion23.com\/#website","url":"https:\/\/conexion23.com\/","name":"Conexi\u00f3n 23","description":"Peri\u00f3dico 100% Petromacorisano","publisher":{"@id":"https:\/\/conexion23.com\/#organization"},"potentialAction":[{"@type":"SearchAction","target":{"@type":"EntryPoint","urlTemplate":"https:\/\/conexion23.com\/?s={search_term_string}"},"query-input":{"@type":"PropertyValueSpecification","valueRequired":true,"valueName":"search_term_string"}}],"inLanguage":"es"},{"@type":"Organization","@id":"https:\/\/conexion23.com\/#organization","name":"Conexion 23","url":"https:\/\/conexion23.com\/","logo":{"@type":"ImageObject","inLanguage":"es","@id":"https:\/\/conexion23.com\/#\/schema\/logo\/image\/","url":"https:\/\/conexion23.com\/wp-content\/uploads\/2021\/11\/Diseno-sin-titulo-2.png","contentUrl":"https:\/\/conexion23.com\/wp-content\/uploads\/2021\/11\/Diseno-sin-titulo-2.png","width":541,"height":90,"caption":"Conexion 23"},"image":{"@id":"https:\/\/conexion23.com\/#\/schema\/logo\/image\/"},"sameAs":["https:\/\/www.facebook.com\/conexion23com","https:\/\/www.instagram.com\/conexion23com\/","https:\/\/www.youtube.com\/channel\/UCYc7vxxFZMYLIHNsHHxPZ3Q"]},{"@type":"Person","@id":"https:\/\/conexion23.com\/#\/schema\/person\/03e36043331117e97a373299bbcd30a6","name":"Raffy Ben\u00edtez","image":{"@type":"ImageObject","inLanguage":"es","@id":"https:\/\/secure.gravatar.com\/avatar\/3190a6a6c5e1b0327500f7d6c56b6242472ee6cb974cf09b401ee6b3b0798f23?s=96&d=mm&r=g","url":"https:\/\/secure.gravatar.com\/avatar\/3190a6a6c5e1b0327500f7d6c56b6242472ee6cb974cf09b401ee6b3b0798f23?s=96&d=mm&r=g","contentUrl":"https:\/\/secure.gravatar.com\/avatar\/3190a6a6c5e1b0327500f7d6c56b6242472ee6cb974cf09b401ee6b3b0798f23?s=96&d=mm&r=g","caption":"Raffy Ben\u00edtez"},"url":"https:\/\/conexion23.com\/?author=15"}]}},"_links":{"self":[{"href":"https:\/\/conexion23.com\/index.php?rest_route=\/wp\/v2\/posts\/62988","targetHints":{"allow":["GET"]}}],"collection":[{"href":"https:\/\/conexion23.com\/index.php?rest_route=\/wp\/v2\/posts"}],"about":[{"href":"https:\/\/conexion23.com\/index.php?rest_route=\/wp\/v2\/types\/post"}],"author":[{"embeddable":true,"href":"https:\/\/conexion23.com\/index.php?rest_route=\/wp\/v2\/users\/15"}],"replies":[{"embeddable":true,"href":"https:\/\/conexion23.com\/index.php?rest_route=%2Fwp%2Fv2%2Fcomments&post=62988"}],"version-history":[{"count":1,"href":"https:\/\/conexion23.com\/index.php?rest_route=\/wp\/v2\/posts\/62988\/revisions"}],"predecessor-version":[{"id":62992,"href":"https:\/\/conexion23.com\/index.php?rest_route=\/wp\/v2\/posts\/62988\/revisions\/62992"}],"wp:featuredmedia":[{"embeddable":true,"href":"https:\/\/conexion23.com\/index.php?rest_route=\/wp\/v2\/media\/62991"}],"wp:attachment":[{"href":"https:\/\/conexion23.com\/index.php?rest_route=%2Fwp%2Fv2%2Fmedia&parent=62988"}],"wp:term":[{"taxonomy":"category","embeddable":true,"href":"https:\/\/conexion23.com\/index.php?rest_route=%2Fwp%2Fv2%2Fcategories&post=62988"},{"taxonomy":"post_tag","embeddable":true,"href":"https:\/\/conexion23.com\/index.php?rest_route=%2Fwp%2Fv2%2Ftags&post=62988"}],"curies":[{"name":"wp","href":"https:\/\/api.w.org\/{rel}","templated":true}]}}