{"id":62993,"date":"2026-09-03T08:48:11","date_gmt":"2026-09-03T12:48:11","guid":{"rendered":"https:\/\/conexion23.com\/?p=62993"},"modified":"2026-09-03T08:48:11","modified_gmt":"2026-09-03T12:48:11","slug":"extraditan-a-chile-dominicano-acusado-muerte-de-venezolano","status":"publish","type":"post","link":"https:\/\/conexion23.com\/?p=62993","title":{"rendered":"Extraditan a Chile dominicano acusado muerte de venezolano"},"content":{"rendered":"<p style=\"text-align: justify;\">Un dominicano fue formalizado por los delitos de homicidio calificado y porte ilegal de arma de fuego, tras ser extraditado este mi\u00e9rcoles desde Rep\u00fablica Dominicana.<\/p>\n<p style=\"text-align: justify;\">El imputado es acusado como autor del asesinato de un joven venezolano de 25 a\u00f1os, el 18 de julio de 2025, en las inmediaciones de la Vega Central, en la comuna de Recoleta.<\/p>\n<p style=\"text-align: justify;\">De acuerdo a los antecedentes del caso, el sujeto hab\u00eda sido detenido en febrero pasado en territorio dominicano, luego de un trabajo coordinado entre Carabineros de Chile, Interpol y las autoridades dominicanas.<\/p>\n<p style=\"text-align: justify;\">Tras concretarse su extradici\u00f3n, el imputado fue puesto a disposici\u00f3n del Juzgado de Garant\u00eda respectivo durante la tarde de este mi\u00e9rcoles, donde se decret\u00f3 la medida cautelar de prisi\u00f3n preventiva por considerar que su libertad constituye un peligro para la seguridad de la sociedad y por existir riesgo de fuga.<\/p>\n<p style=\"text-align: justify;\">El tribunal fij\u00f3 un plazo de 60 d\u00edas para el cierre de la investigaci\u00f3n.<\/p>\n<p style=\"text-align: justify;\">Seg\u00fan expuso el fiscal Eduardo Pontigo, del Equipo de Crimen Organizado y Homicidios (ECOH), el crimen se produjo el 18 de julio de 2025, en la intersecci\u00f3n de Antonia L\u00f3pez de Bello con calle Salas, cuando el imputado se aproxim\u00f3 a la v\u00edctima y le dispar\u00f3 en la cabeza.<\/p>\n<p style=\"text-align: justify;\">Una vez en el suelo, le propin\u00f3 dos disparos adicionales que le causaron la muerte en el lugar.La investigaci\u00f3n estableci\u00f3 que la v\u00edctima se encontraba acompa\u00f1ada de su pareja, de nacionalidad dominicana, y que el ataque habr\u00eda sido perpetrado por la expareja de la mujer.<\/p>\n<p style=\"text-align: justify;\">Luego del homicidio, el imputado huy\u00f3 en un veh\u00edculo y abandon\u00f3 el pa\u00eds en agosto de 2025 por un paso fronterizo no habilitado, traslad\u00e1ndose posteriormente a Rep\u00fablica Dominicana en un vuelo procedente de Lima, Per\u00fa.<\/p>\n<p style=\"text-align: justify;\">El 20 de noviembre de 2025 hab\u00eda sido formalizado en ausencia, instancia en la que se decret\u00f3 su prisi\u00f3n preventiva, lo que permiti\u00f3 activar el proceso formal de extradici\u00f3n que concluy\u00f3 esta jornada con su entrega a efectivos de la Interpol Chile.<\/p>\n","protected":false},"excerpt":{"rendered":"<p>Un dominicano fue formalizado por los delitos de homicidio calificado y porte ilegal de arma de fuego, tras ser extraditado este mi\u00e9rcoles desde Rep\u00fablica Dominicana. El imputado es acusado como autor del asesinato de un joven venezolano de 25 a\u00f1os, el 18 de julio de 2025, en las inmediaciones de la Vega Central, en la [&hellip;]<\/p>\n","protected":false},"author":15,"featured_media":62996,"comment_status":"open","ping_status":"open","sticky":false,"template":"","format":"standard","meta":{"footnotes":""},"categories":[3883],"tags":[130,11625,527,7790],"class_list":["post-62993","post","type-post","status-publish","format-standard","has-post-thumbnail","category-ultramar","tag-chile","tag-chileacusado-de-muerte","tag-dominicano","tag-extraditan"],"yoast_head":"<!-- This site is optimized with the Yoast SEO plugin v27.6 - https:\/\/yoast.com\/product\/yoast-seo-wordpress\/ -->\n<title>Extraditan a Chile dominicano acusado muerte de venezolano - Conexi\u00f3n 23<\/title>\n<meta name=\"robots\" content=\"index, follow, max-snippet:-1, max-image-preview:large, max-video-preview:-1\" \/>\n<link rel=\"canonical\" href=\"https:\/\/conexion23.com\/?p=62993\" \/>\n<meta property=\"og:locale\" content=\"es_ES\" \/>\n<meta property=\"og:type\" content=\"article\" \/>\n<meta property=\"og:title\" content=\"Extraditan a Chile dominicano acusado muerte de venezolano - Conexi\u00f3n 23\" \/>\n<meta property=\"og:description\" content=\"Un dominicano fue formalizado por los delitos de homicidio calificado y porte ilegal de arma de fuego, tras ser extraditado este mi\u00e9rcoles desde Rep\u00fablica Dominicana. El imputado es acusado como autor del asesinato de un joven venezolano de 25 a\u00f1os, el 18 de julio de 2025, en las inmediaciones de la Vega Central, en la [&hellip;]\" \/>\n<meta property=\"og:url\" content=\"https:\/\/conexion23.com\/?p=62993\" \/>\n<meta property=\"og:site_name\" content=\"Conexi\u00f3n 23\" \/>\n<meta property=\"article:publisher\" content=\"https:\/\/www.facebook.com\/conexion23com\" \/>\n<meta property=\"article:published_time\" content=\"2026-09-03T12:48:11+00:00\" \/>\n<meta property=\"og:image\" content=\"https:\/\/conexion23.com\/wp-content\/uploads\/2026\/09\/dominicano-acusado.png\" \/>\n\t<meta property=\"og:image:width\" content=\"702\" \/>\n\t<meta property=\"og:image:height\" content=\"450\" \/>\n\t<meta property=\"og:image:type\" content=\"image\/png\" \/>\n<meta name=\"author\" content=\"Raffy Ben\u00edtez\" \/>\n<meta name=\"twitter:card\" content=\"summary_large_image\" \/>\n<meta name=\"twitter:label1\" content=\"Escrito por\" \/>\n\t<meta name=\"twitter:data1\" content=\"Raffy Ben\u00edtez\" \/>\n\t<meta name=\"twitter:label2\" content=\"Tiempo de lectura\" \/>\n\t<meta name=\"twitter:data2\" content=\"2 minutos\" \/>\n<script type=\"application\/ld+json\" class=\"yoast-schema-graph\">{\"@context\":\"https:\\\/\\\/schema.org\",\"@graph\":[{\"@type\":\"Article\",\"@id\":\"https:\\\/\\\/conexion23.com\\\/?p=62993#article\",\"isPartOf\":{\"@id\":\"https:\\\/\\\/conexion23.com\\\/?p=62993\"},\"author\":{\"name\":\"Raffy Ben\u00edtez\",\"@id\":\"https:\\\/\\\/conexion23.com\\\/#\\\/schema\\\/person\\\/03e36043331117e97a373299bbcd30a6\"},\"headline\":\"Extraditan a Chile dominicano acusado muerte de venezolano\",\"datePublished\":\"2026-09-03T12:48:11+00:00\",\"mainEntityOfPage\":{\"@id\":\"https:\\\/\\\/conexion23.com\\\/?p=62993\"},\"wordCount\":351,\"commentCount\":0,\"publisher\":{\"@id\":\"https:\\\/\\\/conexion23.com\\\/#organization\"},\"image\":{\"@id\":\"https:\\\/\\\/conexion23.com\\\/?p=62993#primaryimage\"},\"thumbnailUrl\":\"https:\\\/\\\/conexion23.com\\\/wp-content\\\/uploads\\\/2026\\\/09\\\/dominicano-acusado.png\",\"keywords\":[\"CHILE\",\"Chileacusado de muerte\",\"Dominicano\",\"Extraditan\"],\"articleSection\":[\"Ultramar\"],\"inLanguage\":\"es\",\"potentialAction\":[{\"@type\":\"CommentAction\",\"name\":\"Comment\",\"target\":[\"https:\\\/\\\/conexion23.com\\\/?p=62993#respond\"]}]},{\"@type\":\"WebPage\",\"@id\":\"https:\\\/\\\/conexion23.com\\\/?p=62993\",\"url\":\"https:\\\/\\\/conexion23.com\\\/?p=62993\",\"name\":\"Extraditan a Chile dominicano acusado muerte de venezolano - Conexi\u00f3n 23\",\"isPartOf\":{\"@id\":\"https:\\\/\\\/conexion23.com\\\/#website\"},\"primaryImageOfPage\":{\"@id\":\"https:\\\/\\\/conexion23.com\\\/?p=62993#primaryimage\"},\"image\":{\"@id\":\"https:\\\/\\\/conexion23.com\\\/?p=62993#primaryimage\"},\"thumbnailUrl\":\"https:\\\/\\\/conexion23.com\\\/wp-content\\\/uploads\\\/2026\\\/09\\\/dominicano-acusado.png\",\"datePublished\":\"2026-09-03T12:48:11+00:00\",\"breadcrumb\":{\"@id\":\"https:\\\/\\\/conexion23.com\\\/?p=62993#breadcrumb\"},\"inLanguage\":\"es\",\"potentialAction\":[{\"@type\":\"ReadAction\",\"target\":[\"https:\\\/\\\/conexion23.com\\\/?p=62993\"]}]},{\"@type\":\"ImageObject\",\"inLanguage\":\"es\",\"@id\":\"https:\\\/\\\/conexion23.com\\\/?p=62993#primaryimage\",\"url\":\"https:\\\/\\\/conexion23.com\\\/wp-content\\\/uploads\\\/2026\\\/09\\\/dominicano-acusado.png\",\"contentUrl\":\"https:\\\/\\\/conexion23.com\\\/wp-content\\\/uploads\\\/2026\\\/09\\\/dominicano-acusado.png\",\"width\":702,\"height\":450},{\"@type\":\"BreadcrumbList\",\"@id\":\"https:\\\/\\\/conexion23.com\\\/?p=62993#breadcrumb\",\"itemListElement\":[{\"@type\":\"ListItem\",\"position\":1,\"name\":\"Portada\",\"item\":\"https:\\\/\\\/conexion23.com\\\/\"},{\"@type\":\"ListItem\",\"position\":2,\"name\":\"Extraditan a Chile dominicano acusado muerte de venezolano\"}]},{\"@type\":\"WebSite\",\"@id\":\"https:\\\/\\\/conexion23.com\\\/#website\",\"url\":\"https:\\\/\\\/conexion23.com\\\/\",\"name\":\"Conexi\u00f3n 23\",\"description\":\"Peri\u00f3dico 100% Petromacorisano\",\"publisher\":{\"@id\":\"https:\\\/\\\/conexion23.com\\\/#organization\"},\"potentialAction\":[{\"@type\":\"SearchAction\",\"target\":{\"@type\":\"EntryPoint\",\"urlTemplate\":\"https:\\\/\\\/conexion23.com\\\/?s={search_term_string}\"},\"query-input\":{\"@type\":\"PropertyValueSpecification\",\"valueRequired\":true,\"valueName\":\"search_term_string\"}}],\"inLanguage\":\"es\"},{\"@type\":\"Organization\",\"@id\":\"https:\\\/\\\/conexion23.com\\\/#organization\",\"name\":\"Conexion 23\",\"url\":\"https:\\\/\\\/conexion23.com\\\/\",\"logo\":{\"@type\":\"ImageObject\",\"inLanguage\":\"es\",\"@id\":\"https:\\\/\\\/conexion23.com\\\/#\\\/schema\\\/logo\\\/image\\\/\",\"url\":\"https:\\\/\\\/conexion23.com\\\/wp-content\\\/uploads\\\/2021\\\/11\\\/Diseno-sin-titulo-2.png\",\"contentUrl\":\"https:\\\/\\\/conexion23.com\\\/wp-content\\\/uploads\\\/2021\\\/11\\\/Diseno-sin-titulo-2.png\",\"width\":541,\"height\":90,\"caption\":\"Conexion 23\"},\"image\":{\"@id\":\"https:\\\/\\\/conexion23.com\\\/#\\\/schema\\\/logo\\\/image\\\/\"},\"sameAs\":[\"https:\\\/\\\/www.facebook.com\\\/conexion23com\",\"https:\\\/\\\/www.instagram.com\\\/conexion23com\\\/\",\"https:\\\/\\\/www.youtube.com\\\/channel\\\/UCYc7vxxFZMYLIHNsHHxPZ3Q\"]},{\"@type\":\"Person\",\"@id\":\"https:\\\/\\\/conexion23.com\\\/#\\\/schema\\\/person\\\/03e36043331117e97a373299bbcd30a6\",\"name\":\"Raffy Ben\u00edtez\",\"image\":{\"@type\":\"ImageObject\",\"inLanguage\":\"es\",\"@id\":\"https:\\\/\\\/secure.gravatar.com\\\/avatar\\\/3190a6a6c5e1b0327500f7d6c56b6242472ee6cb974cf09b401ee6b3b0798f23?s=96&d=mm&r=g\",\"url\":\"https:\\\/\\\/secure.gravatar.com\\\/avatar\\\/3190a6a6c5e1b0327500f7d6c56b6242472ee6cb974cf09b401ee6b3b0798f23?s=96&d=mm&r=g\",\"contentUrl\":\"https:\\\/\\\/secure.gravatar.com\\\/avatar\\\/3190a6a6c5e1b0327500f7d6c56b6242472ee6cb974cf09b401ee6b3b0798f23?s=96&d=mm&r=g\",\"caption\":\"Raffy Ben\u00edtez\"},\"url\":\"https:\\\/\\\/conexion23.com\\\/?author=15\"}]}<\/script>\n<!-- \/ Yoast SEO plugin. -->","yoast_head_json":{"title":"Extraditan a Chile dominicano acusado muerte de venezolano - Conexi\u00f3n 23","robots":{"index":"index","follow":"follow","max-snippet":"max-snippet:-1","max-image-preview":"max-image-preview:large","max-video-preview":"max-video-preview:-1"},"canonical":"https:\/\/conexion23.com\/?p=62993","og_locale":"es_ES","og_type":"article","og_title":"Extraditan a Chile dominicano acusado muerte de venezolano - Conexi\u00f3n 23","og_description":"Un dominicano fue formalizado por los delitos de homicidio calificado y porte ilegal de arma de fuego, tras ser extraditado este mi\u00e9rcoles desde Rep\u00fablica Dominicana. El imputado es acusado como autor del asesinato de un joven venezolano de 25 a\u00f1os, el 18 de julio de 2025, en las inmediaciones de la Vega Central, en la [&hellip;]","og_url":"https:\/\/conexion23.com\/?p=62993","og_site_name":"Conexi\u00f3n 23","article_publisher":"https:\/\/www.facebook.com\/conexion23com","article_published_time":"2026-09-03T12:48:11+00:00","og_image":[{"width":702,"height":450,"url":"https:\/\/conexion23.com\/wp-content\/uploads\/2026\/09\/dominicano-acusado.png","type":"image\/png"}],"author":"Raffy Ben\u00edtez","twitter_card":"summary_large_image","twitter_misc":{"Escrito por":"Raffy Ben\u00edtez","Tiempo de lectura":"2 minutos"},"schema":{"@context":"https:\/\/schema.org","@graph":[{"@type":"Article","@id":"https:\/\/conexion23.com\/?p=62993#article","isPartOf":{"@id":"https:\/\/conexion23.com\/?p=62993"},"author":{"name":"Raffy Ben\u00edtez","@id":"https:\/\/conexion23.com\/#\/schema\/person\/03e36043331117e97a373299bbcd30a6"},"headline":"Extraditan a Chile dominicano acusado muerte de venezolano","datePublished":"2026-09-03T12:48:11+00:00","mainEntityOfPage":{"@id":"https:\/\/conexion23.com\/?p=62993"},"wordCount":351,"commentCount":0,"publisher":{"@id":"https:\/\/conexion23.com\/#organization"},"image":{"@id":"https:\/\/conexion23.com\/?p=62993#primaryimage"},"thumbnailUrl":"https:\/\/conexion23.com\/wp-content\/uploads\/2026\/09\/dominicano-acusado.png","keywords":["CHILE","Chileacusado de muerte","Dominicano","Extraditan"],"articleSection":["Ultramar"],"inLanguage":"es","potentialAction":[{"@type":"CommentAction","name":"Comment","target":["https:\/\/conexion23.com\/?p=62993#respond"]}]},{"@type":"WebPage","@id":"https:\/\/conexion23.com\/?p=62993","url":"https:\/\/conexion23.com\/?p=62993","name":"Extraditan a Chile dominicano acusado muerte de venezolano - Conexi\u00f3n 23","isPartOf":{"@id":"https:\/\/conexion23.com\/#website"},"primaryImageOfPage":{"@id":"https:\/\/conexion23.com\/?p=62993#primaryimage"},"image":{"@id":"https:\/\/conexion23.com\/?p=62993#primaryimage"},"thumbnailUrl":"https:\/\/conexion23.com\/wp-content\/uploads\/2026\/09\/dominicano-acusado.png","datePublished":"2026-09-03T12:48:11+00:00","breadcrumb":{"@id":"https:\/\/conexion23.com\/?p=62993#breadcrumb"},"inLanguage":"es","potentialAction":[{"@type":"ReadAction","target":["https:\/\/conexion23.com\/?p=62993"]}]},{"@type":"ImageObject","inLanguage":"es","@id":"https:\/\/conexion23.com\/?p=62993#primaryimage","url":"https:\/\/conexion23.com\/wp-content\/uploads\/2026\/09\/dominicano-acusado.png","contentUrl":"https:\/\/conexion23.com\/wp-content\/uploads\/2026\/09\/dominicano-acusado.png","width":702,"height":450},{"@type":"BreadcrumbList","@id":"https:\/\/conexion23.com\/?p=62993#breadcrumb","itemListElement":[{"@type":"ListItem","position":1,"name":"Portada","item":"https:\/\/conexion23.com\/"},{"@type":"ListItem","position":2,"name":"Extraditan a Chile dominicano acusado muerte de venezolano"}]},{"@type":"WebSite","@id":"https:\/\/conexion23.com\/#website","url":"https:\/\/conexion23.com\/","name":"Conexi\u00f3n 23","description":"Peri\u00f3dico 100% Petromacorisano","publisher":{"@id":"https:\/\/conexion23.com\/#organization"},"potentialAction":[{"@type":"SearchAction","target":{"@type":"EntryPoint","urlTemplate":"https:\/\/conexion23.com\/?s={search_term_string}"},"query-input":{"@type":"PropertyValueSpecification","valueRequired":true,"valueName":"search_term_string"}}],"inLanguage":"es"},{"@type":"Organization","@id":"https:\/\/conexion23.com\/#organization","name":"Conexion 23","url":"https:\/\/conexion23.com\/","logo":{"@type":"ImageObject","inLanguage":"es","@id":"https:\/\/conexion23.com\/#\/schema\/logo\/image\/","url":"https:\/\/conexion23.com\/wp-content\/uploads\/2021\/11\/Diseno-sin-titulo-2.png","contentUrl":"https:\/\/conexion23.com\/wp-content\/uploads\/2021\/11\/Diseno-sin-titulo-2.png","width":541,"height":90,"caption":"Conexion 23"},"image":{"@id":"https:\/\/conexion23.com\/#\/schema\/logo\/image\/"},"sameAs":["https:\/\/www.facebook.com\/conexion23com","https:\/\/www.instagram.com\/conexion23com\/","https:\/\/www.youtube.com\/channel\/UCYc7vxxFZMYLIHNsHHxPZ3Q"]},{"@type":"Person","@id":"https:\/\/conexion23.com\/#\/schema\/person\/03e36043331117e97a373299bbcd30a6","name":"Raffy Ben\u00edtez","image":{"@type":"ImageObject","inLanguage":"es","@id":"https:\/\/secure.gravatar.com\/avatar\/3190a6a6c5e1b0327500f7d6c56b6242472ee6cb974cf09b401ee6b3b0798f23?s=96&d=mm&r=g","url":"https:\/\/secure.gravatar.com\/avatar\/3190a6a6c5e1b0327500f7d6c56b6242472ee6cb974cf09b401ee6b3b0798f23?s=96&d=mm&r=g","contentUrl":"https:\/\/secure.gravatar.com\/avatar\/3190a6a6c5e1b0327500f7d6c56b6242472ee6cb974cf09b401ee6b3b0798f23?s=96&d=mm&r=g","caption":"Raffy Ben\u00edtez"},"url":"https:\/\/conexion23.com\/?author=15"}]}},"_links":{"self":[{"href":"https:\/\/conexion23.com\/index.php?rest_route=\/wp\/v2\/posts\/62993","targetHints":{"allow":["GET"]}}],"collection":[{"href":"https:\/\/conexion23.com\/index.php?rest_route=\/wp\/v2\/posts"}],"about":[{"href":"https:\/\/conexion23.com\/index.php?rest_route=\/wp\/v2\/types\/post"}],"author":[{"embeddable":true,"href":"https:\/\/conexion23.com\/index.php?rest_route=\/wp\/v2\/users\/15"}],"replies":[{"embeddable":true,"href":"https:\/\/conexion23.com\/index.php?rest_route=%2Fwp%2Fv2%2Fcomments&post=62993"}],"version-history":[{"count":1,"href":"https:\/\/conexion23.com\/index.php?rest_route=\/wp\/v2\/posts\/62993\/revisions"}],"predecessor-version":[{"id":62997,"href":"https:\/\/conexion23.com\/index.php?rest_route=\/wp\/v2\/posts\/62993\/revisions\/62997"}],"wp:featuredmedia":[{"embeddable":true,"href":"https:\/\/conexion23.com\/index.php?rest_route=\/wp\/v2\/media\/62996"}],"wp:attachment":[{"href":"https:\/\/conexion23.com\/index.php?rest_route=%2Fwp%2Fv2%2Fmedia&parent=62993"}],"wp:term":[{"taxonomy":"category","embeddable":true,"href":"https:\/\/conexion23.com\/index.php?rest_route=%2Fwp%2Fv2%2Fcategories&post=62993"},{"taxonomy":"post_tag","embeddable":true,"href":"https:\/\/conexion23.com\/index.php?rest_route=%2Fwp%2Fv2%2Ftags&post=62993"}],"curies":[{"name":"wp","href":"https:\/\/api.w.org\/{rel}","templated":true}]}}