{"id":63007,"date":"2026-09-03T12:25:18","date_gmt":"2026-09-03T16:25:18","guid":{"rendered":"https:\/\/conexion23.com\/?p=63007"},"modified":"2026-09-03T11:40:52","modified_gmt":"2026-09-03T15:40:52","slug":"varias-personas-resultan-heridas-tras-accidente-en-la-avenida-estrella-sadhala-de-santiago","status":"publish","type":"post","link":"https:\/\/conexion23.com\/?p=63007","title":{"rendered":"Varias personas resultan heridas tras accidente en la avenida Estrell\u00e1 Sadhal\u00e1 de Santiago"},"content":{"rendered":"<p style=\"text-align: justify;\"><strong>Varias personas resultaron heridas la madrugada de este jueves tras registrarse un accidente de tr\u00e1nsito en la avenida Estrella Sadhala, en direcci\u00f3n sur-norte, en Santiago.<\/strong><\/p>\n<p style=\"text-align: justify;\">De acuerdo con las informaciones preliminares, el accidente se produjo cuando un veh\u00edculo impact\u00f3 contra un poste del tendido el\u00e9ctrico, provocando que varios cables quedaran tendidos sobre la v\u00eda.<\/p>\n<p style=\"text-align: justify;\">Como consecuencia del siniestro, permanecen cerradas las calles comprendidas entre Bartolom\u00e9 Col\u00f3n y Buena Vista, mientras se desarrollan las labores correspondientes en la zona.<\/p>\n<p style=\"text-align: justify;\">En un audiovisual difundido sobre el hecho se observa el tendido el\u00e9ctrico sobre el pavimento, as\u00ed como las condiciones en que qued\u00f3 el \u00e1rea tras el impacto. Hasta el momento, las autoridades no han confirmado las circunstancias exactas en que ocurri\u00f3 el accidente, ni han ofrecido detalles sobre la identidad o el estado de salud de las personas heridas.<\/p>\n<p style=\"text-align: justify;\">Las autoridades contin\u00faan las investigaciones para determinar las causas del accidente.<\/p>\n","protected":false},"excerpt":{"rendered":"<p>Varias personas resultaron heridas la madrugada de este jueves tras registrarse un accidente de tr\u00e1nsito en la avenida Estrella Sadhala, en direcci\u00f3n sur-norte, en Santiago. De acuerdo con las informaciones preliminares, el accidente se produjo cuando un veh\u00edculo impact\u00f3 contra un poste del tendido el\u00e9ctrico, provocando que varios cables quedaran tendidos sobre la v\u00eda. Como [&hellip;]<\/p>\n","protected":false},"author":18,"featured_media":63008,"comment_status":"open","ping_status":"open","sticky":false,"template":"","format":"standard","meta":{"footnotes":""},"categories":[12,3773],"tags":[331,11628,11629],"class_list":["post-63007","post","type-post","status-publish","format-standard","has-post-thumbnail","category-municipales","category-portada","tag-accidente","tag-estrella-sadhala","tag-poste-de-luz"],"yoast_head":"<!-- This site is optimized with the Yoast SEO plugin v27.6 - https:\/\/yoast.com\/product\/yoast-seo-wordpress\/ -->\n<title>Varias personas resultan heridas tras accidente en la avenida Estrell\u00e1 Sadhal\u00e1 de Santiago - Conexi\u00f3n 23<\/title>\n<meta name=\"robots\" content=\"index, follow, max-snippet:-1, max-image-preview:large, max-video-preview:-1\" \/>\n<link rel=\"canonical\" href=\"https:\/\/conexion23.com\/?p=63007\" \/>\n<meta property=\"og:locale\" content=\"es_ES\" \/>\n<meta property=\"og:type\" content=\"article\" \/>\n<meta property=\"og:title\" content=\"Varias personas resultan heridas tras accidente en la avenida Estrell\u00e1 Sadhal\u00e1 de Santiago - Conexi\u00f3n 23\" \/>\n<meta property=\"og:description\" content=\"Varias personas resultaron heridas la madrugada de este jueves tras registrarse un accidente de tr\u00e1nsito en la avenida Estrella Sadhala, en direcci\u00f3n sur-norte, en Santiago. De acuerdo con las informaciones preliminares, el accidente se produjo cuando un veh\u00edculo impact\u00f3 contra un poste del tendido el\u00e9ctrico, provocando que varios cables quedaran tendidos sobre la v\u00eda. Como [&hellip;]\" \/>\n<meta property=\"og:url\" content=\"https:\/\/conexion23.com\/?p=63007\" \/>\n<meta property=\"og:site_name\" content=\"Conexi\u00f3n 23\" \/>\n<meta property=\"article:publisher\" content=\"https:\/\/www.facebook.com\/conexion23com\" \/>\n<meta property=\"article:published_time\" content=\"2026-09-03T16:25:18+00:00\" \/>\n<meta property=\"og:image\" content=\"https:\/\/conexion23.com\/wp-content\/uploads\/2026\/09\/Varias-personas-resultan-heridas-tras-accidente-en-la-avenida-Estrella-Sadhala-de-Santiago.webp\" \/>\n\t<meta property=\"og:image:width\" content=\"1280\" \/>\n\t<meta property=\"og:image:height\" content=\"720\" \/>\n\t<meta property=\"og:image:type\" content=\"image\/webp\" \/>\n<meta name=\"author\" content=\"Redacci\u00f3n\" \/>\n<meta name=\"twitter:card\" content=\"summary_large_image\" \/>\n<meta name=\"twitter:label1\" content=\"Escrito por\" \/>\n\t<meta name=\"twitter:data1\" content=\"Redacci\u00f3n\" \/>\n\t<meta name=\"twitter:label2\" content=\"Tiempo de lectura\" \/>\n\t<meta name=\"twitter:data2\" content=\"1 minuto\" \/>\n<script type=\"application\/ld+json\" class=\"yoast-schema-graph\">{\"@context\":\"https:\\\/\\\/schema.org\",\"@graph\":[{\"@type\":\"Article\",\"@id\":\"https:\\\/\\\/conexion23.com\\\/?p=63007#article\",\"isPartOf\":{\"@id\":\"https:\\\/\\\/conexion23.com\\\/?p=63007\"},\"author\":{\"name\":\"Redacci\u00f3n\",\"@id\":\"https:\\\/\\\/conexion23.com\\\/#\\\/schema\\\/person\\\/0a860802b17d01ad2a278f53c507c296\"},\"headline\":\"Varias personas resultan heridas tras accidente en la avenida Estrell\u00e1 Sadhal\u00e1 de Santiago\",\"datePublished\":\"2026-09-03T16:25:18+00:00\",\"mainEntityOfPage\":{\"@id\":\"https:\\\/\\\/conexion23.com\\\/?p=63007\"},\"wordCount\":169,\"commentCount\":0,\"publisher\":{\"@id\":\"https:\\\/\\\/conexion23.com\\\/#organization\"},\"image\":{\"@id\":\"https:\\\/\\\/conexion23.com\\\/?p=63007#primaryimage\"},\"thumbnailUrl\":\"https:\\\/\\\/conexion23.com\\\/wp-content\\\/uploads\\\/2026\\\/09\\\/Varias-personas-resultan-heridas-tras-accidente-en-la-avenida-Estrella-Sadhala-de-Santiago.webp\",\"keywords\":[\"accidente\",\"Estrell\u00e1 Sadhal\u00e1\",\"poste de luz\"],\"articleSection\":[\"Municipales\",\"Portada\"],\"inLanguage\":\"es\",\"potentialAction\":[{\"@type\":\"CommentAction\",\"name\":\"Comment\",\"target\":[\"https:\\\/\\\/conexion23.com\\\/?p=63007#respond\"]}]},{\"@type\":\"WebPage\",\"@id\":\"https:\\\/\\\/conexion23.com\\\/?p=63007\",\"url\":\"https:\\\/\\\/conexion23.com\\\/?p=63007\",\"name\":\"Varias personas resultan heridas tras accidente en la avenida Estrell\u00e1 Sadhal\u00e1 de Santiago - Conexi\u00f3n 23\",\"isPartOf\":{\"@id\":\"https:\\\/\\\/conexion23.com\\\/#website\"},\"primaryImageOfPage\":{\"@id\":\"https:\\\/\\\/conexion23.com\\\/?p=63007#primaryimage\"},\"image\":{\"@id\":\"https:\\\/\\\/conexion23.com\\\/?p=63007#primaryimage\"},\"thumbnailUrl\":\"https:\\\/\\\/conexion23.com\\\/wp-content\\\/uploads\\\/2026\\\/09\\\/Varias-personas-resultan-heridas-tras-accidente-en-la-avenida-Estrella-Sadhala-de-Santiago.webp\",\"datePublished\":\"2026-09-03T16:25:18+00:00\",\"breadcrumb\":{\"@id\":\"https:\\\/\\\/conexion23.com\\\/?p=63007#breadcrumb\"},\"inLanguage\":\"es\",\"potentialAction\":[{\"@type\":\"ReadAction\",\"target\":[\"https:\\\/\\\/conexion23.com\\\/?p=63007\"]}]},{\"@type\":\"ImageObject\",\"inLanguage\":\"es\",\"@id\":\"https:\\\/\\\/conexion23.com\\\/?p=63007#primaryimage\",\"url\":\"https:\\\/\\\/conexion23.com\\\/wp-content\\\/uploads\\\/2026\\\/09\\\/Varias-personas-resultan-heridas-tras-accidente-en-la-avenida-Estrella-Sadhala-de-Santiago.webp\",\"contentUrl\":\"https:\\\/\\\/conexion23.com\\\/wp-content\\\/uploads\\\/2026\\\/09\\\/Varias-personas-resultan-heridas-tras-accidente-en-la-avenida-Estrella-Sadhala-de-Santiago.webp\",\"width\":1280,\"height\":720},{\"@type\":\"BreadcrumbList\",\"@id\":\"https:\\\/\\\/conexion23.com\\\/?p=63007#breadcrumb\",\"itemListElement\":[{\"@type\":\"ListItem\",\"position\":1,\"name\":\"Portada\",\"item\":\"https:\\\/\\\/conexion23.com\\\/\"},{\"@type\":\"ListItem\",\"position\":2,\"name\":\"Varias personas resultan heridas tras accidente en la avenida Estrell\u00e1 Sadhal\u00e1 de Santiago\"}]},{\"@type\":\"WebSite\",\"@id\":\"https:\\\/\\\/conexion23.com\\\/#website\",\"url\":\"https:\\\/\\\/conexion23.com\\\/\",\"name\":\"Conexi\u00f3n 23\",\"description\":\"Peri\u00f3dico 100% Petromacorisano\",\"publisher\":{\"@id\":\"https:\\\/\\\/conexion23.com\\\/#organization\"},\"potentialAction\":[{\"@type\":\"SearchAction\",\"target\":{\"@type\":\"EntryPoint\",\"urlTemplate\":\"https:\\\/\\\/conexion23.com\\\/?s={search_term_string}\"},\"query-input\":{\"@type\":\"PropertyValueSpecification\",\"valueRequired\":true,\"valueName\":\"search_term_string\"}}],\"inLanguage\":\"es\"},{\"@type\":\"Organization\",\"@id\":\"https:\\\/\\\/conexion23.com\\\/#organization\",\"name\":\"Conexion 23\",\"url\":\"https:\\\/\\\/conexion23.com\\\/\",\"logo\":{\"@type\":\"ImageObject\",\"inLanguage\":\"es\",\"@id\":\"https:\\\/\\\/conexion23.com\\\/#\\\/schema\\\/logo\\\/image\\\/\",\"url\":\"https:\\\/\\\/conexion23.com\\\/wp-content\\\/uploads\\\/2021\\\/11\\\/Diseno-sin-titulo-2.png\",\"contentUrl\":\"https:\\\/\\\/conexion23.com\\\/wp-content\\\/uploads\\\/2021\\\/11\\\/Diseno-sin-titulo-2.png\",\"width\":541,\"height\":90,\"caption\":\"Conexion 23\"},\"image\":{\"@id\":\"https:\\\/\\\/conexion23.com\\\/#\\\/schema\\\/logo\\\/image\\\/\"},\"sameAs\":[\"https:\\\/\\\/www.facebook.com\\\/conexion23com\",\"https:\\\/\\\/www.instagram.com\\\/conexion23com\\\/\",\"https:\\\/\\\/www.youtube.com\\\/channel\\\/UCYc7vxxFZMYLIHNsHHxPZ3Q\"]},{\"@type\":\"Person\",\"@id\":\"https:\\\/\\\/conexion23.com\\\/#\\\/schema\\\/person\\\/0a860802b17d01ad2a278f53c507c296\",\"name\":\"Redacci\u00f3n\",\"image\":{\"@type\":\"ImageObject\",\"inLanguage\":\"es\",\"@id\":\"https:\\\/\\\/secure.gravatar.com\\\/avatar\\\/ec9d84b79c776aa1994e5893944465db9974b17b884155623da51b7b62c02845?s=96&d=mm&r=g\",\"url\":\"https:\\\/\\\/secure.gravatar.com\\\/avatar\\\/ec9d84b79c776aa1994e5893944465db9974b17b884155623da51b7b62c02845?s=96&d=mm&r=g\",\"contentUrl\":\"https:\\\/\\\/secure.gravatar.com\\\/avatar\\\/ec9d84b79c776aa1994e5893944465db9974b17b884155623da51b7b62c02845?s=96&d=mm&r=g\",\"caption\":\"Redacci\u00f3n\"},\"url\":\"https:\\\/\\\/conexion23.com\\\/?author=18\"}]}<\/script>\n<!-- \/ Yoast SEO plugin. -->","yoast_head_json":{"title":"Varias personas resultan heridas tras accidente en la avenida Estrell\u00e1 Sadhal\u00e1 de Santiago - Conexi\u00f3n 23","robots":{"index":"index","follow":"follow","max-snippet":"max-snippet:-1","max-image-preview":"max-image-preview:large","max-video-preview":"max-video-preview:-1"},"canonical":"https:\/\/conexion23.com\/?p=63007","og_locale":"es_ES","og_type":"article","og_title":"Varias personas resultan heridas tras accidente en la avenida Estrell\u00e1 Sadhal\u00e1 de Santiago - Conexi\u00f3n 23","og_description":"Varias personas resultaron heridas la madrugada de este jueves tras registrarse un accidente de tr\u00e1nsito en la avenida Estrella Sadhala, en direcci\u00f3n sur-norte, en Santiago. De acuerdo con las informaciones preliminares, el accidente se produjo cuando un veh\u00edculo impact\u00f3 contra un poste del tendido el\u00e9ctrico, provocando que varios cables quedaran tendidos sobre la v\u00eda. Como [&hellip;]","og_url":"https:\/\/conexion23.com\/?p=63007","og_site_name":"Conexi\u00f3n 23","article_publisher":"https:\/\/www.facebook.com\/conexion23com","article_published_time":"2026-09-03T16:25:18+00:00","og_image":[{"width":1280,"height":720,"url":"https:\/\/conexion23.com\/wp-content\/uploads\/2026\/09\/Varias-personas-resultan-heridas-tras-accidente-en-la-avenida-Estrella-Sadhala-de-Santiago.webp","type":"image\/webp"}],"author":"Redacci\u00f3n","twitter_card":"summary_large_image","twitter_misc":{"Escrito por":"Redacci\u00f3n","Tiempo de lectura":"1 minuto"},"schema":{"@context":"https:\/\/schema.org","@graph":[{"@type":"Article","@id":"https:\/\/conexion23.com\/?p=63007#article","isPartOf":{"@id":"https:\/\/conexion23.com\/?p=63007"},"author":{"name":"Redacci\u00f3n","@id":"https:\/\/conexion23.com\/#\/schema\/person\/0a860802b17d01ad2a278f53c507c296"},"headline":"Varias personas resultan heridas tras accidente en la avenida Estrell\u00e1 Sadhal\u00e1 de Santiago","datePublished":"2026-09-03T16:25:18+00:00","mainEntityOfPage":{"@id":"https:\/\/conexion23.com\/?p=63007"},"wordCount":169,"commentCount":0,"publisher":{"@id":"https:\/\/conexion23.com\/#organization"},"image":{"@id":"https:\/\/conexion23.com\/?p=63007#primaryimage"},"thumbnailUrl":"https:\/\/conexion23.com\/wp-content\/uploads\/2026\/09\/Varias-personas-resultan-heridas-tras-accidente-en-la-avenida-Estrella-Sadhala-de-Santiago.webp","keywords":["accidente","Estrell\u00e1 Sadhal\u00e1","poste de luz"],"articleSection":["Municipales","Portada"],"inLanguage":"es","potentialAction":[{"@type":"CommentAction","name":"Comment","target":["https:\/\/conexion23.com\/?p=63007#respond"]}]},{"@type":"WebPage","@id":"https:\/\/conexion23.com\/?p=63007","url":"https:\/\/conexion23.com\/?p=63007","name":"Varias personas resultan heridas tras accidente en la avenida Estrell\u00e1 Sadhal\u00e1 de Santiago - Conexi\u00f3n 23","isPartOf":{"@id":"https:\/\/conexion23.com\/#website"},"primaryImageOfPage":{"@id":"https:\/\/conexion23.com\/?p=63007#primaryimage"},"image":{"@id":"https:\/\/conexion23.com\/?p=63007#primaryimage"},"thumbnailUrl":"https:\/\/conexion23.com\/wp-content\/uploads\/2026\/09\/Varias-personas-resultan-heridas-tras-accidente-en-la-avenida-Estrella-Sadhala-de-Santiago.webp","datePublished":"2026-09-03T16:25:18+00:00","breadcrumb":{"@id":"https:\/\/conexion23.com\/?p=63007#breadcrumb"},"inLanguage":"es","potentialAction":[{"@type":"ReadAction","target":["https:\/\/conexion23.com\/?p=63007"]}]},{"@type":"ImageObject","inLanguage":"es","@id":"https:\/\/conexion23.com\/?p=63007#primaryimage","url":"https:\/\/conexion23.com\/wp-content\/uploads\/2026\/09\/Varias-personas-resultan-heridas-tras-accidente-en-la-avenida-Estrella-Sadhala-de-Santiago.webp","contentUrl":"https:\/\/conexion23.com\/wp-content\/uploads\/2026\/09\/Varias-personas-resultan-heridas-tras-accidente-en-la-avenida-Estrella-Sadhala-de-Santiago.webp","width":1280,"height":720},{"@type":"BreadcrumbList","@id":"https:\/\/conexion23.com\/?p=63007#breadcrumb","itemListElement":[{"@type":"ListItem","position":1,"name":"Portada","item":"https:\/\/conexion23.com\/"},{"@type":"ListItem","position":2,"name":"Varias personas resultan heridas tras accidente en la avenida Estrell\u00e1 Sadhal\u00e1 de Santiago"}]},{"@type":"WebSite","@id":"https:\/\/conexion23.com\/#website","url":"https:\/\/conexion23.com\/","name":"Conexi\u00f3n 23","description":"Peri\u00f3dico 100% Petromacorisano","publisher":{"@id":"https:\/\/conexion23.com\/#organization"},"potentialAction":[{"@type":"SearchAction","target":{"@type":"EntryPoint","urlTemplate":"https:\/\/conexion23.com\/?s={search_term_string}"},"query-input":{"@type":"PropertyValueSpecification","valueRequired":true,"valueName":"search_term_string"}}],"inLanguage":"es"},{"@type":"Organization","@id":"https:\/\/conexion23.com\/#organization","name":"Conexion 23","url":"https:\/\/conexion23.com\/","logo":{"@type":"ImageObject","inLanguage":"es","@id":"https:\/\/conexion23.com\/#\/schema\/logo\/image\/","url":"https:\/\/conexion23.com\/wp-content\/uploads\/2021\/11\/Diseno-sin-titulo-2.png","contentUrl":"https:\/\/conexion23.com\/wp-content\/uploads\/2021\/11\/Diseno-sin-titulo-2.png","width":541,"height":90,"caption":"Conexion 23"},"image":{"@id":"https:\/\/conexion23.com\/#\/schema\/logo\/image\/"},"sameAs":["https:\/\/www.facebook.com\/conexion23com","https:\/\/www.instagram.com\/conexion23com\/","https:\/\/www.youtube.com\/channel\/UCYc7vxxFZMYLIHNsHHxPZ3Q"]},{"@type":"Person","@id":"https:\/\/conexion23.com\/#\/schema\/person\/0a860802b17d01ad2a278f53c507c296","name":"Redacci\u00f3n","image":{"@type":"ImageObject","inLanguage":"es","@id":"https:\/\/secure.gravatar.com\/avatar\/ec9d84b79c776aa1994e5893944465db9974b17b884155623da51b7b62c02845?s=96&d=mm&r=g","url":"https:\/\/secure.gravatar.com\/avatar\/ec9d84b79c776aa1994e5893944465db9974b17b884155623da51b7b62c02845?s=96&d=mm&r=g","contentUrl":"https:\/\/secure.gravatar.com\/avatar\/ec9d84b79c776aa1994e5893944465db9974b17b884155623da51b7b62c02845?s=96&d=mm&r=g","caption":"Redacci\u00f3n"},"url":"https:\/\/conexion23.com\/?author=18"}]}},"_links":{"self":[{"href":"https:\/\/conexion23.com\/index.php?rest_route=\/wp\/v2\/posts\/63007","targetHints":{"allow":["GET"]}}],"collection":[{"href":"https:\/\/conexion23.com\/index.php?rest_route=\/wp\/v2\/posts"}],"about":[{"href":"https:\/\/conexion23.com\/index.php?rest_route=\/wp\/v2\/types\/post"}],"author":[{"embeddable":true,"href":"https:\/\/conexion23.com\/index.php?rest_route=\/wp\/v2\/users\/18"}],"replies":[{"embeddable":true,"href":"https:\/\/conexion23.com\/index.php?rest_route=%2Fwp%2Fv2%2Fcomments&post=63007"}],"version-history":[{"count":1,"href":"https:\/\/conexion23.com\/index.php?rest_route=\/wp\/v2\/posts\/63007\/revisions"}],"predecessor-version":[{"id":63009,"href":"https:\/\/conexion23.com\/index.php?rest_route=\/wp\/v2\/posts\/63007\/revisions\/63009"}],"wp:featuredmedia":[{"embeddable":true,"href":"https:\/\/conexion23.com\/index.php?rest_route=\/wp\/v2\/media\/63008"}],"wp:attachment":[{"href":"https:\/\/conexion23.com\/index.php?rest_route=%2Fwp%2Fv2%2Fmedia&parent=63007"}],"wp:term":[{"taxonomy":"category","embeddable":true,"href":"https:\/\/conexion23.com\/index.php?rest_route=%2Fwp%2Fv2%2Fcategories&post=63007"},{"taxonomy":"post_tag","embeddable":true,"href":"https:\/\/conexion23.com\/index.php?rest_route=%2Fwp%2Fv2%2Ftags&post=63007"}],"curies":[{"name":"wp","href":"https:\/\/api.w.org\/{rel}","templated":true}]}}