{"id":63013,"date":"2026-09-03T17:24:40","date_gmt":"2026-09-03T21:24:40","guid":{"rendered":"https:\/\/conexion23.com\/?p=63013"},"modified":"2026-09-03T17:27:41","modified_gmt":"2026-09-03T21:27:41","slug":"63013","status":"publish","type":"post","link":"https:\/\/conexion23.com\/?p=63013","title":{"rendered":"El pa\u00eds probar\u00e1 alertas directas a celulares en el simulacro de sismo del 8 de septiembre"},"content":{"rendered":"<p style=\"text-align: justify;\">La\u00a0Rep\u00fablica Dominicana\u00a0realizar\u00e1 el pr\u00f3ximo\u00a0martes 8 de septiembre, a las 10:00 de la ma\u00f1ana, un\u00a0simulacro nacional de evacuaci\u00f3n\u00a0ante\u00a0terremotos\u00a0que incluir\u00e1 la activaci\u00f3n de\u00a0sirenas, silbatos y altavoces, adem\u00e1s de una prueba de un sistema de\u00a0mensajer\u00eda instant\u00e1nea\u00a0que enviar\u00eda\u00a0alertas directamente\u00a0a los\u00a0tel\u00e9fonos celulares.<\/p>\n<p style=\"text-align: justify;\">El\u00a0director del Centro de Operaciones de Emergencias\u00a0(COE),\u00a0Edwin Olivares, explic\u00f3 que el ejercicio permitir\u00e1\u00a0evaluar los planes de evacuaci\u00f3n\u00a0y la\u00a0capacidad de respuesta\u00a0de las instituciones,\u00a0empresas, centros educativos, comunidades y familias.<\/p>\n<p style=\"text-align: justify;\">\u00abLos sismos no avisan, la\u00a0preparaci\u00f3n comienza antes\u00bb, expres\u00f3\u00a0Olivares\u00a0durante una rueda de prensa en el\u00a0Palacio Nacional.<\/p>\n<p style=\"text-align: justify;\">El funcionario explic\u00f3 que el\u00a0simulacro busca\u00a0ir m\u00e1s all\u00e1 de la evacuaci\u00f3n de edificios, viviendas y comunidades, ya que tambi\u00e9n permitir\u00e1 poner a prueba los\u00a0protocolos de actuaci\u00f3n, la\u00a0comunicaci\u00f3n y la coordinaci\u00f3n\u00a0entre las instituciones que forman parte del sistema de respuesta.<\/p>\n<p style=\"text-align: justify;\">\u00abEste\u00a0ejercicio va mucho all\u00e1\u00a0de evacuar una edificaci\u00f3n, comunidad o vivienda. Vamos a ejercitar nuestros planes, protocolo de actuaci\u00f3n, la organizaci\u00f3n, la comunicaci\u00f3n, la coordinaci\u00f3n interinstitucional, en fin, la\u00a0capacidad de respuesta\u00a0del\u00a0pa\u00eds\u00bb, afirm\u00f3.<\/p>\n","protected":false},"excerpt":{"rendered":"<p>La\u00a0Rep\u00fablica Dominicana\u00a0realizar\u00e1 el pr\u00f3ximo\u00a0martes 8 de septiembre, a las 10:00 de la ma\u00f1ana, un\u00a0simulacro nacional de evacuaci\u00f3n\u00a0ante\u00a0terremotos\u00a0que incluir\u00e1 la activaci\u00f3n de\u00a0sirenas, silbatos y altavoces, adem\u00e1s de una prueba de un sistema de\u00a0mensajer\u00eda instant\u00e1nea\u00a0que enviar\u00eda\u00a0alertas directamente\u00a0a los\u00a0tel\u00e9fonos celulares. El\u00a0director del Centro de Operaciones de Emergencias\u00a0(COE),\u00a0Edwin Olivares, explic\u00f3 que el ejercicio permitir\u00e1\u00a0evaluar los planes de evacuaci\u00f3n\u00a0y la\u00a0capacidad [&hellip;]<\/p>\n","protected":false},"author":15,"featured_media":63016,"comment_status":"open","ping_status":"open","sticky":false,"template":"","format":"standard","meta":{"footnotes":""},"categories":[3913,3773],"tags":[2643,6042,11631,4395,11632],"class_list":["post-63013","post","type-post","status-publish","format-standard","has-post-thumbnail","category-nacionales","category-portada","tag-alertas","tag-celulares","tag-el-pais","tag-simulacro","tag-simulacro-de-sismo"],"yoast_head":"<!-- This site is optimized with the Yoast SEO plugin v27.6 - https:\/\/yoast.com\/product\/yoast-seo-wordpress\/ -->\n<title>El pa\u00eds probar\u00e1 alertas directas a celulares en el simulacro de sismo del 8 de septiembre - Conexi\u00f3n 23<\/title>\n<meta name=\"robots\" content=\"index, follow, max-snippet:-1, max-image-preview:large, max-video-preview:-1\" \/>\n<link rel=\"canonical\" href=\"https:\/\/conexion23.com\/?p=63013\" \/>\n<meta property=\"og:locale\" content=\"es_ES\" \/>\n<meta property=\"og:type\" content=\"article\" \/>\n<meta property=\"og:title\" content=\"El pa\u00eds probar\u00e1 alertas directas a celulares en el simulacro de sismo del 8 de septiembre - Conexi\u00f3n 23\" \/>\n<meta property=\"og:description\" content=\"La\u00a0Rep\u00fablica Dominicana\u00a0realizar\u00e1 el pr\u00f3ximo\u00a0martes 8 de septiembre, a las 10:00 de la ma\u00f1ana, un\u00a0simulacro nacional de evacuaci\u00f3n\u00a0ante\u00a0terremotos\u00a0que incluir\u00e1 la activaci\u00f3n de\u00a0sirenas, silbatos y altavoces, adem\u00e1s de una prueba de un sistema de\u00a0mensajer\u00eda instant\u00e1nea\u00a0que enviar\u00eda\u00a0alertas directamente\u00a0a los\u00a0tel\u00e9fonos celulares. El\u00a0director del Centro de Operaciones de Emergencias\u00a0(COE),\u00a0Edwin Olivares, explic\u00f3 que el ejercicio permitir\u00e1\u00a0evaluar los planes de evacuaci\u00f3n\u00a0y la\u00a0capacidad [&hellip;]\" \/>\n<meta property=\"og:url\" content=\"https:\/\/conexion23.com\/?p=63013\" \/>\n<meta property=\"og:site_name\" content=\"Conexi\u00f3n 23\" \/>\n<meta property=\"article:publisher\" content=\"https:\/\/www.facebook.com\/conexion23com\" \/>\n<meta property=\"article:published_time\" content=\"2026-09-03T21:24:40+00:00\" \/>\n<meta property=\"article:modified_time\" content=\"2026-09-03T21:27:41+00:00\" \/>\n<meta property=\"og:image\" content=\"http:\/\/conexion23.com\/wp-content\/uploads\/2026\/09\/alerta-terremoto.jpg\" \/>\n\t<meta property=\"og:image:width\" content=\"896\" \/>\n\t<meta property=\"og:image:height\" content=\"504\" \/>\n\t<meta property=\"og:image:type\" content=\"image\/jpeg\" \/>\n<meta name=\"author\" content=\"Raffy Ben\u00edtez\" \/>\n<meta name=\"twitter:card\" content=\"summary_large_image\" \/>\n<meta name=\"twitter:label1\" content=\"Escrito por\" \/>\n\t<meta name=\"twitter:data1\" content=\"Raffy Ben\u00edtez\" \/>\n\t<meta name=\"twitter:label2\" content=\"Tiempo de lectura\" \/>\n\t<meta name=\"twitter:data2\" content=\"2 minutos\" \/>\n<script type=\"application\/ld+json\" class=\"yoast-schema-graph\">{\"@context\":\"https:\\\/\\\/schema.org\",\"@graph\":[{\"@type\":\"Article\",\"@id\":\"https:\\\/\\\/conexion23.com\\\/?p=63013#article\",\"isPartOf\":{\"@id\":\"https:\\\/\\\/conexion23.com\\\/?p=63013\"},\"author\":{\"name\":\"Raffy Ben\u00edtez\",\"@id\":\"https:\\\/\\\/conexion23.com\\\/#\\\/schema\\\/person\\\/03e36043331117e97a373299bbcd30a6\"},\"headline\":\"El pa\u00eds probar\u00e1 alertas directas a celulares en el simulacro de sismo del 8 de septiembre\",\"datePublished\":\"2026-09-03T21:24:40+00:00\",\"dateModified\":\"2026-09-03T21:27:41+00:00\",\"mainEntityOfPage\":{\"@id\":\"https:\\\/\\\/conexion23.com\\\/?p=63013\"},\"wordCount\":222,\"commentCount\":0,\"publisher\":{\"@id\":\"https:\\\/\\\/conexion23.com\\\/#organization\"},\"image\":{\"@id\":\"https:\\\/\\\/conexion23.com\\\/?p=63013#primaryimage\"},\"thumbnailUrl\":\"https:\\\/\\\/conexion23.com\\\/wp-content\\\/uploads\\\/2026\\\/09\\\/alerta-terremoto.jpg\",\"keywords\":[\"alertas\",\"celulares\",\"El pa\u00eds\",\"simulacro\",\"simulacro de sismo\"],\"articleSection\":[\"Nacionales\",\"Portada\"],\"inLanguage\":\"es\",\"potentialAction\":[{\"@type\":\"CommentAction\",\"name\":\"Comment\",\"target\":[\"https:\\\/\\\/conexion23.com\\\/?p=63013#respond\"]}]},{\"@type\":\"WebPage\",\"@id\":\"https:\\\/\\\/conexion23.com\\\/?p=63013\",\"url\":\"https:\\\/\\\/conexion23.com\\\/?p=63013\",\"name\":\"El pa\u00eds probar\u00e1 alertas directas a celulares en el simulacro de sismo del 8 de septiembre - Conexi\u00f3n 23\",\"isPartOf\":{\"@id\":\"https:\\\/\\\/conexion23.com\\\/#website\"},\"primaryImageOfPage\":{\"@id\":\"https:\\\/\\\/conexion23.com\\\/?p=63013#primaryimage\"},\"image\":{\"@id\":\"https:\\\/\\\/conexion23.com\\\/?p=63013#primaryimage\"},\"thumbnailUrl\":\"https:\\\/\\\/conexion23.com\\\/wp-content\\\/uploads\\\/2026\\\/09\\\/alerta-terremoto.jpg\",\"datePublished\":\"2026-09-03T21:24:40+00:00\",\"dateModified\":\"2026-09-03T21:27:41+00:00\",\"breadcrumb\":{\"@id\":\"https:\\\/\\\/conexion23.com\\\/?p=63013#breadcrumb\"},\"inLanguage\":\"es\",\"potentialAction\":[{\"@type\":\"ReadAction\",\"target\":[\"https:\\\/\\\/conexion23.com\\\/?p=63013\"]}]},{\"@type\":\"ImageObject\",\"inLanguage\":\"es\",\"@id\":\"https:\\\/\\\/conexion23.com\\\/?p=63013#primaryimage\",\"url\":\"https:\\\/\\\/conexion23.com\\\/wp-content\\\/uploads\\\/2026\\\/09\\\/alerta-terremoto.jpg\",\"contentUrl\":\"https:\\\/\\\/conexion23.com\\\/wp-content\\\/uploads\\\/2026\\\/09\\\/alerta-terremoto.jpg\",\"width\":896,\"height\":504},{\"@type\":\"BreadcrumbList\",\"@id\":\"https:\\\/\\\/conexion23.com\\\/?p=63013#breadcrumb\",\"itemListElement\":[{\"@type\":\"ListItem\",\"position\":1,\"name\":\"Portada\",\"item\":\"https:\\\/\\\/conexion23.com\\\/\"},{\"@type\":\"ListItem\",\"position\":2,\"name\":\"El pa\u00eds probar\u00e1 alertas directas a celulares en el simulacro de sismo del 8 de septiembre\"}]},{\"@type\":\"WebSite\",\"@id\":\"https:\\\/\\\/conexion23.com\\\/#website\",\"url\":\"https:\\\/\\\/conexion23.com\\\/\",\"name\":\"Conexi\u00f3n 23\",\"description\":\"Peri\u00f3dico 100% Petromacorisano\",\"publisher\":{\"@id\":\"https:\\\/\\\/conexion23.com\\\/#organization\"},\"potentialAction\":[{\"@type\":\"SearchAction\",\"target\":{\"@type\":\"EntryPoint\",\"urlTemplate\":\"https:\\\/\\\/conexion23.com\\\/?s={search_term_string}\"},\"query-input\":{\"@type\":\"PropertyValueSpecification\",\"valueRequired\":true,\"valueName\":\"search_term_string\"}}],\"inLanguage\":\"es\"},{\"@type\":\"Organization\",\"@id\":\"https:\\\/\\\/conexion23.com\\\/#organization\",\"name\":\"Conexion 23\",\"url\":\"https:\\\/\\\/conexion23.com\\\/\",\"logo\":{\"@type\":\"ImageObject\",\"inLanguage\":\"es\",\"@id\":\"https:\\\/\\\/conexion23.com\\\/#\\\/schema\\\/logo\\\/image\\\/\",\"url\":\"https:\\\/\\\/conexion23.com\\\/wp-content\\\/uploads\\\/2021\\\/11\\\/Diseno-sin-titulo-2.png\",\"contentUrl\":\"https:\\\/\\\/conexion23.com\\\/wp-content\\\/uploads\\\/2021\\\/11\\\/Diseno-sin-titulo-2.png\",\"width\":541,\"height\":90,\"caption\":\"Conexion 23\"},\"image\":{\"@id\":\"https:\\\/\\\/conexion23.com\\\/#\\\/schema\\\/logo\\\/image\\\/\"},\"sameAs\":[\"https:\\\/\\\/www.facebook.com\\\/conexion23com\",\"https:\\\/\\\/www.instagram.com\\\/conexion23com\\\/\",\"https:\\\/\\\/www.youtube.com\\\/channel\\\/UCYc7vxxFZMYLIHNsHHxPZ3Q\"]},{\"@type\":\"Person\",\"@id\":\"https:\\\/\\\/conexion23.com\\\/#\\\/schema\\\/person\\\/03e36043331117e97a373299bbcd30a6\",\"name\":\"Raffy Ben\u00edtez\",\"image\":{\"@type\":\"ImageObject\",\"inLanguage\":\"es\",\"@id\":\"https:\\\/\\\/secure.gravatar.com\\\/avatar\\\/3190a6a6c5e1b0327500f7d6c56b6242472ee6cb974cf09b401ee6b3b0798f23?s=96&d=mm&r=g\",\"url\":\"https:\\\/\\\/secure.gravatar.com\\\/avatar\\\/3190a6a6c5e1b0327500f7d6c56b6242472ee6cb974cf09b401ee6b3b0798f23?s=96&d=mm&r=g\",\"contentUrl\":\"https:\\\/\\\/secure.gravatar.com\\\/avatar\\\/3190a6a6c5e1b0327500f7d6c56b6242472ee6cb974cf09b401ee6b3b0798f23?s=96&d=mm&r=g\",\"caption\":\"Raffy Ben\u00edtez\"},\"url\":\"https:\\\/\\\/conexion23.com\\\/?author=15\"}]}<\/script>\n<!-- \/ Yoast SEO plugin. -->","yoast_head_json":{"title":"El pa\u00eds probar\u00e1 alertas directas a celulares en el simulacro de sismo del 8 de septiembre - Conexi\u00f3n 23","robots":{"index":"index","follow":"follow","max-snippet":"max-snippet:-1","max-image-preview":"max-image-preview:large","max-video-preview":"max-video-preview:-1"},"canonical":"https:\/\/conexion23.com\/?p=63013","og_locale":"es_ES","og_type":"article","og_title":"El pa\u00eds probar\u00e1 alertas directas a celulares en el simulacro de sismo del 8 de septiembre - Conexi\u00f3n 23","og_description":"La\u00a0Rep\u00fablica Dominicana\u00a0realizar\u00e1 el pr\u00f3ximo\u00a0martes 8 de septiembre, a las 10:00 de la ma\u00f1ana, un\u00a0simulacro nacional de evacuaci\u00f3n\u00a0ante\u00a0terremotos\u00a0que incluir\u00e1 la activaci\u00f3n de\u00a0sirenas, silbatos y altavoces, adem\u00e1s de una prueba de un sistema de\u00a0mensajer\u00eda instant\u00e1nea\u00a0que enviar\u00eda\u00a0alertas directamente\u00a0a los\u00a0tel\u00e9fonos celulares. El\u00a0director del Centro de Operaciones de Emergencias\u00a0(COE),\u00a0Edwin Olivares, explic\u00f3 que el ejercicio permitir\u00e1\u00a0evaluar los planes de evacuaci\u00f3n\u00a0y la\u00a0capacidad [&hellip;]","og_url":"https:\/\/conexion23.com\/?p=63013","og_site_name":"Conexi\u00f3n 23","article_publisher":"https:\/\/www.facebook.com\/conexion23com","article_published_time":"2026-09-03T21:24:40+00:00","article_modified_time":"2026-09-03T21:27:41+00:00","og_image":[{"width":896,"height":504,"url":"http:\/\/conexion23.com\/wp-content\/uploads\/2026\/09\/alerta-terremoto.jpg","type":"image\/jpeg"}],"author":"Raffy Ben\u00edtez","twitter_card":"summary_large_image","twitter_misc":{"Escrito por":"Raffy Ben\u00edtez","Tiempo de lectura":"2 minutos"},"schema":{"@context":"https:\/\/schema.org","@graph":[{"@type":"Article","@id":"https:\/\/conexion23.com\/?p=63013#article","isPartOf":{"@id":"https:\/\/conexion23.com\/?p=63013"},"author":{"name":"Raffy Ben\u00edtez","@id":"https:\/\/conexion23.com\/#\/schema\/person\/03e36043331117e97a373299bbcd30a6"},"headline":"El pa\u00eds probar\u00e1 alertas directas a celulares en el simulacro de sismo del 8 de septiembre","datePublished":"2026-09-03T21:24:40+00:00","dateModified":"2026-09-03T21:27:41+00:00","mainEntityOfPage":{"@id":"https:\/\/conexion23.com\/?p=63013"},"wordCount":222,"commentCount":0,"publisher":{"@id":"https:\/\/conexion23.com\/#organization"},"image":{"@id":"https:\/\/conexion23.com\/?p=63013#primaryimage"},"thumbnailUrl":"https:\/\/conexion23.com\/wp-content\/uploads\/2026\/09\/alerta-terremoto.jpg","keywords":["alertas","celulares","El pa\u00eds","simulacro","simulacro de sismo"],"articleSection":["Nacionales","Portada"],"inLanguage":"es","potentialAction":[{"@type":"CommentAction","name":"Comment","target":["https:\/\/conexion23.com\/?p=63013#respond"]}]},{"@type":"WebPage","@id":"https:\/\/conexion23.com\/?p=63013","url":"https:\/\/conexion23.com\/?p=63013","name":"El pa\u00eds probar\u00e1 alertas directas a celulares en el simulacro de sismo del 8 de septiembre - Conexi\u00f3n 23","isPartOf":{"@id":"https:\/\/conexion23.com\/#website"},"primaryImageOfPage":{"@id":"https:\/\/conexion23.com\/?p=63013#primaryimage"},"image":{"@id":"https:\/\/conexion23.com\/?p=63013#primaryimage"},"thumbnailUrl":"https:\/\/conexion23.com\/wp-content\/uploads\/2026\/09\/alerta-terremoto.jpg","datePublished":"2026-09-03T21:24:40+00:00","dateModified":"2026-09-03T21:27:41+00:00","breadcrumb":{"@id":"https:\/\/conexion23.com\/?p=63013#breadcrumb"},"inLanguage":"es","potentialAction":[{"@type":"ReadAction","target":["https:\/\/conexion23.com\/?p=63013"]}]},{"@type":"ImageObject","inLanguage":"es","@id":"https:\/\/conexion23.com\/?p=63013#primaryimage","url":"https:\/\/conexion23.com\/wp-content\/uploads\/2026\/09\/alerta-terremoto.jpg","contentUrl":"https:\/\/conexion23.com\/wp-content\/uploads\/2026\/09\/alerta-terremoto.jpg","width":896,"height":504},{"@type":"BreadcrumbList","@id":"https:\/\/conexion23.com\/?p=63013#breadcrumb","itemListElement":[{"@type":"ListItem","position":1,"name":"Portada","item":"https:\/\/conexion23.com\/"},{"@type":"ListItem","position":2,"name":"El pa\u00eds probar\u00e1 alertas directas a celulares en el simulacro de sismo del 8 de septiembre"}]},{"@type":"WebSite","@id":"https:\/\/conexion23.com\/#website","url":"https:\/\/conexion23.com\/","name":"Conexi\u00f3n 23","description":"Peri\u00f3dico 100% Petromacorisano","publisher":{"@id":"https:\/\/conexion23.com\/#organization"},"potentialAction":[{"@type":"SearchAction","target":{"@type":"EntryPoint","urlTemplate":"https:\/\/conexion23.com\/?s={search_term_string}"},"query-input":{"@type":"PropertyValueSpecification","valueRequired":true,"valueName":"search_term_string"}}],"inLanguage":"es"},{"@type":"Organization","@id":"https:\/\/conexion23.com\/#organization","name":"Conexion 23","url":"https:\/\/conexion23.com\/","logo":{"@type":"ImageObject","inLanguage":"es","@id":"https:\/\/conexion23.com\/#\/schema\/logo\/image\/","url":"https:\/\/conexion23.com\/wp-content\/uploads\/2021\/11\/Diseno-sin-titulo-2.png","contentUrl":"https:\/\/conexion23.com\/wp-content\/uploads\/2021\/11\/Diseno-sin-titulo-2.png","width":541,"height":90,"caption":"Conexion 23"},"image":{"@id":"https:\/\/conexion23.com\/#\/schema\/logo\/image\/"},"sameAs":["https:\/\/www.facebook.com\/conexion23com","https:\/\/www.instagram.com\/conexion23com\/","https:\/\/www.youtube.com\/channel\/UCYc7vxxFZMYLIHNsHHxPZ3Q"]},{"@type":"Person","@id":"https:\/\/conexion23.com\/#\/schema\/person\/03e36043331117e97a373299bbcd30a6","name":"Raffy Ben\u00edtez","image":{"@type":"ImageObject","inLanguage":"es","@id":"https:\/\/secure.gravatar.com\/avatar\/3190a6a6c5e1b0327500f7d6c56b6242472ee6cb974cf09b401ee6b3b0798f23?s=96&d=mm&r=g","url":"https:\/\/secure.gravatar.com\/avatar\/3190a6a6c5e1b0327500f7d6c56b6242472ee6cb974cf09b401ee6b3b0798f23?s=96&d=mm&r=g","contentUrl":"https:\/\/secure.gravatar.com\/avatar\/3190a6a6c5e1b0327500f7d6c56b6242472ee6cb974cf09b401ee6b3b0798f23?s=96&d=mm&r=g","caption":"Raffy Ben\u00edtez"},"url":"https:\/\/conexion23.com\/?author=15"}]}},"_links":{"self":[{"href":"https:\/\/conexion23.com\/index.php?rest_route=\/wp\/v2\/posts\/63013","targetHints":{"allow":["GET"]}}],"collection":[{"href":"https:\/\/conexion23.com\/index.php?rest_route=\/wp\/v2\/posts"}],"about":[{"href":"https:\/\/conexion23.com\/index.php?rest_route=\/wp\/v2\/types\/post"}],"author":[{"embeddable":true,"href":"https:\/\/conexion23.com\/index.php?rest_route=\/wp\/v2\/users\/15"}],"replies":[{"embeddable":true,"href":"https:\/\/conexion23.com\/index.php?rest_route=%2Fwp%2Fv2%2Fcomments&post=63013"}],"version-history":[{"count":3,"href":"https:\/\/conexion23.com\/index.php?rest_route=\/wp\/v2\/posts\/63013\/revisions"}],"predecessor-version":[{"id":63017,"href":"https:\/\/conexion23.com\/index.php?rest_route=\/wp\/v2\/posts\/63013\/revisions\/63017"}],"wp:featuredmedia":[{"embeddable":true,"href":"https:\/\/conexion23.com\/index.php?rest_route=\/wp\/v2\/media\/63016"}],"wp:attachment":[{"href":"https:\/\/conexion23.com\/index.php?rest_route=%2Fwp%2Fv2%2Fmedia&parent=63013"}],"wp:term":[{"taxonomy":"category","embeddable":true,"href":"https:\/\/conexion23.com\/index.php?rest_route=%2Fwp%2Fv2%2Fcategories&post=63013"},{"taxonomy":"post_tag","embeddable":true,"href":"https:\/\/conexion23.com\/index.php?rest_route=%2Fwp%2Fv2%2Ftags&post=63013"}],"curies":[{"name":"wp","href":"https:\/\/api.w.org\/{rel}","templated":true}]}}