{"id":63018,"date":"2026-09-03T17:43:22","date_gmt":"2026-09-03T21:43:22","guid":{"rendered":"https:\/\/conexion23.com\/?p=63018"},"modified":"2026-09-03T17:43:22","modified_gmt":"2026-09-03T21:43:22","slug":"hombre-muere-tras-ser-impactado-por-un-vehiculo-en-veron-punta-cana","status":"publish","type":"post","link":"https:\/\/conexion23.com\/?p=63018","title":{"rendered":"Hombre muere tras ser impactado por un veh\u00edculo en Ver\u00f3n Punta Cana"},"content":{"rendered":"<p style=\"text-align: justify;\">\u00a0Un hombre perdi\u00f3 la vida la noche de este mi\u00e9rcoles tras la motocicleta en que se desplazaba ser impactada por un veh\u00edculo en el Cruce de Macao, distrito municipal Ver\u00f3n-Punta Cana, provincia La Altagracia.<\/p>\n<p style=\"text-align: justify;\">La v\u00edctima fue identificada como Edwin Aquiles Guerrero Caraballo, 51 a\u00f1os de edad, este resid\u00eda en el municipio de Hig\u00fcey.<\/p>\n<p style=\"text-align: justify;\">De acuerdo con el informe preliminar, Guerrero Caraballo se desplazaba en una motocicleta marca Nipponia, de color blanco, cuando fue impactado por un autom\u00f3vil Hyundai Sonata, de color gris. Seg\u00fan testigos, el conductor del veh\u00edculo abandon\u00f3 la escena inmediatamente despu\u00e9s del accidente.<\/p>\n<p style=\"text-align: justify;\">El cad\u00e1ver fue levantado por el INACIF, qui\u00e9n lo env\u00edo a la morgue del Hospital local, para fines correspondientes.<\/p>\n<p style=\"text-align: justify;\">Las autoridades de tr\u00e1nsito informaron que el hecho se encuentra bajo investigaci\u00f3n.<\/p>\n","protected":false},"excerpt":{"rendered":"<p>\u00a0Un hombre perdi\u00f3 la vida la noche de este mi\u00e9rcoles tras la motocicleta en que se desplazaba ser impactada por un veh\u00edculo en el Cruce de Macao, distrito municipal Ver\u00f3n-Punta Cana, provincia La Altagracia. La v\u00edctima fue identificada como Edwin Aquiles Guerrero Caraballo, 51 a\u00f1os de edad, este resid\u00eda en el municipio de Hig\u00fcey. De [&hellip;]<\/p>\n","protected":false},"author":15,"featured_media":63019,"comment_status":"open","ping_status":"open","sticky":false,"template":"","format":"standard","meta":{"footnotes":""},"categories":[2474,12,3773,2472],"tags":[5591,299,753,424],"class_list":["post-63018","post","type-post","status-publish","format-standard","has-post-thumbnail","category-la-altagracia","category-municipales","category-portada","category-provincias-del-este","tag-hombre-muere","tag-punta-cana","tag-vehiculo","tag-veron"],"yoast_head":"<!-- This site is optimized with the Yoast SEO plugin v27.6 - https:\/\/yoast.com\/product\/yoast-seo-wordpress\/ -->\n<title>Hombre muere tras ser impactado por un veh\u00edculo en Ver\u00f3n Punta Cana - Conexi\u00f3n 23<\/title>\n<meta name=\"robots\" content=\"index, follow, max-snippet:-1, max-image-preview:large, max-video-preview:-1\" \/>\n<link rel=\"canonical\" href=\"https:\/\/conexion23.com\/?p=63018\" \/>\n<meta property=\"og:locale\" content=\"es_ES\" \/>\n<meta property=\"og:type\" content=\"article\" \/>\n<meta property=\"og:title\" content=\"Hombre muere tras ser impactado por un veh\u00edculo en Ver\u00f3n Punta Cana - Conexi\u00f3n 23\" \/>\n<meta property=\"og:description\" content=\"\u00a0Un hombre perdi\u00f3 la vida la noche de este mi\u00e9rcoles tras la motocicleta en que se desplazaba ser impactada por un veh\u00edculo en el Cruce de Macao, distrito municipal Ver\u00f3n-Punta Cana, provincia La Altagracia. La v\u00edctima fue identificada como Edwin Aquiles Guerrero Caraballo, 51 a\u00f1os de edad, este resid\u00eda en el municipio de Hig\u00fcey. De [&hellip;]\" \/>\n<meta property=\"og:url\" content=\"https:\/\/conexion23.com\/?p=63018\" \/>\n<meta property=\"og:site_name\" content=\"Conexi\u00f3n 23\" \/>\n<meta property=\"article:publisher\" content=\"https:\/\/www.facebook.com\/conexion23com\" \/>\n<meta property=\"article:published_time\" content=\"2026-09-03T21:43:22+00:00\" \/>\n<meta property=\"og:image\" content=\"http:\/\/conexion23.com\/wp-content\/uploads\/2026\/09\/Edwin-Aquiles-Guerrero-Caraballo.jpg\" \/>\n\t<meta property=\"og:image:width\" content=\"320\" \/>\n\t<meta property=\"og:image:height\" content=\"230\" \/>\n\t<meta property=\"og:image:type\" content=\"image\/jpeg\" \/>\n<meta name=\"author\" content=\"Raffy Ben\u00edtez\" \/>\n<meta name=\"twitter:card\" content=\"summary_large_image\" \/>\n<meta name=\"twitter:label1\" content=\"Escrito por\" \/>\n\t<meta name=\"twitter:data1\" content=\"Raffy Ben\u00edtez\" \/>\n\t<meta name=\"twitter:label2\" content=\"Tiempo de lectura\" \/>\n\t<meta name=\"twitter:data2\" content=\"1 minuto\" \/>\n<script type=\"application\/ld+json\" class=\"yoast-schema-graph\">{\"@context\":\"https:\\\/\\\/schema.org\",\"@graph\":[{\"@type\":\"Article\",\"@id\":\"https:\\\/\\\/conexion23.com\\\/?p=63018#article\",\"isPartOf\":{\"@id\":\"https:\\\/\\\/conexion23.com\\\/?p=63018\"},\"author\":{\"name\":\"Raffy Ben\u00edtez\",\"@id\":\"https:\\\/\\\/conexion23.com\\\/#\\\/schema\\\/person\\\/03e36043331117e97a373299bbcd30a6\"},\"headline\":\"Hombre muere tras ser impactado por un veh\u00edculo en Ver\u00f3n Punta Cana\",\"datePublished\":\"2026-09-03T21:43:22+00:00\",\"mainEntityOfPage\":{\"@id\":\"https:\\\/\\\/conexion23.com\\\/?p=63018\"},\"wordCount\":156,\"commentCount\":0,\"publisher\":{\"@id\":\"https:\\\/\\\/conexion23.com\\\/#organization\"},\"image\":{\"@id\":\"https:\\\/\\\/conexion23.com\\\/?p=63018#primaryimage\"},\"thumbnailUrl\":\"https:\\\/\\\/conexion23.com\\\/wp-content\\\/uploads\\\/2026\\\/09\\\/Edwin-Aquiles-Guerrero-Caraballo.jpg\",\"keywords\":[\"Hombre muere\",\"punta cana\",\"Vehiculo\",\"Veron\"],\"articleSection\":[\"La Altagracia\",\"Municipales\",\"Portada\",\"Provincias del Este\"],\"inLanguage\":\"es\",\"potentialAction\":[{\"@type\":\"CommentAction\",\"name\":\"Comment\",\"target\":[\"https:\\\/\\\/conexion23.com\\\/?p=63018#respond\"]}]},{\"@type\":\"WebPage\",\"@id\":\"https:\\\/\\\/conexion23.com\\\/?p=63018\",\"url\":\"https:\\\/\\\/conexion23.com\\\/?p=63018\",\"name\":\"Hombre muere tras ser impactado por un veh\u00edculo en Ver\u00f3n Punta Cana - Conexi\u00f3n 23\",\"isPartOf\":{\"@id\":\"https:\\\/\\\/conexion23.com\\\/#website\"},\"primaryImageOfPage\":{\"@id\":\"https:\\\/\\\/conexion23.com\\\/?p=63018#primaryimage\"},\"image\":{\"@id\":\"https:\\\/\\\/conexion23.com\\\/?p=63018#primaryimage\"},\"thumbnailUrl\":\"https:\\\/\\\/conexion23.com\\\/wp-content\\\/uploads\\\/2026\\\/09\\\/Edwin-Aquiles-Guerrero-Caraballo.jpg\",\"datePublished\":\"2026-09-03T21:43:22+00:00\",\"breadcrumb\":{\"@id\":\"https:\\\/\\\/conexion23.com\\\/?p=63018#breadcrumb\"},\"inLanguage\":\"es\",\"potentialAction\":[{\"@type\":\"ReadAction\",\"target\":[\"https:\\\/\\\/conexion23.com\\\/?p=63018\"]}]},{\"@type\":\"ImageObject\",\"inLanguage\":\"es\",\"@id\":\"https:\\\/\\\/conexion23.com\\\/?p=63018#primaryimage\",\"url\":\"https:\\\/\\\/conexion23.com\\\/wp-content\\\/uploads\\\/2026\\\/09\\\/Edwin-Aquiles-Guerrero-Caraballo.jpg\",\"contentUrl\":\"https:\\\/\\\/conexion23.com\\\/wp-content\\\/uploads\\\/2026\\\/09\\\/Edwin-Aquiles-Guerrero-Caraballo.jpg\",\"width\":320,\"height\":230},{\"@type\":\"BreadcrumbList\",\"@id\":\"https:\\\/\\\/conexion23.com\\\/?p=63018#breadcrumb\",\"itemListElement\":[{\"@type\":\"ListItem\",\"position\":1,\"name\":\"Portada\",\"item\":\"https:\\\/\\\/conexion23.com\\\/\"},{\"@type\":\"ListItem\",\"position\":2,\"name\":\"Hombre muere tras ser impactado por un veh\u00edculo en Ver\u00f3n Punta Cana\"}]},{\"@type\":\"WebSite\",\"@id\":\"https:\\\/\\\/conexion23.com\\\/#website\",\"url\":\"https:\\\/\\\/conexion23.com\\\/\",\"name\":\"Conexi\u00f3n 23\",\"description\":\"Peri\u00f3dico 100% Petromacorisano\",\"publisher\":{\"@id\":\"https:\\\/\\\/conexion23.com\\\/#organization\"},\"potentialAction\":[{\"@type\":\"SearchAction\",\"target\":{\"@type\":\"EntryPoint\",\"urlTemplate\":\"https:\\\/\\\/conexion23.com\\\/?s={search_term_string}\"},\"query-input\":{\"@type\":\"PropertyValueSpecification\",\"valueRequired\":true,\"valueName\":\"search_term_string\"}}],\"inLanguage\":\"es\"},{\"@type\":\"Organization\",\"@id\":\"https:\\\/\\\/conexion23.com\\\/#organization\",\"name\":\"Conexion 23\",\"url\":\"https:\\\/\\\/conexion23.com\\\/\",\"logo\":{\"@type\":\"ImageObject\",\"inLanguage\":\"es\",\"@id\":\"https:\\\/\\\/conexion23.com\\\/#\\\/schema\\\/logo\\\/image\\\/\",\"url\":\"https:\\\/\\\/conexion23.com\\\/wp-content\\\/uploads\\\/2021\\\/11\\\/Diseno-sin-titulo-2.png\",\"contentUrl\":\"https:\\\/\\\/conexion23.com\\\/wp-content\\\/uploads\\\/2021\\\/11\\\/Diseno-sin-titulo-2.png\",\"width\":541,\"height\":90,\"caption\":\"Conexion 23\"},\"image\":{\"@id\":\"https:\\\/\\\/conexion23.com\\\/#\\\/schema\\\/logo\\\/image\\\/\"},\"sameAs\":[\"https:\\\/\\\/www.facebook.com\\\/conexion23com\",\"https:\\\/\\\/www.instagram.com\\\/conexion23com\\\/\",\"https:\\\/\\\/www.youtube.com\\\/channel\\\/UCYc7vxxFZMYLIHNsHHxPZ3Q\"]},{\"@type\":\"Person\",\"@id\":\"https:\\\/\\\/conexion23.com\\\/#\\\/schema\\\/person\\\/03e36043331117e97a373299bbcd30a6\",\"name\":\"Raffy Ben\u00edtez\",\"image\":{\"@type\":\"ImageObject\",\"inLanguage\":\"es\",\"@id\":\"https:\\\/\\\/secure.gravatar.com\\\/avatar\\\/3190a6a6c5e1b0327500f7d6c56b6242472ee6cb974cf09b401ee6b3b0798f23?s=96&d=mm&r=g\",\"url\":\"https:\\\/\\\/secure.gravatar.com\\\/avatar\\\/3190a6a6c5e1b0327500f7d6c56b6242472ee6cb974cf09b401ee6b3b0798f23?s=96&d=mm&r=g\",\"contentUrl\":\"https:\\\/\\\/secure.gravatar.com\\\/avatar\\\/3190a6a6c5e1b0327500f7d6c56b6242472ee6cb974cf09b401ee6b3b0798f23?s=96&d=mm&r=g\",\"caption\":\"Raffy Ben\u00edtez\"},\"url\":\"https:\\\/\\\/conexion23.com\\\/?author=15\"}]}<\/script>\n<!-- \/ Yoast SEO plugin. -->","yoast_head_json":{"title":"Hombre muere tras ser impactado por un veh\u00edculo en Ver\u00f3n Punta Cana - Conexi\u00f3n 23","robots":{"index":"index","follow":"follow","max-snippet":"max-snippet:-1","max-image-preview":"max-image-preview:large","max-video-preview":"max-video-preview:-1"},"canonical":"https:\/\/conexion23.com\/?p=63018","og_locale":"es_ES","og_type":"article","og_title":"Hombre muere tras ser impactado por un veh\u00edculo en Ver\u00f3n Punta Cana - Conexi\u00f3n 23","og_description":"\u00a0Un hombre perdi\u00f3 la vida la noche de este mi\u00e9rcoles tras la motocicleta en que se desplazaba ser impactada por un veh\u00edculo en el Cruce de Macao, distrito municipal Ver\u00f3n-Punta Cana, provincia La Altagracia. La v\u00edctima fue identificada como Edwin Aquiles Guerrero Caraballo, 51 a\u00f1os de edad, este resid\u00eda en el municipio de Hig\u00fcey. De [&hellip;]","og_url":"https:\/\/conexion23.com\/?p=63018","og_site_name":"Conexi\u00f3n 23","article_publisher":"https:\/\/www.facebook.com\/conexion23com","article_published_time":"2026-09-03T21:43:22+00:00","og_image":[{"width":320,"height":230,"url":"http:\/\/conexion23.com\/wp-content\/uploads\/2026\/09\/Edwin-Aquiles-Guerrero-Caraballo.jpg","type":"image\/jpeg"}],"author":"Raffy Ben\u00edtez","twitter_card":"summary_large_image","twitter_misc":{"Escrito por":"Raffy Ben\u00edtez","Tiempo de lectura":"1 minuto"},"schema":{"@context":"https:\/\/schema.org","@graph":[{"@type":"Article","@id":"https:\/\/conexion23.com\/?p=63018#article","isPartOf":{"@id":"https:\/\/conexion23.com\/?p=63018"},"author":{"name":"Raffy Ben\u00edtez","@id":"https:\/\/conexion23.com\/#\/schema\/person\/03e36043331117e97a373299bbcd30a6"},"headline":"Hombre muere tras ser impactado por un veh\u00edculo en Ver\u00f3n Punta Cana","datePublished":"2026-09-03T21:43:22+00:00","mainEntityOfPage":{"@id":"https:\/\/conexion23.com\/?p=63018"},"wordCount":156,"commentCount":0,"publisher":{"@id":"https:\/\/conexion23.com\/#organization"},"image":{"@id":"https:\/\/conexion23.com\/?p=63018#primaryimage"},"thumbnailUrl":"https:\/\/conexion23.com\/wp-content\/uploads\/2026\/09\/Edwin-Aquiles-Guerrero-Caraballo.jpg","keywords":["Hombre muere","punta cana","Vehiculo","Veron"],"articleSection":["La Altagracia","Municipales","Portada","Provincias del Este"],"inLanguage":"es","potentialAction":[{"@type":"CommentAction","name":"Comment","target":["https:\/\/conexion23.com\/?p=63018#respond"]}]},{"@type":"WebPage","@id":"https:\/\/conexion23.com\/?p=63018","url":"https:\/\/conexion23.com\/?p=63018","name":"Hombre muere tras ser impactado por un veh\u00edculo en Ver\u00f3n Punta Cana - Conexi\u00f3n 23","isPartOf":{"@id":"https:\/\/conexion23.com\/#website"},"primaryImageOfPage":{"@id":"https:\/\/conexion23.com\/?p=63018#primaryimage"},"image":{"@id":"https:\/\/conexion23.com\/?p=63018#primaryimage"},"thumbnailUrl":"https:\/\/conexion23.com\/wp-content\/uploads\/2026\/09\/Edwin-Aquiles-Guerrero-Caraballo.jpg","datePublished":"2026-09-03T21:43:22+00:00","breadcrumb":{"@id":"https:\/\/conexion23.com\/?p=63018#breadcrumb"},"inLanguage":"es","potentialAction":[{"@type":"ReadAction","target":["https:\/\/conexion23.com\/?p=63018"]}]},{"@type":"ImageObject","inLanguage":"es","@id":"https:\/\/conexion23.com\/?p=63018#primaryimage","url":"https:\/\/conexion23.com\/wp-content\/uploads\/2026\/09\/Edwin-Aquiles-Guerrero-Caraballo.jpg","contentUrl":"https:\/\/conexion23.com\/wp-content\/uploads\/2026\/09\/Edwin-Aquiles-Guerrero-Caraballo.jpg","width":320,"height":230},{"@type":"BreadcrumbList","@id":"https:\/\/conexion23.com\/?p=63018#breadcrumb","itemListElement":[{"@type":"ListItem","position":1,"name":"Portada","item":"https:\/\/conexion23.com\/"},{"@type":"ListItem","position":2,"name":"Hombre muere tras ser impactado por un veh\u00edculo en Ver\u00f3n Punta Cana"}]},{"@type":"WebSite","@id":"https:\/\/conexion23.com\/#website","url":"https:\/\/conexion23.com\/","name":"Conexi\u00f3n 23","description":"Peri\u00f3dico 100% Petromacorisano","publisher":{"@id":"https:\/\/conexion23.com\/#organization"},"potentialAction":[{"@type":"SearchAction","target":{"@type":"EntryPoint","urlTemplate":"https:\/\/conexion23.com\/?s={search_term_string}"},"query-input":{"@type":"PropertyValueSpecification","valueRequired":true,"valueName":"search_term_string"}}],"inLanguage":"es"},{"@type":"Organization","@id":"https:\/\/conexion23.com\/#organization","name":"Conexion 23","url":"https:\/\/conexion23.com\/","logo":{"@type":"ImageObject","inLanguage":"es","@id":"https:\/\/conexion23.com\/#\/schema\/logo\/image\/","url":"https:\/\/conexion23.com\/wp-content\/uploads\/2021\/11\/Diseno-sin-titulo-2.png","contentUrl":"https:\/\/conexion23.com\/wp-content\/uploads\/2021\/11\/Diseno-sin-titulo-2.png","width":541,"height":90,"caption":"Conexion 23"},"image":{"@id":"https:\/\/conexion23.com\/#\/schema\/logo\/image\/"},"sameAs":["https:\/\/www.facebook.com\/conexion23com","https:\/\/www.instagram.com\/conexion23com\/","https:\/\/www.youtube.com\/channel\/UCYc7vxxFZMYLIHNsHHxPZ3Q"]},{"@type":"Person","@id":"https:\/\/conexion23.com\/#\/schema\/person\/03e36043331117e97a373299bbcd30a6","name":"Raffy Ben\u00edtez","image":{"@type":"ImageObject","inLanguage":"es","@id":"https:\/\/secure.gravatar.com\/avatar\/3190a6a6c5e1b0327500f7d6c56b6242472ee6cb974cf09b401ee6b3b0798f23?s=96&d=mm&r=g","url":"https:\/\/secure.gravatar.com\/avatar\/3190a6a6c5e1b0327500f7d6c56b6242472ee6cb974cf09b401ee6b3b0798f23?s=96&d=mm&r=g","contentUrl":"https:\/\/secure.gravatar.com\/avatar\/3190a6a6c5e1b0327500f7d6c56b6242472ee6cb974cf09b401ee6b3b0798f23?s=96&d=mm&r=g","caption":"Raffy Ben\u00edtez"},"url":"https:\/\/conexion23.com\/?author=15"}]}},"_links":{"self":[{"href":"https:\/\/conexion23.com\/index.php?rest_route=\/wp\/v2\/posts\/63018","targetHints":{"allow":["GET"]}}],"collection":[{"href":"https:\/\/conexion23.com\/index.php?rest_route=\/wp\/v2\/posts"}],"about":[{"href":"https:\/\/conexion23.com\/index.php?rest_route=\/wp\/v2\/types\/post"}],"author":[{"embeddable":true,"href":"https:\/\/conexion23.com\/index.php?rest_route=\/wp\/v2\/users\/15"}],"replies":[{"embeddable":true,"href":"https:\/\/conexion23.com\/index.php?rest_route=%2Fwp%2Fv2%2Fcomments&post=63018"}],"version-history":[{"count":1,"href":"https:\/\/conexion23.com\/index.php?rest_route=\/wp\/v2\/posts\/63018\/revisions"}],"predecessor-version":[{"id":63020,"href":"https:\/\/conexion23.com\/index.php?rest_route=\/wp\/v2\/posts\/63018\/revisions\/63020"}],"wp:featuredmedia":[{"embeddable":true,"href":"https:\/\/conexion23.com\/index.php?rest_route=\/wp\/v2\/media\/63019"}],"wp:attachment":[{"href":"https:\/\/conexion23.com\/index.php?rest_route=%2Fwp%2Fv2%2Fmedia&parent=63018"}],"wp:term":[{"taxonomy":"category","embeddable":true,"href":"https:\/\/conexion23.com\/index.php?rest_route=%2Fwp%2Fv2%2Fcategories&post=63018"},{"taxonomy":"post_tag","embeddable":true,"href":"https:\/\/conexion23.com\/index.php?rest_route=%2Fwp%2Fv2%2Ftags&post=63018"}],"curies":[{"name":"wp","href":"https:\/\/api.w.org\/{rel}","templated":true}]}}