{"id":63026,"date":"2026-09-04T07:13:15","date_gmt":"2026-09-04T11:13:15","guid":{"rendered":"https:\/\/conexion23.com\/?p=63026"},"modified":"2026-09-04T07:13:15","modified_gmt":"2026-09-04T11:13:15","slug":"mas-de-150-dominicanos-denuncian-reclutamiento-para-la-guerra-en-rusia","status":"publish","type":"post","link":"https:\/\/conexion23.com\/?p=63026","title":{"rendered":"M\u00e1s de 150 dominicanos denuncian reclutamiento para la guerra en Rusia"},"content":{"rendered":"<p style=\"text-align: justify;\">Familiares de afectados y organizaciones de derechos humanos han presentado una denuncia formal ante la\u00a0Procuradur\u00eda General de la Rep\u00fablica Dominicana, alertando que m\u00e1s de 150 ciudadanos dominicanos han sido captados mediante falsas ofertas de empleo e integrados contra su voluntad en\u00a0zonas de conflicto b\u00e9lico en el extranjero, principalmente en Rusia y la regi\u00f3n disputada del Donb\u00e1s.<\/p>\n<p style=\"text-align: justify;\">El\u00a0Comit\u00e9 Dominicano de los Derechos Humanos (CDDH), junto a parientes de las v\u00edctimas, ha solicitado una investigaci\u00f3n por el delito de\u00a0trata de personas y tr\u00e1fico il\u00edcito de nacionales.<\/p>\n<p style=\"text-align: justify;\">Seg\u00fan testimonios, la red de reclutamiento opera a trav\u00e9s de plataformas digitales y redes sociales, enfoc\u00e1ndose en\u00a0sectores de alta vulnerabilidad econ\u00f3mica e incertidumbre laboral en el pa\u00eds.<\/p>\n","protected":false},"excerpt":{"rendered":"<p>Familiares de afectados y organizaciones de derechos humanos han presentado una denuncia formal ante la\u00a0Procuradur\u00eda General de la Rep\u00fablica Dominicana, alertando que m\u00e1s de 150 ciudadanos dominicanos han sido captados mediante falsas ofertas de empleo e integrados contra su voluntad en\u00a0zonas de conflicto b\u00e9lico en el extranjero, principalmente en Rusia y la regi\u00f3n disputada del [&hellip;]<\/p>\n","protected":false},"author":15,"featured_media":63027,"comment_status":"open","ping_status":"open","sticky":false,"template":"","format":"standard","meta":{"footnotes":""},"categories":[3883],"tags":[316,921,11635,167],"class_list":["post-63026","post","type-post","status-publish","format-standard","has-post-thumbnail","category-ultramar","tag-dominicanos","tag-guerra","tag-reclutamiento","tag-rusia"],"yoast_head":"<!-- This site is optimized with the Yoast SEO plugin v27.6 - https:\/\/yoast.com\/product\/yoast-seo-wordpress\/ -->\n<title>M\u00e1s de 150 dominicanos denuncian reclutamiento para la guerra en Rusia - Conexi\u00f3n 23<\/title>\n<meta name=\"robots\" content=\"index, follow, max-snippet:-1, max-image-preview:large, max-video-preview:-1\" \/>\n<link rel=\"canonical\" href=\"https:\/\/conexion23.com\/?p=63026\" \/>\n<meta property=\"og:locale\" content=\"es_ES\" \/>\n<meta property=\"og:type\" content=\"article\" \/>\n<meta property=\"og:title\" content=\"M\u00e1s de 150 dominicanos denuncian reclutamiento para la guerra en Rusia - Conexi\u00f3n 23\" \/>\n<meta property=\"og:description\" content=\"Familiares de afectados y organizaciones de derechos humanos han presentado una denuncia formal ante la\u00a0Procuradur\u00eda General de la Rep\u00fablica Dominicana, alertando que m\u00e1s de 150 ciudadanos dominicanos han sido captados mediante falsas ofertas de empleo e integrados contra su voluntad en\u00a0zonas de conflicto b\u00e9lico en el extranjero, principalmente en Rusia y la regi\u00f3n disputada del [&hellip;]\" \/>\n<meta property=\"og:url\" content=\"https:\/\/conexion23.com\/?p=63026\" \/>\n<meta property=\"og:site_name\" content=\"Conexi\u00f3n 23\" \/>\n<meta property=\"article:publisher\" content=\"https:\/\/www.facebook.com\/conexion23com\" \/>\n<meta property=\"article:published_time\" content=\"2026-09-04T11:13:15+00:00\" \/>\n<meta property=\"og:image\" content=\"https:\/\/conexion23.com\/wp-content\/uploads\/2026\/09\/dominicanos-en-rusia.jpg\" \/>\n\t<meta property=\"og:image:width\" content=\"1024\" \/>\n\t<meta property=\"og:image:height\" content=\"576\" \/>\n\t<meta property=\"og:image:type\" content=\"image\/jpeg\" \/>\n<meta name=\"author\" content=\"Raffy Ben\u00edtez\" \/>\n<meta name=\"twitter:card\" content=\"summary_large_image\" \/>\n<meta name=\"twitter:label1\" content=\"Escrito por\" \/>\n\t<meta name=\"twitter:data1\" content=\"Raffy Ben\u00edtez\" \/>\n\t<meta name=\"twitter:label2\" content=\"Tiempo de lectura\" \/>\n\t<meta name=\"twitter:data2\" content=\"1 minuto\" \/>\n<script type=\"application\/ld+json\" class=\"yoast-schema-graph\">{\"@context\":\"https:\\\/\\\/schema.org\",\"@graph\":[{\"@type\":\"Article\",\"@id\":\"https:\\\/\\\/conexion23.com\\\/?p=63026#article\",\"isPartOf\":{\"@id\":\"https:\\\/\\\/conexion23.com\\\/?p=63026\"},\"author\":{\"name\":\"Raffy Ben\u00edtez\",\"@id\":\"https:\\\/\\\/conexion23.com\\\/#\\\/schema\\\/person\\\/03e36043331117e97a373299bbcd30a6\"},\"headline\":\"M\u00e1s de 150 dominicanos denuncian reclutamiento para la guerra en Rusia\",\"datePublished\":\"2026-09-04T11:13:15+00:00\",\"mainEntityOfPage\":{\"@id\":\"https:\\\/\\\/conexion23.com\\\/?p=63026\"},\"wordCount\":141,\"commentCount\":0,\"publisher\":{\"@id\":\"https:\\\/\\\/conexion23.com\\\/#organization\"},\"image\":{\"@id\":\"https:\\\/\\\/conexion23.com\\\/?p=63026#primaryimage\"},\"thumbnailUrl\":\"https:\\\/\\\/conexion23.com\\\/wp-content\\\/uploads\\\/2026\\\/09\\\/dominicanos-en-rusia.jpg\",\"keywords\":[\"dominicanos\",\"Guerra\",\"reclutamiento\",\"rusia\"],\"articleSection\":[\"Ultramar\"],\"inLanguage\":\"es\",\"potentialAction\":[{\"@type\":\"CommentAction\",\"name\":\"Comment\",\"target\":[\"https:\\\/\\\/conexion23.com\\\/?p=63026#respond\"]}]},{\"@type\":\"WebPage\",\"@id\":\"https:\\\/\\\/conexion23.com\\\/?p=63026\",\"url\":\"https:\\\/\\\/conexion23.com\\\/?p=63026\",\"name\":\"M\u00e1s de 150 dominicanos denuncian reclutamiento para la guerra en Rusia - Conexi\u00f3n 23\",\"isPartOf\":{\"@id\":\"https:\\\/\\\/conexion23.com\\\/#website\"},\"primaryImageOfPage\":{\"@id\":\"https:\\\/\\\/conexion23.com\\\/?p=63026#primaryimage\"},\"image\":{\"@id\":\"https:\\\/\\\/conexion23.com\\\/?p=63026#primaryimage\"},\"thumbnailUrl\":\"https:\\\/\\\/conexion23.com\\\/wp-content\\\/uploads\\\/2026\\\/09\\\/dominicanos-en-rusia.jpg\",\"datePublished\":\"2026-09-04T11:13:15+00:00\",\"breadcrumb\":{\"@id\":\"https:\\\/\\\/conexion23.com\\\/?p=63026#breadcrumb\"},\"inLanguage\":\"es\",\"potentialAction\":[{\"@type\":\"ReadAction\",\"target\":[\"https:\\\/\\\/conexion23.com\\\/?p=63026\"]}]},{\"@type\":\"ImageObject\",\"inLanguage\":\"es\",\"@id\":\"https:\\\/\\\/conexion23.com\\\/?p=63026#primaryimage\",\"url\":\"https:\\\/\\\/conexion23.com\\\/wp-content\\\/uploads\\\/2026\\\/09\\\/dominicanos-en-rusia.jpg\",\"contentUrl\":\"https:\\\/\\\/conexion23.com\\\/wp-content\\\/uploads\\\/2026\\\/09\\\/dominicanos-en-rusia.jpg\",\"width\":1024,\"height\":576},{\"@type\":\"BreadcrumbList\",\"@id\":\"https:\\\/\\\/conexion23.com\\\/?p=63026#breadcrumb\",\"itemListElement\":[{\"@type\":\"ListItem\",\"position\":1,\"name\":\"Portada\",\"item\":\"https:\\\/\\\/conexion23.com\\\/\"},{\"@type\":\"ListItem\",\"position\":2,\"name\":\"M\u00e1s de 150 dominicanos denuncian reclutamiento para la guerra en Rusia\"}]},{\"@type\":\"WebSite\",\"@id\":\"https:\\\/\\\/conexion23.com\\\/#website\",\"url\":\"https:\\\/\\\/conexion23.com\\\/\",\"name\":\"Conexi\u00f3n 23\",\"description\":\"Peri\u00f3dico 100% Petromacorisano\",\"publisher\":{\"@id\":\"https:\\\/\\\/conexion23.com\\\/#organization\"},\"potentialAction\":[{\"@type\":\"SearchAction\",\"target\":{\"@type\":\"EntryPoint\",\"urlTemplate\":\"https:\\\/\\\/conexion23.com\\\/?s={search_term_string}\"},\"query-input\":{\"@type\":\"PropertyValueSpecification\",\"valueRequired\":true,\"valueName\":\"search_term_string\"}}],\"inLanguage\":\"es\"},{\"@type\":\"Organization\",\"@id\":\"https:\\\/\\\/conexion23.com\\\/#organization\",\"name\":\"Conexion 23\",\"url\":\"https:\\\/\\\/conexion23.com\\\/\",\"logo\":{\"@type\":\"ImageObject\",\"inLanguage\":\"es\",\"@id\":\"https:\\\/\\\/conexion23.com\\\/#\\\/schema\\\/logo\\\/image\\\/\",\"url\":\"https:\\\/\\\/conexion23.com\\\/wp-content\\\/uploads\\\/2021\\\/11\\\/Diseno-sin-titulo-2.png\",\"contentUrl\":\"https:\\\/\\\/conexion23.com\\\/wp-content\\\/uploads\\\/2021\\\/11\\\/Diseno-sin-titulo-2.png\",\"width\":541,\"height\":90,\"caption\":\"Conexion 23\"},\"image\":{\"@id\":\"https:\\\/\\\/conexion23.com\\\/#\\\/schema\\\/logo\\\/image\\\/\"},\"sameAs\":[\"https:\\\/\\\/www.facebook.com\\\/conexion23com\",\"https:\\\/\\\/www.instagram.com\\\/conexion23com\\\/\",\"https:\\\/\\\/www.youtube.com\\\/channel\\\/UCYc7vxxFZMYLIHNsHHxPZ3Q\"]},{\"@type\":\"Person\",\"@id\":\"https:\\\/\\\/conexion23.com\\\/#\\\/schema\\\/person\\\/03e36043331117e97a373299bbcd30a6\",\"name\":\"Raffy Ben\u00edtez\",\"image\":{\"@type\":\"ImageObject\",\"inLanguage\":\"es\",\"@id\":\"https:\\\/\\\/secure.gravatar.com\\\/avatar\\\/3190a6a6c5e1b0327500f7d6c56b6242472ee6cb974cf09b401ee6b3b0798f23?s=96&d=mm&r=g\",\"url\":\"https:\\\/\\\/secure.gravatar.com\\\/avatar\\\/3190a6a6c5e1b0327500f7d6c56b6242472ee6cb974cf09b401ee6b3b0798f23?s=96&d=mm&r=g\",\"contentUrl\":\"https:\\\/\\\/secure.gravatar.com\\\/avatar\\\/3190a6a6c5e1b0327500f7d6c56b6242472ee6cb974cf09b401ee6b3b0798f23?s=96&d=mm&r=g\",\"caption\":\"Raffy Ben\u00edtez\"},\"url\":\"https:\\\/\\\/conexion23.com\\\/?author=15\"}]}<\/script>\n<!-- \/ Yoast SEO plugin. -->","yoast_head_json":{"title":"M\u00e1s de 150 dominicanos denuncian reclutamiento para la guerra en Rusia - Conexi\u00f3n 23","robots":{"index":"index","follow":"follow","max-snippet":"max-snippet:-1","max-image-preview":"max-image-preview:large","max-video-preview":"max-video-preview:-1"},"canonical":"https:\/\/conexion23.com\/?p=63026","og_locale":"es_ES","og_type":"article","og_title":"M\u00e1s de 150 dominicanos denuncian reclutamiento para la guerra en Rusia - Conexi\u00f3n 23","og_description":"Familiares de afectados y organizaciones de derechos humanos han presentado una denuncia formal ante la\u00a0Procuradur\u00eda General de la Rep\u00fablica Dominicana, alertando que m\u00e1s de 150 ciudadanos dominicanos han sido captados mediante falsas ofertas de empleo e integrados contra su voluntad en\u00a0zonas de conflicto b\u00e9lico en el extranjero, principalmente en Rusia y la regi\u00f3n disputada del [&hellip;]","og_url":"https:\/\/conexion23.com\/?p=63026","og_site_name":"Conexi\u00f3n 23","article_publisher":"https:\/\/www.facebook.com\/conexion23com","article_published_time":"2026-09-04T11:13:15+00:00","og_image":[{"width":1024,"height":576,"url":"https:\/\/conexion23.com\/wp-content\/uploads\/2026\/09\/dominicanos-en-rusia.jpg","type":"image\/jpeg"}],"author":"Raffy Ben\u00edtez","twitter_card":"summary_large_image","twitter_misc":{"Escrito por":"Raffy Ben\u00edtez","Tiempo de lectura":"1 minuto"},"schema":{"@context":"https:\/\/schema.org","@graph":[{"@type":"Article","@id":"https:\/\/conexion23.com\/?p=63026#article","isPartOf":{"@id":"https:\/\/conexion23.com\/?p=63026"},"author":{"name":"Raffy Ben\u00edtez","@id":"https:\/\/conexion23.com\/#\/schema\/person\/03e36043331117e97a373299bbcd30a6"},"headline":"M\u00e1s de 150 dominicanos denuncian reclutamiento para la guerra en Rusia","datePublished":"2026-09-04T11:13:15+00:00","mainEntityOfPage":{"@id":"https:\/\/conexion23.com\/?p=63026"},"wordCount":141,"commentCount":0,"publisher":{"@id":"https:\/\/conexion23.com\/#organization"},"image":{"@id":"https:\/\/conexion23.com\/?p=63026#primaryimage"},"thumbnailUrl":"https:\/\/conexion23.com\/wp-content\/uploads\/2026\/09\/dominicanos-en-rusia.jpg","keywords":["dominicanos","Guerra","reclutamiento","rusia"],"articleSection":["Ultramar"],"inLanguage":"es","potentialAction":[{"@type":"CommentAction","name":"Comment","target":["https:\/\/conexion23.com\/?p=63026#respond"]}]},{"@type":"WebPage","@id":"https:\/\/conexion23.com\/?p=63026","url":"https:\/\/conexion23.com\/?p=63026","name":"M\u00e1s de 150 dominicanos denuncian reclutamiento para la guerra en Rusia - Conexi\u00f3n 23","isPartOf":{"@id":"https:\/\/conexion23.com\/#website"},"primaryImageOfPage":{"@id":"https:\/\/conexion23.com\/?p=63026#primaryimage"},"image":{"@id":"https:\/\/conexion23.com\/?p=63026#primaryimage"},"thumbnailUrl":"https:\/\/conexion23.com\/wp-content\/uploads\/2026\/09\/dominicanos-en-rusia.jpg","datePublished":"2026-09-04T11:13:15+00:00","breadcrumb":{"@id":"https:\/\/conexion23.com\/?p=63026#breadcrumb"},"inLanguage":"es","potentialAction":[{"@type":"ReadAction","target":["https:\/\/conexion23.com\/?p=63026"]}]},{"@type":"ImageObject","inLanguage":"es","@id":"https:\/\/conexion23.com\/?p=63026#primaryimage","url":"https:\/\/conexion23.com\/wp-content\/uploads\/2026\/09\/dominicanos-en-rusia.jpg","contentUrl":"https:\/\/conexion23.com\/wp-content\/uploads\/2026\/09\/dominicanos-en-rusia.jpg","width":1024,"height":576},{"@type":"BreadcrumbList","@id":"https:\/\/conexion23.com\/?p=63026#breadcrumb","itemListElement":[{"@type":"ListItem","position":1,"name":"Portada","item":"https:\/\/conexion23.com\/"},{"@type":"ListItem","position":2,"name":"M\u00e1s de 150 dominicanos denuncian reclutamiento para la guerra en Rusia"}]},{"@type":"WebSite","@id":"https:\/\/conexion23.com\/#website","url":"https:\/\/conexion23.com\/","name":"Conexi\u00f3n 23","description":"Peri\u00f3dico 100% Petromacorisano","publisher":{"@id":"https:\/\/conexion23.com\/#organization"},"potentialAction":[{"@type":"SearchAction","target":{"@type":"EntryPoint","urlTemplate":"https:\/\/conexion23.com\/?s={search_term_string}"},"query-input":{"@type":"PropertyValueSpecification","valueRequired":true,"valueName":"search_term_string"}}],"inLanguage":"es"},{"@type":"Organization","@id":"https:\/\/conexion23.com\/#organization","name":"Conexion 23","url":"https:\/\/conexion23.com\/","logo":{"@type":"ImageObject","inLanguage":"es","@id":"https:\/\/conexion23.com\/#\/schema\/logo\/image\/","url":"https:\/\/conexion23.com\/wp-content\/uploads\/2021\/11\/Diseno-sin-titulo-2.png","contentUrl":"https:\/\/conexion23.com\/wp-content\/uploads\/2021\/11\/Diseno-sin-titulo-2.png","width":541,"height":90,"caption":"Conexion 23"},"image":{"@id":"https:\/\/conexion23.com\/#\/schema\/logo\/image\/"},"sameAs":["https:\/\/www.facebook.com\/conexion23com","https:\/\/www.instagram.com\/conexion23com\/","https:\/\/www.youtube.com\/channel\/UCYc7vxxFZMYLIHNsHHxPZ3Q"]},{"@type":"Person","@id":"https:\/\/conexion23.com\/#\/schema\/person\/03e36043331117e97a373299bbcd30a6","name":"Raffy Ben\u00edtez","image":{"@type":"ImageObject","inLanguage":"es","@id":"https:\/\/secure.gravatar.com\/avatar\/3190a6a6c5e1b0327500f7d6c56b6242472ee6cb974cf09b401ee6b3b0798f23?s=96&d=mm&r=g","url":"https:\/\/secure.gravatar.com\/avatar\/3190a6a6c5e1b0327500f7d6c56b6242472ee6cb974cf09b401ee6b3b0798f23?s=96&d=mm&r=g","contentUrl":"https:\/\/secure.gravatar.com\/avatar\/3190a6a6c5e1b0327500f7d6c56b6242472ee6cb974cf09b401ee6b3b0798f23?s=96&d=mm&r=g","caption":"Raffy Ben\u00edtez"},"url":"https:\/\/conexion23.com\/?author=15"}]}},"_links":{"self":[{"href":"https:\/\/conexion23.com\/index.php?rest_route=\/wp\/v2\/posts\/63026","targetHints":{"allow":["GET"]}}],"collection":[{"href":"https:\/\/conexion23.com\/index.php?rest_route=\/wp\/v2\/posts"}],"about":[{"href":"https:\/\/conexion23.com\/index.php?rest_route=\/wp\/v2\/types\/post"}],"author":[{"embeddable":true,"href":"https:\/\/conexion23.com\/index.php?rest_route=\/wp\/v2\/users\/15"}],"replies":[{"embeddable":true,"href":"https:\/\/conexion23.com\/index.php?rest_route=%2Fwp%2Fv2%2Fcomments&post=63026"}],"version-history":[{"count":1,"href":"https:\/\/conexion23.com\/index.php?rest_route=\/wp\/v2\/posts\/63026\/revisions"}],"predecessor-version":[{"id":63028,"href":"https:\/\/conexion23.com\/index.php?rest_route=\/wp\/v2\/posts\/63026\/revisions\/63028"}],"wp:featuredmedia":[{"embeddable":true,"href":"https:\/\/conexion23.com\/index.php?rest_route=\/wp\/v2\/media\/63027"}],"wp:attachment":[{"href":"https:\/\/conexion23.com\/index.php?rest_route=%2Fwp%2Fv2%2Fmedia&parent=63026"}],"wp:term":[{"taxonomy":"category","embeddable":true,"href":"https:\/\/conexion23.com\/index.php?rest_route=%2Fwp%2Fv2%2Fcategories&post=63026"},{"taxonomy":"post_tag","embeddable":true,"href":"https:\/\/conexion23.com\/index.php?rest_route=%2Fwp%2Fv2%2Ftags&post=63026"}],"curies":[{"name":"wp","href":"https:\/\/api.w.org\/{rel}","templated":true}]}}