{"id":63029,"date":"2026-09-04T07:17:44","date_gmt":"2026-09-04T11:17:44","guid":{"rendered":"https:\/\/conexion23.com\/?p=63029"},"modified":"2026-09-04T07:17:44","modified_gmt":"2026-09-04T11:17:44","slug":"ceuta-exige-la-repatriacion-de-migrantes-un-mes-despues-de-la-crisis","status":"publish","type":"post","link":"https:\/\/conexion23.com\/?p=63029","title":{"rendered":"Ceuta exige la repatriaci\u00f3n de migrantes un mes despu\u00e9s de la crisis"},"content":{"rendered":"<p style=\"text-align: justify;\">La devoluci\u00f3n de todos los migrantes que entraron en Ceuta el 30 de julio y que todav\u00eda permanecen en la ciudad, unas 9,000 personas seg\u00fan el Gobierno ceut\u00ed y en torno a 5,000 seg\u00fan Interior, es el objetivo fundamental de Ceuta un mes despu\u00e9s de la entrada masiva desde Marruecos.<\/p>\n<p style=\"text-align: justify;\">La ma\u00f1ana del 30 de julio marc\u00f3 el inicio de una de las peores crisis enfrentadas por esta ciudad espa\u00f1ola, con la entrada de m\u00e1s de 80,000 personas procedentes de Marruecos, quienes accedieron principalmente a pie por el espig\u00f3n fronterizo del Tarajal.<\/p>\n<p style=\"text-align: justify;\">El presidente de la Ciudad,\u00a0<strong>Juan Jes\u00fas Vivas<\/strong>\u00a0(del conservador PP), ha afirmado que es necesario que Ceuta recupere \u00abcuanto antes\u00bb la normalidad y considera \u00abimprescindible\u00bb que el Gobierno \u00abconcrete y ejecute\u00bb un plan de evoluci\u00f3n de las personas que accedieron de manera irregular, seg\u00fan manifest\u00f3 a EFE.<\/p>\n","protected":false},"excerpt":{"rendered":"<p>La devoluci\u00f3n de todos los migrantes que entraron en Ceuta el 30 de julio y que todav\u00eda permanecen en la ciudad, unas 9,000 personas seg\u00fan el Gobierno ceut\u00ed y en torno a 5,000 seg\u00fan Interior, es el objetivo fundamental de Ceuta un mes despu\u00e9s de la entrada masiva desde Marruecos. La ma\u00f1ana del 30 de [&hellip;]<\/p>\n","protected":false},"author":15,"featured_media":63030,"comment_status":"open","ping_status":"open","sticky":false,"template":"","format":"standard","meta":{"footnotes":""},"categories":[3881],"tags":[11636,5755,402,4548],"class_list":["post-63029","post","type-post","status-publish","format-standard","has-post-thumbnail","category-internacionales","tag-ceuta","tag-crisis","tag-migrantes","tag-repatriacion"],"yoast_head":"<!-- This site is optimized with the Yoast SEO plugin v27.6 - https:\/\/yoast.com\/product\/yoast-seo-wordpress\/ -->\n<title>Ceuta exige la repatriaci\u00f3n de migrantes un mes despu\u00e9s de la crisis - Conexi\u00f3n 23<\/title>\n<meta name=\"robots\" content=\"index, follow, max-snippet:-1, max-image-preview:large, max-video-preview:-1\" \/>\n<link rel=\"canonical\" href=\"https:\/\/conexion23.com\/?p=63029\" \/>\n<meta property=\"og:locale\" content=\"es_ES\" \/>\n<meta property=\"og:type\" content=\"article\" \/>\n<meta property=\"og:title\" content=\"Ceuta exige la repatriaci\u00f3n de migrantes un mes despu\u00e9s de la crisis - Conexi\u00f3n 23\" \/>\n<meta property=\"og:description\" content=\"La devoluci\u00f3n de todos los migrantes que entraron en Ceuta el 30 de julio y que todav\u00eda permanecen en la ciudad, unas 9,000 personas seg\u00fan el Gobierno ceut\u00ed y en torno a 5,000 seg\u00fan Interior, es el objetivo fundamental de Ceuta un mes despu\u00e9s de la entrada masiva desde Marruecos. La ma\u00f1ana del 30 de [&hellip;]\" \/>\n<meta property=\"og:url\" content=\"https:\/\/conexion23.com\/?p=63029\" \/>\n<meta property=\"og:site_name\" content=\"Conexi\u00f3n 23\" \/>\n<meta property=\"article:publisher\" content=\"https:\/\/www.facebook.com\/conexion23com\" \/>\n<meta property=\"article:published_time\" content=\"2026-09-04T11:17:44+00:00\" \/>\n<meta property=\"og:image\" content=\"http:\/\/conexion23.com\/wp-content\/uploads\/2026\/09\/ceuta-e1788520645669.webp\" \/>\n\t<meta property=\"og:image:width\" content=\"1024\" \/>\n\t<meta property=\"og:image:height\" content=\"505\" \/>\n\t<meta property=\"og:image:type\" content=\"image\/webp\" \/>\n<meta name=\"author\" content=\"Raffy Ben\u00edtez\" \/>\n<meta name=\"twitter:card\" content=\"summary_large_image\" \/>\n<meta name=\"twitter:label1\" content=\"Escrito por\" \/>\n\t<meta name=\"twitter:data1\" content=\"Raffy Ben\u00edtez\" \/>\n\t<meta name=\"twitter:label2\" content=\"Tiempo de lectura\" \/>\n\t<meta name=\"twitter:data2\" content=\"1 minuto\" \/>\n<script type=\"application\/ld+json\" class=\"yoast-schema-graph\">{\"@context\":\"https:\\\/\\\/schema.org\",\"@graph\":[{\"@type\":\"Article\",\"@id\":\"https:\\\/\\\/conexion23.com\\\/?p=63029#article\",\"isPartOf\":{\"@id\":\"https:\\\/\\\/conexion23.com\\\/?p=63029\"},\"author\":{\"name\":\"Raffy Ben\u00edtez\",\"@id\":\"https:\\\/\\\/conexion23.com\\\/#\\\/schema\\\/person\\\/03e36043331117e97a373299bbcd30a6\"},\"headline\":\"Ceuta exige la repatriaci\u00f3n de migrantes un mes despu\u00e9s de la crisis\",\"datePublished\":\"2026-09-04T11:17:44+00:00\",\"mainEntityOfPage\":{\"@id\":\"https:\\\/\\\/conexion23.com\\\/?p=63029\"},\"wordCount\":161,\"commentCount\":0,\"publisher\":{\"@id\":\"https:\\\/\\\/conexion23.com\\\/#organization\"},\"image\":{\"@id\":\"https:\\\/\\\/conexion23.com\\\/?p=63029#primaryimage\"},\"thumbnailUrl\":\"https:\\\/\\\/conexion23.com\\\/wp-content\\\/uploads\\\/2026\\\/09\\\/ceuta-e1788520645669.webp\",\"keywords\":[\"Ceuta\",\"Crisis\",\"migrantes\",\"Repatriaci\u00f3n\"],\"articleSection\":[\"Internacionales\"],\"inLanguage\":\"es\",\"potentialAction\":[{\"@type\":\"CommentAction\",\"name\":\"Comment\",\"target\":[\"https:\\\/\\\/conexion23.com\\\/?p=63029#respond\"]}]},{\"@type\":\"WebPage\",\"@id\":\"https:\\\/\\\/conexion23.com\\\/?p=63029\",\"url\":\"https:\\\/\\\/conexion23.com\\\/?p=63029\",\"name\":\"Ceuta exige la repatriaci\u00f3n de migrantes un mes despu\u00e9s de la crisis - Conexi\u00f3n 23\",\"isPartOf\":{\"@id\":\"https:\\\/\\\/conexion23.com\\\/#website\"},\"primaryImageOfPage\":{\"@id\":\"https:\\\/\\\/conexion23.com\\\/?p=63029#primaryimage\"},\"image\":{\"@id\":\"https:\\\/\\\/conexion23.com\\\/?p=63029#primaryimage\"},\"thumbnailUrl\":\"https:\\\/\\\/conexion23.com\\\/wp-content\\\/uploads\\\/2026\\\/09\\\/ceuta-e1788520645669.webp\",\"datePublished\":\"2026-09-04T11:17:44+00:00\",\"breadcrumb\":{\"@id\":\"https:\\\/\\\/conexion23.com\\\/?p=63029#breadcrumb\"},\"inLanguage\":\"es\",\"potentialAction\":[{\"@type\":\"ReadAction\",\"target\":[\"https:\\\/\\\/conexion23.com\\\/?p=63029\"]}]},{\"@type\":\"ImageObject\",\"inLanguage\":\"es\",\"@id\":\"https:\\\/\\\/conexion23.com\\\/?p=63029#primaryimage\",\"url\":\"https:\\\/\\\/conexion23.com\\\/wp-content\\\/uploads\\\/2026\\\/09\\\/ceuta-e1788520645669.webp\",\"contentUrl\":\"https:\\\/\\\/conexion23.com\\\/wp-content\\\/uploads\\\/2026\\\/09\\\/ceuta-e1788520645669.webp\",\"width\":1024,\"height\":505},{\"@type\":\"BreadcrumbList\",\"@id\":\"https:\\\/\\\/conexion23.com\\\/?p=63029#breadcrumb\",\"itemListElement\":[{\"@type\":\"ListItem\",\"position\":1,\"name\":\"Portada\",\"item\":\"https:\\\/\\\/conexion23.com\\\/\"},{\"@type\":\"ListItem\",\"position\":2,\"name\":\"Ceuta exige la repatriaci\u00f3n de migrantes un mes despu\u00e9s de la crisis\"}]},{\"@type\":\"WebSite\",\"@id\":\"https:\\\/\\\/conexion23.com\\\/#website\",\"url\":\"https:\\\/\\\/conexion23.com\\\/\",\"name\":\"Conexi\u00f3n 23\",\"description\":\"Peri\u00f3dico 100% Petromacorisano\",\"publisher\":{\"@id\":\"https:\\\/\\\/conexion23.com\\\/#organization\"},\"potentialAction\":[{\"@type\":\"SearchAction\",\"target\":{\"@type\":\"EntryPoint\",\"urlTemplate\":\"https:\\\/\\\/conexion23.com\\\/?s={search_term_string}\"},\"query-input\":{\"@type\":\"PropertyValueSpecification\",\"valueRequired\":true,\"valueName\":\"search_term_string\"}}],\"inLanguage\":\"es\"},{\"@type\":\"Organization\",\"@id\":\"https:\\\/\\\/conexion23.com\\\/#organization\",\"name\":\"Conexion 23\",\"url\":\"https:\\\/\\\/conexion23.com\\\/\",\"logo\":{\"@type\":\"ImageObject\",\"inLanguage\":\"es\",\"@id\":\"https:\\\/\\\/conexion23.com\\\/#\\\/schema\\\/logo\\\/image\\\/\",\"url\":\"https:\\\/\\\/conexion23.com\\\/wp-content\\\/uploads\\\/2021\\\/11\\\/Diseno-sin-titulo-2.png\",\"contentUrl\":\"https:\\\/\\\/conexion23.com\\\/wp-content\\\/uploads\\\/2021\\\/11\\\/Diseno-sin-titulo-2.png\",\"width\":541,\"height\":90,\"caption\":\"Conexion 23\"},\"image\":{\"@id\":\"https:\\\/\\\/conexion23.com\\\/#\\\/schema\\\/logo\\\/image\\\/\"},\"sameAs\":[\"https:\\\/\\\/www.facebook.com\\\/conexion23com\",\"https:\\\/\\\/www.instagram.com\\\/conexion23com\\\/\",\"https:\\\/\\\/www.youtube.com\\\/channel\\\/UCYc7vxxFZMYLIHNsHHxPZ3Q\"]},{\"@type\":\"Person\",\"@id\":\"https:\\\/\\\/conexion23.com\\\/#\\\/schema\\\/person\\\/03e36043331117e97a373299bbcd30a6\",\"name\":\"Raffy Ben\u00edtez\",\"image\":{\"@type\":\"ImageObject\",\"inLanguage\":\"es\",\"@id\":\"https:\\\/\\\/secure.gravatar.com\\\/avatar\\\/3190a6a6c5e1b0327500f7d6c56b6242472ee6cb974cf09b401ee6b3b0798f23?s=96&d=mm&r=g\",\"url\":\"https:\\\/\\\/secure.gravatar.com\\\/avatar\\\/3190a6a6c5e1b0327500f7d6c56b6242472ee6cb974cf09b401ee6b3b0798f23?s=96&d=mm&r=g\",\"contentUrl\":\"https:\\\/\\\/secure.gravatar.com\\\/avatar\\\/3190a6a6c5e1b0327500f7d6c56b6242472ee6cb974cf09b401ee6b3b0798f23?s=96&d=mm&r=g\",\"caption\":\"Raffy Ben\u00edtez\"},\"url\":\"https:\\\/\\\/conexion23.com\\\/?author=15\"}]}<\/script>\n<!-- \/ Yoast SEO plugin. -->","yoast_head_json":{"title":"Ceuta exige la repatriaci\u00f3n de migrantes un mes despu\u00e9s de la crisis - Conexi\u00f3n 23","robots":{"index":"index","follow":"follow","max-snippet":"max-snippet:-1","max-image-preview":"max-image-preview:large","max-video-preview":"max-video-preview:-1"},"canonical":"https:\/\/conexion23.com\/?p=63029","og_locale":"es_ES","og_type":"article","og_title":"Ceuta exige la repatriaci\u00f3n de migrantes un mes despu\u00e9s de la crisis - Conexi\u00f3n 23","og_description":"La devoluci\u00f3n de todos los migrantes que entraron en Ceuta el 30 de julio y que todav\u00eda permanecen en la ciudad, unas 9,000 personas seg\u00fan el Gobierno ceut\u00ed y en torno a 5,000 seg\u00fan Interior, es el objetivo fundamental de Ceuta un mes despu\u00e9s de la entrada masiva desde Marruecos. La ma\u00f1ana del 30 de [&hellip;]","og_url":"https:\/\/conexion23.com\/?p=63029","og_site_name":"Conexi\u00f3n 23","article_publisher":"https:\/\/www.facebook.com\/conexion23com","article_published_time":"2026-09-04T11:17:44+00:00","og_image":[{"width":1024,"height":505,"url":"http:\/\/conexion23.com\/wp-content\/uploads\/2026\/09\/ceuta-e1788520645669.webp","type":"image\/webp"}],"author":"Raffy Ben\u00edtez","twitter_card":"summary_large_image","twitter_misc":{"Escrito por":"Raffy Ben\u00edtez","Tiempo de lectura":"1 minuto"},"schema":{"@context":"https:\/\/schema.org","@graph":[{"@type":"Article","@id":"https:\/\/conexion23.com\/?p=63029#article","isPartOf":{"@id":"https:\/\/conexion23.com\/?p=63029"},"author":{"name":"Raffy Ben\u00edtez","@id":"https:\/\/conexion23.com\/#\/schema\/person\/03e36043331117e97a373299bbcd30a6"},"headline":"Ceuta exige la repatriaci\u00f3n de migrantes un mes despu\u00e9s de la crisis","datePublished":"2026-09-04T11:17:44+00:00","mainEntityOfPage":{"@id":"https:\/\/conexion23.com\/?p=63029"},"wordCount":161,"commentCount":0,"publisher":{"@id":"https:\/\/conexion23.com\/#organization"},"image":{"@id":"https:\/\/conexion23.com\/?p=63029#primaryimage"},"thumbnailUrl":"https:\/\/conexion23.com\/wp-content\/uploads\/2026\/09\/ceuta-e1788520645669.webp","keywords":["Ceuta","Crisis","migrantes","Repatriaci\u00f3n"],"articleSection":["Internacionales"],"inLanguage":"es","potentialAction":[{"@type":"CommentAction","name":"Comment","target":["https:\/\/conexion23.com\/?p=63029#respond"]}]},{"@type":"WebPage","@id":"https:\/\/conexion23.com\/?p=63029","url":"https:\/\/conexion23.com\/?p=63029","name":"Ceuta exige la repatriaci\u00f3n de migrantes un mes despu\u00e9s de la crisis - Conexi\u00f3n 23","isPartOf":{"@id":"https:\/\/conexion23.com\/#website"},"primaryImageOfPage":{"@id":"https:\/\/conexion23.com\/?p=63029#primaryimage"},"image":{"@id":"https:\/\/conexion23.com\/?p=63029#primaryimage"},"thumbnailUrl":"https:\/\/conexion23.com\/wp-content\/uploads\/2026\/09\/ceuta-e1788520645669.webp","datePublished":"2026-09-04T11:17:44+00:00","breadcrumb":{"@id":"https:\/\/conexion23.com\/?p=63029#breadcrumb"},"inLanguage":"es","potentialAction":[{"@type":"ReadAction","target":["https:\/\/conexion23.com\/?p=63029"]}]},{"@type":"ImageObject","inLanguage":"es","@id":"https:\/\/conexion23.com\/?p=63029#primaryimage","url":"https:\/\/conexion23.com\/wp-content\/uploads\/2026\/09\/ceuta-e1788520645669.webp","contentUrl":"https:\/\/conexion23.com\/wp-content\/uploads\/2026\/09\/ceuta-e1788520645669.webp","width":1024,"height":505},{"@type":"BreadcrumbList","@id":"https:\/\/conexion23.com\/?p=63029#breadcrumb","itemListElement":[{"@type":"ListItem","position":1,"name":"Portada","item":"https:\/\/conexion23.com\/"},{"@type":"ListItem","position":2,"name":"Ceuta exige la repatriaci\u00f3n de migrantes un mes despu\u00e9s de la crisis"}]},{"@type":"WebSite","@id":"https:\/\/conexion23.com\/#website","url":"https:\/\/conexion23.com\/","name":"Conexi\u00f3n 23","description":"Peri\u00f3dico 100% Petromacorisano","publisher":{"@id":"https:\/\/conexion23.com\/#organization"},"potentialAction":[{"@type":"SearchAction","target":{"@type":"EntryPoint","urlTemplate":"https:\/\/conexion23.com\/?s={search_term_string}"},"query-input":{"@type":"PropertyValueSpecification","valueRequired":true,"valueName":"search_term_string"}}],"inLanguage":"es"},{"@type":"Organization","@id":"https:\/\/conexion23.com\/#organization","name":"Conexion 23","url":"https:\/\/conexion23.com\/","logo":{"@type":"ImageObject","inLanguage":"es","@id":"https:\/\/conexion23.com\/#\/schema\/logo\/image\/","url":"https:\/\/conexion23.com\/wp-content\/uploads\/2021\/11\/Diseno-sin-titulo-2.png","contentUrl":"https:\/\/conexion23.com\/wp-content\/uploads\/2021\/11\/Diseno-sin-titulo-2.png","width":541,"height":90,"caption":"Conexion 23"},"image":{"@id":"https:\/\/conexion23.com\/#\/schema\/logo\/image\/"},"sameAs":["https:\/\/www.facebook.com\/conexion23com","https:\/\/www.instagram.com\/conexion23com\/","https:\/\/www.youtube.com\/channel\/UCYc7vxxFZMYLIHNsHHxPZ3Q"]},{"@type":"Person","@id":"https:\/\/conexion23.com\/#\/schema\/person\/03e36043331117e97a373299bbcd30a6","name":"Raffy Ben\u00edtez","image":{"@type":"ImageObject","inLanguage":"es","@id":"https:\/\/secure.gravatar.com\/avatar\/3190a6a6c5e1b0327500f7d6c56b6242472ee6cb974cf09b401ee6b3b0798f23?s=96&d=mm&r=g","url":"https:\/\/secure.gravatar.com\/avatar\/3190a6a6c5e1b0327500f7d6c56b6242472ee6cb974cf09b401ee6b3b0798f23?s=96&d=mm&r=g","contentUrl":"https:\/\/secure.gravatar.com\/avatar\/3190a6a6c5e1b0327500f7d6c56b6242472ee6cb974cf09b401ee6b3b0798f23?s=96&d=mm&r=g","caption":"Raffy Ben\u00edtez"},"url":"https:\/\/conexion23.com\/?author=15"}]}},"_links":{"self":[{"href":"https:\/\/conexion23.com\/index.php?rest_route=\/wp\/v2\/posts\/63029","targetHints":{"allow":["GET"]}}],"collection":[{"href":"https:\/\/conexion23.com\/index.php?rest_route=\/wp\/v2\/posts"}],"about":[{"href":"https:\/\/conexion23.com\/index.php?rest_route=\/wp\/v2\/types\/post"}],"author":[{"embeddable":true,"href":"https:\/\/conexion23.com\/index.php?rest_route=\/wp\/v2\/users\/15"}],"replies":[{"embeddable":true,"href":"https:\/\/conexion23.com\/index.php?rest_route=%2Fwp%2Fv2%2Fcomments&post=63029"}],"version-history":[{"count":1,"href":"https:\/\/conexion23.com\/index.php?rest_route=\/wp\/v2\/posts\/63029\/revisions"}],"predecessor-version":[{"id":63031,"href":"https:\/\/conexion23.com\/index.php?rest_route=\/wp\/v2\/posts\/63029\/revisions\/63031"}],"wp:featuredmedia":[{"embeddable":true,"href":"https:\/\/conexion23.com\/index.php?rest_route=\/wp\/v2\/media\/63030"}],"wp:attachment":[{"href":"https:\/\/conexion23.com\/index.php?rest_route=%2Fwp%2Fv2%2Fmedia&parent=63029"}],"wp:term":[{"taxonomy":"category","embeddable":true,"href":"https:\/\/conexion23.com\/index.php?rest_route=%2Fwp%2Fv2%2Fcategories&post=63029"},{"taxonomy":"post_tag","embeddable":true,"href":"https:\/\/conexion23.com\/index.php?rest_route=%2Fwp%2Fv2%2Ftags&post=63029"}],"curies":[{"name":"wp","href":"https:\/\/api.w.org\/{rel}","templated":true}]}}