{"id":63032,"date":"2026-09-04T07:29:27","date_gmt":"2026-09-04T11:29:27","guid":{"rendered":"https:\/\/conexion23.com\/?p=63032"},"modified":"2026-09-04T07:29:27","modified_gmt":"2026-09-04T11:29:27","slug":"leonel-dice-fp-aun-no-define-candidato-presidencial-2028","status":"publish","type":"post","link":"https:\/\/conexion23.com\/?p=63032","title":{"rendered":"Leonel dice FP a\u00fan no define candidato presidencial 2028"},"content":{"rendered":"<p style=\"text-align: justify;\">El presidente de la Fuerza del Pueblo (FP), Leonel Fern\u00e1ndez, dijo este mi\u00e9rcoles que esta organizaci\u00f3n no ha definido su candidato presidencial para las elecciones de 2028 y consider\u00f3 que no ha llegado el momento para tomar esa decisi\u00f3n.<\/p>\n<p style=\"text-align: justify;\">El expresidente de la Rep\u00fablica explic\u00f3 que la escogencia deber\u00e1 realizarse conforme a los plazos establecidos por las leyes de Partidos Pol\u00edticos y de R\u00e9gimen Electoral.<\/p>\n<p style=\"text-align: justify;\">CANDIDATURA PRESIDENCIAL<\/p>\n<p style=\"text-align: justify;\">Descart\u00f3 que \u00e9l o su hijo, el senador Omar Fern\u00e1ndez, puedan ser proclamados candidatos en esta etapa, debido a que los plazos legales para la selecci\u00f3n de candidaturas no est\u00e1n abiertos.<\/p>\n<p style=\"text-align: justify;\">\u201cTenemos que esperar que las cosas evolucionen y entonces, cuando haya una campa\u00f1a formal, podemos hablar de eso, pero ni yo puedo presentarme como candidato, ni Omar tampoco porque el plazo legal no lo permite\u201d, expres\u00f3 al ser entrevistado por periodistas.<\/p>\n<p style=\"text-align: justify;\">CANDIDATURAS EN ESPERA<\/p>\n<p style=\"text-align: justify;\">Llam\u00f3 a esperar el inicio formal de la campa\u00f1a y la precampa\u00f1a para definir las candidaturas correspondientes a los distintos niveles de elecci\u00f3n.<\/p>\n<p style=\"text-align: justify;\">Destac\u00f3 el posicionamiento que, seg\u00fan afirm\u00f3, muestran las encuestas a favor de la Fuerza del Pueblo y agreg\u00f3 que el respaldo hacia esta organizaci\u00f3n crece en diferentes puntos del pa\u00eds.<\/p>\n<p style=\"text-align: justify;\">\u201cEn la Fuerza del Pueblo estamos en ascenso constante, el apoyo se siente en todo el pa\u00eds y se siente el entusiasmo entre sus compa\u00f1eros\u201d, sostuvo.<\/p>\n","protected":false},"excerpt":{"rendered":"<p>El presidente de la Fuerza del Pueblo (FP), Leonel Fern\u00e1ndez, dijo este mi\u00e9rcoles que esta organizaci\u00f3n no ha definido su candidato presidencial para las elecciones de 2028 y consider\u00f3 que no ha llegado el momento para tomar esa decisi\u00f3n. El expresidente de la Rep\u00fablica explic\u00f3 que la escogencia deber\u00e1 realizarse conforme a los plazos establecidos [&hellip;]<\/p>\n","protected":false},"author":15,"featured_media":59130,"comment_status":"open","ping_status":"open","sticky":false,"template":"","format":"standard","meta":{"footnotes":""},"categories":[3882],"tags":[3400,211,11637,11638],"class_list":["post-63032","post","type-post","status-publish","format-standard","has-post-thumbnail","category-politica","tag-candidato","tag-leonel-fernandez","tag-no-define","tag-presidencial"],"yoast_head":"<!-- This site is optimized with the Yoast SEO plugin v27.6 - https:\/\/yoast.com\/product\/yoast-seo-wordpress\/ -->\n<title>Leonel dice FP a\u00fan no define candidato presidencial 2028 - Conexi\u00f3n 23<\/title>\n<meta name=\"robots\" content=\"index, follow, max-snippet:-1, max-image-preview:large, max-video-preview:-1\" \/>\n<link rel=\"canonical\" href=\"https:\/\/conexion23.com\/?p=63032\" \/>\n<meta property=\"og:locale\" content=\"es_ES\" \/>\n<meta property=\"og:type\" content=\"article\" \/>\n<meta property=\"og:title\" content=\"Leonel dice FP a\u00fan no define candidato presidencial 2028 - Conexi\u00f3n 23\" \/>\n<meta property=\"og:description\" content=\"El presidente de la Fuerza del Pueblo (FP), Leonel Fern\u00e1ndez, dijo este mi\u00e9rcoles que esta organizaci\u00f3n no ha definido su candidato presidencial para las elecciones de 2028 y consider\u00f3 que no ha llegado el momento para tomar esa decisi\u00f3n. El expresidente de la Rep\u00fablica explic\u00f3 que la escogencia deber\u00e1 realizarse conforme a los plazos establecidos [&hellip;]\" \/>\n<meta property=\"og:url\" content=\"https:\/\/conexion23.com\/?p=63032\" \/>\n<meta property=\"og:site_name\" content=\"Conexi\u00f3n 23\" \/>\n<meta property=\"article:publisher\" content=\"https:\/\/www.facebook.com\/conexion23com\" \/>\n<meta property=\"article:published_time\" content=\"2026-09-04T11:29:27+00:00\" \/>\n<meta property=\"og:image\" content=\"http:\/\/conexion23.com\/wp-content\/uploads\/2026\/06\/leonel-fernandez.jpg\" \/>\n\t<meta property=\"og:image:width\" content=\"1248\" \/>\n\t<meta property=\"og:image:height\" content=\"1080\" \/>\n\t<meta property=\"og:image:type\" content=\"image\/jpeg\" \/>\n<meta name=\"author\" content=\"Raffy Ben\u00edtez\" \/>\n<meta name=\"twitter:card\" content=\"summary_large_image\" \/>\n<meta name=\"twitter:label1\" content=\"Escrito por\" \/>\n\t<meta name=\"twitter:data1\" content=\"Raffy Ben\u00edtez\" \/>\n\t<meta name=\"twitter:label2\" content=\"Tiempo de lectura\" \/>\n\t<meta name=\"twitter:data2\" content=\"2 minutos\" \/>\n<script type=\"application\/ld+json\" class=\"yoast-schema-graph\">{\"@context\":\"https:\\\/\\\/schema.org\",\"@graph\":[{\"@type\":\"Article\",\"@id\":\"https:\\\/\\\/conexion23.com\\\/?p=63032#article\",\"isPartOf\":{\"@id\":\"https:\\\/\\\/conexion23.com\\\/?p=63032\"},\"author\":{\"name\":\"Raffy Ben\u00edtez\",\"@id\":\"https:\\\/\\\/conexion23.com\\\/#\\\/schema\\\/person\\\/03e36043331117e97a373299bbcd30a6\"},\"headline\":\"Leonel dice FP a\u00fan no define candidato presidencial 2028\",\"datePublished\":\"2026-09-04T11:29:27+00:00\",\"mainEntityOfPage\":{\"@id\":\"https:\\\/\\\/conexion23.com\\\/?p=63032\"},\"wordCount\":248,\"commentCount\":0,\"publisher\":{\"@id\":\"https:\\\/\\\/conexion23.com\\\/#organization\"},\"image\":{\"@id\":\"https:\\\/\\\/conexion23.com\\\/?p=63032#primaryimage\"},\"thumbnailUrl\":\"https:\\\/\\\/conexion23.com\\\/wp-content\\\/uploads\\\/2026\\\/06\\\/leonel-fernandez.jpg\",\"keywords\":[\"candidato\",\"leonel fernandez\",\"no define\",\"presidencial\"],\"articleSection\":[\"Pol\u00edtica\"],\"inLanguage\":\"es\",\"potentialAction\":[{\"@type\":\"CommentAction\",\"name\":\"Comment\",\"target\":[\"https:\\\/\\\/conexion23.com\\\/?p=63032#respond\"]}]},{\"@type\":\"WebPage\",\"@id\":\"https:\\\/\\\/conexion23.com\\\/?p=63032\",\"url\":\"https:\\\/\\\/conexion23.com\\\/?p=63032\",\"name\":\"Leonel dice FP a\u00fan no define candidato presidencial 2028 - Conexi\u00f3n 23\",\"isPartOf\":{\"@id\":\"https:\\\/\\\/conexion23.com\\\/#website\"},\"primaryImageOfPage\":{\"@id\":\"https:\\\/\\\/conexion23.com\\\/?p=63032#primaryimage\"},\"image\":{\"@id\":\"https:\\\/\\\/conexion23.com\\\/?p=63032#primaryimage\"},\"thumbnailUrl\":\"https:\\\/\\\/conexion23.com\\\/wp-content\\\/uploads\\\/2026\\\/06\\\/leonel-fernandez.jpg\",\"datePublished\":\"2026-09-04T11:29:27+00:00\",\"breadcrumb\":{\"@id\":\"https:\\\/\\\/conexion23.com\\\/?p=63032#breadcrumb\"},\"inLanguage\":\"es\",\"potentialAction\":[{\"@type\":\"ReadAction\",\"target\":[\"https:\\\/\\\/conexion23.com\\\/?p=63032\"]}]},{\"@type\":\"ImageObject\",\"inLanguage\":\"es\",\"@id\":\"https:\\\/\\\/conexion23.com\\\/?p=63032#primaryimage\",\"url\":\"https:\\\/\\\/conexion23.com\\\/wp-content\\\/uploads\\\/2026\\\/06\\\/leonel-fernandez.jpg\",\"contentUrl\":\"https:\\\/\\\/conexion23.com\\\/wp-content\\\/uploads\\\/2026\\\/06\\\/leonel-fernandez.jpg\",\"width\":1248,\"height\":1080},{\"@type\":\"BreadcrumbList\",\"@id\":\"https:\\\/\\\/conexion23.com\\\/?p=63032#breadcrumb\",\"itemListElement\":[{\"@type\":\"ListItem\",\"position\":1,\"name\":\"Portada\",\"item\":\"https:\\\/\\\/conexion23.com\\\/\"},{\"@type\":\"ListItem\",\"position\":2,\"name\":\"Leonel dice FP a\u00fan no define candidato presidencial 2028\"}]},{\"@type\":\"WebSite\",\"@id\":\"https:\\\/\\\/conexion23.com\\\/#website\",\"url\":\"https:\\\/\\\/conexion23.com\\\/\",\"name\":\"Conexi\u00f3n 23\",\"description\":\"Peri\u00f3dico 100% Petromacorisano\",\"publisher\":{\"@id\":\"https:\\\/\\\/conexion23.com\\\/#organization\"},\"potentialAction\":[{\"@type\":\"SearchAction\",\"target\":{\"@type\":\"EntryPoint\",\"urlTemplate\":\"https:\\\/\\\/conexion23.com\\\/?s={search_term_string}\"},\"query-input\":{\"@type\":\"PropertyValueSpecification\",\"valueRequired\":true,\"valueName\":\"search_term_string\"}}],\"inLanguage\":\"es\"},{\"@type\":\"Organization\",\"@id\":\"https:\\\/\\\/conexion23.com\\\/#organization\",\"name\":\"Conexion 23\",\"url\":\"https:\\\/\\\/conexion23.com\\\/\",\"logo\":{\"@type\":\"ImageObject\",\"inLanguage\":\"es\",\"@id\":\"https:\\\/\\\/conexion23.com\\\/#\\\/schema\\\/logo\\\/image\\\/\",\"url\":\"https:\\\/\\\/conexion23.com\\\/wp-content\\\/uploads\\\/2021\\\/11\\\/Diseno-sin-titulo-2.png\",\"contentUrl\":\"https:\\\/\\\/conexion23.com\\\/wp-content\\\/uploads\\\/2021\\\/11\\\/Diseno-sin-titulo-2.png\",\"width\":541,\"height\":90,\"caption\":\"Conexion 23\"},\"image\":{\"@id\":\"https:\\\/\\\/conexion23.com\\\/#\\\/schema\\\/logo\\\/image\\\/\"},\"sameAs\":[\"https:\\\/\\\/www.facebook.com\\\/conexion23com\",\"https:\\\/\\\/www.instagram.com\\\/conexion23com\\\/\",\"https:\\\/\\\/www.youtube.com\\\/channel\\\/UCYc7vxxFZMYLIHNsHHxPZ3Q\"]},{\"@type\":\"Person\",\"@id\":\"https:\\\/\\\/conexion23.com\\\/#\\\/schema\\\/person\\\/03e36043331117e97a373299bbcd30a6\",\"name\":\"Raffy Ben\u00edtez\",\"image\":{\"@type\":\"ImageObject\",\"inLanguage\":\"es\",\"@id\":\"https:\\\/\\\/secure.gravatar.com\\\/avatar\\\/3190a6a6c5e1b0327500f7d6c56b6242472ee6cb974cf09b401ee6b3b0798f23?s=96&d=mm&r=g\",\"url\":\"https:\\\/\\\/secure.gravatar.com\\\/avatar\\\/3190a6a6c5e1b0327500f7d6c56b6242472ee6cb974cf09b401ee6b3b0798f23?s=96&d=mm&r=g\",\"contentUrl\":\"https:\\\/\\\/secure.gravatar.com\\\/avatar\\\/3190a6a6c5e1b0327500f7d6c56b6242472ee6cb974cf09b401ee6b3b0798f23?s=96&d=mm&r=g\",\"caption\":\"Raffy Ben\u00edtez\"},\"url\":\"https:\\\/\\\/conexion23.com\\\/?author=15\"}]}<\/script>\n<!-- \/ Yoast SEO plugin. -->","yoast_head_json":{"title":"Leonel dice FP a\u00fan no define candidato presidencial 2028 - Conexi\u00f3n 23","robots":{"index":"index","follow":"follow","max-snippet":"max-snippet:-1","max-image-preview":"max-image-preview:large","max-video-preview":"max-video-preview:-1"},"canonical":"https:\/\/conexion23.com\/?p=63032","og_locale":"es_ES","og_type":"article","og_title":"Leonel dice FP a\u00fan no define candidato presidencial 2028 - Conexi\u00f3n 23","og_description":"El presidente de la Fuerza del Pueblo (FP), Leonel Fern\u00e1ndez, dijo este mi\u00e9rcoles que esta organizaci\u00f3n no ha definido su candidato presidencial para las elecciones de 2028 y consider\u00f3 que no ha llegado el momento para tomar esa decisi\u00f3n. El expresidente de la Rep\u00fablica explic\u00f3 que la escogencia deber\u00e1 realizarse conforme a los plazos establecidos [&hellip;]","og_url":"https:\/\/conexion23.com\/?p=63032","og_site_name":"Conexi\u00f3n 23","article_publisher":"https:\/\/www.facebook.com\/conexion23com","article_published_time":"2026-09-04T11:29:27+00:00","og_image":[{"width":1248,"height":1080,"url":"http:\/\/conexion23.com\/wp-content\/uploads\/2026\/06\/leonel-fernandez.jpg","type":"image\/jpeg"}],"author":"Raffy Ben\u00edtez","twitter_card":"summary_large_image","twitter_misc":{"Escrito por":"Raffy Ben\u00edtez","Tiempo de lectura":"2 minutos"},"schema":{"@context":"https:\/\/schema.org","@graph":[{"@type":"Article","@id":"https:\/\/conexion23.com\/?p=63032#article","isPartOf":{"@id":"https:\/\/conexion23.com\/?p=63032"},"author":{"name":"Raffy Ben\u00edtez","@id":"https:\/\/conexion23.com\/#\/schema\/person\/03e36043331117e97a373299bbcd30a6"},"headline":"Leonel dice FP a\u00fan no define candidato presidencial 2028","datePublished":"2026-09-04T11:29:27+00:00","mainEntityOfPage":{"@id":"https:\/\/conexion23.com\/?p=63032"},"wordCount":248,"commentCount":0,"publisher":{"@id":"https:\/\/conexion23.com\/#organization"},"image":{"@id":"https:\/\/conexion23.com\/?p=63032#primaryimage"},"thumbnailUrl":"https:\/\/conexion23.com\/wp-content\/uploads\/2026\/06\/leonel-fernandez.jpg","keywords":["candidato","leonel fernandez","no define","presidencial"],"articleSection":["Pol\u00edtica"],"inLanguage":"es","potentialAction":[{"@type":"CommentAction","name":"Comment","target":["https:\/\/conexion23.com\/?p=63032#respond"]}]},{"@type":"WebPage","@id":"https:\/\/conexion23.com\/?p=63032","url":"https:\/\/conexion23.com\/?p=63032","name":"Leonel dice FP a\u00fan no define candidato presidencial 2028 - Conexi\u00f3n 23","isPartOf":{"@id":"https:\/\/conexion23.com\/#website"},"primaryImageOfPage":{"@id":"https:\/\/conexion23.com\/?p=63032#primaryimage"},"image":{"@id":"https:\/\/conexion23.com\/?p=63032#primaryimage"},"thumbnailUrl":"https:\/\/conexion23.com\/wp-content\/uploads\/2026\/06\/leonel-fernandez.jpg","datePublished":"2026-09-04T11:29:27+00:00","breadcrumb":{"@id":"https:\/\/conexion23.com\/?p=63032#breadcrumb"},"inLanguage":"es","potentialAction":[{"@type":"ReadAction","target":["https:\/\/conexion23.com\/?p=63032"]}]},{"@type":"ImageObject","inLanguage":"es","@id":"https:\/\/conexion23.com\/?p=63032#primaryimage","url":"https:\/\/conexion23.com\/wp-content\/uploads\/2026\/06\/leonel-fernandez.jpg","contentUrl":"https:\/\/conexion23.com\/wp-content\/uploads\/2026\/06\/leonel-fernandez.jpg","width":1248,"height":1080},{"@type":"BreadcrumbList","@id":"https:\/\/conexion23.com\/?p=63032#breadcrumb","itemListElement":[{"@type":"ListItem","position":1,"name":"Portada","item":"https:\/\/conexion23.com\/"},{"@type":"ListItem","position":2,"name":"Leonel dice FP a\u00fan no define candidato presidencial 2028"}]},{"@type":"WebSite","@id":"https:\/\/conexion23.com\/#website","url":"https:\/\/conexion23.com\/","name":"Conexi\u00f3n 23","description":"Peri\u00f3dico 100% Petromacorisano","publisher":{"@id":"https:\/\/conexion23.com\/#organization"},"potentialAction":[{"@type":"SearchAction","target":{"@type":"EntryPoint","urlTemplate":"https:\/\/conexion23.com\/?s={search_term_string}"},"query-input":{"@type":"PropertyValueSpecification","valueRequired":true,"valueName":"search_term_string"}}],"inLanguage":"es"},{"@type":"Organization","@id":"https:\/\/conexion23.com\/#organization","name":"Conexion 23","url":"https:\/\/conexion23.com\/","logo":{"@type":"ImageObject","inLanguage":"es","@id":"https:\/\/conexion23.com\/#\/schema\/logo\/image\/","url":"https:\/\/conexion23.com\/wp-content\/uploads\/2021\/11\/Diseno-sin-titulo-2.png","contentUrl":"https:\/\/conexion23.com\/wp-content\/uploads\/2021\/11\/Diseno-sin-titulo-2.png","width":541,"height":90,"caption":"Conexion 23"},"image":{"@id":"https:\/\/conexion23.com\/#\/schema\/logo\/image\/"},"sameAs":["https:\/\/www.facebook.com\/conexion23com","https:\/\/www.instagram.com\/conexion23com\/","https:\/\/www.youtube.com\/channel\/UCYc7vxxFZMYLIHNsHHxPZ3Q"]},{"@type":"Person","@id":"https:\/\/conexion23.com\/#\/schema\/person\/03e36043331117e97a373299bbcd30a6","name":"Raffy Ben\u00edtez","image":{"@type":"ImageObject","inLanguage":"es","@id":"https:\/\/secure.gravatar.com\/avatar\/3190a6a6c5e1b0327500f7d6c56b6242472ee6cb974cf09b401ee6b3b0798f23?s=96&d=mm&r=g","url":"https:\/\/secure.gravatar.com\/avatar\/3190a6a6c5e1b0327500f7d6c56b6242472ee6cb974cf09b401ee6b3b0798f23?s=96&d=mm&r=g","contentUrl":"https:\/\/secure.gravatar.com\/avatar\/3190a6a6c5e1b0327500f7d6c56b6242472ee6cb974cf09b401ee6b3b0798f23?s=96&d=mm&r=g","caption":"Raffy Ben\u00edtez"},"url":"https:\/\/conexion23.com\/?author=15"}]}},"_links":{"self":[{"href":"https:\/\/conexion23.com\/index.php?rest_route=\/wp\/v2\/posts\/63032","targetHints":{"allow":["GET"]}}],"collection":[{"href":"https:\/\/conexion23.com\/index.php?rest_route=\/wp\/v2\/posts"}],"about":[{"href":"https:\/\/conexion23.com\/index.php?rest_route=\/wp\/v2\/types\/post"}],"author":[{"embeddable":true,"href":"https:\/\/conexion23.com\/index.php?rest_route=\/wp\/v2\/users\/15"}],"replies":[{"embeddable":true,"href":"https:\/\/conexion23.com\/index.php?rest_route=%2Fwp%2Fv2%2Fcomments&post=63032"}],"version-history":[{"count":1,"href":"https:\/\/conexion23.com\/index.php?rest_route=\/wp\/v2\/posts\/63032\/revisions"}],"predecessor-version":[{"id":63033,"href":"https:\/\/conexion23.com\/index.php?rest_route=\/wp\/v2\/posts\/63032\/revisions\/63033"}],"wp:featuredmedia":[{"embeddable":true,"href":"https:\/\/conexion23.com\/index.php?rest_route=\/wp\/v2\/media\/59130"}],"wp:attachment":[{"href":"https:\/\/conexion23.com\/index.php?rest_route=%2Fwp%2Fv2%2Fmedia&parent=63032"}],"wp:term":[{"taxonomy":"category","embeddable":true,"href":"https:\/\/conexion23.com\/index.php?rest_route=%2Fwp%2Fv2%2Fcategories&post=63032"},{"taxonomy":"post_tag","embeddable":true,"href":"https:\/\/conexion23.com\/index.php?rest_route=%2Fwp%2Fv2%2Ftags&post=63032"}],"curies":[{"name":"wp","href":"https:\/\/api.w.org\/{rel}","templated":true}]}}