{"id":63034,"date":"2026-09-04T07:38:28","date_gmt":"2026-09-04T11:38:28","guid":{"rendered":"https:\/\/conexion23.com\/?p=63034"},"modified":"2026-09-04T07:38:28","modified_gmt":"2026-09-04T11:38:28","slug":"caso-senasa-continua-este-viernes-tras-solicitud-de-prorroga-presentada-por-el-mp","status":"publish","type":"post","link":"https:\/\/conexion23.com\/?p=63034","title":{"rendered":"Caso Senasa continua este viernes tras solicitud de pr\u00f3rroga presentada por el MP"},"content":{"rendered":"<p style=\"text-align: justify;\">El S\u00e9ptimo Juzgado de la Instrucci\u00f3n del Distrito Nacional conocer\u00e1 este viernes la solicitud del Ministerio P\u00fablico para extender el plazo de presentaci\u00f3n de la acusaci\u00f3n formal contra el exdirector del Seguro Nacional de Salud (<a href=\"https:\/\/www.arssenasa.gob.do\/\">Senasa<\/a>),\u00a0Santiago Hazim, y los dem\u00e1s imputados en el proceso por una presunta estafa millonaria contra el Estado.<\/p>\n<p style=\"text-align: justify;\" data-start=\"742\" data-end=\"1223\">El Ministerio P\u00fablico solicit\u00f3\u00a0cuatro meses adicionales\u00a0para completar la investigaci\u00f3n y presentar la acusaci\u00f3n formal. La petici\u00f3n fue realizada por el director de Persecuci\u00f3n,\u00a0Wilson Camacho, y la titular de la Procuradur\u00eda Especializada de Persecuci\u00f3n de la Corrupci\u00f3n Administrativa (Pepca),\u00a0Mirna Ortiz. La solicitud de cuatro meses y la audiencia fijada ante el juez Deiby Timoteo Peguero hab\u00edan sido anunciadas previamente.<\/p>\n<p style=\"text-align: justify;\" data-start=\"1225\" data-end=\"1673\">Adem\u00e1s de Hazim, en el expediente figuran\u00a0Rafael Luis Mart\u00ednez Hazim, Gustavo Enrique Messina Cruz, Germ\u00e1n Rafael Robles Qui\u00f1ones, Francisco Iv\u00e1n Minaya P\u00e9rez, Ada Ledesma, Eduardo Read Estrella, Cinty Acosta Senci\u00f3n y Heidi Mariela Pineda Perdomo. Parte de los imputados cumple prisi\u00f3n preventiva en el Centro de Correcci\u00f3n y Rehabilitaci\u00f3n Las Parras, mientras otros permanecen bajo arresto domiciliario.<\/p>\n<p style=\"text-align: justify;\" data-start=\"1675\" data-end=\"2046\">El Ministerio P\u00fablico atribuye al grupo su participaci\u00f3n en una estructura que habr\u00eda defraudado al Estado por\u00a0m\u00e1s de RD$15,000 millones\u00a0mediante operaciones investigadas entre 2020 y 2025. El \u00f3rgano persecutor sostiene que la investigaci\u00f3n contin\u00faa abierta y que otras personas f\u00edsicas y jur\u00eddicas permanecen bajo investigaci\u00f3n.<\/p>\n<p style=\"text-align: justify;\" data-start=\"2048\" data-end=\"2334\">A los imputados se les atribuyen, de manera provisional, delitos como\u00a0coalici\u00f3n de funcionarios, prevaricaci\u00f3n, asociaci\u00f3n de malhechores, estafa contra el Estado, desfalco, soborno, lavado de activos y falsificaci\u00f3n y uso de documentos falsos.<\/p>\n","protected":false},"excerpt":{"rendered":"<p>El S\u00e9ptimo Juzgado de la Instrucci\u00f3n del Distrito Nacional conocer\u00e1 este viernes la solicitud del Ministerio P\u00fablico para extender el plazo de presentaci\u00f3n de la acusaci\u00f3n formal contra el exdirector del Seguro Nacional de Salud (Senasa),\u00a0Santiago Hazim, y los dem\u00e1s imputados en el proceso por una presunta estafa millonaria contra el Estado. El Ministerio P\u00fablico [&hellip;]<\/p>\n","protected":false},"author":15,"featured_media":63035,"comment_status":"open","ping_status":"open","sticky":false,"template":"","format":"standard","meta":{"footnotes":""},"categories":[28,3913,3773],"tags":[4799,11639,38,10127,2015],"class_list":["post-63034","post","type-post","status-publish","format-standard","has-post-thumbnail","category-judiciales","category-nacionales","category-portada","tag-caso-senasa","tag-conocera","tag-ministerio-publico","tag-prorroga","tag-tribunal"],"yoast_head":"<!-- This site is optimized with the Yoast SEO plugin v27.6 - https:\/\/yoast.com\/product\/yoast-seo-wordpress\/ -->\n<title>Caso Senasa continua este viernes tras solicitud de pr\u00f3rroga presentada por el MP - Conexi\u00f3n 23<\/title>\n<meta name=\"robots\" content=\"index, follow, max-snippet:-1, max-image-preview:large, max-video-preview:-1\" \/>\n<link rel=\"canonical\" href=\"https:\/\/conexion23.com\/?p=63034\" \/>\n<meta property=\"og:locale\" content=\"es_ES\" \/>\n<meta property=\"og:type\" content=\"article\" \/>\n<meta property=\"og:title\" content=\"Caso Senasa continua este viernes tras solicitud de pr\u00f3rroga presentada por el MP - Conexi\u00f3n 23\" \/>\n<meta property=\"og:description\" content=\"El S\u00e9ptimo Juzgado de la Instrucci\u00f3n del Distrito Nacional conocer\u00e1 este viernes la solicitud del Ministerio P\u00fablico para extender el plazo de presentaci\u00f3n de la acusaci\u00f3n formal contra el exdirector del Seguro Nacional de Salud (Senasa),\u00a0Santiago Hazim, y los dem\u00e1s imputados en el proceso por una presunta estafa millonaria contra el Estado. El Ministerio P\u00fablico [&hellip;]\" \/>\n<meta property=\"og:url\" content=\"https:\/\/conexion23.com\/?p=63034\" \/>\n<meta property=\"og:site_name\" content=\"Conexi\u00f3n 23\" \/>\n<meta property=\"article:publisher\" content=\"https:\/\/www.facebook.com\/conexion23com\" \/>\n<meta property=\"article:published_time\" content=\"2026-09-04T11:38:28+00:00\" \/>\n<meta property=\"og:image\" content=\"http:\/\/conexion23.com\/wp-content\/uploads\/2026\/09\/Caso-Senasa.jpg\" \/>\n\t<meta property=\"og:image:width\" content=\"608\" \/>\n\t<meta property=\"og:image:height\" content=\"342\" \/>\n\t<meta property=\"og:image:type\" content=\"image\/jpeg\" \/>\n<meta name=\"author\" content=\"Raffy Ben\u00edtez\" \/>\n<meta name=\"twitter:card\" content=\"summary_large_image\" \/>\n<meta name=\"twitter:label1\" content=\"Escrito por\" \/>\n\t<meta name=\"twitter:data1\" content=\"Raffy Ben\u00edtez\" \/>\n\t<meta name=\"twitter:label2\" content=\"Tiempo de lectura\" \/>\n\t<meta name=\"twitter:data2\" content=\"2 minutos\" \/>\n<script type=\"application\/ld+json\" class=\"yoast-schema-graph\">{\"@context\":\"https:\\\/\\\/schema.org\",\"@graph\":[{\"@type\":\"Article\",\"@id\":\"https:\\\/\\\/conexion23.com\\\/?p=63034#article\",\"isPartOf\":{\"@id\":\"https:\\\/\\\/conexion23.com\\\/?p=63034\"},\"author\":{\"name\":\"Raffy Ben\u00edtez\",\"@id\":\"https:\\\/\\\/conexion23.com\\\/#\\\/schema\\\/person\\\/03e36043331117e97a373299bbcd30a6\"},\"headline\":\"Caso Senasa continua este viernes tras solicitud de pr\u00f3rroga presentada por el MP\",\"datePublished\":\"2026-09-04T11:38:28+00:00\",\"mainEntityOfPage\":{\"@id\":\"https:\\\/\\\/conexion23.com\\\/?p=63034\"},\"wordCount\":304,\"commentCount\":0,\"publisher\":{\"@id\":\"https:\\\/\\\/conexion23.com\\\/#organization\"},\"image\":{\"@id\":\"https:\\\/\\\/conexion23.com\\\/?p=63034#primaryimage\"},\"thumbnailUrl\":\"https:\\\/\\\/conexion23.com\\\/wp-content\\\/uploads\\\/2026\\\/09\\\/Caso-Senasa.jpg\",\"keywords\":[\"caso senasa\",\"conocer\u00e1\",\"ministerio publico\",\"prorroga\",\"tribunal\"],\"articleSection\":[\"Judiciales\",\"Nacionales\",\"Portada\"],\"inLanguage\":\"es\",\"potentialAction\":[{\"@type\":\"CommentAction\",\"name\":\"Comment\",\"target\":[\"https:\\\/\\\/conexion23.com\\\/?p=63034#respond\"]}]},{\"@type\":\"WebPage\",\"@id\":\"https:\\\/\\\/conexion23.com\\\/?p=63034\",\"url\":\"https:\\\/\\\/conexion23.com\\\/?p=63034\",\"name\":\"Caso Senasa continua este viernes tras solicitud de pr\u00f3rroga presentada por el MP - Conexi\u00f3n 23\",\"isPartOf\":{\"@id\":\"https:\\\/\\\/conexion23.com\\\/#website\"},\"primaryImageOfPage\":{\"@id\":\"https:\\\/\\\/conexion23.com\\\/?p=63034#primaryimage\"},\"image\":{\"@id\":\"https:\\\/\\\/conexion23.com\\\/?p=63034#primaryimage\"},\"thumbnailUrl\":\"https:\\\/\\\/conexion23.com\\\/wp-content\\\/uploads\\\/2026\\\/09\\\/Caso-Senasa.jpg\",\"datePublished\":\"2026-09-04T11:38:28+00:00\",\"breadcrumb\":{\"@id\":\"https:\\\/\\\/conexion23.com\\\/?p=63034#breadcrumb\"},\"inLanguage\":\"es\",\"potentialAction\":[{\"@type\":\"ReadAction\",\"target\":[\"https:\\\/\\\/conexion23.com\\\/?p=63034\"]}]},{\"@type\":\"ImageObject\",\"inLanguage\":\"es\",\"@id\":\"https:\\\/\\\/conexion23.com\\\/?p=63034#primaryimage\",\"url\":\"https:\\\/\\\/conexion23.com\\\/wp-content\\\/uploads\\\/2026\\\/09\\\/Caso-Senasa.jpg\",\"contentUrl\":\"https:\\\/\\\/conexion23.com\\\/wp-content\\\/uploads\\\/2026\\\/09\\\/Caso-Senasa.jpg\",\"width\":608,\"height\":342},{\"@type\":\"BreadcrumbList\",\"@id\":\"https:\\\/\\\/conexion23.com\\\/?p=63034#breadcrumb\",\"itemListElement\":[{\"@type\":\"ListItem\",\"position\":1,\"name\":\"Portada\",\"item\":\"https:\\\/\\\/conexion23.com\\\/\"},{\"@type\":\"ListItem\",\"position\":2,\"name\":\"Caso Senasa continua este viernes tras solicitud de pr\u00f3rroga presentada por el MP\"}]},{\"@type\":\"WebSite\",\"@id\":\"https:\\\/\\\/conexion23.com\\\/#website\",\"url\":\"https:\\\/\\\/conexion23.com\\\/\",\"name\":\"Conexi\u00f3n 23\",\"description\":\"Peri\u00f3dico 100% Petromacorisano\",\"publisher\":{\"@id\":\"https:\\\/\\\/conexion23.com\\\/#organization\"},\"potentialAction\":[{\"@type\":\"SearchAction\",\"target\":{\"@type\":\"EntryPoint\",\"urlTemplate\":\"https:\\\/\\\/conexion23.com\\\/?s={search_term_string}\"},\"query-input\":{\"@type\":\"PropertyValueSpecification\",\"valueRequired\":true,\"valueName\":\"search_term_string\"}}],\"inLanguage\":\"es\"},{\"@type\":\"Organization\",\"@id\":\"https:\\\/\\\/conexion23.com\\\/#organization\",\"name\":\"Conexion 23\",\"url\":\"https:\\\/\\\/conexion23.com\\\/\",\"logo\":{\"@type\":\"ImageObject\",\"inLanguage\":\"es\",\"@id\":\"https:\\\/\\\/conexion23.com\\\/#\\\/schema\\\/logo\\\/image\\\/\",\"url\":\"https:\\\/\\\/conexion23.com\\\/wp-content\\\/uploads\\\/2021\\\/11\\\/Diseno-sin-titulo-2.png\",\"contentUrl\":\"https:\\\/\\\/conexion23.com\\\/wp-content\\\/uploads\\\/2021\\\/11\\\/Diseno-sin-titulo-2.png\",\"width\":541,\"height\":90,\"caption\":\"Conexion 23\"},\"image\":{\"@id\":\"https:\\\/\\\/conexion23.com\\\/#\\\/schema\\\/logo\\\/image\\\/\"},\"sameAs\":[\"https:\\\/\\\/www.facebook.com\\\/conexion23com\",\"https:\\\/\\\/www.instagram.com\\\/conexion23com\\\/\",\"https:\\\/\\\/www.youtube.com\\\/channel\\\/UCYc7vxxFZMYLIHNsHHxPZ3Q\"]},{\"@type\":\"Person\",\"@id\":\"https:\\\/\\\/conexion23.com\\\/#\\\/schema\\\/person\\\/03e36043331117e97a373299bbcd30a6\",\"name\":\"Raffy Ben\u00edtez\",\"image\":{\"@type\":\"ImageObject\",\"inLanguage\":\"es\",\"@id\":\"https:\\\/\\\/secure.gravatar.com\\\/avatar\\\/3190a6a6c5e1b0327500f7d6c56b6242472ee6cb974cf09b401ee6b3b0798f23?s=96&d=mm&r=g\",\"url\":\"https:\\\/\\\/secure.gravatar.com\\\/avatar\\\/3190a6a6c5e1b0327500f7d6c56b6242472ee6cb974cf09b401ee6b3b0798f23?s=96&d=mm&r=g\",\"contentUrl\":\"https:\\\/\\\/secure.gravatar.com\\\/avatar\\\/3190a6a6c5e1b0327500f7d6c56b6242472ee6cb974cf09b401ee6b3b0798f23?s=96&d=mm&r=g\",\"caption\":\"Raffy Ben\u00edtez\"},\"url\":\"https:\\\/\\\/conexion23.com\\\/?author=15\"}]}<\/script>\n<!-- \/ Yoast SEO plugin. -->","yoast_head_json":{"title":"Caso Senasa continua este viernes tras solicitud de pr\u00f3rroga presentada por el MP - Conexi\u00f3n 23","robots":{"index":"index","follow":"follow","max-snippet":"max-snippet:-1","max-image-preview":"max-image-preview:large","max-video-preview":"max-video-preview:-1"},"canonical":"https:\/\/conexion23.com\/?p=63034","og_locale":"es_ES","og_type":"article","og_title":"Caso Senasa continua este viernes tras solicitud de pr\u00f3rroga presentada por el MP - Conexi\u00f3n 23","og_description":"El S\u00e9ptimo Juzgado de la Instrucci\u00f3n del Distrito Nacional conocer\u00e1 este viernes la solicitud del Ministerio P\u00fablico para extender el plazo de presentaci\u00f3n de la acusaci\u00f3n formal contra el exdirector del Seguro Nacional de Salud (Senasa),\u00a0Santiago Hazim, y los dem\u00e1s imputados en el proceso por una presunta estafa millonaria contra el Estado. El Ministerio P\u00fablico [&hellip;]","og_url":"https:\/\/conexion23.com\/?p=63034","og_site_name":"Conexi\u00f3n 23","article_publisher":"https:\/\/www.facebook.com\/conexion23com","article_published_time":"2026-09-04T11:38:28+00:00","og_image":[{"width":608,"height":342,"url":"http:\/\/conexion23.com\/wp-content\/uploads\/2026\/09\/Caso-Senasa.jpg","type":"image\/jpeg"}],"author":"Raffy Ben\u00edtez","twitter_card":"summary_large_image","twitter_misc":{"Escrito por":"Raffy Ben\u00edtez","Tiempo de lectura":"2 minutos"},"schema":{"@context":"https:\/\/schema.org","@graph":[{"@type":"Article","@id":"https:\/\/conexion23.com\/?p=63034#article","isPartOf":{"@id":"https:\/\/conexion23.com\/?p=63034"},"author":{"name":"Raffy Ben\u00edtez","@id":"https:\/\/conexion23.com\/#\/schema\/person\/03e36043331117e97a373299bbcd30a6"},"headline":"Caso Senasa continua este viernes tras solicitud de pr\u00f3rroga presentada por el MP","datePublished":"2026-09-04T11:38:28+00:00","mainEntityOfPage":{"@id":"https:\/\/conexion23.com\/?p=63034"},"wordCount":304,"commentCount":0,"publisher":{"@id":"https:\/\/conexion23.com\/#organization"},"image":{"@id":"https:\/\/conexion23.com\/?p=63034#primaryimage"},"thumbnailUrl":"https:\/\/conexion23.com\/wp-content\/uploads\/2026\/09\/Caso-Senasa.jpg","keywords":["caso senasa","conocer\u00e1","ministerio publico","prorroga","tribunal"],"articleSection":["Judiciales","Nacionales","Portada"],"inLanguage":"es","potentialAction":[{"@type":"CommentAction","name":"Comment","target":["https:\/\/conexion23.com\/?p=63034#respond"]}]},{"@type":"WebPage","@id":"https:\/\/conexion23.com\/?p=63034","url":"https:\/\/conexion23.com\/?p=63034","name":"Caso Senasa continua este viernes tras solicitud de pr\u00f3rroga presentada por el MP - Conexi\u00f3n 23","isPartOf":{"@id":"https:\/\/conexion23.com\/#website"},"primaryImageOfPage":{"@id":"https:\/\/conexion23.com\/?p=63034#primaryimage"},"image":{"@id":"https:\/\/conexion23.com\/?p=63034#primaryimage"},"thumbnailUrl":"https:\/\/conexion23.com\/wp-content\/uploads\/2026\/09\/Caso-Senasa.jpg","datePublished":"2026-09-04T11:38:28+00:00","breadcrumb":{"@id":"https:\/\/conexion23.com\/?p=63034#breadcrumb"},"inLanguage":"es","potentialAction":[{"@type":"ReadAction","target":["https:\/\/conexion23.com\/?p=63034"]}]},{"@type":"ImageObject","inLanguage":"es","@id":"https:\/\/conexion23.com\/?p=63034#primaryimage","url":"https:\/\/conexion23.com\/wp-content\/uploads\/2026\/09\/Caso-Senasa.jpg","contentUrl":"https:\/\/conexion23.com\/wp-content\/uploads\/2026\/09\/Caso-Senasa.jpg","width":608,"height":342},{"@type":"BreadcrumbList","@id":"https:\/\/conexion23.com\/?p=63034#breadcrumb","itemListElement":[{"@type":"ListItem","position":1,"name":"Portada","item":"https:\/\/conexion23.com\/"},{"@type":"ListItem","position":2,"name":"Caso Senasa continua este viernes tras solicitud de pr\u00f3rroga presentada por el MP"}]},{"@type":"WebSite","@id":"https:\/\/conexion23.com\/#website","url":"https:\/\/conexion23.com\/","name":"Conexi\u00f3n 23","description":"Peri\u00f3dico 100% Petromacorisano","publisher":{"@id":"https:\/\/conexion23.com\/#organization"},"potentialAction":[{"@type":"SearchAction","target":{"@type":"EntryPoint","urlTemplate":"https:\/\/conexion23.com\/?s={search_term_string}"},"query-input":{"@type":"PropertyValueSpecification","valueRequired":true,"valueName":"search_term_string"}}],"inLanguage":"es"},{"@type":"Organization","@id":"https:\/\/conexion23.com\/#organization","name":"Conexion 23","url":"https:\/\/conexion23.com\/","logo":{"@type":"ImageObject","inLanguage":"es","@id":"https:\/\/conexion23.com\/#\/schema\/logo\/image\/","url":"https:\/\/conexion23.com\/wp-content\/uploads\/2021\/11\/Diseno-sin-titulo-2.png","contentUrl":"https:\/\/conexion23.com\/wp-content\/uploads\/2021\/11\/Diseno-sin-titulo-2.png","width":541,"height":90,"caption":"Conexion 23"},"image":{"@id":"https:\/\/conexion23.com\/#\/schema\/logo\/image\/"},"sameAs":["https:\/\/www.facebook.com\/conexion23com","https:\/\/www.instagram.com\/conexion23com\/","https:\/\/www.youtube.com\/channel\/UCYc7vxxFZMYLIHNsHHxPZ3Q"]},{"@type":"Person","@id":"https:\/\/conexion23.com\/#\/schema\/person\/03e36043331117e97a373299bbcd30a6","name":"Raffy Ben\u00edtez","image":{"@type":"ImageObject","inLanguage":"es","@id":"https:\/\/secure.gravatar.com\/avatar\/3190a6a6c5e1b0327500f7d6c56b6242472ee6cb974cf09b401ee6b3b0798f23?s=96&d=mm&r=g","url":"https:\/\/secure.gravatar.com\/avatar\/3190a6a6c5e1b0327500f7d6c56b6242472ee6cb974cf09b401ee6b3b0798f23?s=96&d=mm&r=g","contentUrl":"https:\/\/secure.gravatar.com\/avatar\/3190a6a6c5e1b0327500f7d6c56b6242472ee6cb974cf09b401ee6b3b0798f23?s=96&d=mm&r=g","caption":"Raffy Ben\u00edtez"},"url":"https:\/\/conexion23.com\/?author=15"}]}},"_links":{"self":[{"href":"https:\/\/conexion23.com\/index.php?rest_route=\/wp\/v2\/posts\/63034","targetHints":{"allow":["GET"]}}],"collection":[{"href":"https:\/\/conexion23.com\/index.php?rest_route=\/wp\/v2\/posts"}],"about":[{"href":"https:\/\/conexion23.com\/index.php?rest_route=\/wp\/v2\/types\/post"}],"author":[{"embeddable":true,"href":"https:\/\/conexion23.com\/index.php?rest_route=\/wp\/v2\/users\/15"}],"replies":[{"embeddable":true,"href":"https:\/\/conexion23.com\/index.php?rest_route=%2Fwp%2Fv2%2Fcomments&post=63034"}],"version-history":[{"count":1,"href":"https:\/\/conexion23.com\/index.php?rest_route=\/wp\/v2\/posts\/63034\/revisions"}],"predecessor-version":[{"id":63036,"href":"https:\/\/conexion23.com\/index.php?rest_route=\/wp\/v2\/posts\/63034\/revisions\/63036"}],"wp:featuredmedia":[{"embeddable":true,"href":"https:\/\/conexion23.com\/index.php?rest_route=\/wp\/v2\/media\/63035"}],"wp:attachment":[{"href":"https:\/\/conexion23.com\/index.php?rest_route=%2Fwp%2Fv2%2Fmedia&parent=63034"}],"wp:term":[{"taxonomy":"category","embeddable":true,"href":"https:\/\/conexion23.com\/index.php?rest_route=%2Fwp%2Fv2%2Fcategories&post=63034"},{"taxonomy":"post_tag","embeddable":true,"href":"https:\/\/conexion23.com\/index.php?rest_route=%2Fwp%2Fv2%2Ftags&post=63034"}],"curies":[{"name":"wp","href":"https:\/\/api.w.org\/{rel}","templated":true}]}}