{"id":63037,"date":"2026-09-04T07:50:34","date_gmt":"2026-09-04T11:50:34","guid":{"rendered":"https:\/\/conexion23.com\/?p=63037"},"modified":"2026-09-04T07:50:34","modified_gmt":"2026-09-04T11:50:34","slug":"los-abridores-aaron-sanchez-y-carlos-rodriguez-regresaran-con-los-toros","status":"publish","type":"post","link":"https:\/\/conexion23.com\/?p=63037","title":{"rendered":"Los abridores Aaron S\u00e1nchez y Carlos Rodr\u00edguez regresar\u00e1n con los Toros"},"content":{"rendered":"<p id=\"m50310-50309-50311\" style=\"text-align: justify;\">Los Toros del Este hicieron unos movimientos importantes para iniciar la temporada 2026-27 con una s\u00f3lida rotaci\u00f3n abridora, luego de anunciar al regreso de los lanzadores Aaron S\u00e1nchez y Carlos Rodr\u00edguez, quienes estar\u00e1n disponibles desde el primer d\u00eda.<\/p>\n<p id=\"m50315-50314-50316\" style=\"text-align: justify;\">La temporada pasada, S\u00e1nchez se uni\u00f3 a Paolo Espino (2023-24), Ra\u00fal Vald\u00e9s (2004-05), Robert Ellis (2000-01) y Gibson Alba (1986-87) como jugadores de los Toros en ser electos Lanzador del A\u00f1o en LIDOM.<\/p>\n<p id=\"m50320-50319-50321\" style=\"text-align: justify;\">El lanzador norteamericano de los Toros trabaj\u00f3 en ocho partidos, acumulando 46 entradas y un tercio, en las que permiti\u00f3 apenas ocho carreras limpias, con 35 imparables, 34 ponches y nueve boletos.<\/p>\n<p id=\"m50325-50324-50326\" style=\"text-align: justify;\">Su desempe\u00f1o se reflej\u00f3 en un r\u00e9cord de 4-2, una sobresaliente efectividad de 1.55 y WHIP de 0.95, liderando la liga en ambas categor\u00edas, adem\u00e1s de limitar a la oposici\u00f3n a un promedio ofensivo de .208, cifras que lo colocaron entre los l\u00edderes del pitcheo en m\u00faltiples renglones. Su efectividad ajustada fue de 261, es decir, un 161 por ciento por encima de la media de la liga.<\/p>\n<p id=\"m50330-50329-50331\" style=\"text-align: justify;\">De su lado, Rodr\u00edguez abri\u00f3 cuatro partidos en la campa\u00f1a pasada, no tuvo r\u00e9cord pero una buena efectividad de 3.18 y limit\u00f3 a la oposici\u00f3n a promedio de .183. El derecho nicarag\u00fcense totaliz\u00f3 17 innings de 11 hits, permiti\u00f3 6 carreras, dio 7 boletos y ponch\u00f3 17, para un buen WHIP de 1.06.<\/p>\n<p id=\"m50335-50334-50336\" style=\"text-align: justify;\">\u201cEstamos emocionados con el regreso de dos abridores probados. S\u00e1nchez y Rodr\u00edguez son dos lanzadores que pueden ser abridores n\u00famero uno en cualquier rotaci\u00f3n de ligas invernales,\u201d dijo Jes\u00fas Mej\u00eda, gerente general de los Toros, al momento de hacer el anuncio. \u201cEstamos armando una rotaci\u00f3n que nos brinde una carta de triunfo d\u00eda a d\u00eda desde el inicio para mantenernos de forma consistente en competencia,\u201d agreg\u00f3 el ejecutivo taurino.<\/p>\n<p id=\"m50340-50339-50341\" style=\"text-align: justify;\">En la temporada 2025-26, los Toros tuvieron efectivad de 3.43 en su rotaci\u00f3n abridora, \u00fanico equipo con promedio de carreras limpias por debajo de 4.00 y lideraron la liga con 17 aperturas de calidad.<\/p>\n","protected":false},"excerpt":{"rendered":"<p>Los Toros del Este hicieron unos movimientos importantes para iniciar la temporada 2026-27 con una s\u00f3lida rotaci\u00f3n abridora, luego de anunciar al regreso de los lanzadores Aaron S\u00e1nchez y Carlos Rodr\u00edguez, quienes estar\u00e1n disponibles desde el primer d\u00eda. La temporada pasada, S\u00e1nchez se uni\u00f3 a Paolo Espino (2023-24), Ra\u00fal Vald\u00e9s (2004-05), Robert Ellis (2000-01) y [&hellip;]<\/p>\n","protected":false},"author":15,"featured_media":63038,"comment_status":"open","ping_status":"open","sticky":false,"template":"","format":"standard","meta":{"footnotes":""},"categories":[6],"tags":[11641,11640,11642,2935],"class_list":["post-63037","post","type-post","status-publish","format-standard","has-post-thumbnail","category-deportes","tag-aaron-sanchez","tag-abridores","tag-carlos-rodriguez","tag-toros"],"yoast_head":"<!-- This site is optimized with the Yoast SEO plugin v27.6 - https:\/\/yoast.com\/product\/yoast-seo-wordpress\/ -->\n<title>Los abridores Aaron S\u00e1nchez y Carlos Rodr\u00edguez regresar\u00e1n con los Toros - Conexi\u00f3n 23<\/title>\n<meta name=\"robots\" content=\"index, follow, max-snippet:-1, max-image-preview:large, max-video-preview:-1\" \/>\n<link rel=\"canonical\" href=\"https:\/\/conexion23.com\/?p=63037\" \/>\n<meta property=\"og:locale\" content=\"es_ES\" \/>\n<meta property=\"og:type\" content=\"article\" \/>\n<meta property=\"og:title\" content=\"Los abridores Aaron S\u00e1nchez y Carlos Rodr\u00edguez regresar\u00e1n con los Toros - Conexi\u00f3n 23\" \/>\n<meta property=\"og:description\" content=\"Los Toros del Este hicieron unos movimientos importantes para iniciar la temporada 2026-27 con una s\u00f3lida rotaci\u00f3n abridora, luego de anunciar al regreso de los lanzadores Aaron S\u00e1nchez y Carlos Rodr\u00edguez, quienes estar\u00e1n disponibles desde el primer d\u00eda. La temporada pasada, S\u00e1nchez se uni\u00f3 a Paolo Espino (2023-24), Ra\u00fal Vald\u00e9s (2004-05), Robert Ellis (2000-01) y [&hellip;]\" \/>\n<meta property=\"og:url\" content=\"https:\/\/conexion23.com\/?p=63037\" \/>\n<meta property=\"og:site_name\" content=\"Conexi\u00f3n 23\" \/>\n<meta property=\"article:publisher\" content=\"https:\/\/www.facebook.com\/conexion23com\" \/>\n<meta property=\"article:published_time\" content=\"2026-09-04T11:50:34+00:00\" \/>\n<meta property=\"og:image\" content=\"http:\/\/conexion23.com\/wp-content\/uploads\/2026\/09\/Aaron-Sanchez.jpeg\" \/>\n\t<meta property=\"og:image:width\" content=\"800\" \/>\n\t<meta property=\"og:image:height\" content=\"533\" \/>\n\t<meta property=\"og:image:type\" content=\"image\/jpeg\" \/>\n<meta name=\"author\" content=\"Raffy Ben\u00edtez\" \/>\n<meta name=\"twitter:card\" content=\"summary_large_image\" \/>\n<meta name=\"twitter:label1\" content=\"Escrito por\" \/>\n\t<meta name=\"twitter:data1\" content=\"Raffy Ben\u00edtez\" \/>\n\t<meta name=\"twitter:label2\" content=\"Tiempo de lectura\" \/>\n\t<meta name=\"twitter:data2\" content=\"2 minutos\" \/>\n<script type=\"application\/ld+json\" class=\"yoast-schema-graph\">{\"@context\":\"https:\\\/\\\/schema.org\",\"@graph\":[{\"@type\":\"Article\",\"@id\":\"https:\\\/\\\/conexion23.com\\\/?p=63037#article\",\"isPartOf\":{\"@id\":\"https:\\\/\\\/conexion23.com\\\/?p=63037\"},\"author\":{\"name\":\"Raffy Ben\u00edtez\",\"@id\":\"https:\\\/\\\/conexion23.com\\\/#\\\/schema\\\/person\\\/03e36043331117e97a373299bbcd30a6\"},\"headline\":\"Los abridores Aaron S\u00e1nchez y Carlos Rodr\u00edguez regresar\u00e1n con los Toros\",\"datePublished\":\"2026-09-04T11:50:34+00:00\",\"mainEntityOfPage\":{\"@id\":\"https:\\\/\\\/conexion23.com\\\/?p=63037\"},\"wordCount\":354,\"commentCount\":0,\"publisher\":{\"@id\":\"https:\\\/\\\/conexion23.com\\\/#organization\"},\"image\":{\"@id\":\"https:\\\/\\\/conexion23.com\\\/?p=63037#primaryimage\"},\"thumbnailUrl\":\"https:\\\/\\\/conexion23.com\\\/wp-content\\\/uploads\\\/2026\\\/09\\\/Aaron-Sanchez.jpeg\",\"keywords\":[\"Aaron S\u00e1nchez\",\"abridores\",\"Carlos Rodr\u00edguez\",\"toros\"],\"articleSection\":[\"Deportes\"],\"inLanguage\":\"es\",\"potentialAction\":[{\"@type\":\"CommentAction\",\"name\":\"Comment\",\"target\":[\"https:\\\/\\\/conexion23.com\\\/?p=63037#respond\"]}]},{\"@type\":\"WebPage\",\"@id\":\"https:\\\/\\\/conexion23.com\\\/?p=63037\",\"url\":\"https:\\\/\\\/conexion23.com\\\/?p=63037\",\"name\":\"Los abridores Aaron S\u00e1nchez y Carlos Rodr\u00edguez regresar\u00e1n con los Toros - Conexi\u00f3n 23\",\"isPartOf\":{\"@id\":\"https:\\\/\\\/conexion23.com\\\/#website\"},\"primaryImageOfPage\":{\"@id\":\"https:\\\/\\\/conexion23.com\\\/?p=63037#primaryimage\"},\"image\":{\"@id\":\"https:\\\/\\\/conexion23.com\\\/?p=63037#primaryimage\"},\"thumbnailUrl\":\"https:\\\/\\\/conexion23.com\\\/wp-content\\\/uploads\\\/2026\\\/09\\\/Aaron-Sanchez.jpeg\",\"datePublished\":\"2026-09-04T11:50:34+00:00\",\"breadcrumb\":{\"@id\":\"https:\\\/\\\/conexion23.com\\\/?p=63037#breadcrumb\"},\"inLanguage\":\"es\",\"potentialAction\":[{\"@type\":\"ReadAction\",\"target\":[\"https:\\\/\\\/conexion23.com\\\/?p=63037\"]}]},{\"@type\":\"ImageObject\",\"inLanguage\":\"es\",\"@id\":\"https:\\\/\\\/conexion23.com\\\/?p=63037#primaryimage\",\"url\":\"https:\\\/\\\/conexion23.com\\\/wp-content\\\/uploads\\\/2026\\\/09\\\/Aaron-Sanchez.jpeg\",\"contentUrl\":\"https:\\\/\\\/conexion23.com\\\/wp-content\\\/uploads\\\/2026\\\/09\\\/Aaron-Sanchez.jpeg\",\"width\":800,\"height\":533},{\"@type\":\"BreadcrumbList\",\"@id\":\"https:\\\/\\\/conexion23.com\\\/?p=63037#breadcrumb\",\"itemListElement\":[{\"@type\":\"ListItem\",\"position\":1,\"name\":\"Portada\",\"item\":\"https:\\\/\\\/conexion23.com\\\/\"},{\"@type\":\"ListItem\",\"position\":2,\"name\":\"Los abridores Aaron S\u00e1nchez y Carlos Rodr\u00edguez regresar\u00e1n con los Toros\"}]},{\"@type\":\"WebSite\",\"@id\":\"https:\\\/\\\/conexion23.com\\\/#website\",\"url\":\"https:\\\/\\\/conexion23.com\\\/\",\"name\":\"Conexi\u00f3n 23\",\"description\":\"Peri\u00f3dico 100% Petromacorisano\",\"publisher\":{\"@id\":\"https:\\\/\\\/conexion23.com\\\/#organization\"},\"potentialAction\":[{\"@type\":\"SearchAction\",\"target\":{\"@type\":\"EntryPoint\",\"urlTemplate\":\"https:\\\/\\\/conexion23.com\\\/?s={search_term_string}\"},\"query-input\":{\"@type\":\"PropertyValueSpecification\",\"valueRequired\":true,\"valueName\":\"search_term_string\"}}],\"inLanguage\":\"es\"},{\"@type\":\"Organization\",\"@id\":\"https:\\\/\\\/conexion23.com\\\/#organization\",\"name\":\"Conexion 23\",\"url\":\"https:\\\/\\\/conexion23.com\\\/\",\"logo\":{\"@type\":\"ImageObject\",\"inLanguage\":\"es\",\"@id\":\"https:\\\/\\\/conexion23.com\\\/#\\\/schema\\\/logo\\\/image\\\/\",\"url\":\"https:\\\/\\\/conexion23.com\\\/wp-content\\\/uploads\\\/2021\\\/11\\\/Diseno-sin-titulo-2.png\",\"contentUrl\":\"https:\\\/\\\/conexion23.com\\\/wp-content\\\/uploads\\\/2021\\\/11\\\/Diseno-sin-titulo-2.png\",\"width\":541,\"height\":90,\"caption\":\"Conexion 23\"},\"image\":{\"@id\":\"https:\\\/\\\/conexion23.com\\\/#\\\/schema\\\/logo\\\/image\\\/\"},\"sameAs\":[\"https:\\\/\\\/www.facebook.com\\\/conexion23com\",\"https:\\\/\\\/www.instagram.com\\\/conexion23com\\\/\",\"https:\\\/\\\/www.youtube.com\\\/channel\\\/UCYc7vxxFZMYLIHNsHHxPZ3Q\"]},{\"@type\":\"Person\",\"@id\":\"https:\\\/\\\/conexion23.com\\\/#\\\/schema\\\/person\\\/03e36043331117e97a373299bbcd30a6\",\"name\":\"Raffy Ben\u00edtez\",\"image\":{\"@type\":\"ImageObject\",\"inLanguage\":\"es\",\"@id\":\"https:\\\/\\\/secure.gravatar.com\\\/avatar\\\/3190a6a6c5e1b0327500f7d6c56b6242472ee6cb974cf09b401ee6b3b0798f23?s=96&d=mm&r=g\",\"url\":\"https:\\\/\\\/secure.gravatar.com\\\/avatar\\\/3190a6a6c5e1b0327500f7d6c56b6242472ee6cb974cf09b401ee6b3b0798f23?s=96&d=mm&r=g\",\"contentUrl\":\"https:\\\/\\\/secure.gravatar.com\\\/avatar\\\/3190a6a6c5e1b0327500f7d6c56b6242472ee6cb974cf09b401ee6b3b0798f23?s=96&d=mm&r=g\",\"caption\":\"Raffy Ben\u00edtez\"},\"url\":\"https:\\\/\\\/conexion23.com\\\/?author=15\"}]}<\/script>\n<!-- \/ Yoast SEO plugin. -->","yoast_head_json":{"title":"Los abridores Aaron S\u00e1nchez y Carlos Rodr\u00edguez regresar\u00e1n con los Toros - Conexi\u00f3n 23","robots":{"index":"index","follow":"follow","max-snippet":"max-snippet:-1","max-image-preview":"max-image-preview:large","max-video-preview":"max-video-preview:-1"},"canonical":"https:\/\/conexion23.com\/?p=63037","og_locale":"es_ES","og_type":"article","og_title":"Los abridores Aaron S\u00e1nchez y Carlos Rodr\u00edguez regresar\u00e1n con los Toros - Conexi\u00f3n 23","og_description":"Los Toros del Este hicieron unos movimientos importantes para iniciar la temporada 2026-27 con una s\u00f3lida rotaci\u00f3n abridora, luego de anunciar al regreso de los lanzadores Aaron S\u00e1nchez y Carlos Rodr\u00edguez, quienes estar\u00e1n disponibles desde el primer d\u00eda. La temporada pasada, S\u00e1nchez se uni\u00f3 a Paolo Espino (2023-24), Ra\u00fal Vald\u00e9s (2004-05), Robert Ellis (2000-01) y [&hellip;]","og_url":"https:\/\/conexion23.com\/?p=63037","og_site_name":"Conexi\u00f3n 23","article_publisher":"https:\/\/www.facebook.com\/conexion23com","article_published_time":"2026-09-04T11:50:34+00:00","og_image":[{"width":800,"height":533,"url":"http:\/\/conexion23.com\/wp-content\/uploads\/2026\/09\/Aaron-Sanchez.jpeg","type":"image\/jpeg"}],"author":"Raffy Ben\u00edtez","twitter_card":"summary_large_image","twitter_misc":{"Escrito por":"Raffy Ben\u00edtez","Tiempo de lectura":"2 minutos"},"schema":{"@context":"https:\/\/schema.org","@graph":[{"@type":"Article","@id":"https:\/\/conexion23.com\/?p=63037#article","isPartOf":{"@id":"https:\/\/conexion23.com\/?p=63037"},"author":{"name":"Raffy Ben\u00edtez","@id":"https:\/\/conexion23.com\/#\/schema\/person\/03e36043331117e97a373299bbcd30a6"},"headline":"Los abridores Aaron S\u00e1nchez y Carlos Rodr\u00edguez regresar\u00e1n con los Toros","datePublished":"2026-09-04T11:50:34+00:00","mainEntityOfPage":{"@id":"https:\/\/conexion23.com\/?p=63037"},"wordCount":354,"commentCount":0,"publisher":{"@id":"https:\/\/conexion23.com\/#organization"},"image":{"@id":"https:\/\/conexion23.com\/?p=63037#primaryimage"},"thumbnailUrl":"https:\/\/conexion23.com\/wp-content\/uploads\/2026\/09\/Aaron-Sanchez.jpeg","keywords":["Aaron S\u00e1nchez","abridores","Carlos Rodr\u00edguez","toros"],"articleSection":["Deportes"],"inLanguage":"es","potentialAction":[{"@type":"CommentAction","name":"Comment","target":["https:\/\/conexion23.com\/?p=63037#respond"]}]},{"@type":"WebPage","@id":"https:\/\/conexion23.com\/?p=63037","url":"https:\/\/conexion23.com\/?p=63037","name":"Los abridores Aaron S\u00e1nchez y Carlos Rodr\u00edguez regresar\u00e1n con los Toros - Conexi\u00f3n 23","isPartOf":{"@id":"https:\/\/conexion23.com\/#website"},"primaryImageOfPage":{"@id":"https:\/\/conexion23.com\/?p=63037#primaryimage"},"image":{"@id":"https:\/\/conexion23.com\/?p=63037#primaryimage"},"thumbnailUrl":"https:\/\/conexion23.com\/wp-content\/uploads\/2026\/09\/Aaron-Sanchez.jpeg","datePublished":"2026-09-04T11:50:34+00:00","breadcrumb":{"@id":"https:\/\/conexion23.com\/?p=63037#breadcrumb"},"inLanguage":"es","potentialAction":[{"@type":"ReadAction","target":["https:\/\/conexion23.com\/?p=63037"]}]},{"@type":"ImageObject","inLanguage":"es","@id":"https:\/\/conexion23.com\/?p=63037#primaryimage","url":"https:\/\/conexion23.com\/wp-content\/uploads\/2026\/09\/Aaron-Sanchez.jpeg","contentUrl":"https:\/\/conexion23.com\/wp-content\/uploads\/2026\/09\/Aaron-Sanchez.jpeg","width":800,"height":533},{"@type":"BreadcrumbList","@id":"https:\/\/conexion23.com\/?p=63037#breadcrumb","itemListElement":[{"@type":"ListItem","position":1,"name":"Portada","item":"https:\/\/conexion23.com\/"},{"@type":"ListItem","position":2,"name":"Los abridores Aaron S\u00e1nchez y Carlos Rodr\u00edguez regresar\u00e1n con los Toros"}]},{"@type":"WebSite","@id":"https:\/\/conexion23.com\/#website","url":"https:\/\/conexion23.com\/","name":"Conexi\u00f3n 23","description":"Peri\u00f3dico 100% Petromacorisano","publisher":{"@id":"https:\/\/conexion23.com\/#organization"},"potentialAction":[{"@type":"SearchAction","target":{"@type":"EntryPoint","urlTemplate":"https:\/\/conexion23.com\/?s={search_term_string}"},"query-input":{"@type":"PropertyValueSpecification","valueRequired":true,"valueName":"search_term_string"}}],"inLanguage":"es"},{"@type":"Organization","@id":"https:\/\/conexion23.com\/#organization","name":"Conexion 23","url":"https:\/\/conexion23.com\/","logo":{"@type":"ImageObject","inLanguage":"es","@id":"https:\/\/conexion23.com\/#\/schema\/logo\/image\/","url":"https:\/\/conexion23.com\/wp-content\/uploads\/2021\/11\/Diseno-sin-titulo-2.png","contentUrl":"https:\/\/conexion23.com\/wp-content\/uploads\/2021\/11\/Diseno-sin-titulo-2.png","width":541,"height":90,"caption":"Conexion 23"},"image":{"@id":"https:\/\/conexion23.com\/#\/schema\/logo\/image\/"},"sameAs":["https:\/\/www.facebook.com\/conexion23com","https:\/\/www.instagram.com\/conexion23com\/","https:\/\/www.youtube.com\/channel\/UCYc7vxxFZMYLIHNsHHxPZ3Q"]},{"@type":"Person","@id":"https:\/\/conexion23.com\/#\/schema\/person\/03e36043331117e97a373299bbcd30a6","name":"Raffy Ben\u00edtez","image":{"@type":"ImageObject","inLanguage":"es","@id":"https:\/\/secure.gravatar.com\/avatar\/3190a6a6c5e1b0327500f7d6c56b6242472ee6cb974cf09b401ee6b3b0798f23?s=96&d=mm&r=g","url":"https:\/\/secure.gravatar.com\/avatar\/3190a6a6c5e1b0327500f7d6c56b6242472ee6cb974cf09b401ee6b3b0798f23?s=96&d=mm&r=g","contentUrl":"https:\/\/secure.gravatar.com\/avatar\/3190a6a6c5e1b0327500f7d6c56b6242472ee6cb974cf09b401ee6b3b0798f23?s=96&d=mm&r=g","caption":"Raffy Ben\u00edtez"},"url":"https:\/\/conexion23.com\/?author=15"}]}},"_links":{"self":[{"href":"https:\/\/conexion23.com\/index.php?rest_route=\/wp\/v2\/posts\/63037","targetHints":{"allow":["GET"]}}],"collection":[{"href":"https:\/\/conexion23.com\/index.php?rest_route=\/wp\/v2\/posts"}],"about":[{"href":"https:\/\/conexion23.com\/index.php?rest_route=\/wp\/v2\/types\/post"}],"author":[{"embeddable":true,"href":"https:\/\/conexion23.com\/index.php?rest_route=\/wp\/v2\/users\/15"}],"replies":[{"embeddable":true,"href":"https:\/\/conexion23.com\/index.php?rest_route=%2Fwp%2Fv2%2Fcomments&post=63037"}],"version-history":[{"count":1,"href":"https:\/\/conexion23.com\/index.php?rest_route=\/wp\/v2\/posts\/63037\/revisions"}],"predecessor-version":[{"id":63039,"href":"https:\/\/conexion23.com\/index.php?rest_route=\/wp\/v2\/posts\/63037\/revisions\/63039"}],"wp:featuredmedia":[{"embeddable":true,"href":"https:\/\/conexion23.com\/index.php?rest_route=\/wp\/v2\/media\/63038"}],"wp:attachment":[{"href":"https:\/\/conexion23.com\/index.php?rest_route=%2Fwp%2Fv2%2Fmedia&parent=63037"}],"wp:term":[{"taxonomy":"category","embeddable":true,"href":"https:\/\/conexion23.com\/index.php?rest_route=%2Fwp%2Fv2%2Fcategories&post=63037"},{"taxonomy":"post_tag","embeddable":true,"href":"https:\/\/conexion23.com\/index.php?rest_route=%2Fwp%2Fv2%2Ftags&post=63037"}],"curies":[{"name":"wp","href":"https:\/\/api.w.org\/{rel}","templated":true}]}}