{"id":63047,"date":"2026-09-04T08:52:50","date_gmt":"2026-09-04T12:52:50","guid":{"rendered":"https:\/\/conexion23.com\/?p=63047"},"modified":"2026-09-04T08:52:50","modified_gmt":"2026-09-04T12:52:50","slug":"republica-dominicana-y-haiti-desarrollan-agenda-de-trabajo-sobre-temas-de-interes-bilateral","status":"publish","type":"post","link":"https:\/\/conexion23.com\/?p=63047","title":{"rendered":"Rep\u00fablica Dominicana y Hait\u00ed desarrollan agenda de trabajo sobre temas de inter\u00e9s bilateral"},"content":{"rendered":"<p dir=\"ltr\" style=\"text-align: justify;\">El ministro de Relaciones Exteriores de la Rep\u00fablica Dominicana,\u00a0V\u00edctor \u201cIto\u201d Bison\u00f3, y la ministra de Asuntos Extranjeros y Cultos de Hait\u00ed (MAEC),\u00a0Raina Forbin, encabezaron este jueves en\u00a0 esta localidad una\u00a0reuni\u00f3n de trabajo entre delegaciones de ambos pa\u00edses, como parte del\u00a0di\u00e1logo bilateral\u00a0y de los esfuerzos para continuar abordando\u00a0asuntos de inter\u00e9s com\u00fan.<\/p>\n<p dir=\"ltr\" style=\"text-align: justify;\">Durante el encuentro, las delegaciones intercambiaron sobre migraci\u00f3n y cooperaci\u00f3n jur\u00eddica, comercio bilateral, conectividad a\u00e9rea, cooperaci\u00f3n econ\u00f3mica y coordinaci\u00f3n en materia fronteriza, \u00e1reas que forman parte de la\u00a0agenda de trabajo entre ambas naciones.<\/p>\n<p dir=\"ltr\" style=\"text-align: justify;\">Las conversaciones se desarrollaron con el prop\u00f3sito de mantener una\u00a0interlocuci\u00f3n directa y constructiva\u00a0sobre los temas que inciden en la relaci\u00f3n bilateral y continuar identificando mecanismos de cooperaci\u00f3n, desde el\u00a0respeto a la soberan\u00eda de ambos Estados.<\/p>\n<p dir=\"ltr\" style=\"text-align: justify;\">Al t\u00e9rmino del encuentro, ambos cancilleres emitieron la siguiente\u00a0declaraci\u00f3n conjunta:<\/p>\n<p dir=\"ltr\" style=\"text-align: justify;\">El Ministerio de Relaciones Exteriores de Rep\u00fablica Dominicana\u00a0(Mirex)\u00a0y el Ministerio de Asuntos Extranjeros y Cultos\u00a0(MAEC)\u00a0de la Rep\u00fablica de Hait\u00ed, encabezados por sus respectivos ministros, se\u00f1or V\u00edctor O. Bison\u00f3 Haza y se\u00f1ora Raina Forbin, sostuvieron una\u00a0reuni\u00f3n de trabajo el d\u00eda 3 de septiembre de 2026, en las instalaciones del Parque Industrial Codevi, durante la cual trataron los\u00a0asuntos centrales\u00a0de la agenda bilateral entre ambas naciones.<\/p>\n<p dir=\"ltr\" style=\"text-align: justify;\">De manera particular, conversaron cuestiones relativas a la\u00a0seguridad fronteriza\u00a0y combate a las\u00a0econom\u00edas il\u00edcitas, los\u00a0asuntos migratorios, la formalizaci\u00f3n del\u00a0comercio e inversi\u00f3n\u00a0y la ampliaci\u00f3n de la\u00a0conectividad a\u00e9rea, \u00e1mbitos considerados como\u00a0pilares para el desarrollo de ambos pa\u00edses. Los cancilleres coincidieron en la\u00a0necesidad\u00a0de robustecer los mecanismos de cooperaci\u00f3n que faciliten\u00a0una mejor gobernanza de la seguridad fronteriza y los asuntos migratorios.<\/p>\n<p dir=\"ltr\" style=\"text-align: justify;\">De igual forma, las delegaciones enfatizaron la importancia de que la\u00a0Fuerza de Supresi\u00f3n de Bandas (GSF)\u00a0siga recibiendo el apoyo de la comunidad internacional, especialmente en el Consejo de Seguridad de la Organizaci\u00f3n de las Naciones Unidas\u00a0(ONU). En ese tenor, acordaron seguir las labores de sensibilizaci\u00f3n tendientes a garantizar el\u00a0despliegue completo\u00a0de la GSF, aprobada mediante la resoluci\u00f3n 2793 del 30 de septiembre de 2025, as\u00ed como la\u00a0renovaci\u00f3n de su mandato. Esto permitir\u00e1 a la Misi\u00f3n alcanzar los resultados esperados, apoyando a las autoridades haitianas en el restablecimiento de la seguridad, el fortalecimiento de las instituciones y la creaci\u00f3n de las condiciones necesarias para avanzar hacia una\u00a0paz sostenible.<\/p>\n<p dir=\"ltr\" style=\"text-align: justify;\">En cuanto a la\u00a0normalizaci\u00f3n de las operaciones consulares dominicanas en Hait\u00ed,\u00a0ambas partes expresaron su voluntad de que las mismas puedan restablecerse a la mayor brevedad posible, una vez las condiciones de seguridad permitan su normal desenvolvimiento en cada jurisdicci\u00f3n.<\/p>\n<p dir=\"ltr\" style=\"text-align: justify;\">Posterior a la reuni\u00f3n oficial, las autoridades diplom\u00e1ticas tuvieron la oportunidad de intercambiar con una\u00a0delegaci\u00f3n de empresarios\u00a0sobre la importancia de desarrollar\u00a0actividades productivas, fomentar la\u00a0creaci\u00f3n de empleos\u00a0y dinamizar las\u00a0relaciones econ\u00f3micas\u00a0entre ambos pa\u00edses. Los participantes destacaron el\u00a0papel esencial del sector privado\u00a0en el fortalecimiento de los v\u00ednculos entre Rep\u00fablica Dominicana y la Rep\u00fablica de Hait\u00ed.<\/p>\n<p dir=\"ltr\" style=\"text-align: justify;\">De parte de la canciller\u00eda dominicana, junto con el\u00a0 ministro Bison\u00f3, estuvieron presentes el se\u00f1or\u00a0Rub\u00e9n Sili\u00e9, viceministro de Pol\u00edtica Exterior Multilateral; el se\u00f1or\u00a0Francisco Caraballo, viceministro de Pol\u00edtica Exterior Bilateral; el se\u00f1or\u00a0Ram\u00f3n P\u00e9rez Ferm\u00edn, viceministro de Gesti\u00f3n y Operaciones del Servicio Exterior; el se\u00f1or\u00a0Faruk Miguel, embajador de Rep\u00fablica Dominicana en Hait\u00ed, y el se\u00f1or\u00a0Jatzel Rom\u00e1n, embajador asesor del canciller.<\/p>\n<p dir=\"ltr\" style=\"text-align: justify;\">La delegaci\u00f3n haitiana que encabez\u00f3 la ministra Forbin estuvo integrada por el se\u00f1or\u00a0Fritz Emmanuel Longchamp, embajador de Hait\u00ed en Rep\u00fablica Dominicana; la se\u00f1ora\u00a0Winnie Hugot Gabriel, directora de Gabinete; el se\u00f1or\u00a0Jean-Claude Lappe, director de Asuntos Pol\u00edticos; el se\u00f1or\u00a0Yves Rody Jean, director de Asuntos Dominicanos, y el se\u00f1or\u00a0Ricot Almonord, jefe de Puesto Consular de Hait\u00ed en Dajab\u00f3n.<\/p>\n<p dir=\"ltr\" style=\"text-align: justify;\">El ambiente de este encuentro fue de amplia\u00a0cordialidad\u00a0y ambas delegaciones reiteraron su disposici\u00f3n de mantener activo el di\u00e1logo bilateral como v\u00eda privilegiada para la atenci\u00f3n de los asuntos de inter\u00e9s com\u00fan, en un marco de\u00a0respeto mutuo y buena vecindad.<\/p>\n","protected":false},"excerpt":{"rendered":"<p>El ministro de Relaciones Exteriores de la Rep\u00fablica Dominicana,\u00a0V\u00edctor \u201cIto\u201d Bison\u00f3, y la ministra de Asuntos Extranjeros y Cultos de Hait\u00ed (MAEC),\u00a0Raina Forbin, encabezaron este jueves en\u00a0 esta localidad una\u00a0reuni\u00f3n de trabajo entre delegaciones de ambos pa\u00edses, como parte del\u00a0di\u00e1logo bilateral\u00a0y de los esfuerzos para continuar abordando\u00a0asuntos de inter\u00e9s com\u00fan. Durante el encuentro, las delegaciones [&hellip;]<\/p>\n","protected":false},"author":15,"featured_media":63048,"comment_status":"open","ping_status":"open","sticky":false,"template":"","format":"standard","meta":{"footnotes":""},"categories":[3773],"tags":[11648,337,11647,56],"class_list":["post-63047","post","type-post","status-publish","format-standard","has-post-thumbnail","category-portada","tag-desarrollan-agenda","tag-haiti","tag-interes-bilateral","tag-republica-dominicana"],"yoast_head":"<!-- This site is optimized with the Yoast SEO plugin v27.6 - https:\/\/yoast.com\/product\/yoast-seo-wordpress\/ -->\n<title>Rep\u00fablica Dominicana y Hait\u00ed desarrollan agenda de trabajo sobre temas de inter\u00e9s bilateral - Conexi\u00f3n 23<\/title>\n<meta name=\"robots\" content=\"index, follow, max-snippet:-1, max-image-preview:large, max-video-preview:-1\" \/>\n<link rel=\"canonical\" href=\"https:\/\/conexion23.com\/?p=63047\" \/>\n<meta property=\"og:locale\" content=\"es_ES\" \/>\n<meta property=\"og:type\" content=\"article\" \/>\n<meta property=\"og:title\" content=\"Rep\u00fablica Dominicana y Hait\u00ed desarrollan agenda de trabajo sobre temas de inter\u00e9s bilateral - Conexi\u00f3n 23\" \/>\n<meta property=\"og:description\" content=\"El ministro de Relaciones Exteriores de la Rep\u00fablica Dominicana,\u00a0V\u00edctor \u201cIto\u201d Bison\u00f3, y la ministra de Asuntos Extranjeros y Cultos de Hait\u00ed (MAEC),\u00a0Raina Forbin, encabezaron este jueves en\u00a0 esta localidad una\u00a0reuni\u00f3n de trabajo entre delegaciones de ambos pa\u00edses, como parte del\u00a0di\u00e1logo bilateral\u00a0y de los esfuerzos para continuar abordando\u00a0asuntos de inter\u00e9s com\u00fan. Durante el encuentro, las delegaciones [&hellip;]\" \/>\n<meta property=\"og:url\" content=\"https:\/\/conexion23.com\/?p=63047\" \/>\n<meta property=\"og:site_name\" content=\"Conexi\u00f3n 23\" \/>\n<meta property=\"article:publisher\" content=\"https:\/\/www.facebook.com\/conexion23com\" \/>\n<meta property=\"article:published_time\" content=\"2026-09-04T12:52:50+00:00\" \/>\n<meta property=\"og:image\" content=\"https:\/\/conexion23.com\/wp-content\/uploads\/2026\/09\/reunion-bilateral.jpeg\" \/>\n\t<meta property=\"og:image:width\" content=\"1024\" \/>\n\t<meta property=\"og:image:height\" content=\"576\" \/>\n\t<meta property=\"og:image:type\" content=\"image\/jpeg\" \/>\n<meta name=\"author\" content=\"Raffy Ben\u00edtez\" \/>\n<meta name=\"twitter:card\" content=\"summary_large_image\" \/>\n<meta name=\"twitter:label1\" content=\"Escrito por\" \/>\n\t<meta name=\"twitter:data1\" content=\"Raffy Ben\u00edtez\" \/>\n\t<meta name=\"twitter:label2\" content=\"Tiempo de lectura\" \/>\n\t<meta name=\"twitter:data2\" content=\"4 minutos\" \/>\n<script type=\"application\/ld+json\" class=\"yoast-schema-graph\">{\"@context\":\"https:\\\/\\\/schema.org\",\"@graph\":[{\"@type\":\"Article\",\"@id\":\"https:\\\/\\\/conexion23.com\\\/?p=63047#article\",\"isPartOf\":{\"@id\":\"https:\\\/\\\/conexion23.com\\\/?p=63047\"},\"author\":{\"name\":\"Raffy Ben\u00edtez\",\"@id\":\"https:\\\/\\\/conexion23.com\\\/#\\\/schema\\\/person\\\/03e36043331117e97a373299bbcd30a6\"},\"headline\":\"Rep\u00fablica Dominicana y Hait\u00ed desarrollan agenda de trabajo sobre temas de inter\u00e9s bilateral\",\"datePublished\":\"2026-09-04T12:52:50+00:00\",\"mainEntityOfPage\":{\"@id\":\"https:\\\/\\\/conexion23.com\\\/?p=63047\"},\"wordCount\":750,\"commentCount\":0,\"publisher\":{\"@id\":\"https:\\\/\\\/conexion23.com\\\/#organization\"},\"image\":{\"@id\":\"https:\\\/\\\/conexion23.com\\\/?p=63047#primaryimage\"},\"thumbnailUrl\":\"https:\\\/\\\/conexion23.com\\\/wp-content\\\/uploads\\\/2026\\\/09\\\/reunion-bilateral.jpeg\",\"keywords\":[\"desarrollan agenda\",\"haiti\",\"inter\u00e9s bilateral\",\"republica dominicana\"],\"articleSection\":[\"Portada\"],\"inLanguage\":\"es\",\"potentialAction\":[{\"@type\":\"CommentAction\",\"name\":\"Comment\",\"target\":[\"https:\\\/\\\/conexion23.com\\\/?p=63047#respond\"]}]},{\"@type\":\"WebPage\",\"@id\":\"https:\\\/\\\/conexion23.com\\\/?p=63047\",\"url\":\"https:\\\/\\\/conexion23.com\\\/?p=63047\",\"name\":\"Rep\u00fablica Dominicana y Hait\u00ed desarrollan agenda de trabajo sobre temas de inter\u00e9s bilateral - Conexi\u00f3n 23\",\"isPartOf\":{\"@id\":\"https:\\\/\\\/conexion23.com\\\/#website\"},\"primaryImageOfPage\":{\"@id\":\"https:\\\/\\\/conexion23.com\\\/?p=63047#primaryimage\"},\"image\":{\"@id\":\"https:\\\/\\\/conexion23.com\\\/?p=63047#primaryimage\"},\"thumbnailUrl\":\"https:\\\/\\\/conexion23.com\\\/wp-content\\\/uploads\\\/2026\\\/09\\\/reunion-bilateral.jpeg\",\"datePublished\":\"2026-09-04T12:52:50+00:00\",\"breadcrumb\":{\"@id\":\"https:\\\/\\\/conexion23.com\\\/?p=63047#breadcrumb\"},\"inLanguage\":\"es\",\"potentialAction\":[{\"@type\":\"ReadAction\",\"target\":[\"https:\\\/\\\/conexion23.com\\\/?p=63047\"]}]},{\"@type\":\"ImageObject\",\"inLanguage\":\"es\",\"@id\":\"https:\\\/\\\/conexion23.com\\\/?p=63047#primaryimage\",\"url\":\"https:\\\/\\\/conexion23.com\\\/wp-content\\\/uploads\\\/2026\\\/09\\\/reunion-bilateral.jpeg\",\"contentUrl\":\"https:\\\/\\\/conexion23.com\\\/wp-content\\\/uploads\\\/2026\\\/09\\\/reunion-bilateral.jpeg\",\"width\":1024,\"height\":576},{\"@type\":\"BreadcrumbList\",\"@id\":\"https:\\\/\\\/conexion23.com\\\/?p=63047#breadcrumb\",\"itemListElement\":[{\"@type\":\"ListItem\",\"position\":1,\"name\":\"Portada\",\"item\":\"https:\\\/\\\/conexion23.com\\\/\"},{\"@type\":\"ListItem\",\"position\":2,\"name\":\"Rep\u00fablica Dominicana y Hait\u00ed desarrollan agenda de trabajo sobre temas de inter\u00e9s bilateral\"}]},{\"@type\":\"WebSite\",\"@id\":\"https:\\\/\\\/conexion23.com\\\/#website\",\"url\":\"https:\\\/\\\/conexion23.com\\\/\",\"name\":\"Conexi\u00f3n 23\",\"description\":\"Peri\u00f3dico 100% Petromacorisano\",\"publisher\":{\"@id\":\"https:\\\/\\\/conexion23.com\\\/#organization\"},\"potentialAction\":[{\"@type\":\"SearchAction\",\"target\":{\"@type\":\"EntryPoint\",\"urlTemplate\":\"https:\\\/\\\/conexion23.com\\\/?s={search_term_string}\"},\"query-input\":{\"@type\":\"PropertyValueSpecification\",\"valueRequired\":true,\"valueName\":\"search_term_string\"}}],\"inLanguage\":\"es\"},{\"@type\":\"Organization\",\"@id\":\"https:\\\/\\\/conexion23.com\\\/#organization\",\"name\":\"Conexion 23\",\"url\":\"https:\\\/\\\/conexion23.com\\\/\",\"logo\":{\"@type\":\"ImageObject\",\"inLanguage\":\"es\",\"@id\":\"https:\\\/\\\/conexion23.com\\\/#\\\/schema\\\/logo\\\/image\\\/\",\"url\":\"https:\\\/\\\/conexion23.com\\\/wp-content\\\/uploads\\\/2021\\\/11\\\/Diseno-sin-titulo-2.png\",\"contentUrl\":\"https:\\\/\\\/conexion23.com\\\/wp-content\\\/uploads\\\/2021\\\/11\\\/Diseno-sin-titulo-2.png\",\"width\":541,\"height\":90,\"caption\":\"Conexion 23\"},\"image\":{\"@id\":\"https:\\\/\\\/conexion23.com\\\/#\\\/schema\\\/logo\\\/image\\\/\"},\"sameAs\":[\"https:\\\/\\\/www.facebook.com\\\/conexion23com\",\"https:\\\/\\\/www.instagram.com\\\/conexion23com\\\/\",\"https:\\\/\\\/www.youtube.com\\\/channel\\\/UCYc7vxxFZMYLIHNsHHxPZ3Q\"]},{\"@type\":\"Person\",\"@id\":\"https:\\\/\\\/conexion23.com\\\/#\\\/schema\\\/person\\\/03e36043331117e97a373299bbcd30a6\",\"name\":\"Raffy Ben\u00edtez\",\"image\":{\"@type\":\"ImageObject\",\"inLanguage\":\"es\",\"@id\":\"https:\\\/\\\/secure.gravatar.com\\\/avatar\\\/3190a6a6c5e1b0327500f7d6c56b6242472ee6cb974cf09b401ee6b3b0798f23?s=96&d=mm&r=g\",\"url\":\"https:\\\/\\\/secure.gravatar.com\\\/avatar\\\/3190a6a6c5e1b0327500f7d6c56b6242472ee6cb974cf09b401ee6b3b0798f23?s=96&d=mm&r=g\",\"contentUrl\":\"https:\\\/\\\/secure.gravatar.com\\\/avatar\\\/3190a6a6c5e1b0327500f7d6c56b6242472ee6cb974cf09b401ee6b3b0798f23?s=96&d=mm&r=g\",\"caption\":\"Raffy Ben\u00edtez\"},\"url\":\"https:\\\/\\\/conexion23.com\\\/?author=15\"}]}<\/script>\n<!-- \/ Yoast SEO plugin. -->","yoast_head_json":{"title":"Rep\u00fablica Dominicana y Hait\u00ed desarrollan agenda de trabajo sobre temas de inter\u00e9s bilateral - Conexi\u00f3n 23","robots":{"index":"index","follow":"follow","max-snippet":"max-snippet:-1","max-image-preview":"max-image-preview:large","max-video-preview":"max-video-preview:-1"},"canonical":"https:\/\/conexion23.com\/?p=63047","og_locale":"es_ES","og_type":"article","og_title":"Rep\u00fablica Dominicana y Hait\u00ed desarrollan agenda de trabajo sobre temas de inter\u00e9s bilateral - Conexi\u00f3n 23","og_description":"El ministro de Relaciones Exteriores de la Rep\u00fablica Dominicana,\u00a0V\u00edctor \u201cIto\u201d Bison\u00f3, y la ministra de Asuntos Extranjeros y Cultos de Hait\u00ed (MAEC),\u00a0Raina Forbin, encabezaron este jueves en\u00a0 esta localidad una\u00a0reuni\u00f3n de trabajo entre delegaciones de ambos pa\u00edses, como parte del\u00a0di\u00e1logo bilateral\u00a0y de los esfuerzos para continuar abordando\u00a0asuntos de inter\u00e9s com\u00fan. Durante el encuentro, las delegaciones [&hellip;]","og_url":"https:\/\/conexion23.com\/?p=63047","og_site_name":"Conexi\u00f3n 23","article_publisher":"https:\/\/www.facebook.com\/conexion23com","article_published_time":"2026-09-04T12:52:50+00:00","og_image":[{"width":1024,"height":576,"url":"https:\/\/conexion23.com\/wp-content\/uploads\/2026\/09\/reunion-bilateral.jpeg","type":"image\/jpeg"}],"author":"Raffy Ben\u00edtez","twitter_card":"summary_large_image","twitter_misc":{"Escrito por":"Raffy Ben\u00edtez","Tiempo de lectura":"4 minutos"},"schema":{"@context":"https:\/\/schema.org","@graph":[{"@type":"Article","@id":"https:\/\/conexion23.com\/?p=63047#article","isPartOf":{"@id":"https:\/\/conexion23.com\/?p=63047"},"author":{"name":"Raffy Ben\u00edtez","@id":"https:\/\/conexion23.com\/#\/schema\/person\/03e36043331117e97a373299bbcd30a6"},"headline":"Rep\u00fablica Dominicana y Hait\u00ed desarrollan agenda de trabajo sobre temas de inter\u00e9s bilateral","datePublished":"2026-09-04T12:52:50+00:00","mainEntityOfPage":{"@id":"https:\/\/conexion23.com\/?p=63047"},"wordCount":750,"commentCount":0,"publisher":{"@id":"https:\/\/conexion23.com\/#organization"},"image":{"@id":"https:\/\/conexion23.com\/?p=63047#primaryimage"},"thumbnailUrl":"https:\/\/conexion23.com\/wp-content\/uploads\/2026\/09\/reunion-bilateral.jpeg","keywords":["desarrollan agenda","haiti","inter\u00e9s bilateral","republica dominicana"],"articleSection":["Portada"],"inLanguage":"es","potentialAction":[{"@type":"CommentAction","name":"Comment","target":["https:\/\/conexion23.com\/?p=63047#respond"]}]},{"@type":"WebPage","@id":"https:\/\/conexion23.com\/?p=63047","url":"https:\/\/conexion23.com\/?p=63047","name":"Rep\u00fablica Dominicana y Hait\u00ed desarrollan agenda de trabajo sobre temas de inter\u00e9s bilateral - Conexi\u00f3n 23","isPartOf":{"@id":"https:\/\/conexion23.com\/#website"},"primaryImageOfPage":{"@id":"https:\/\/conexion23.com\/?p=63047#primaryimage"},"image":{"@id":"https:\/\/conexion23.com\/?p=63047#primaryimage"},"thumbnailUrl":"https:\/\/conexion23.com\/wp-content\/uploads\/2026\/09\/reunion-bilateral.jpeg","datePublished":"2026-09-04T12:52:50+00:00","breadcrumb":{"@id":"https:\/\/conexion23.com\/?p=63047#breadcrumb"},"inLanguage":"es","potentialAction":[{"@type":"ReadAction","target":["https:\/\/conexion23.com\/?p=63047"]}]},{"@type":"ImageObject","inLanguage":"es","@id":"https:\/\/conexion23.com\/?p=63047#primaryimage","url":"https:\/\/conexion23.com\/wp-content\/uploads\/2026\/09\/reunion-bilateral.jpeg","contentUrl":"https:\/\/conexion23.com\/wp-content\/uploads\/2026\/09\/reunion-bilateral.jpeg","width":1024,"height":576},{"@type":"BreadcrumbList","@id":"https:\/\/conexion23.com\/?p=63047#breadcrumb","itemListElement":[{"@type":"ListItem","position":1,"name":"Portada","item":"https:\/\/conexion23.com\/"},{"@type":"ListItem","position":2,"name":"Rep\u00fablica Dominicana y Hait\u00ed desarrollan agenda de trabajo sobre temas de inter\u00e9s bilateral"}]},{"@type":"WebSite","@id":"https:\/\/conexion23.com\/#website","url":"https:\/\/conexion23.com\/","name":"Conexi\u00f3n 23","description":"Peri\u00f3dico 100% Petromacorisano","publisher":{"@id":"https:\/\/conexion23.com\/#organization"},"potentialAction":[{"@type":"SearchAction","target":{"@type":"EntryPoint","urlTemplate":"https:\/\/conexion23.com\/?s={search_term_string}"},"query-input":{"@type":"PropertyValueSpecification","valueRequired":true,"valueName":"search_term_string"}}],"inLanguage":"es"},{"@type":"Organization","@id":"https:\/\/conexion23.com\/#organization","name":"Conexion 23","url":"https:\/\/conexion23.com\/","logo":{"@type":"ImageObject","inLanguage":"es","@id":"https:\/\/conexion23.com\/#\/schema\/logo\/image\/","url":"https:\/\/conexion23.com\/wp-content\/uploads\/2021\/11\/Diseno-sin-titulo-2.png","contentUrl":"https:\/\/conexion23.com\/wp-content\/uploads\/2021\/11\/Diseno-sin-titulo-2.png","width":541,"height":90,"caption":"Conexion 23"},"image":{"@id":"https:\/\/conexion23.com\/#\/schema\/logo\/image\/"},"sameAs":["https:\/\/www.facebook.com\/conexion23com","https:\/\/www.instagram.com\/conexion23com\/","https:\/\/www.youtube.com\/channel\/UCYc7vxxFZMYLIHNsHHxPZ3Q"]},{"@type":"Person","@id":"https:\/\/conexion23.com\/#\/schema\/person\/03e36043331117e97a373299bbcd30a6","name":"Raffy Ben\u00edtez","image":{"@type":"ImageObject","inLanguage":"es","@id":"https:\/\/secure.gravatar.com\/avatar\/3190a6a6c5e1b0327500f7d6c56b6242472ee6cb974cf09b401ee6b3b0798f23?s=96&d=mm&r=g","url":"https:\/\/secure.gravatar.com\/avatar\/3190a6a6c5e1b0327500f7d6c56b6242472ee6cb974cf09b401ee6b3b0798f23?s=96&d=mm&r=g","contentUrl":"https:\/\/secure.gravatar.com\/avatar\/3190a6a6c5e1b0327500f7d6c56b6242472ee6cb974cf09b401ee6b3b0798f23?s=96&d=mm&r=g","caption":"Raffy Ben\u00edtez"},"url":"https:\/\/conexion23.com\/?author=15"}]}},"_links":{"self":[{"href":"https:\/\/conexion23.com\/index.php?rest_route=\/wp\/v2\/posts\/63047","targetHints":{"allow":["GET"]}}],"collection":[{"href":"https:\/\/conexion23.com\/index.php?rest_route=\/wp\/v2\/posts"}],"about":[{"href":"https:\/\/conexion23.com\/index.php?rest_route=\/wp\/v2\/types\/post"}],"author":[{"embeddable":true,"href":"https:\/\/conexion23.com\/index.php?rest_route=\/wp\/v2\/users\/15"}],"replies":[{"embeddable":true,"href":"https:\/\/conexion23.com\/index.php?rest_route=%2Fwp%2Fv2%2Fcomments&post=63047"}],"version-history":[{"count":2,"href":"https:\/\/conexion23.com\/index.php?rest_route=\/wp\/v2\/posts\/63047\/revisions"}],"predecessor-version":[{"id":63050,"href":"https:\/\/conexion23.com\/index.php?rest_route=\/wp\/v2\/posts\/63047\/revisions\/63050"}],"wp:featuredmedia":[{"embeddable":true,"href":"https:\/\/conexion23.com\/index.php?rest_route=\/wp\/v2\/media\/63048"}],"wp:attachment":[{"href":"https:\/\/conexion23.com\/index.php?rest_route=%2Fwp%2Fv2%2Fmedia&parent=63047"}],"wp:term":[{"taxonomy":"category","embeddable":true,"href":"https:\/\/conexion23.com\/index.php?rest_route=%2Fwp%2Fv2%2Fcategories&post=63047"},{"taxonomy":"post_tag","embeddable":true,"href":"https:\/\/conexion23.com\/index.php?rest_route=%2Fwp%2Fv2%2Ftags&post=63047"}],"curies":[{"name":"wp","href":"https:\/\/api.w.org\/{rel}","templated":true}]}}