{"id":63054,"date":"2026-09-04T18:28:24","date_gmt":"2026-09-04T22:28:24","guid":{"rendered":"https:\/\/conexion23.com\/?p=63054"},"modified":"2026-09-04T18:31:16","modified_gmt":"2026-09-04T22:31:16","slug":"jose-hazim-torres-rector-de-la-uce-presidira-comite-organizador-del-baloncesto-superior-de-spm-torneo-estara-dedicado-a-omar-cepeda","status":"publish","type":"post","link":"https:\/\/conexion23.com\/?p=63054","title":{"rendered":"Jos\u00e9 Hazim Torres, rector de la UCE, presidir\u00e1 Comit\u00e9 Organizador del Baloncesto Superior de SPM, torneo estar\u00e1 dedicado a Omar Cepeda"},"content":{"rendered":"<p style=\"text-align: justify;\">El destacado comunicador y cronista deportivo Ing. John Carmelo Gil inform\u00f3 que el rector de la Universidad Central del Este (UCE), Jos\u00e9 Hazim Torres, asumir\u00e1 la presidencia del Comit\u00e9 Organizador del Torneo de Baloncesto Superior de San Pedro de Macor\u00eds.<\/p>\n<p style=\"text-align: justify;\">Asimismo, se anunci\u00f3 que esta edici\u00f3n del tradicional evento deportivo ser\u00e1 dedicada a don Omar Cepeda, en merecido reconocimiento a sus valiosos aportes al deporte y a la sociedad petromacorisana.<\/p>\n<p style=\"text-align: justify;\">La informaci\u00f3n se dio a conocer durante una importante reuni\u00f3n celebrada en las instalaciones de la UCE. En la imagen aparecen: Fausto Paulino, presidente de ABASAPEMA; Dr. Jos\u00e9 Hazim Torres; y el Ing. John Carmelo Gil, quienes formaron parte de este encuentro de gran relevancia para el baloncesto local.<\/p>\n","protected":false},"excerpt":{"rendered":"<p>El destacado comunicador y cronista deportivo Ing. John Carmelo Gil inform\u00f3 que el rector de la Universidad Central del Este (UCE), Jos\u00e9 Hazim Torres, asumir\u00e1 la presidencia del Comit\u00e9 Organizador del Torneo de Baloncesto Superior de San Pedro de Macor\u00eds. Asimismo, se anunci\u00f3 que esta edici\u00f3n del tradicional evento deportivo ser\u00e1 dedicada a don Omar [&hellip;]<\/p>\n","protected":false},"author":15,"featured_media":63057,"comment_status":"open","ping_status":"open","sticky":false,"template":"","format":"standard","meta":{"footnotes":""},"categories":[12,3773,2472,35],"tags":[11653,11654,11652,11655,2382],"class_list":["post-63054","post","type-post","status-publish","format-standard","has-post-thumbnail","category-municipales","category-portada","category-provincias-del-este","category-spm","tag-baloncesto-superior","tag-comite-organizador","tag-jose-hazim-torres","tag-omar-cepeda","tag-uce"],"yoast_head":"<!-- This site is optimized with the Yoast SEO plugin v27.6 - https:\/\/yoast.com\/product\/yoast-seo-wordpress\/ -->\n<title>Jos\u00e9 Hazim Torres, rector de la UCE, presidir\u00e1 Comit\u00e9 Organizador del Baloncesto Superior de SPM, torneo estar\u00e1 dedicado a Omar Cepeda - Conexi\u00f3n 23<\/title>\n<meta name=\"robots\" content=\"index, follow, max-snippet:-1, max-image-preview:large, max-video-preview:-1\" \/>\n<link rel=\"canonical\" href=\"https:\/\/conexion23.com\/?p=63054\" \/>\n<meta property=\"og:locale\" content=\"es_ES\" \/>\n<meta property=\"og:type\" content=\"article\" \/>\n<meta property=\"og:title\" content=\"Jos\u00e9 Hazim Torres, rector de la UCE, presidir\u00e1 Comit\u00e9 Organizador del Baloncesto Superior de SPM, torneo estar\u00e1 dedicado a Omar Cepeda - Conexi\u00f3n 23\" \/>\n<meta property=\"og:description\" content=\"El destacado comunicador y cronista deportivo Ing. John Carmelo Gil inform\u00f3 que el rector de la Universidad Central del Este (UCE), Jos\u00e9 Hazim Torres, asumir\u00e1 la presidencia del Comit\u00e9 Organizador del Torneo de Baloncesto Superior de San Pedro de Macor\u00eds. Asimismo, se anunci\u00f3 que esta edici\u00f3n del tradicional evento deportivo ser\u00e1 dedicada a don Omar [&hellip;]\" \/>\n<meta property=\"og:url\" content=\"https:\/\/conexion23.com\/?p=63054\" \/>\n<meta property=\"og:site_name\" content=\"Conexi\u00f3n 23\" \/>\n<meta property=\"article:publisher\" content=\"https:\/\/www.facebook.com\/conexion23com\" \/>\n<meta property=\"article:published_time\" content=\"2026-09-04T22:28:24+00:00\" \/>\n<meta property=\"article:modified_time\" content=\"2026-09-04T22:31:16+00:00\" \/>\n<meta property=\"og:image\" content=\"http:\/\/conexion23.com\/wp-content\/uploads\/2026\/09\/Jose-Hazin-Torres.jpg\" \/>\n\t<meta property=\"og:image:width\" content=\"1046\" \/>\n\t<meta property=\"og:image:height\" content=\"540\" \/>\n\t<meta property=\"og:image:type\" content=\"image\/jpeg\" \/>\n<meta name=\"author\" content=\"Raffy Ben\u00edtez\" \/>\n<meta name=\"twitter:card\" content=\"summary_large_image\" \/>\n<meta name=\"twitter:label1\" content=\"Escrito por\" \/>\n\t<meta name=\"twitter:data1\" content=\"Raffy Ben\u00edtez\" \/>\n\t<meta name=\"twitter:label2\" content=\"Tiempo de lectura\" \/>\n\t<meta name=\"twitter:data2\" content=\"1 minuto\" \/>\n<script type=\"application\/ld+json\" class=\"yoast-schema-graph\">{\"@context\":\"https:\\\/\\\/schema.org\",\"@graph\":[{\"@type\":\"Article\",\"@id\":\"https:\\\/\\\/conexion23.com\\\/?p=63054#article\",\"isPartOf\":{\"@id\":\"https:\\\/\\\/conexion23.com\\\/?p=63054\"},\"author\":{\"name\":\"Raffy Ben\u00edtez\",\"@id\":\"https:\\\/\\\/conexion23.com\\\/#\\\/schema\\\/person\\\/03e36043331117e97a373299bbcd30a6\"},\"headline\":\"Jos\u00e9 Hazim Torres, rector de la UCE, presidir\u00e1 Comit\u00e9 Organizador del Baloncesto Superior de SPM, torneo estar\u00e1 dedicado a Omar Cepeda\",\"datePublished\":\"2026-09-04T22:28:24+00:00\",\"dateModified\":\"2026-09-04T22:31:16+00:00\",\"mainEntityOfPage\":{\"@id\":\"https:\\\/\\\/conexion23.com\\\/?p=63054\"},\"wordCount\":144,\"commentCount\":0,\"publisher\":{\"@id\":\"https:\\\/\\\/conexion23.com\\\/#organization\"},\"image\":{\"@id\":\"https:\\\/\\\/conexion23.com\\\/?p=63054#primaryimage\"},\"thumbnailUrl\":\"https:\\\/\\\/conexion23.com\\\/wp-content\\\/uploads\\\/2026\\\/09\\\/Jose-Hazin-Torres.jpg\",\"keywords\":[\"Baloncesto Superior\",\"Comit\u00e9 Organizador\",\"Jos\u00e9 Hazim Torres\",\"Omar Cepeda\",\"uce\"],\"articleSection\":[\"Municipales\",\"Portada\",\"Provincias del Este\",\"SPM\"],\"inLanguage\":\"es\",\"potentialAction\":[{\"@type\":\"CommentAction\",\"name\":\"Comment\",\"target\":[\"https:\\\/\\\/conexion23.com\\\/?p=63054#respond\"]}]},{\"@type\":\"WebPage\",\"@id\":\"https:\\\/\\\/conexion23.com\\\/?p=63054\",\"url\":\"https:\\\/\\\/conexion23.com\\\/?p=63054\",\"name\":\"Jos\u00e9 Hazim Torres, rector de la UCE, presidir\u00e1 Comit\u00e9 Organizador del Baloncesto Superior de SPM, torneo estar\u00e1 dedicado a Omar Cepeda - Conexi\u00f3n 23\",\"isPartOf\":{\"@id\":\"https:\\\/\\\/conexion23.com\\\/#website\"},\"primaryImageOfPage\":{\"@id\":\"https:\\\/\\\/conexion23.com\\\/?p=63054#primaryimage\"},\"image\":{\"@id\":\"https:\\\/\\\/conexion23.com\\\/?p=63054#primaryimage\"},\"thumbnailUrl\":\"https:\\\/\\\/conexion23.com\\\/wp-content\\\/uploads\\\/2026\\\/09\\\/Jose-Hazin-Torres.jpg\",\"datePublished\":\"2026-09-04T22:28:24+00:00\",\"dateModified\":\"2026-09-04T22:31:16+00:00\",\"breadcrumb\":{\"@id\":\"https:\\\/\\\/conexion23.com\\\/?p=63054#breadcrumb\"},\"inLanguage\":\"es\",\"potentialAction\":[{\"@type\":\"ReadAction\",\"target\":[\"https:\\\/\\\/conexion23.com\\\/?p=63054\"]}]},{\"@type\":\"ImageObject\",\"inLanguage\":\"es\",\"@id\":\"https:\\\/\\\/conexion23.com\\\/?p=63054#primaryimage\",\"url\":\"https:\\\/\\\/conexion23.com\\\/wp-content\\\/uploads\\\/2026\\\/09\\\/Jose-Hazin-Torres.jpg\",\"contentUrl\":\"https:\\\/\\\/conexion23.com\\\/wp-content\\\/uploads\\\/2026\\\/09\\\/Jose-Hazin-Torres.jpg\",\"width\":1046,\"height\":540},{\"@type\":\"BreadcrumbList\",\"@id\":\"https:\\\/\\\/conexion23.com\\\/?p=63054#breadcrumb\",\"itemListElement\":[{\"@type\":\"ListItem\",\"position\":1,\"name\":\"Portada\",\"item\":\"https:\\\/\\\/conexion23.com\\\/\"},{\"@type\":\"ListItem\",\"position\":2,\"name\":\"Jos\u00e9 Hazim Torres, rector de la UCE, presidir\u00e1 Comit\u00e9 Organizador del Baloncesto Superior de SPM, torneo estar\u00e1 dedicado a Omar Cepeda\"}]},{\"@type\":\"WebSite\",\"@id\":\"https:\\\/\\\/conexion23.com\\\/#website\",\"url\":\"https:\\\/\\\/conexion23.com\\\/\",\"name\":\"Conexi\u00f3n 23\",\"description\":\"Peri\u00f3dico 100% Petromacorisano\",\"publisher\":{\"@id\":\"https:\\\/\\\/conexion23.com\\\/#organization\"},\"potentialAction\":[{\"@type\":\"SearchAction\",\"target\":{\"@type\":\"EntryPoint\",\"urlTemplate\":\"https:\\\/\\\/conexion23.com\\\/?s={search_term_string}\"},\"query-input\":{\"@type\":\"PropertyValueSpecification\",\"valueRequired\":true,\"valueName\":\"search_term_string\"}}],\"inLanguage\":\"es\"},{\"@type\":\"Organization\",\"@id\":\"https:\\\/\\\/conexion23.com\\\/#organization\",\"name\":\"Conexion 23\",\"url\":\"https:\\\/\\\/conexion23.com\\\/\",\"logo\":{\"@type\":\"ImageObject\",\"inLanguage\":\"es\",\"@id\":\"https:\\\/\\\/conexion23.com\\\/#\\\/schema\\\/logo\\\/image\\\/\",\"url\":\"https:\\\/\\\/conexion23.com\\\/wp-content\\\/uploads\\\/2021\\\/11\\\/Diseno-sin-titulo-2.png\",\"contentUrl\":\"https:\\\/\\\/conexion23.com\\\/wp-content\\\/uploads\\\/2021\\\/11\\\/Diseno-sin-titulo-2.png\",\"width\":541,\"height\":90,\"caption\":\"Conexion 23\"},\"image\":{\"@id\":\"https:\\\/\\\/conexion23.com\\\/#\\\/schema\\\/logo\\\/image\\\/\"},\"sameAs\":[\"https:\\\/\\\/www.facebook.com\\\/conexion23com\",\"https:\\\/\\\/www.instagram.com\\\/conexion23com\\\/\",\"https:\\\/\\\/www.youtube.com\\\/channel\\\/UCYc7vxxFZMYLIHNsHHxPZ3Q\"]},{\"@type\":\"Person\",\"@id\":\"https:\\\/\\\/conexion23.com\\\/#\\\/schema\\\/person\\\/03e36043331117e97a373299bbcd30a6\",\"name\":\"Raffy Ben\u00edtez\",\"image\":{\"@type\":\"ImageObject\",\"inLanguage\":\"es\",\"@id\":\"https:\\\/\\\/secure.gravatar.com\\\/avatar\\\/3190a6a6c5e1b0327500f7d6c56b6242472ee6cb974cf09b401ee6b3b0798f23?s=96&d=mm&r=g\",\"url\":\"https:\\\/\\\/secure.gravatar.com\\\/avatar\\\/3190a6a6c5e1b0327500f7d6c56b6242472ee6cb974cf09b401ee6b3b0798f23?s=96&d=mm&r=g\",\"contentUrl\":\"https:\\\/\\\/secure.gravatar.com\\\/avatar\\\/3190a6a6c5e1b0327500f7d6c56b6242472ee6cb974cf09b401ee6b3b0798f23?s=96&d=mm&r=g\",\"caption\":\"Raffy Ben\u00edtez\"},\"url\":\"https:\\\/\\\/conexion23.com\\\/?author=15\"}]}<\/script>\n<!-- \/ Yoast SEO plugin. -->","yoast_head_json":{"title":"Jos\u00e9 Hazim Torres, rector de la UCE, presidir\u00e1 Comit\u00e9 Organizador del Baloncesto Superior de SPM, torneo estar\u00e1 dedicado a Omar Cepeda - Conexi\u00f3n 23","robots":{"index":"index","follow":"follow","max-snippet":"max-snippet:-1","max-image-preview":"max-image-preview:large","max-video-preview":"max-video-preview:-1"},"canonical":"https:\/\/conexion23.com\/?p=63054","og_locale":"es_ES","og_type":"article","og_title":"Jos\u00e9 Hazim Torres, rector de la UCE, presidir\u00e1 Comit\u00e9 Organizador del Baloncesto Superior de SPM, torneo estar\u00e1 dedicado a Omar Cepeda - Conexi\u00f3n 23","og_description":"El destacado comunicador y cronista deportivo Ing. John Carmelo Gil inform\u00f3 que el rector de la Universidad Central del Este (UCE), Jos\u00e9 Hazim Torres, asumir\u00e1 la presidencia del Comit\u00e9 Organizador del Torneo de Baloncesto Superior de San Pedro de Macor\u00eds. Asimismo, se anunci\u00f3 que esta edici\u00f3n del tradicional evento deportivo ser\u00e1 dedicada a don Omar [&hellip;]","og_url":"https:\/\/conexion23.com\/?p=63054","og_site_name":"Conexi\u00f3n 23","article_publisher":"https:\/\/www.facebook.com\/conexion23com","article_published_time":"2026-09-04T22:28:24+00:00","article_modified_time":"2026-09-04T22:31:16+00:00","og_image":[{"width":1046,"height":540,"url":"http:\/\/conexion23.com\/wp-content\/uploads\/2026\/09\/Jose-Hazin-Torres.jpg","type":"image\/jpeg"}],"author":"Raffy Ben\u00edtez","twitter_card":"summary_large_image","twitter_misc":{"Escrito por":"Raffy Ben\u00edtez","Tiempo de lectura":"1 minuto"},"schema":{"@context":"https:\/\/schema.org","@graph":[{"@type":"Article","@id":"https:\/\/conexion23.com\/?p=63054#article","isPartOf":{"@id":"https:\/\/conexion23.com\/?p=63054"},"author":{"name":"Raffy Ben\u00edtez","@id":"https:\/\/conexion23.com\/#\/schema\/person\/03e36043331117e97a373299bbcd30a6"},"headline":"Jos\u00e9 Hazim Torres, rector de la UCE, presidir\u00e1 Comit\u00e9 Organizador del Baloncesto Superior de SPM, torneo estar\u00e1 dedicado a Omar Cepeda","datePublished":"2026-09-04T22:28:24+00:00","dateModified":"2026-09-04T22:31:16+00:00","mainEntityOfPage":{"@id":"https:\/\/conexion23.com\/?p=63054"},"wordCount":144,"commentCount":0,"publisher":{"@id":"https:\/\/conexion23.com\/#organization"},"image":{"@id":"https:\/\/conexion23.com\/?p=63054#primaryimage"},"thumbnailUrl":"https:\/\/conexion23.com\/wp-content\/uploads\/2026\/09\/Jose-Hazin-Torres.jpg","keywords":["Baloncesto Superior","Comit\u00e9 Organizador","Jos\u00e9 Hazim Torres","Omar Cepeda","uce"],"articleSection":["Municipales","Portada","Provincias del Este","SPM"],"inLanguage":"es","potentialAction":[{"@type":"CommentAction","name":"Comment","target":["https:\/\/conexion23.com\/?p=63054#respond"]}]},{"@type":"WebPage","@id":"https:\/\/conexion23.com\/?p=63054","url":"https:\/\/conexion23.com\/?p=63054","name":"Jos\u00e9 Hazim Torres, rector de la UCE, presidir\u00e1 Comit\u00e9 Organizador del Baloncesto Superior de SPM, torneo estar\u00e1 dedicado a Omar Cepeda - Conexi\u00f3n 23","isPartOf":{"@id":"https:\/\/conexion23.com\/#website"},"primaryImageOfPage":{"@id":"https:\/\/conexion23.com\/?p=63054#primaryimage"},"image":{"@id":"https:\/\/conexion23.com\/?p=63054#primaryimage"},"thumbnailUrl":"https:\/\/conexion23.com\/wp-content\/uploads\/2026\/09\/Jose-Hazin-Torres.jpg","datePublished":"2026-09-04T22:28:24+00:00","dateModified":"2026-09-04T22:31:16+00:00","breadcrumb":{"@id":"https:\/\/conexion23.com\/?p=63054#breadcrumb"},"inLanguage":"es","potentialAction":[{"@type":"ReadAction","target":["https:\/\/conexion23.com\/?p=63054"]}]},{"@type":"ImageObject","inLanguage":"es","@id":"https:\/\/conexion23.com\/?p=63054#primaryimage","url":"https:\/\/conexion23.com\/wp-content\/uploads\/2026\/09\/Jose-Hazin-Torres.jpg","contentUrl":"https:\/\/conexion23.com\/wp-content\/uploads\/2026\/09\/Jose-Hazin-Torres.jpg","width":1046,"height":540},{"@type":"BreadcrumbList","@id":"https:\/\/conexion23.com\/?p=63054#breadcrumb","itemListElement":[{"@type":"ListItem","position":1,"name":"Portada","item":"https:\/\/conexion23.com\/"},{"@type":"ListItem","position":2,"name":"Jos\u00e9 Hazim Torres, rector de la UCE, presidir\u00e1 Comit\u00e9 Organizador del Baloncesto Superior de SPM, torneo estar\u00e1 dedicado a Omar Cepeda"}]},{"@type":"WebSite","@id":"https:\/\/conexion23.com\/#website","url":"https:\/\/conexion23.com\/","name":"Conexi\u00f3n 23","description":"Peri\u00f3dico 100% Petromacorisano","publisher":{"@id":"https:\/\/conexion23.com\/#organization"},"potentialAction":[{"@type":"SearchAction","target":{"@type":"EntryPoint","urlTemplate":"https:\/\/conexion23.com\/?s={search_term_string}"},"query-input":{"@type":"PropertyValueSpecification","valueRequired":true,"valueName":"search_term_string"}}],"inLanguage":"es"},{"@type":"Organization","@id":"https:\/\/conexion23.com\/#organization","name":"Conexion 23","url":"https:\/\/conexion23.com\/","logo":{"@type":"ImageObject","inLanguage":"es","@id":"https:\/\/conexion23.com\/#\/schema\/logo\/image\/","url":"https:\/\/conexion23.com\/wp-content\/uploads\/2021\/11\/Diseno-sin-titulo-2.png","contentUrl":"https:\/\/conexion23.com\/wp-content\/uploads\/2021\/11\/Diseno-sin-titulo-2.png","width":541,"height":90,"caption":"Conexion 23"},"image":{"@id":"https:\/\/conexion23.com\/#\/schema\/logo\/image\/"},"sameAs":["https:\/\/www.facebook.com\/conexion23com","https:\/\/www.instagram.com\/conexion23com\/","https:\/\/www.youtube.com\/channel\/UCYc7vxxFZMYLIHNsHHxPZ3Q"]},{"@type":"Person","@id":"https:\/\/conexion23.com\/#\/schema\/person\/03e36043331117e97a373299bbcd30a6","name":"Raffy Ben\u00edtez","image":{"@type":"ImageObject","inLanguage":"es","@id":"https:\/\/secure.gravatar.com\/avatar\/3190a6a6c5e1b0327500f7d6c56b6242472ee6cb974cf09b401ee6b3b0798f23?s=96&d=mm&r=g","url":"https:\/\/secure.gravatar.com\/avatar\/3190a6a6c5e1b0327500f7d6c56b6242472ee6cb974cf09b401ee6b3b0798f23?s=96&d=mm&r=g","contentUrl":"https:\/\/secure.gravatar.com\/avatar\/3190a6a6c5e1b0327500f7d6c56b6242472ee6cb974cf09b401ee6b3b0798f23?s=96&d=mm&r=g","caption":"Raffy Ben\u00edtez"},"url":"https:\/\/conexion23.com\/?author=15"}]}},"_links":{"self":[{"href":"https:\/\/conexion23.com\/index.php?rest_route=\/wp\/v2\/posts\/63054","targetHints":{"allow":["GET"]}}],"collection":[{"href":"https:\/\/conexion23.com\/index.php?rest_route=\/wp\/v2\/posts"}],"about":[{"href":"https:\/\/conexion23.com\/index.php?rest_route=\/wp\/v2\/types\/post"}],"author":[{"embeddable":true,"href":"https:\/\/conexion23.com\/index.php?rest_route=\/wp\/v2\/users\/15"}],"replies":[{"embeddable":true,"href":"https:\/\/conexion23.com\/index.php?rest_route=%2Fwp%2Fv2%2Fcomments&post=63054"}],"version-history":[{"count":1,"href":"https:\/\/conexion23.com\/index.php?rest_route=\/wp\/v2\/posts\/63054\/revisions"}],"predecessor-version":[{"id":63056,"href":"https:\/\/conexion23.com\/index.php?rest_route=\/wp\/v2\/posts\/63054\/revisions\/63056"}],"wp:featuredmedia":[{"embeddable":true,"href":"https:\/\/conexion23.com\/index.php?rest_route=\/wp\/v2\/media\/63057"}],"wp:attachment":[{"href":"https:\/\/conexion23.com\/index.php?rest_route=%2Fwp%2Fv2%2Fmedia&parent=63054"}],"wp:term":[{"taxonomy":"category","embeddable":true,"href":"https:\/\/conexion23.com\/index.php?rest_route=%2Fwp%2Fv2%2Fcategories&post=63054"},{"taxonomy":"post_tag","embeddable":true,"href":"https:\/\/conexion23.com\/index.php?rest_route=%2Fwp%2Fv2%2Ftags&post=63054"}],"curies":[{"name":"wp","href":"https:\/\/api.w.org\/{rel}","templated":true}]}}