{"id":63061,"date":"2026-09-05T08:24:15","date_gmt":"2026-09-05T12:24:15","guid":{"rendered":"https:\/\/conexion23.com\/?p=63061"},"modified":"2026-09-05T08:24:15","modified_gmt":"2026-09-05T12:24:15","slug":"medio-ambiente-desmantela-represa-ilegal-en-el-rio-yabija-en-san-francisco-de-macoris","status":"publish","type":"post","link":"https:\/\/conexion23.com\/?p=63061","title":{"rendered":"Medio Ambiente desmantela represa ilegal en el r\u00edo Yabija en San Francisco de Macor\u00eds"},"content":{"rendered":"<p class=\"paragraph\" style=\"text-align: justify;\"><strong>El Ministerio de Medio Ambiente y Recursos Naturales desmantel\u00f3 en su totalidad una represa ilegal construida en el r\u00edo Yabija, en el distrito municipal de Jaya, y restableci\u00f3 el libre curso del afluente.<\/strong><\/p>\n<p class=\"paragraph\" style=\"text-align: justify;\">La intervenci\u00f3n fue ejecutada por el Ministerio de Medio Ambiente, con el apoyo del Servicio Nacional de Protecci\u00f3n Ambiental (SENPA) y en coordinaci\u00f3n con la Procuradur\u00eda Especializada para la Defensa del Medio Ambiente y los Recursos Naturales, en ejecuci\u00f3n de la Sentencia Penal n\u00fam. 136-2023-SSEN-00010, que orden\u00f3 la demolici\u00f3n y el retiro de las estructuras construidas en el cauce.<\/p>\n<p class=\"paragraph\" style=\"text-align: justify;\">Esta actuaci\u00f3n se realiz\u00f3 conforme a las disposiciones contenidas en la Sentencia Penal n\u00fam. 136-2023-SSEN-00010, dictada por la C\u00e1mara Penal del Juzgado de Primera Instancia del Distrito Judicial de Duarte, como resultado de un proceso impulsado por la Procuradur\u00eda Especializada para la Defensa del Medio Ambiente y los Recursos Naturales.<\/p>\n<p class=\"paragraph\" style=\"text-align: justify;\">La documentaci\u00f3n judicial establece que las obras fueron levantadas sin autorizaci\u00f3n ambiental, dentro del cauce y de su franja de protecci\u00f3n, y que los trabajos continuaron pese a una orden de paralizaci\u00f3n.<\/p>\n<p class=\"paragraph\" style=\"text-align: justify;\">La decisi\u00f3n dispuso el retiro de la compuerta y la demolici\u00f3n de las estructuras construidas en el r\u00edo y dentro de la franja de treinta metros.<\/p>\n<p class=\"paragraph\" style=\"text-align: justify;\">\u201cEste operativo refleja la etapa de ejecuci\u00f3n que impulsamos a partir del Decreto 615-26. Proteger el medioambiente es proteger el agua, la seguridad de las comunidades y el patrimonio com\u00fan. Cuando una estructura altera ilegalmente un r\u00edo, el Estado debe actuar, hacer cumplir la ley y recuperar el espacio afectado\u201d, afirm\u00f3 el ministro de Medio Ambiente y Recursos Naturales, Pa\u00edno Henr\u00edquez.<\/p>\n<p style=\"text-align: justify;\">El Decreto 615-26 elev\u00f3 a prioridad estrat\u00e9gica para la seguridad nacional la protecci\u00f3n de los recursos naturales y de las infraestructuras ecol\u00f3gicas estrat\u00e9gicas del pa\u00eds, fortaleciendo la coordinaci\u00f3n, la prevenci\u00f3n, la investigaci\u00f3n y la respuesta del Estado frente a las amenazas ambientales.<\/p>\n<p style=\"text-align: justify;\">El Ministerio reiter\u00f3 que continuar\u00e1 ejecutando las decisiones administrativas y judiciales necesarias para detener las intervenciones ilegales, recuperar los ecosistemas afectados y garantizar la protecci\u00f3n efectiva de los r\u00edos, las cuencas y los dem\u00e1s recursos naturales de la Rep\u00fablica Dominicana.<\/p>\n","protected":false},"excerpt":{"rendered":"<p>El Ministerio de Medio Ambiente y Recursos Naturales desmantel\u00f3 en su totalidad una represa ilegal construida en el r\u00edo Yabija, en el distrito municipal de Jaya, y restableci\u00f3 el libre curso del afluente. La intervenci\u00f3n fue ejecutada por el Ministerio de Medio Ambiente, con el apoyo del Servicio Nacional de Protecci\u00f3n Ambiental (SENPA) y en [&hellip;]<\/p>\n","protected":false},"author":18,"featured_media":63062,"comment_status":"open","ping_status":"open","sticky":false,"template":"","format":"standard","meta":{"footnotes":""},"categories":[27,12,3773],"tags":[11656,11658,286,2885,11657],"class_list":["post-63061","post","type-post","status-publish","format-standard","has-post-thumbnail","category-medio-ambiente","category-municipales","category-portada","tag-ministerio-de-medio-ambiente","tag-num-136-2023-ssen-00010","tag-recursos-naturales","tag-rio","tag-rio-yabija"],"yoast_head":"<!-- This site is optimized with the Yoast SEO plugin v27.6 - https:\/\/yoast.com\/product\/yoast-seo-wordpress\/ -->\n<title>Medio Ambiente desmantela represa ilegal en el r\u00edo Yabija en San Francisco de Macor\u00eds - Conexi\u00f3n 23<\/title>\n<meta name=\"robots\" content=\"index, follow, max-snippet:-1, max-image-preview:large, max-video-preview:-1\" \/>\n<link rel=\"canonical\" href=\"https:\/\/conexion23.com\/?p=63061\" \/>\n<meta property=\"og:locale\" content=\"es_ES\" \/>\n<meta property=\"og:type\" content=\"article\" \/>\n<meta property=\"og:title\" content=\"Medio Ambiente desmantela represa ilegal en el r\u00edo Yabija en San Francisco de Macor\u00eds - Conexi\u00f3n 23\" \/>\n<meta property=\"og:description\" content=\"El Ministerio de Medio Ambiente y Recursos Naturales desmantel\u00f3 en su totalidad una represa ilegal construida en el r\u00edo Yabija, en el distrito municipal de Jaya, y restableci\u00f3 el libre curso del afluente. La intervenci\u00f3n fue ejecutada por el Ministerio de Medio Ambiente, con el apoyo del Servicio Nacional de Protecci\u00f3n Ambiental (SENPA) y en [&hellip;]\" \/>\n<meta property=\"og:url\" content=\"https:\/\/conexion23.com\/?p=63061\" \/>\n<meta property=\"og:site_name\" content=\"Conexi\u00f3n 23\" \/>\n<meta property=\"article:publisher\" content=\"https:\/\/www.facebook.com\/conexion23com\" \/>\n<meta property=\"article:published_time\" content=\"2026-09-05T12:24:15+00:00\" \/>\n<meta property=\"og:image\" content=\"http:\/\/conexion23.com\/wp-content\/uploads\/2026\/09\/Medio-Ambiente-desmantela-represa-ilegal-en-el-rio-Yabija-en-San-Francisco-de-Macoris.jpeg\" \/>\n\t<meta property=\"og:image:width\" content=\"1200\" \/>\n\t<meta property=\"og:image:height\" content=\"592\" \/>\n\t<meta property=\"og:image:type\" content=\"image\/jpeg\" \/>\n<meta name=\"author\" content=\"Redacci\u00f3n\" \/>\n<meta name=\"twitter:card\" content=\"summary_large_image\" \/>\n<meta name=\"twitter:label1\" content=\"Escrito por\" \/>\n\t<meta name=\"twitter:data1\" content=\"Redacci\u00f3n\" \/>\n\t<meta name=\"twitter:label2\" content=\"Tiempo de lectura\" \/>\n\t<meta name=\"twitter:data2\" content=\"2 minutos\" \/>\n<script type=\"application\/ld+json\" class=\"yoast-schema-graph\">{\"@context\":\"https:\\\/\\\/schema.org\",\"@graph\":[{\"@type\":\"Article\",\"@id\":\"https:\\\/\\\/conexion23.com\\\/?p=63061#article\",\"isPartOf\":{\"@id\":\"https:\\\/\\\/conexion23.com\\\/?p=63061\"},\"author\":{\"name\":\"Redacci\u00f3n\",\"@id\":\"https:\\\/\\\/conexion23.com\\\/#\\\/schema\\\/person\\\/0a860802b17d01ad2a278f53c507c296\"},\"headline\":\"Medio Ambiente desmantela represa ilegal en el r\u00edo Yabija en San Francisco de Macor\u00eds\",\"datePublished\":\"2026-09-05T12:24:15+00:00\",\"mainEntityOfPage\":{\"@id\":\"https:\\\/\\\/conexion23.com\\\/?p=63061\"},\"wordCount\":397,\"commentCount\":0,\"publisher\":{\"@id\":\"https:\\\/\\\/conexion23.com\\\/#organization\"},\"image\":{\"@id\":\"https:\\\/\\\/conexion23.com\\\/?p=63061#primaryimage\"},\"thumbnailUrl\":\"https:\\\/\\\/conexion23.com\\\/wp-content\\\/uploads\\\/2026\\\/09\\\/Medio-Ambiente-desmantela-represa-ilegal-en-el-rio-Yabija-en-San-Francisco-de-Macoris.jpeg\",\"keywords\":[\"Ministerio de Medio Ambiente\",\"n\u00fam. 136-2023-SSEN-00010\",\"recursos naturales\",\"rio\",\"r\u00edo Yabija\"],\"articleSection\":[\"Medio Ambiente\",\"Municipales\",\"Portada\"],\"inLanguage\":\"es\",\"potentialAction\":[{\"@type\":\"CommentAction\",\"name\":\"Comment\",\"target\":[\"https:\\\/\\\/conexion23.com\\\/?p=63061#respond\"]}]},{\"@type\":\"WebPage\",\"@id\":\"https:\\\/\\\/conexion23.com\\\/?p=63061\",\"url\":\"https:\\\/\\\/conexion23.com\\\/?p=63061\",\"name\":\"Medio Ambiente desmantela represa ilegal en el r\u00edo Yabija en San Francisco de Macor\u00eds - Conexi\u00f3n 23\",\"isPartOf\":{\"@id\":\"https:\\\/\\\/conexion23.com\\\/#website\"},\"primaryImageOfPage\":{\"@id\":\"https:\\\/\\\/conexion23.com\\\/?p=63061#primaryimage\"},\"image\":{\"@id\":\"https:\\\/\\\/conexion23.com\\\/?p=63061#primaryimage\"},\"thumbnailUrl\":\"https:\\\/\\\/conexion23.com\\\/wp-content\\\/uploads\\\/2026\\\/09\\\/Medio-Ambiente-desmantela-represa-ilegal-en-el-rio-Yabija-en-San-Francisco-de-Macoris.jpeg\",\"datePublished\":\"2026-09-05T12:24:15+00:00\",\"breadcrumb\":{\"@id\":\"https:\\\/\\\/conexion23.com\\\/?p=63061#breadcrumb\"},\"inLanguage\":\"es\",\"potentialAction\":[{\"@type\":\"ReadAction\",\"target\":[\"https:\\\/\\\/conexion23.com\\\/?p=63061\"]}]},{\"@type\":\"ImageObject\",\"inLanguage\":\"es\",\"@id\":\"https:\\\/\\\/conexion23.com\\\/?p=63061#primaryimage\",\"url\":\"https:\\\/\\\/conexion23.com\\\/wp-content\\\/uploads\\\/2026\\\/09\\\/Medio-Ambiente-desmantela-represa-ilegal-en-el-rio-Yabija-en-San-Francisco-de-Macoris.jpeg\",\"contentUrl\":\"https:\\\/\\\/conexion23.com\\\/wp-content\\\/uploads\\\/2026\\\/09\\\/Medio-Ambiente-desmantela-represa-ilegal-en-el-rio-Yabija-en-San-Francisco-de-Macoris.jpeg\",\"width\":1200,\"height\":592},{\"@type\":\"BreadcrumbList\",\"@id\":\"https:\\\/\\\/conexion23.com\\\/?p=63061#breadcrumb\",\"itemListElement\":[{\"@type\":\"ListItem\",\"position\":1,\"name\":\"Portada\",\"item\":\"https:\\\/\\\/conexion23.com\\\/\"},{\"@type\":\"ListItem\",\"position\":2,\"name\":\"Medio Ambiente desmantela represa ilegal en el r\u00edo Yabija en San Francisco de Macor\u00eds\"}]},{\"@type\":\"WebSite\",\"@id\":\"https:\\\/\\\/conexion23.com\\\/#website\",\"url\":\"https:\\\/\\\/conexion23.com\\\/\",\"name\":\"Conexi\u00f3n 23\",\"description\":\"Peri\u00f3dico 100% Petromacorisano\",\"publisher\":{\"@id\":\"https:\\\/\\\/conexion23.com\\\/#organization\"},\"potentialAction\":[{\"@type\":\"SearchAction\",\"target\":{\"@type\":\"EntryPoint\",\"urlTemplate\":\"https:\\\/\\\/conexion23.com\\\/?s={search_term_string}\"},\"query-input\":{\"@type\":\"PropertyValueSpecification\",\"valueRequired\":true,\"valueName\":\"search_term_string\"}}],\"inLanguage\":\"es\"},{\"@type\":\"Organization\",\"@id\":\"https:\\\/\\\/conexion23.com\\\/#organization\",\"name\":\"Conexion 23\",\"url\":\"https:\\\/\\\/conexion23.com\\\/\",\"logo\":{\"@type\":\"ImageObject\",\"inLanguage\":\"es\",\"@id\":\"https:\\\/\\\/conexion23.com\\\/#\\\/schema\\\/logo\\\/image\\\/\",\"url\":\"https:\\\/\\\/conexion23.com\\\/wp-content\\\/uploads\\\/2021\\\/11\\\/Diseno-sin-titulo-2.png\",\"contentUrl\":\"https:\\\/\\\/conexion23.com\\\/wp-content\\\/uploads\\\/2021\\\/11\\\/Diseno-sin-titulo-2.png\",\"width\":541,\"height\":90,\"caption\":\"Conexion 23\"},\"image\":{\"@id\":\"https:\\\/\\\/conexion23.com\\\/#\\\/schema\\\/logo\\\/image\\\/\"},\"sameAs\":[\"https:\\\/\\\/www.facebook.com\\\/conexion23com\",\"https:\\\/\\\/www.instagram.com\\\/conexion23com\\\/\",\"https:\\\/\\\/www.youtube.com\\\/channel\\\/UCYc7vxxFZMYLIHNsHHxPZ3Q\"]},{\"@type\":\"Person\",\"@id\":\"https:\\\/\\\/conexion23.com\\\/#\\\/schema\\\/person\\\/0a860802b17d01ad2a278f53c507c296\",\"name\":\"Redacci\u00f3n\",\"image\":{\"@type\":\"ImageObject\",\"inLanguage\":\"es\",\"@id\":\"https:\\\/\\\/secure.gravatar.com\\\/avatar\\\/ec9d84b79c776aa1994e5893944465db9974b17b884155623da51b7b62c02845?s=96&d=mm&r=g\",\"url\":\"https:\\\/\\\/secure.gravatar.com\\\/avatar\\\/ec9d84b79c776aa1994e5893944465db9974b17b884155623da51b7b62c02845?s=96&d=mm&r=g\",\"contentUrl\":\"https:\\\/\\\/secure.gravatar.com\\\/avatar\\\/ec9d84b79c776aa1994e5893944465db9974b17b884155623da51b7b62c02845?s=96&d=mm&r=g\",\"caption\":\"Redacci\u00f3n\"},\"url\":\"https:\\\/\\\/conexion23.com\\\/?author=18\"}]}<\/script>\n<!-- \/ Yoast SEO plugin. -->","yoast_head_json":{"title":"Medio Ambiente desmantela represa ilegal en el r\u00edo Yabija en San Francisco de Macor\u00eds - Conexi\u00f3n 23","robots":{"index":"index","follow":"follow","max-snippet":"max-snippet:-1","max-image-preview":"max-image-preview:large","max-video-preview":"max-video-preview:-1"},"canonical":"https:\/\/conexion23.com\/?p=63061","og_locale":"es_ES","og_type":"article","og_title":"Medio Ambiente desmantela represa ilegal en el r\u00edo Yabija en San Francisco de Macor\u00eds - Conexi\u00f3n 23","og_description":"El Ministerio de Medio Ambiente y Recursos Naturales desmantel\u00f3 en su totalidad una represa ilegal construida en el r\u00edo Yabija, en el distrito municipal de Jaya, y restableci\u00f3 el libre curso del afluente. La intervenci\u00f3n fue ejecutada por el Ministerio de Medio Ambiente, con el apoyo del Servicio Nacional de Protecci\u00f3n Ambiental (SENPA) y en [&hellip;]","og_url":"https:\/\/conexion23.com\/?p=63061","og_site_name":"Conexi\u00f3n 23","article_publisher":"https:\/\/www.facebook.com\/conexion23com","article_published_time":"2026-09-05T12:24:15+00:00","og_image":[{"width":1200,"height":592,"url":"http:\/\/conexion23.com\/wp-content\/uploads\/2026\/09\/Medio-Ambiente-desmantela-represa-ilegal-en-el-rio-Yabija-en-San-Francisco-de-Macoris.jpeg","type":"image\/jpeg"}],"author":"Redacci\u00f3n","twitter_card":"summary_large_image","twitter_misc":{"Escrito por":"Redacci\u00f3n","Tiempo de lectura":"2 minutos"},"schema":{"@context":"https:\/\/schema.org","@graph":[{"@type":"Article","@id":"https:\/\/conexion23.com\/?p=63061#article","isPartOf":{"@id":"https:\/\/conexion23.com\/?p=63061"},"author":{"name":"Redacci\u00f3n","@id":"https:\/\/conexion23.com\/#\/schema\/person\/0a860802b17d01ad2a278f53c507c296"},"headline":"Medio Ambiente desmantela represa ilegal en el r\u00edo Yabija en San Francisco de Macor\u00eds","datePublished":"2026-09-05T12:24:15+00:00","mainEntityOfPage":{"@id":"https:\/\/conexion23.com\/?p=63061"},"wordCount":397,"commentCount":0,"publisher":{"@id":"https:\/\/conexion23.com\/#organization"},"image":{"@id":"https:\/\/conexion23.com\/?p=63061#primaryimage"},"thumbnailUrl":"https:\/\/conexion23.com\/wp-content\/uploads\/2026\/09\/Medio-Ambiente-desmantela-represa-ilegal-en-el-rio-Yabija-en-San-Francisco-de-Macoris.jpeg","keywords":["Ministerio de Medio Ambiente","n\u00fam. 136-2023-SSEN-00010","recursos naturales","rio","r\u00edo Yabija"],"articleSection":["Medio Ambiente","Municipales","Portada"],"inLanguage":"es","potentialAction":[{"@type":"CommentAction","name":"Comment","target":["https:\/\/conexion23.com\/?p=63061#respond"]}]},{"@type":"WebPage","@id":"https:\/\/conexion23.com\/?p=63061","url":"https:\/\/conexion23.com\/?p=63061","name":"Medio Ambiente desmantela represa ilegal en el r\u00edo Yabija en San Francisco de Macor\u00eds - Conexi\u00f3n 23","isPartOf":{"@id":"https:\/\/conexion23.com\/#website"},"primaryImageOfPage":{"@id":"https:\/\/conexion23.com\/?p=63061#primaryimage"},"image":{"@id":"https:\/\/conexion23.com\/?p=63061#primaryimage"},"thumbnailUrl":"https:\/\/conexion23.com\/wp-content\/uploads\/2026\/09\/Medio-Ambiente-desmantela-represa-ilegal-en-el-rio-Yabija-en-San-Francisco-de-Macoris.jpeg","datePublished":"2026-09-05T12:24:15+00:00","breadcrumb":{"@id":"https:\/\/conexion23.com\/?p=63061#breadcrumb"},"inLanguage":"es","potentialAction":[{"@type":"ReadAction","target":["https:\/\/conexion23.com\/?p=63061"]}]},{"@type":"ImageObject","inLanguage":"es","@id":"https:\/\/conexion23.com\/?p=63061#primaryimage","url":"https:\/\/conexion23.com\/wp-content\/uploads\/2026\/09\/Medio-Ambiente-desmantela-represa-ilegal-en-el-rio-Yabija-en-San-Francisco-de-Macoris.jpeg","contentUrl":"https:\/\/conexion23.com\/wp-content\/uploads\/2026\/09\/Medio-Ambiente-desmantela-represa-ilegal-en-el-rio-Yabija-en-San-Francisco-de-Macoris.jpeg","width":1200,"height":592},{"@type":"BreadcrumbList","@id":"https:\/\/conexion23.com\/?p=63061#breadcrumb","itemListElement":[{"@type":"ListItem","position":1,"name":"Portada","item":"https:\/\/conexion23.com\/"},{"@type":"ListItem","position":2,"name":"Medio Ambiente desmantela represa ilegal en el r\u00edo Yabija en San Francisco de Macor\u00eds"}]},{"@type":"WebSite","@id":"https:\/\/conexion23.com\/#website","url":"https:\/\/conexion23.com\/","name":"Conexi\u00f3n 23","description":"Peri\u00f3dico 100% Petromacorisano","publisher":{"@id":"https:\/\/conexion23.com\/#organization"},"potentialAction":[{"@type":"SearchAction","target":{"@type":"EntryPoint","urlTemplate":"https:\/\/conexion23.com\/?s={search_term_string}"},"query-input":{"@type":"PropertyValueSpecification","valueRequired":true,"valueName":"search_term_string"}}],"inLanguage":"es"},{"@type":"Organization","@id":"https:\/\/conexion23.com\/#organization","name":"Conexion 23","url":"https:\/\/conexion23.com\/","logo":{"@type":"ImageObject","inLanguage":"es","@id":"https:\/\/conexion23.com\/#\/schema\/logo\/image\/","url":"https:\/\/conexion23.com\/wp-content\/uploads\/2021\/11\/Diseno-sin-titulo-2.png","contentUrl":"https:\/\/conexion23.com\/wp-content\/uploads\/2021\/11\/Diseno-sin-titulo-2.png","width":541,"height":90,"caption":"Conexion 23"},"image":{"@id":"https:\/\/conexion23.com\/#\/schema\/logo\/image\/"},"sameAs":["https:\/\/www.facebook.com\/conexion23com","https:\/\/www.instagram.com\/conexion23com\/","https:\/\/www.youtube.com\/channel\/UCYc7vxxFZMYLIHNsHHxPZ3Q"]},{"@type":"Person","@id":"https:\/\/conexion23.com\/#\/schema\/person\/0a860802b17d01ad2a278f53c507c296","name":"Redacci\u00f3n","image":{"@type":"ImageObject","inLanguage":"es","@id":"https:\/\/secure.gravatar.com\/avatar\/ec9d84b79c776aa1994e5893944465db9974b17b884155623da51b7b62c02845?s=96&d=mm&r=g","url":"https:\/\/secure.gravatar.com\/avatar\/ec9d84b79c776aa1994e5893944465db9974b17b884155623da51b7b62c02845?s=96&d=mm&r=g","contentUrl":"https:\/\/secure.gravatar.com\/avatar\/ec9d84b79c776aa1994e5893944465db9974b17b884155623da51b7b62c02845?s=96&d=mm&r=g","caption":"Redacci\u00f3n"},"url":"https:\/\/conexion23.com\/?author=18"}]}},"_links":{"self":[{"href":"https:\/\/conexion23.com\/index.php?rest_route=\/wp\/v2\/posts\/63061","targetHints":{"allow":["GET"]}}],"collection":[{"href":"https:\/\/conexion23.com\/index.php?rest_route=\/wp\/v2\/posts"}],"about":[{"href":"https:\/\/conexion23.com\/index.php?rest_route=\/wp\/v2\/types\/post"}],"author":[{"embeddable":true,"href":"https:\/\/conexion23.com\/index.php?rest_route=\/wp\/v2\/users\/18"}],"replies":[{"embeddable":true,"href":"https:\/\/conexion23.com\/index.php?rest_route=%2Fwp%2Fv2%2Fcomments&post=63061"}],"version-history":[{"count":1,"href":"https:\/\/conexion23.com\/index.php?rest_route=\/wp\/v2\/posts\/63061\/revisions"}],"predecessor-version":[{"id":63063,"href":"https:\/\/conexion23.com\/index.php?rest_route=\/wp\/v2\/posts\/63061\/revisions\/63063"}],"wp:featuredmedia":[{"embeddable":true,"href":"https:\/\/conexion23.com\/index.php?rest_route=\/wp\/v2\/media\/63062"}],"wp:attachment":[{"href":"https:\/\/conexion23.com\/index.php?rest_route=%2Fwp%2Fv2%2Fmedia&parent=63061"}],"wp:term":[{"taxonomy":"category","embeddable":true,"href":"https:\/\/conexion23.com\/index.php?rest_route=%2Fwp%2Fv2%2Fcategories&post=63061"},{"taxonomy":"post_tag","embeddable":true,"href":"https:\/\/conexion23.com\/index.php?rest_route=%2Fwp%2Fv2%2Ftags&post=63061"}],"curies":[{"name":"wp","href":"https:\/\/api.w.org\/{rel}","templated":true}]}}