{"id":63064,"date":"2026-09-05T08:33:08","date_gmt":"2026-09-05T12:33:08","guid":{"rendered":"https:\/\/conexion23.com\/?p=63064"},"modified":"2026-09-05T08:33:08","modified_gmt":"2026-09-05T12:33:08","slug":"entidades-buscan-prevenir-violencia-contra-las-mujeres","status":"publish","type":"post","link":"https:\/\/conexion23.com\/?p=63064","title":{"rendered":"Entidades buscan prevenir violencia contra las mujeres"},"content":{"rendered":"<p style=\"text-align: justify;\"><strong>La Polic\u00eda Nacional y el Ministerio de la Mujer reforzaron sus acciones de prevenci\u00f3n de la violencia contra las mujeres mediante un espacio de di\u00e1logo que reuni\u00f3 a 300 hombres de la instituci\u00f3n del orden, con el prop\u00f3sito de promover nuevas formas de masculinidad, relaciones basadas en el respeto y una cultura de convivencia pac\u00edfica.<\/strong><\/p>\n<p style=\"text-align: justify;\">La iniciativa, desarrollada por la Direcci\u00f3n Especializada de Atenci\u00f3n a la Mujer y Violencia Intrafamiliar (Deamvi), se realiz\u00f3 en el marco de la Consulta Nacional para la Reducci\u00f3n de Riesgos de Violencia hacia las Mujeres, a trav\u00e9s del Panel de Di\u00e1logo Interinstitucional \u201cVoces que aportan soluciones desde la poblaci\u00f3n masculina\u201d.<\/p>\n<p style=\"text-align: justify;\">La jornada fue encabezada por el subdirector general de la Polic\u00eda Nacional, general Esteban Figuereo Garc\u00eda, junto a la ministra de la Mujer, Gloria Reyes y la directora de Deamvi, generala Celeste Yanet Jim\u00e9nez Cabral.<\/p>\n<p style=\"text-align: justify;\">Durante su intervenci\u00f3n, Figuereo Garc\u00eda reafirm\u00f3 el compromiso de la instituci\u00f3n con la protecci\u00f3n de las mujeres y advirti\u00f3 que quienes incurran en actos de violencia ser\u00e1n perseguidos conforme a la ley.<\/p>\n<p style=\"text-align: justify;\">\u201cTodo hombre que cometa abuso o violencia contra una mujer ser\u00e1 declarado objetivo policial\u201d, afirm\u00f3 el subdirector general.<\/p>\n<div class=\"tiled-gallery type-rectangular\" style=\"text-align: justify;\" data-original-width=\"640\" data-carousel-extra=\"null\">\n<div class=\"gallery-row\" data-original-width=\"640\" data-original-height=\"286\">\n<div class=\"gallery-group images-1\" data-original-width=\"427\" data-original-height=\"286\">\n<div class=\"tiled-gallery-item tiled-gallery-item-large\"><img loading=\"lazy\" decoding=\"async\" class=\"\" title=\"Polic\u00eda Nacional y Ministerio de la Mujer movilizan a 300 hombres para prevenir violencia contra las mujeres (11)\" src=\"https:\/\/i0.wp.com\/nuevodiario-assets.s3.us-east-2.amazonaws.com\/wp-content\/uploads\/2026\/09\/Policia-Nacional-y-Ministerio-de-la-Mujer-movilizan-a-300-hombres-para-prevenir-violencia-contra-las-mujeres-11.jpeg?w=423&amp;h=282&amp;quality=100&amp;ssl=1\" sizes=\"auto\" srcset=\"https:\/\/nuevodiario-assets.s3.us-east-2.amazonaws.com\/wp-content\/uploads\/2026\/09\/Policia-Nacional-y-Ministerio-de-la-Mujer-movilizan-a-300-hombres-para-prevenir-violencia-contra-las-mujeres-11.jpeg 1600w, https:\/\/nuevodiario-assets.s3.us-east-2.amazonaws.com\/wp-content\/uploads\/2026\/09\/Policia-Nacional-y-Ministerio-de-la-Mujer-movilizan-a-300-hombres-para-prevenir-violencia-contra-las-mujeres-11.jpeg 400w, https:\/\/nuevodiario-assets.s3.us-east-2.amazonaws.com\/wp-content\/uploads\/2026\/09\/Policia-Nacional-y-Ministerio-de-la-Mujer-movilizan-a-300-hombres-para-prevenir-violencia-contra-las-mujeres-11.jpeg 800w, https:\/\/nuevodiario-assets.s3.us-east-2.amazonaws.com\/wp-content\/uploads\/2026\/09\/Policia-Nacional-y-Ministerio-de-la-Mujer-movilizan-a-300-hombres-para-prevenir-violencia-contra-las-mujeres-11.jpeg 768w, https:\/\/nuevodiario-assets.s3.us-east-2.amazonaws.com\/wp-content\/uploads\/2026\/09\/Policia-Nacional-y-Ministerio-de-la-Mujer-movilizan-a-300-hombres-para-prevenir-violencia-contra-las-mujeres-11.jpeg 1536w, https:\/\/nuevodiario-assets.s3.us-east-2.amazonaws.com\/wp-content\/uploads\/2026\/09\/Policia-Nacional-y-Ministerio-de-la-Mujer-movilizan-a-300-hombres-para-prevenir-violencia-contra-las-mujeres-11.jpeg 1280w,https:\/\/i0.wp.com\/nuevodiario-assets.s3.us-east-2.amazonaws.com\/wp-content\/uploads\/2026\/09\/Policia-Nacional-y-Ministerio-de-la-Mujer-movilizan-a-300-hombres-para-prevenir-violencia-contra-las-mujeres-11.jpeg?w=423&amp;h=282&amp;quality=100&amp;ssl=1&amp;resize=530%2C354&amp;_jb=custom 1910w\" alt=\"Polic\u00eda Nacional y Ministerio de la Mujer movilizan a 300 hombres para prevenir violencia contra las mujeres (11)\" width=\"941\" height=\"627\" data-attachment-id=\"3264484\" data-orig-file=\"https:\/\/nuevodiario-assets.s3.us-east-2.amazonaws.com\/wp-content\/uploads\/2026\/09\/Policia-Nacional-y-Ministerio-de-la-Mujer-movilizan-a-300-hombres-para-prevenir-violencia-contra-las-mujeres-11.jpeg\" data-orig-size=\"1600,1066\" data-comments-opened=\"\" data-image-meta=\"{&quot;aperture&quot;:&quot;0&quot;,&quot;credit&quot;:&quot;&quot;,&quot;camera&quot;:&quot;&quot;,&quot;caption&quot;:&quot;&quot;,&quot;created_timestamp&quot;:&quot;0&quot;,&quot;copyright&quot;:&quot;&quot;,&quot;focal_length&quot;:&quot;0&quot;,&quot;iso&quot;:&quot;0&quot;,&quot;shutter_speed&quot;:&quot;0&quot;,&quot;title&quot;:&quot;&quot;,&quot;orientation&quot;:&quot;0&quot;,&quot;alt&quot;:&quot;&quot;}\" data-image-title=\"Polic\u00eda Nacional y Ministerio de la Mujer movilizan a 300 hombres para prevenir violencia contra las mujeres (11)\" data-image-description=\"\" data-medium-file=\"https:\/\/i0.wp.com\/nuevodiario-assets.s3.us-east-2.amazonaws.com\/wp-content\/uploads\/2026\/09\/Policia-Nacional-y-Ministerio-de-la-Mujer-movilizan-a-300-hombres-para-prevenir-violencia-contra-las-mujeres-11.jpeg?fit=400%2C267&amp;quality=100&amp;ssl=1\" data-large-file=\"https:\/\/i0.wp.com\/nuevodiario-assets.s3.us-east-2.amazonaws.com\/wp-content\/uploads\/2026\/09\/Policia-Nacional-y-Ministerio-de-la-Mujer-movilizan-a-300-hombres-para-prevenir-violencia-contra-las-mujeres-11.jpeg?fit=640%2C426&amp;quality=100&amp;ssl=1\" data-original-width=\"423\" data-original-height=\"282\" \/><\/div>\n<\/div>\n<\/div>\n<\/div>\n<p style=\"text-align: justify;\">Asimismo, destac\u00f3 que los miembros de la Polic\u00eda Nacional tienen la responsabilidad de actuar conforme a la Constituci\u00f3n y las leyes, tanto en la persecuci\u00f3n de los agresores como en la protecci\u00f3n de las v\u00edctimas.<\/p>\n<p style=\"text-align: justify;\">La ministra Gloria Reyes valor\u00f3 la participaci\u00f3n de los agentes policiales y resalt\u00f3 que los hombres que integran la instituci\u00f3n pueden convertirse en agentes multiplicadores de una cultura de respeto e igualdad, al contribuir desde sus hogares, comunidades y espacios de trabajo a prevenir conductas violentas.<\/p>\n<div class=\"tiled-gallery type-rectangular\" style=\"text-align: justify;\" data-original-width=\"640\" data-carousel-extra=\"null\">\n<div class=\"gallery-row\" data-original-width=\"640\" data-original-height=\"286\">\n<div class=\"gallery-group images-1\" data-original-width=\"427\" data-original-height=\"286\">\n<div class=\"tiled-gallery-item tiled-gallery-item-large\"><img loading=\"lazy\" decoding=\"async\" class=\"\" title=\"Polic\u00eda Nacional y Ministerio de la Mujer movilizan a 300 hombres para prevenir violencia contra las mujeres (4)\" src=\"https:\/\/i0.wp.com\/nuevodiario-assets.s3.us-east-2.amazonaws.com\/wp-content\/uploads\/2026\/09\/Policia-Nacional-y-Ministerio-de-la-Mujer-movilizan-a-300-hombres-para-prevenir-violencia-contra-las-mujeres-4.jpeg?w=423&amp;h=282&amp;quality=100&amp;ssl=1\" sizes=\"auto\" srcset=\"https:\/\/nuevodiario-assets.s3.us-east-2.amazonaws.com\/wp-content\/uploads\/2026\/09\/Policia-Nacional-y-Ministerio-de-la-Mujer-movilizan-a-300-hombres-para-prevenir-violencia-contra-las-mujeres-4.jpeg 1600w, https:\/\/nuevodiario-assets.s3.us-east-2.amazonaws.com\/wp-content\/uploads\/2026\/09\/Policia-Nacional-y-Ministerio-de-la-Mujer-movilizan-a-300-hombres-para-prevenir-violencia-contra-las-mujeres-4.jpeg 400w, https:\/\/nuevodiario-assets.s3.us-east-2.amazonaws.com\/wp-content\/uploads\/2026\/09\/Policia-Nacional-y-Ministerio-de-la-Mujer-movilizan-a-300-hombres-para-prevenir-violencia-contra-las-mujeres-4.jpeg 800w, https:\/\/nuevodiario-assets.s3.us-east-2.amazonaws.com\/wp-content\/uploads\/2026\/09\/Policia-Nacional-y-Ministerio-de-la-Mujer-movilizan-a-300-hombres-para-prevenir-violencia-contra-las-mujeres-4.jpeg 768w, https:\/\/nuevodiario-assets.s3.us-east-2.amazonaws.com\/wp-content\/uploads\/2026\/09\/Policia-Nacional-y-Ministerio-de-la-Mujer-movilizan-a-300-hombres-para-prevenir-violencia-contra-las-mujeres-4.jpeg 1536w, https:\/\/nuevodiario-assets.s3.us-east-2.amazonaws.com\/wp-content\/uploads\/2026\/09\/Policia-Nacional-y-Ministerio-de-la-Mujer-movilizan-a-300-hombres-para-prevenir-violencia-contra-las-mujeres-4.jpeg 1280w,https:\/\/i0.wp.com\/nuevodiario-assets.s3.us-east-2.amazonaws.com\/wp-content\/uploads\/2026\/09\/Policia-Nacional-y-Ministerio-de-la-Mujer-movilizan-a-300-hombres-para-prevenir-violencia-contra-las-mujeres-4.jpeg?w=423&amp;h=282&amp;quality=100&amp;ssl=1&amp;resize=530%2C354&amp;_jb=custom 1910w\" alt=\"Polic\u00eda Nacional y Ministerio de la Mujer movilizan a 300 hombres para prevenir violencia contra las mujeres (4)\" width=\"884\" height=\"589\" data-attachment-id=\"3264488\" data-orig-file=\"https:\/\/nuevodiario-assets.s3.us-east-2.amazonaws.com\/wp-content\/uploads\/2026\/09\/Policia-Nacional-y-Ministerio-de-la-Mujer-movilizan-a-300-hombres-para-prevenir-violencia-contra-las-mujeres-4.jpeg\" data-orig-size=\"1600,1066\" data-comments-opened=\"\" data-image-meta=\"{&quot;aperture&quot;:&quot;0&quot;,&quot;credit&quot;:&quot;&quot;,&quot;camera&quot;:&quot;&quot;,&quot;caption&quot;:&quot;&quot;,&quot;created_timestamp&quot;:&quot;0&quot;,&quot;copyright&quot;:&quot;&quot;,&quot;focal_length&quot;:&quot;0&quot;,&quot;iso&quot;:&quot;0&quot;,&quot;shutter_speed&quot;:&quot;0&quot;,&quot;title&quot;:&quot;&quot;,&quot;orientation&quot;:&quot;0&quot;,&quot;alt&quot;:&quot;&quot;}\" data-image-title=\"Polic\u00eda Nacional y Ministerio de la Mujer movilizan a 300 hombres para prevenir violencia contra las mujeres (4)\" data-image-description=\"\" data-medium-file=\"https:\/\/i0.wp.com\/nuevodiario-assets.s3.us-east-2.amazonaws.com\/wp-content\/uploads\/2026\/09\/Policia-Nacional-y-Ministerio-de-la-Mujer-movilizan-a-300-hombres-para-prevenir-violencia-contra-las-mujeres-4.jpeg?fit=400%2C267&amp;quality=100&amp;ssl=1\" data-large-file=\"https:\/\/i0.wp.com\/nuevodiario-assets.s3.us-east-2.amazonaws.com\/wp-content\/uploads\/2026\/09\/Policia-Nacional-y-Ministerio-de-la-Mujer-movilizan-a-300-hombres-para-prevenir-violencia-contra-las-mujeres-4.jpeg?fit=640%2C426&amp;quality=100&amp;ssl=1\" data-original-width=\"423\" data-original-height=\"282\" \/><\/div>\n<\/div>\n<\/div>\n<\/div>\n<p style=\"text-align: justify;\">La actividad tambi\u00e9n cont\u00f3 con la presencia del inspector general de la Polic\u00eda Nacional, general Mart\u00edn Tapia S\u00e1nchez; el rector del Instituto Policial de Educaci\u00f3n Superior (IPES), general Juan Hilario Guzm\u00e1n Bad\u00eda; las viceministras Rosa Mej\u00eda, de Planificaci\u00f3n y Desarrollo y Lily Luciano, de Cultura e Igualdad, adem\u00e1s de otros oficiales generales y superiores.<\/p>\n<p style=\"text-align: justify;\">El panel fue moderado por Lily Luciano y cont\u00f3 con las intervenciones de Rosa Mej\u00eda, Ana Andrea Villa Camacho, Celeste Yanet Jim\u00e9nez Cabral y Luis Verg\u00e9s, quienes abordaron propuestas para reducir los factores de riesgo de violencia y fomentar una participaci\u00f3n masculina activa en su prevenci\u00f3n.<\/p>\n<div class=\"tiled-gallery type-rectangular\" style=\"text-align: justify;\" data-original-width=\"640\" data-carousel-extra=\"null\">\n<div class=\"gallery-row\" data-original-width=\"640\" data-original-height=\"286\">\n<div class=\"gallery-group images-1\" data-original-width=\"427\" data-original-height=\"286\">\n<div class=\"tiled-gallery-item tiled-gallery-item-large\"><img loading=\"lazy\" decoding=\"async\" class=\"\" title=\"Polic\u00eda Nacional y Ministerio de la Mujer movilizan a 300 hombres para prevenir violencia contra las mujeres (1)\" src=\"https:\/\/i0.wp.com\/nuevodiario-assets.s3.us-east-2.amazonaws.com\/wp-content\/uploads\/2026\/09\/Policia-Nacional-y-Ministerio-de-la-Mujer-movilizan-a-300-hombres-para-prevenir-violencia-contra-las-mujeres-1.jpeg?w=423&amp;h=282&amp;quality=100&amp;ssl=1\" sizes=\"auto\" srcset=\"https:\/\/nuevodiario-assets.s3.us-east-2.amazonaws.com\/wp-content\/uploads\/2026\/09\/Policia-Nacional-y-Ministerio-de-la-Mujer-movilizan-a-300-hombres-para-prevenir-violencia-contra-las-mujeres-1.jpeg 1600w, https:\/\/nuevodiario-assets.s3.us-east-2.amazonaws.com\/wp-content\/uploads\/2026\/09\/Policia-Nacional-y-Ministerio-de-la-Mujer-movilizan-a-300-hombres-para-prevenir-violencia-contra-las-mujeres-1.jpeg 400w, https:\/\/nuevodiario-assets.s3.us-east-2.amazonaws.com\/wp-content\/uploads\/2026\/09\/Policia-Nacional-y-Ministerio-de-la-Mujer-movilizan-a-300-hombres-para-prevenir-violencia-contra-las-mujeres-1.jpeg 800w, https:\/\/nuevodiario-assets.s3.us-east-2.amazonaws.com\/wp-content\/uploads\/2026\/09\/Policia-Nacional-y-Ministerio-de-la-Mujer-movilizan-a-300-hombres-para-prevenir-violencia-contra-las-mujeres-1.jpeg 768w, https:\/\/nuevodiario-assets.s3.us-east-2.amazonaws.com\/wp-content\/uploads\/2026\/09\/Policia-Nacional-y-Ministerio-de-la-Mujer-movilizan-a-300-hombres-para-prevenir-violencia-contra-las-mujeres-1.jpeg 1536w, https:\/\/nuevodiario-assets.s3.us-east-2.amazonaws.com\/wp-content\/uploads\/2026\/09\/Policia-Nacional-y-Ministerio-de-la-Mujer-movilizan-a-300-hombres-para-prevenir-violencia-contra-las-mujeres-1.jpeg 1280w,https:\/\/i0.wp.com\/nuevodiario-assets.s3.us-east-2.amazonaws.com\/wp-content\/uploads\/2026\/09\/Policia-Nacional-y-Ministerio-de-la-Mujer-movilizan-a-300-hombres-para-prevenir-violencia-contra-las-mujeres-1.jpeg?w=423&amp;h=282&amp;quality=100&amp;ssl=1&amp;resize=530%2C354&amp;_jb=custom 1910w\" alt=\"Polic\u00eda Nacional y Ministerio de la Mujer movilizan a 300 hombres para prevenir violencia contra las mujeres (1)\" width=\"810\" height=\"540\" data-attachment-id=\"3264492\" data-orig-file=\"https:\/\/nuevodiario-assets.s3.us-east-2.amazonaws.com\/wp-content\/uploads\/2026\/09\/Policia-Nacional-y-Ministerio-de-la-Mujer-movilizan-a-300-hombres-para-prevenir-violencia-contra-las-mujeres-1.jpeg\" data-orig-size=\"1600,1066\" data-comments-opened=\"\" data-image-meta=\"{&quot;aperture&quot;:&quot;0&quot;,&quot;credit&quot;:&quot;&quot;,&quot;camera&quot;:&quot;&quot;,&quot;caption&quot;:&quot;&quot;,&quot;created_timestamp&quot;:&quot;0&quot;,&quot;copyright&quot;:&quot;&quot;,&quot;focal_length&quot;:&quot;0&quot;,&quot;iso&quot;:&quot;0&quot;,&quot;shutter_speed&quot;:&quot;0&quot;,&quot;title&quot;:&quot;&quot;,&quot;orientation&quot;:&quot;0&quot;,&quot;alt&quot;:&quot;&quot;}\" data-image-title=\"Polic\u00eda Nacional y Ministerio de la Mujer movilizan a 300 hombres para prevenir violencia contra las mujeres (1)\" data-image-description=\"\" data-medium-file=\"https:\/\/i0.wp.com\/nuevodiario-assets.s3.us-east-2.amazonaws.com\/wp-content\/uploads\/2026\/09\/Policia-Nacional-y-Ministerio-de-la-Mujer-movilizan-a-300-hombres-para-prevenir-violencia-contra-las-mujeres-1.jpeg?fit=400%2C267&amp;quality=100&amp;ssl=1\" data-large-file=\"https:\/\/i0.wp.com\/nuevodiario-assets.s3.us-east-2.amazonaws.com\/wp-content\/uploads\/2026\/09\/Policia-Nacional-y-Ministerio-de-la-Mujer-movilizan-a-300-hombres-para-prevenir-violencia-contra-las-mujeres-1.jpeg?fit=640%2C426&amp;quality=100&amp;ssl=1\" data-original-width=\"423\" data-original-height=\"282\" \/><\/div>\n<\/div>\n<\/div>\n<\/div>\n<p style=\"text-align: justify;\">Con esta jornada, la Polic\u00eda Nacional y el Ministerio de la Mujer fortalecen la coordinaci\u00f3n interinstitucional y ampl\u00edan el enfoque preventivo, apostando a que los hombres sean parte activa de la transformaci\u00f3n social necesaria para construir una sociedad libre de violencia contra las mujeres.<\/p>\n","protected":false},"excerpt":{"rendered":"<p>La Polic\u00eda Nacional y el Ministerio de la Mujer reforzaron sus acciones de prevenci\u00f3n de la violencia contra las mujeres mediante un espacio de di\u00e1logo que reuni\u00f3 a 300 hombres de la instituci\u00f3n del orden, con el prop\u00f3sito de promover nuevas formas de masculinidad, relaciones basadas en el respeto y una cultura de convivencia pac\u00edfica. [&hellip;]<\/p>\n","protected":false},"author":18,"featured_media":63068,"comment_status":"open","ping_status":"open","sticky":false,"template":"","format":"standard","meta":{"footnotes":""},"categories":[3913,3773],"tags":[11663,608,11662],"class_list":["post-63064","post","type-post","status-publish","format-standard","has-post-thumbnail","category-nacionales","category-portada","tag-deamvi","tag-mujer","tag-policia-nacional-y-el-ministerio"],"yoast_head":"<!-- This site is optimized with the Yoast SEO plugin v27.6 - https:\/\/yoast.com\/product\/yoast-seo-wordpress\/ -->\n<title>Entidades buscan prevenir violencia contra las mujeres - Conexi\u00f3n 23<\/title>\n<meta name=\"robots\" content=\"index, follow, max-snippet:-1, max-image-preview:large, max-video-preview:-1\" \/>\n<link rel=\"canonical\" href=\"https:\/\/conexion23.com\/?p=63064\" \/>\n<meta property=\"og:locale\" content=\"es_ES\" \/>\n<meta property=\"og:type\" content=\"article\" \/>\n<meta property=\"og:title\" content=\"Entidades buscan prevenir violencia contra las mujeres - Conexi\u00f3n 23\" \/>\n<meta property=\"og:description\" content=\"La Polic\u00eda Nacional y el Ministerio de la Mujer reforzaron sus acciones de prevenci\u00f3n de la violencia contra las mujeres mediante un espacio de di\u00e1logo que reuni\u00f3 a 300 hombres de la instituci\u00f3n del orden, con el prop\u00f3sito de promover nuevas formas de masculinidad, relaciones basadas en el respeto y una cultura de convivencia pac\u00edfica. [&hellip;]\" \/>\n<meta property=\"og:url\" content=\"https:\/\/conexion23.com\/?p=63064\" \/>\n<meta property=\"og:site_name\" content=\"Conexi\u00f3n 23\" \/>\n<meta property=\"article:publisher\" content=\"https:\/\/www.facebook.com\/conexion23com\" \/>\n<meta property=\"article:published_time\" content=\"2026-09-05T12:33:08+00:00\" \/>\n<meta property=\"og:image\" content=\"http:\/\/conexion23.com\/wp-content\/uploads\/2026\/09\/Policia-Nacional-y-Ministerio-de-la-Mujer-movilizan-a-300-hombres-para-prevenir-violencia-contra-las-mujeres.webp\" \/>\n\t<meta property=\"og:image:width\" content=\"1600\" \/>\n\t<meta property=\"og:image:height\" content=\"1064\" \/>\n\t<meta property=\"og:image:type\" content=\"image\/webp\" \/>\n<meta name=\"author\" content=\"Redacci\u00f3n\" \/>\n<meta name=\"twitter:card\" content=\"summary_large_image\" \/>\n<meta name=\"twitter:label1\" content=\"Escrito por\" \/>\n\t<meta name=\"twitter:data1\" content=\"Redacci\u00f3n\" \/>\n\t<meta name=\"twitter:label2\" content=\"Tiempo de lectura\" \/>\n\t<meta name=\"twitter:data2\" content=\"3 minutos\" \/>\n<script type=\"application\/ld+json\" class=\"yoast-schema-graph\">{\"@context\":\"https:\\\/\\\/schema.org\",\"@graph\":[{\"@type\":\"Article\",\"@id\":\"https:\\\/\\\/conexion23.com\\\/?p=63064#article\",\"isPartOf\":{\"@id\":\"https:\\\/\\\/conexion23.com\\\/?p=63064\"},\"author\":{\"name\":\"Redacci\u00f3n\",\"@id\":\"https:\\\/\\\/conexion23.com\\\/#\\\/schema\\\/person\\\/0a860802b17d01ad2a278f53c507c296\"},\"headline\":\"Entidades buscan prevenir violencia contra las mujeres\",\"datePublished\":\"2026-09-05T12:33:08+00:00\",\"mainEntityOfPage\":{\"@id\":\"https:\\\/\\\/conexion23.com\\\/?p=63064\"},\"wordCount\":467,\"commentCount\":0,\"publisher\":{\"@id\":\"https:\\\/\\\/conexion23.com\\\/#organization\"},\"image\":{\"@id\":\"https:\\\/\\\/conexion23.com\\\/?p=63064#primaryimage\"},\"thumbnailUrl\":\"https:\\\/\\\/conexion23.com\\\/wp-content\\\/uploads\\\/2026\\\/09\\\/Policia-Nacional-y-Ministerio-de-la-Mujer-movilizan-a-300-hombres-para-prevenir-violencia-contra-las-mujeres.webp\",\"keywords\":[\"Deamvi\",\"MUjer\",\"Polic\u00eda Nacional y el Ministerio\"],\"articleSection\":[\"Nacionales\",\"Portada\"],\"inLanguage\":\"es\",\"potentialAction\":[{\"@type\":\"CommentAction\",\"name\":\"Comment\",\"target\":[\"https:\\\/\\\/conexion23.com\\\/?p=63064#respond\"]}]},{\"@type\":\"WebPage\",\"@id\":\"https:\\\/\\\/conexion23.com\\\/?p=63064\",\"url\":\"https:\\\/\\\/conexion23.com\\\/?p=63064\",\"name\":\"Entidades buscan prevenir violencia contra las mujeres - Conexi\u00f3n 23\",\"isPartOf\":{\"@id\":\"https:\\\/\\\/conexion23.com\\\/#website\"},\"primaryImageOfPage\":{\"@id\":\"https:\\\/\\\/conexion23.com\\\/?p=63064#primaryimage\"},\"image\":{\"@id\":\"https:\\\/\\\/conexion23.com\\\/?p=63064#primaryimage\"},\"thumbnailUrl\":\"https:\\\/\\\/conexion23.com\\\/wp-content\\\/uploads\\\/2026\\\/09\\\/Policia-Nacional-y-Ministerio-de-la-Mujer-movilizan-a-300-hombres-para-prevenir-violencia-contra-las-mujeres.webp\",\"datePublished\":\"2026-09-05T12:33:08+00:00\",\"breadcrumb\":{\"@id\":\"https:\\\/\\\/conexion23.com\\\/?p=63064#breadcrumb\"},\"inLanguage\":\"es\",\"potentialAction\":[{\"@type\":\"ReadAction\",\"target\":[\"https:\\\/\\\/conexion23.com\\\/?p=63064\"]}]},{\"@type\":\"ImageObject\",\"inLanguage\":\"es\",\"@id\":\"https:\\\/\\\/conexion23.com\\\/?p=63064#primaryimage\",\"url\":\"https:\\\/\\\/conexion23.com\\\/wp-content\\\/uploads\\\/2026\\\/09\\\/Policia-Nacional-y-Ministerio-de-la-Mujer-movilizan-a-300-hombres-para-prevenir-violencia-contra-las-mujeres.webp\",\"contentUrl\":\"https:\\\/\\\/conexion23.com\\\/wp-content\\\/uploads\\\/2026\\\/09\\\/Policia-Nacional-y-Ministerio-de-la-Mujer-movilizan-a-300-hombres-para-prevenir-violencia-contra-las-mujeres.webp\",\"width\":1600,\"height\":1064},{\"@type\":\"BreadcrumbList\",\"@id\":\"https:\\\/\\\/conexion23.com\\\/?p=63064#breadcrumb\",\"itemListElement\":[{\"@type\":\"ListItem\",\"position\":1,\"name\":\"Portada\",\"item\":\"https:\\\/\\\/conexion23.com\\\/\"},{\"@type\":\"ListItem\",\"position\":2,\"name\":\"Entidades buscan prevenir violencia contra las mujeres\"}]},{\"@type\":\"WebSite\",\"@id\":\"https:\\\/\\\/conexion23.com\\\/#website\",\"url\":\"https:\\\/\\\/conexion23.com\\\/\",\"name\":\"Conexi\u00f3n 23\",\"description\":\"Peri\u00f3dico 100% Petromacorisano\",\"publisher\":{\"@id\":\"https:\\\/\\\/conexion23.com\\\/#organization\"},\"potentialAction\":[{\"@type\":\"SearchAction\",\"target\":{\"@type\":\"EntryPoint\",\"urlTemplate\":\"https:\\\/\\\/conexion23.com\\\/?s={search_term_string}\"},\"query-input\":{\"@type\":\"PropertyValueSpecification\",\"valueRequired\":true,\"valueName\":\"search_term_string\"}}],\"inLanguage\":\"es\"},{\"@type\":\"Organization\",\"@id\":\"https:\\\/\\\/conexion23.com\\\/#organization\",\"name\":\"Conexion 23\",\"url\":\"https:\\\/\\\/conexion23.com\\\/\",\"logo\":{\"@type\":\"ImageObject\",\"inLanguage\":\"es\",\"@id\":\"https:\\\/\\\/conexion23.com\\\/#\\\/schema\\\/logo\\\/image\\\/\",\"url\":\"https:\\\/\\\/conexion23.com\\\/wp-content\\\/uploads\\\/2021\\\/11\\\/Diseno-sin-titulo-2.png\",\"contentUrl\":\"https:\\\/\\\/conexion23.com\\\/wp-content\\\/uploads\\\/2021\\\/11\\\/Diseno-sin-titulo-2.png\",\"width\":541,\"height\":90,\"caption\":\"Conexion 23\"},\"image\":{\"@id\":\"https:\\\/\\\/conexion23.com\\\/#\\\/schema\\\/logo\\\/image\\\/\"},\"sameAs\":[\"https:\\\/\\\/www.facebook.com\\\/conexion23com\",\"https:\\\/\\\/www.instagram.com\\\/conexion23com\\\/\",\"https:\\\/\\\/www.youtube.com\\\/channel\\\/UCYc7vxxFZMYLIHNsHHxPZ3Q\"]},{\"@type\":\"Person\",\"@id\":\"https:\\\/\\\/conexion23.com\\\/#\\\/schema\\\/person\\\/0a860802b17d01ad2a278f53c507c296\",\"name\":\"Redacci\u00f3n\",\"image\":{\"@type\":\"ImageObject\",\"inLanguage\":\"es\",\"@id\":\"https:\\\/\\\/secure.gravatar.com\\\/avatar\\\/ec9d84b79c776aa1994e5893944465db9974b17b884155623da51b7b62c02845?s=96&d=mm&r=g\",\"url\":\"https:\\\/\\\/secure.gravatar.com\\\/avatar\\\/ec9d84b79c776aa1994e5893944465db9974b17b884155623da51b7b62c02845?s=96&d=mm&r=g\",\"contentUrl\":\"https:\\\/\\\/secure.gravatar.com\\\/avatar\\\/ec9d84b79c776aa1994e5893944465db9974b17b884155623da51b7b62c02845?s=96&d=mm&r=g\",\"caption\":\"Redacci\u00f3n\"},\"url\":\"https:\\\/\\\/conexion23.com\\\/?author=18\"}]}<\/script>\n<!-- \/ Yoast SEO plugin. -->","yoast_head_json":{"title":"Entidades buscan prevenir violencia contra las mujeres - Conexi\u00f3n 23","robots":{"index":"index","follow":"follow","max-snippet":"max-snippet:-1","max-image-preview":"max-image-preview:large","max-video-preview":"max-video-preview:-1"},"canonical":"https:\/\/conexion23.com\/?p=63064","og_locale":"es_ES","og_type":"article","og_title":"Entidades buscan prevenir violencia contra las mujeres - Conexi\u00f3n 23","og_description":"La Polic\u00eda Nacional y el Ministerio de la Mujer reforzaron sus acciones de prevenci\u00f3n de la violencia contra las mujeres mediante un espacio de di\u00e1logo que reuni\u00f3 a 300 hombres de la instituci\u00f3n del orden, con el prop\u00f3sito de promover nuevas formas de masculinidad, relaciones basadas en el respeto y una cultura de convivencia pac\u00edfica. [&hellip;]","og_url":"https:\/\/conexion23.com\/?p=63064","og_site_name":"Conexi\u00f3n 23","article_publisher":"https:\/\/www.facebook.com\/conexion23com","article_published_time":"2026-09-05T12:33:08+00:00","og_image":[{"width":1600,"height":1064,"url":"http:\/\/conexion23.com\/wp-content\/uploads\/2026\/09\/Policia-Nacional-y-Ministerio-de-la-Mujer-movilizan-a-300-hombres-para-prevenir-violencia-contra-las-mujeres.webp","type":"image\/webp"}],"author":"Redacci\u00f3n","twitter_card":"summary_large_image","twitter_misc":{"Escrito por":"Redacci\u00f3n","Tiempo de lectura":"3 minutos"},"schema":{"@context":"https:\/\/schema.org","@graph":[{"@type":"Article","@id":"https:\/\/conexion23.com\/?p=63064#article","isPartOf":{"@id":"https:\/\/conexion23.com\/?p=63064"},"author":{"name":"Redacci\u00f3n","@id":"https:\/\/conexion23.com\/#\/schema\/person\/0a860802b17d01ad2a278f53c507c296"},"headline":"Entidades buscan prevenir violencia contra las mujeres","datePublished":"2026-09-05T12:33:08+00:00","mainEntityOfPage":{"@id":"https:\/\/conexion23.com\/?p=63064"},"wordCount":467,"commentCount":0,"publisher":{"@id":"https:\/\/conexion23.com\/#organization"},"image":{"@id":"https:\/\/conexion23.com\/?p=63064#primaryimage"},"thumbnailUrl":"https:\/\/conexion23.com\/wp-content\/uploads\/2026\/09\/Policia-Nacional-y-Ministerio-de-la-Mujer-movilizan-a-300-hombres-para-prevenir-violencia-contra-las-mujeres.webp","keywords":["Deamvi","MUjer","Polic\u00eda Nacional y el Ministerio"],"articleSection":["Nacionales","Portada"],"inLanguage":"es","potentialAction":[{"@type":"CommentAction","name":"Comment","target":["https:\/\/conexion23.com\/?p=63064#respond"]}]},{"@type":"WebPage","@id":"https:\/\/conexion23.com\/?p=63064","url":"https:\/\/conexion23.com\/?p=63064","name":"Entidades buscan prevenir violencia contra las mujeres - Conexi\u00f3n 23","isPartOf":{"@id":"https:\/\/conexion23.com\/#website"},"primaryImageOfPage":{"@id":"https:\/\/conexion23.com\/?p=63064#primaryimage"},"image":{"@id":"https:\/\/conexion23.com\/?p=63064#primaryimage"},"thumbnailUrl":"https:\/\/conexion23.com\/wp-content\/uploads\/2026\/09\/Policia-Nacional-y-Ministerio-de-la-Mujer-movilizan-a-300-hombres-para-prevenir-violencia-contra-las-mujeres.webp","datePublished":"2026-09-05T12:33:08+00:00","breadcrumb":{"@id":"https:\/\/conexion23.com\/?p=63064#breadcrumb"},"inLanguage":"es","potentialAction":[{"@type":"ReadAction","target":["https:\/\/conexion23.com\/?p=63064"]}]},{"@type":"ImageObject","inLanguage":"es","@id":"https:\/\/conexion23.com\/?p=63064#primaryimage","url":"https:\/\/conexion23.com\/wp-content\/uploads\/2026\/09\/Policia-Nacional-y-Ministerio-de-la-Mujer-movilizan-a-300-hombres-para-prevenir-violencia-contra-las-mujeres.webp","contentUrl":"https:\/\/conexion23.com\/wp-content\/uploads\/2026\/09\/Policia-Nacional-y-Ministerio-de-la-Mujer-movilizan-a-300-hombres-para-prevenir-violencia-contra-las-mujeres.webp","width":1600,"height":1064},{"@type":"BreadcrumbList","@id":"https:\/\/conexion23.com\/?p=63064#breadcrumb","itemListElement":[{"@type":"ListItem","position":1,"name":"Portada","item":"https:\/\/conexion23.com\/"},{"@type":"ListItem","position":2,"name":"Entidades buscan prevenir violencia contra las mujeres"}]},{"@type":"WebSite","@id":"https:\/\/conexion23.com\/#website","url":"https:\/\/conexion23.com\/","name":"Conexi\u00f3n 23","description":"Peri\u00f3dico 100% Petromacorisano","publisher":{"@id":"https:\/\/conexion23.com\/#organization"},"potentialAction":[{"@type":"SearchAction","target":{"@type":"EntryPoint","urlTemplate":"https:\/\/conexion23.com\/?s={search_term_string}"},"query-input":{"@type":"PropertyValueSpecification","valueRequired":true,"valueName":"search_term_string"}}],"inLanguage":"es"},{"@type":"Organization","@id":"https:\/\/conexion23.com\/#organization","name":"Conexion 23","url":"https:\/\/conexion23.com\/","logo":{"@type":"ImageObject","inLanguage":"es","@id":"https:\/\/conexion23.com\/#\/schema\/logo\/image\/","url":"https:\/\/conexion23.com\/wp-content\/uploads\/2021\/11\/Diseno-sin-titulo-2.png","contentUrl":"https:\/\/conexion23.com\/wp-content\/uploads\/2021\/11\/Diseno-sin-titulo-2.png","width":541,"height":90,"caption":"Conexion 23"},"image":{"@id":"https:\/\/conexion23.com\/#\/schema\/logo\/image\/"},"sameAs":["https:\/\/www.facebook.com\/conexion23com","https:\/\/www.instagram.com\/conexion23com\/","https:\/\/www.youtube.com\/channel\/UCYc7vxxFZMYLIHNsHHxPZ3Q"]},{"@type":"Person","@id":"https:\/\/conexion23.com\/#\/schema\/person\/0a860802b17d01ad2a278f53c507c296","name":"Redacci\u00f3n","image":{"@type":"ImageObject","inLanguage":"es","@id":"https:\/\/secure.gravatar.com\/avatar\/ec9d84b79c776aa1994e5893944465db9974b17b884155623da51b7b62c02845?s=96&d=mm&r=g","url":"https:\/\/secure.gravatar.com\/avatar\/ec9d84b79c776aa1994e5893944465db9974b17b884155623da51b7b62c02845?s=96&d=mm&r=g","contentUrl":"https:\/\/secure.gravatar.com\/avatar\/ec9d84b79c776aa1994e5893944465db9974b17b884155623da51b7b62c02845?s=96&d=mm&r=g","caption":"Redacci\u00f3n"},"url":"https:\/\/conexion23.com\/?author=18"}]}},"_links":{"self":[{"href":"https:\/\/conexion23.com\/index.php?rest_route=\/wp\/v2\/posts\/63064","targetHints":{"allow":["GET"]}}],"collection":[{"href":"https:\/\/conexion23.com\/index.php?rest_route=\/wp\/v2\/posts"}],"about":[{"href":"https:\/\/conexion23.com\/index.php?rest_route=\/wp\/v2\/types\/post"}],"author":[{"embeddable":true,"href":"https:\/\/conexion23.com\/index.php?rest_route=\/wp\/v2\/users\/18"}],"replies":[{"embeddable":true,"href":"https:\/\/conexion23.com\/index.php?rest_route=%2Fwp%2Fv2%2Fcomments&post=63064"}],"version-history":[{"count":1,"href":"https:\/\/conexion23.com\/index.php?rest_route=\/wp\/v2\/posts\/63064\/revisions"}],"predecessor-version":[{"id":63069,"href":"https:\/\/conexion23.com\/index.php?rest_route=\/wp\/v2\/posts\/63064\/revisions\/63069"}],"wp:featuredmedia":[{"embeddable":true,"href":"https:\/\/conexion23.com\/index.php?rest_route=\/wp\/v2\/media\/63068"}],"wp:attachment":[{"href":"https:\/\/conexion23.com\/index.php?rest_route=%2Fwp%2Fv2%2Fmedia&parent=63064"}],"wp:term":[{"taxonomy":"category","embeddable":true,"href":"https:\/\/conexion23.com\/index.php?rest_route=%2Fwp%2Fv2%2Fcategories&post=63064"},{"taxonomy":"post_tag","embeddable":true,"href":"https:\/\/conexion23.com\/index.php?rest_route=%2Fwp%2Fv2%2Ftags&post=63064"}],"curies":[{"name":"wp","href":"https:\/\/api.w.org\/{rel}","templated":true}]}}