{"id":63067,"date":"2026-09-05T08:37:43","date_gmt":"2026-09-05T12:37:43","guid":{"rendered":"https:\/\/conexion23.com\/?p=63067"},"modified":"2026-09-05T08:37:25","modified_gmt":"2026-09-05T12:37:25","slug":"leonel-fernandez-agotara-amplia-agenda-de-actividades-este-fin-de-semana","status":"publish","type":"post","link":"https:\/\/conexion23.com\/?p=63067","title":{"rendered":"Leonel Fern\u00e1ndez agotar\u00e1 amplia agenda de actividades este fin de semana"},"content":{"rendered":"<p style=\"text-align: justify;\">El presidente del partido Fuerza del Pueblo (FP), Leonel Fern\u00e1ndez, desarrollar\u00e1 este s\u00e1bado 5 y domingo 6 de septiembre una amplia agenda de actividades en las provincias Azua, San Juan y El\u00edas Pi\u00f1a, que incluir\u00e1 encuentros con sectores productivos, econ\u00f3micos, comerciales y sociales, as\u00ed como actos de juramentaci\u00f3n de nuevos miembros de la organizaci\u00f3n.<\/p>\n<p style=\"text-align: justify;\">Fern\u00e1ndez iniciar\u00e1 su recorrido el s\u00e1bado en la provincia de Azua, donde saludar\u00e1 a empresarios de la zona, para posteriormente trasladarse a San Juan, como parte de una ruta que lo llevar\u00e1 por distintos puntos de la regi\u00f3n Sur.<\/p>\n<p style=\"text-align: justify;\">Durante su paso por San Juan, el exmandatario realizar\u00e1 una visita a un proyecto de producci\u00f3n agropecuaria, previo a continuar hacia la provincia El\u00edas Pi\u00f1a.<\/p>\n<div class=\"banner-contenido text-center d-none d-md-block\" style=\"text-align: justify;\">\n<div id=\"div-gpt-ad-1565023948978-0\" class=\"d-inline-block border mt-1 mb-4\"><\/div>\n<\/div>\n<figure id=\"attachment_3265562\" class=\"wp-caption alignnone\" style=\"text-align: justify;\" aria-describedby=\"caption-attachment-3265562\"><img loading=\"lazy\" decoding=\"async\" class=\"size-full wp-image-3265562\" src=\"https:\/\/i0.wp.com\/nuevodiario-assets.s3.us-east-2.amazonaws.com\/wp-content\/uploads\/2026\/09\/El-presidente-del-partido-Fuerza-del-Pueblo-FP-Leonel-Fernandez-junto-a-dirigentes-Foto-Fuente-Externa.jpeg?resize=640%2C427&amp;quality=100&amp;ssl=1\" sizes=\"auto, (max-width: 640px) 100vw, 640px\" srcset=\"https:\/\/nuevodiario-assets.s3.us-east-2.amazonaws.com\/wp-content\/uploads\/2026\/09\/El-presidente-del-partido-Fuerza-del-Pueblo-FP-Leonel-Fernandez-junto-a-dirigentes-Foto-Fuente-Externa.jpeg 1280w, https:\/\/nuevodiario-assets.s3.us-east-2.amazonaws.com\/wp-content\/uploads\/2026\/09\/El-presidente-del-partido-Fuerza-del-Pueblo-FP-Leonel-Fernandez-junto-a-dirigentes-Foto-Fuente-Externa.jpeg 400w, https:\/\/nuevodiario-assets.s3.us-east-2.amazonaws.com\/wp-content\/uploads\/2026\/09\/El-presidente-del-partido-Fuerza-del-Pueblo-FP-Leonel-Fernandez-junto-a-dirigentes-Foto-Fuente-Externa.jpeg 800w, https:\/\/nuevodiario-assets.s3.us-east-2.amazonaws.com\/wp-content\/uploads\/2026\/09\/El-presidente-del-partido-Fuerza-del-Pueblo-FP-Leonel-Fernandez-junto-a-dirigentes-Foto-Fuente-Externa.jpeg 768w\" alt=\"\" width=\"640\" height=\"427\" data-recalc-dims=\"1\" \/><figcaption id=\"caption-attachment-3265562\" class=\"wp-caption-text\"><strong>El presidente del partido Fuerza del Pueblo (FP), Leonel Fern\u00e1ndez, junto a dirigentes (Foto: Fuente Externa)<\/strong><\/figcaption><\/figure>\n<p style=\"text-align: justify;\">En el municipio de Comendador, Fern\u00e1ndez sostendr\u00e1 un encuentro con representantes de los sectores productivos, econ\u00f3micos, comerciales y sociales de la provincia, con quienes intercambiar\u00e1 impresiones sobre la situaci\u00f3n de la zona y sus principales desaf\u00edos.<\/p>\n<p style=\"text-align: justify;\">Posteriormente, el l\u00edder de la Fuerza del Pueblo encabezar\u00e1 en el Pabell\u00f3n de Combates de Comendador un acto de juramentaci\u00f3n de nuevos miembros que pasar\u00e1n a formar parte de la organizaci\u00f3n pol\u00edtica.<\/p>\n<p style=\"text-align: justify;\"><img loading=\"lazy\" decoding=\"async\" class=\"alignnone size-full wp-image-3265564\" src=\"https:\/\/i0.wp.com\/nuevodiario-assets.s3.us-east-2.amazonaws.com\/wp-content\/uploads\/2026\/09\/Actividades-en-las-provincias-Azua-San-Juan-y-Elias-Pina-Foto-Fuente-Externa.jpeg?resize=640%2C427&amp;quality=100&amp;ssl=1\" sizes=\"auto\" srcset=\"https:\/\/nuevodiario-assets.s3.us-east-2.amazonaws.com\/wp-content\/uploads\/2026\/09\/Actividades-en-las-provincias-Azua-San-Juan-y-Elias-Pina-Foto-Fuente-Externa.jpeg 1280w, https:\/\/nuevodiario-assets.s3.us-east-2.amazonaws.com\/wp-content\/uploads\/2026\/09\/Actividades-en-las-provincias-Azua-San-Juan-y-Elias-Pina-Foto-Fuente-Externa.jpeg 400w, https:\/\/nuevodiario-assets.s3.us-east-2.amazonaws.com\/wp-content\/uploads\/2026\/09\/Actividades-en-las-provincias-Azua-San-Juan-y-Elias-Pina-Foto-Fuente-Externa.jpeg 800w, https:\/\/nuevodiario-assets.s3.us-east-2.amazonaws.com\/wp-content\/uploads\/2026\/09\/Actividades-en-las-provincias-Azua-San-Juan-y-Elias-Pina-Foto-Fuente-Externa.jpeg 768w, https:\/\/nuevodiario-assets.s3.us-east-2.amazonaws.com\/wp-content\/uploads\/2026\/09\/Actividades-en-las-provincias-Azua-San-Juan-y-Elias-Pina-Foto-Fuente-Externa.jpeg 410w,https:\/\/i0.wp.com\/nuevodiario-assets.s3.us-east-2.amazonaws.com\/wp-content\/uploads\/2026\/09\/Actividades-en-las-provincias-Azua-San-Juan-y-Elias-Pina-Foto-Fuente-Externa.jpeg?resize=730%2C488&amp;quality=100&amp;ssl=1&amp;_jb=custom 1366w\" alt=\"\" width=\"640\" height=\"427\" data-recalc-dims=\"1\" \/><\/p>\n<p style=\"text-align: justify;\">Desde El\u00edas Pi\u00f1a, Fern\u00e1ndez se trasladar\u00e1 al municipio de Las Matas de Farf\u00e1n, provincia San Juan, donde encabezar\u00e1 una segunda juramentaci\u00f3n de nuevos integrantes de la Fuerza del Pueblo, esta vez en el Club Farf\u00e1n, Inc.<\/p>\n<p style=\"text-align: justify;\">La agenda continuar\u00e1 el domingo en San Juan de la Maguana con un desayuno-encuentro con representantes de los sectores productivos, como parte de los contactos que viene desarrollando el expresidente con distintos segmentos de la sociedad.<\/p>\n<p style=\"text-align: justify;\">M\u00e1s adelante, Fern\u00e1ndez encabezar\u00e1 la juramentaci\u00f3n provincial de nuevos miembros de la Fuerza del Pueblo, que tendr\u00e1 lugar en la Asociaci\u00f3n de Productores de San Juan, donde ser\u00e1n incorporados nuevos integrantes a las filas de la organizaci\u00f3n.<\/p>\n<p style=\"text-align: justify;\">El recorrido de Fern\u00e1ndez concluir\u00e1 en la provincia de Azua, donde encabezar\u00e1 una asamblea con dirigentes de la Fuerza del Pueblo para pasar balance al cumplimiento de las metas establecidas dentro del Plan Nacional para la Victoria Electoral.<\/p>\n","protected":false},"excerpt":{"rendered":"<p>El presidente del partido Fuerza del Pueblo (FP), Leonel Fern\u00e1ndez, desarrollar\u00e1 este s\u00e1bado 5 y domingo 6 de septiembre una amplia agenda de actividades en las provincias Azua, San Juan y El\u00edas Pi\u00f1a, que incluir\u00e1 encuentros con sectores productivos, econ\u00f3micos, comerciales y sociales, as\u00ed como actos de juramentaci\u00f3n de nuevos miembros de la organizaci\u00f3n. Fern\u00e1ndez [&hellip;]<\/p>\n","protected":false},"author":15,"featured_media":59985,"comment_status":"open","ping_status":"open","sticky":false,"template":"","format":"standard","meta":{"footnotes":""},"categories":[3882],"tags":[11664,596,6311,5180,211,159],"class_list":["post-63067","post","type-post","status-publish","format-standard","has-post-thumbnail","category-politica","tag-agenda","tag-azua","tag-elias-pina","tag-fin-de-semana","tag-leonel-fernandez","tag-san-juan"],"yoast_head":"<!-- This site is optimized with the Yoast SEO plugin v27.6 - https:\/\/yoast.com\/product\/yoast-seo-wordpress\/ -->\n<title>Leonel Fern\u00e1ndez agotar\u00e1 amplia agenda de actividades este fin de semana - Conexi\u00f3n 23<\/title>\n<meta name=\"robots\" content=\"index, follow, max-snippet:-1, max-image-preview:large, max-video-preview:-1\" \/>\n<link rel=\"canonical\" href=\"https:\/\/conexion23.com\/?p=63067\" \/>\n<meta property=\"og:locale\" content=\"es_ES\" \/>\n<meta property=\"og:type\" content=\"article\" \/>\n<meta property=\"og:title\" content=\"Leonel Fern\u00e1ndez agotar\u00e1 amplia agenda de actividades este fin de semana - Conexi\u00f3n 23\" \/>\n<meta property=\"og:description\" content=\"El presidente del partido Fuerza del Pueblo (FP), Leonel Fern\u00e1ndez, desarrollar\u00e1 este s\u00e1bado 5 y domingo 6 de septiembre una amplia agenda de actividades en las provincias Azua, San Juan y El\u00edas Pi\u00f1a, que incluir\u00e1 encuentros con sectores productivos, econ\u00f3micos, comerciales y sociales, as\u00ed como actos de juramentaci\u00f3n de nuevos miembros de la organizaci\u00f3n. Fern\u00e1ndez [&hellip;]\" \/>\n<meta property=\"og:url\" content=\"https:\/\/conexion23.com\/?p=63067\" \/>\n<meta property=\"og:site_name\" content=\"Conexi\u00f3n 23\" \/>\n<meta property=\"article:publisher\" content=\"https:\/\/www.facebook.com\/conexion23com\" \/>\n<meta property=\"article:published_time\" content=\"2026-09-05T12:37:43+00:00\" \/>\n<meta property=\"og:image\" content=\"http:\/\/conexion23.com\/wp-content\/uploads\/2026\/07\/Leonel.jpg\" \/>\n\t<meta property=\"og:image:width\" content=\"895\" \/>\n\t<meta property=\"og:image:height\" content=\"504\" \/>\n\t<meta property=\"og:image:type\" content=\"image\/jpeg\" \/>\n<meta name=\"author\" content=\"Raffy Ben\u00edtez\" \/>\n<meta name=\"twitter:card\" content=\"summary_large_image\" \/>\n<meta name=\"twitter:label1\" content=\"Escrito por\" \/>\n\t<meta name=\"twitter:data1\" content=\"Raffy Ben\u00edtez\" \/>\n\t<meta name=\"twitter:label2\" content=\"Tiempo de lectura\" \/>\n\t<meta name=\"twitter:data2\" content=\"3 minutos\" \/>\n<script type=\"application\/ld+json\" class=\"yoast-schema-graph\">{\"@context\":\"https:\\\/\\\/schema.org\",\"@graph\":[{\"@type\":\"Article\",\"@id\":\"https:\\\/\\\/conexion23.com\\\/?p=63067#article\",\"isPartOf\":{\"@id\":\"https:\\\/\\\/conexion23.com\\\/?p=63067\"},\"author\":{\"name\":\"Raffy Ben\u00edtez\",\"@id\":\"https:\\\/\\\/conexion23.com\\\/#\\\/schema\\\/person\\\/03e36043331117e97a373299bbcd30a6\"},\"headline\":\"Leonel Fern\u00e1ndez agotar\u00e1 amplia agenda de actividades este fin de semana\",\"datePublished\":\"2026-09-05T12:37:43+00:00\",\"mainEntityOfPage\":{\"@id\":\"https:\\\/\\\/conexion23.com\\\/?p=63067\"},\"wordCount\":396,\"commentCount\":0,\"publisher\":{\"@id\":\"https:\\\/\\\/conexion23.com\\\/#organization\"},\"image\":{\"@id\":\"https:\\\/\\\/conexion23.com\\\/?p=63067#primaryimage\"},\"thumbnailUrl\":\"https:\\\/\\\/conexion23.com\\\/wp-content\\\/uploads\\\/2026\\\/07\\\/Leonel.jpg\",\"keywords\":[\"agenda\",\"azua\",\"Elias Pi\u00f1a\",\"fin de semana\",\"leonel fernandez\",\"san juan\"],\"articleSection\":[\"Pol\u00edtica\"],\"inLanguage\":\"es\",\"potentialAction\":[{\"@type\":\"CommentAction\",\"name\":\"Comment\",\"target\":[\"https:\\\/\\\/conexion23.com\\\/?p=63067#respond\"]}]},{\"@type\":\"WebPage\",\"@id\":\"https:\\\/\\\/conexion23.com\\\/?p=63067\",\"url\":\"https:\\\/\\\/conexion23.com\\\/?p=63067\",\"name\":\"Leonel Fern\u00e1ndez agotar\u00e1 amplia agenda de actividades este fin de semana - Conexi\u00f3n 23\",\"isPartOf\":{\"@id\":\"https:\\\/\\\/conexion23.com\\\/#website\"},\"primaryImageOfPage\":{\"@id\":\"https:\\\/\\\/conexion23.com\\\/?p=63067#primaryimage\"},\"image\":{\"@id\":\"https:\\\/\\\/conexion23.com\\\/?p=63067#primaryimage\"},\"thumbnailUrl\":\"https:\\\/\\\/conexion23.com\\\/wp-content\\\/uploads\\\/2026\\\/07\\\/Leonel.jpg\",\"datePublished\":\"2026-09-05T12:37:43+00:00\",\"breadcrumb\":{\"@id\":\"https:\\\/\\\/conexion23.com\\\/?p=63067#breadcrumb\"},\"inLanguage\":\"es\",\"potentialAction\":[{\"@type\":\"ReadAction\",\"target\":[\"https:\\\/\\\/conexion23.com\\\/?p=63067\"]}]},{\"@type\":\"ImageObject\",\"inLanguage\":\"es\",\"@id\":\"https:\\\/\\\/conexion23.com\\\/?p=63067#primaryimage\",\"url\":\"https:\\\/\\\/conexion23.com\\\/wp-content\\\/uploads\\\/2026\\\/07\\\/Leonel.jpg\",\"contentUrl\":\"https:\\\/\\\/conexion23.com\\\/wp-content\\\/uploads\\\/2026\\\/07\\\/Leonel.jpg\",\"width\":895,\"height\":504},{\"@type\":\"BreadcrumbList\",\"@id\":\"https:\\\/\\\/conexion23.com\\\/?p=63067#breadcrumb\",\"itemListElement\":[{\"@type\":\"ListItem\",\"position\":1,\"name\":\"Portada\",\"item\":\"https:\\\/\\\/conexion23.com\\\/\"},{\"@type\":\"ListItem\",\"position\":2,\"name\":\"Leonel Fern\u00e1ndez agotar\u00e1 amplia agenda de actividades este fin de semana\"}]},{\"@type\":\"WebSite\",\"@id\":\"https:\\\/\\\/conexion23.com\\\/#website\",\"url\":\"https:\\\/\\\/conexion23.com\\\/\",\"name\":\"Conexi\u00f3n 23\",\"description\":\"Peri\u00f3dico 100% Petromacorisano\",\"publisher\":{\"@id\":\"https:\\\/\\\/conexion23.com\\\/#organization\"},\"potentialAction\":[{\"@type\":\"SearchAction\",\"target\":{\"@type\":\"EntryPoint\",\"urlTemplate\":\"https:\\\/\\\/conexion23.com\\\/?s={search_term_string}\"},\"query-input\":{\"@type\":\"PropertyValueSpecification\",\"valueRequired\":true,\"valueName\":\"search_term_string\"}}],\"inLanguage\":\"es\"},{\"@type\":\"Organization\",\"@id\":\"https:\\\/\\\/conexion23.com\\\/#organization\",\"name\":\"Conexion 23\",\"url\":\"https:\\\/\\\/conexion23.com\\\/\",\"logo\":{\"@type\":\"ImageObject\",\"inLanguage\":\"es\",\"@id\":\"https:\\\/\\\/conexion23.com\\\/#\\\/schema\\\/logo\\\/image\\\/\",\"url\":\"https:\\\/\\\/conexion23.com\\\/wp-content\\\/uploads\\\/2021\\\/11\\\/Diseno-sin-titulo-2.png\",\"contentUrl\":\"https:\\\/\\\/conexion23.com\\\/wp-content\\\/uploads\\\/2021\\\/11\\\/Diseno-sin-titulo-2.png\",\"width\":541,\"height\":90,\"caption\":\"Conexion 23\"},\"image\":{\"@id\":\"https:\\\/\\\/conexion23.com\\\/#\\\/schema\\\/logo\\\/image\\\/\"},\"sameAs\":[\"https:\\\/\\\/www.facebook.com\\\/conexion23com\",\"https:\\\/\\\/www.instagram.com\\\/conexion23com\\\/\",\"https:\\\/\\\/www.youtube.com\\\/channel\\\/UCYc7vxxFZMYLIHNsHHxPZ3Q\"]},{\"@type\":\"Person\",\"@id\":\"https:\\\/\\\/conexion23.com\\\/#\\\/schema\\\/person\\\/03e36043331117e97a373299bbcd30a6\",\"name\":\"Raffy Ben\u00edtez\",\"image\":{\"@type\":\"ImageObject\",\"inLanguage\":\"es\",\"@id\":\"https:\\\/\\\/secure.gravatar.com\\\/avatar\\\/3190a6a6c5e1b0327500f7d6c56b6242472ee6cb974cf09b401ee6b3b0798f23?s=96&d=mm&r=g\",\"url\":\"https:\\\/\\\/secure.gravatar.com\\\/avatar\\\/3190a6a6c5e1b0327500f7d6c56b6242472ee6cb974cf09b401ee6b3b0798f23?s=96&d=mm&r=g\",\"contentUrl\":\"https:\\\/\\\/secure.gravatar.com\\\/avatar\\\/3190a6a6c5e1b0327500f7d6c56b6242472ee6cb974cf09b401ee6b3b0798f23?s=96&d=mm&r=g\",\"caption\":\"Raffy Ben\u00edtez\"},\"url\":\"https:\\\/\\\/conexion23.com\\\/?author=15\"}]}<\/script>\n<!-- \/ Yoast SEO plugin. -->","yoast_head_json":{"title":"Leonel Fern\u00e1ndez agotar\u00e1 amplia agenda de actividades este fin de semana - Conexi\u00f3n 23","robots":{"index":"index","follow":"follow","max-snippet":"max-snippet:-1","max-image-preview":"max-image-preview:large","max-video-preview":"max-video-preview:-1"},"canonical":"https:\/\/conexion23.com\/?p=63067","og_locale":"es_ES","og_type":"article","og_title":"Leonel Fern\u00e1ndez agotar\u00e1 amplia agenda de actividades este fin de semana - Conexi\u00f3n 23","og_description":"El presidente del partido Fuerza del Pueblo (FP), Leonel Fern\u00e1ndez, desarrollar\u00e1 este s\u00e1bado 5 y domingo 6 de septiembre una amplia agenda de actividades en las provincias Azua, San Juan y El\u00edas Pi\u00f1a, que incluir\u00e1 encuentros con sectores productivos, econ\u00f3micos, comerciales y sociales, as\u00ed como actos de juramentaci\u00f3n de nuevos miembros de la organizaci\u00f3n. Fern\u00e1ndez [&hellip;]","og_url":"https:\/\/conexion23.com\/?p=63067","og_site_name":"Conexi\u00f3n 23","article_publisher":"https:\/\/www.facebook.com\/conexion23com","article_published_time":"2026-09-05T12:37:43+00:00","og_image":[{"width":895,"height":504,"url":"http:\/\/conexion23.com\/wp-content\/uploads\/2026\/07\/Leonel.jpg","type":"image\/jpeg"}],"author":"Raffy Ben\u00edtez","twitter_card":"summary_large_image","twitter_misc":{"Escrito por":"Raffy Ben\u00edtez","Tiempo de lectura":"3 minutos"},"schema":{"@context":"https:\/\/schema.org","@graph":[{"@type":"Article","@id":"https:\/\/conexion23.com\/?p=63067#article","isPartOf":{"@id":"https:\/\/conexion23.com\/?p=63067"},"author":{"name":"Raffy Ben\u00edtez","@id":"https:\/\/conexion23.com\/#\/schema\/person\/03e36043331117e97a373299bbcd30a6"},"headline":"Leonel Fern\u00e1ndez agotar\u00e1 amplia agenda de actividades este fin de semana","datePublished":"2026-09-05T12:37:43+00:00","mainEntityOfPage":{"@id":"https:\/\/conexion23.com\/?p=63067"},"wordCount":396,"commentCount":0,"publisher":{"@id":"https:\/\/conexion23.com\/#organization"},"image":{"@id":"https:\/\/conexion23.com\/?p=63067#primaryimage"},"thumbnailUrl":"https:\/\/conexion23.com\/wp-content\/uploads\/2026\/07\/Leonel.jpg","keywords":["agenda","azua","Elias Pi\u00f1a","fin de semana","leonel fernandez","san juan"],"articleSection":["Pol\u00edtica"],"inLanguage":"es","potentialAction":[{"@type":"CommentAction","name":"Comment","target":["https:\/\/conexion23.com\/?p=63067#respond"]}]},{"@type":"WebPage","@id":"https:\/\/conexion23.com\/?p=63067","url":"https:\/\/conexion23.com\/?p=63067","name":"Leonel Fern\u00e1ndez agotar\u00e1 amplia agenda de actividades este fin de semana - Conexi\u00f3n 23","isPartOf":{"@id":"https:\/\/conexion23.com\/#website"},"primaryImageOfPage":{"@id":"https:\/\/conexion23.com\/?p=63067#primaryimage"},"image":{"@id":"https:\/\/conexion23.com\/?p=63067#primaryimage"},"thumbnailUrl":"https:\/\/conexion23.com\/wp-content\/uploads\/2026\/07\/Leonel.jpg","datePublished":"2026-09-05T12:37:43+00:00","breadcrumb":{"@id":"https:\/\/conexion23.com\/?p=63067#breadcrumb"},"inLanguage":"es","potentialAction":[{"@type":"ReadAction","target":["https:\/\/conexion23.com\/?p=63067"]}]},{"@type":"ImageObject","inLanguage":"es","@id":"https:\/\/conexion23.com\/?p=63067#primaryimage","url":"https:\/\/conexion23.com\/wp-content\/uploads\/2026\/07\/Leonel.jpg","contentUrl":"https:\/\/conexion23.com\/wp-content\/uploads\/2026\/07\/Leonel.jpg","width":895,"height":504},{"@type":"BreadcrumbList","@id":"https:\/\/conexion23.com\/?p=63067#breadcrumb","itemListElement":[{"@type":"ListItem","position":1,"name":"Portada","item":"https:\/\/conexion23.com\/"},{"@type":"ListItem","position":2,"name":"Leonel Fern\u00e1ndez agotar\u00e1 amplia agenda de actividades este fin de semana"}]},{"@type":"WebSite","@id":"https:\/\/conexion23.com\/#website","url":"https:\/\/conexion23.com\/","name":"Conexi\u00f3n 23","description":"Peri\u00f3dico 100% Petromacorisano","publisher":{"@id":"https:\/\/conexion23.com\/#organization"},"potentialAction":[{"@type":"SearchAction","target":{"@type":"EntryPoint","urlTemplate":"https:\/\/conexion23.com\/?s={search_term_string}"},"query-input":{"@type":"PropertyValueSpecification","valueRequired":true,"valueName":"search_term_string"}}],"inLanguage":"es"},{"@type":"Organization","@id":"https:\/\/conexion23.com\/#organization","name":"Conexion 23","url":"https:\/\/conexion23.com\/","logo":{"@type":"ImageObject","inLanguage":"es","@id":"https:\/\/conexion23.com\/#\/schema\/logo\/image\/","url":"https:\/\/conexion23.com\/wp-content\/uploads\/2021\/11\/Diseno-sin-titulo-2.png","contentUrl":"https:\/\/conexion23.com\/wp-content\/uploads\/2021\/11\/Diseno-sin-titulo-2.png","width":541,"height":90,"caption":"Conexion 23"},"image":{"@id":"https:\/\/conexion23.com\/#\/schema\/logo\/image\/"},"sameAs":["https:\/\/www.facebook.com\/conexion23com","https:\/\/www.instagram.com\/conexion23com\/","https:\/\/www.youtube.com\/channel\/UCYc7vxxFZMYLIHNsHHxPZ3Q"]},{"@type":"Person","@id":"https:\/\/conexion23.com\/#\/schema\/person\/03e36043331117e97a373299bbcd30a6","name":"Raffy Ben\u00edtez","image":{"@type":"ImageObject","inLanguage":"es","@id":"https:\/\/secure.gravatar.com\/avatar\/3190a6a6c5e1b0327500f7d6c56b6242472ee6cb974cf09b401ee6b3b0798f23?s=96&d=mm&r=g","url":"https:\/\/secure.gravatar.com\/avatar\/3190a6a6c5e1b0327500f7d6c56b6242472ee6cb974cf09b401ee6b3b0798f23?s=96&d=mm&r=g","contentUrl":"https:\/\/secure.gravatar.com\/avatar\/3190a6a6c5e1b0327500f7d6c56b6242472ee6cb974cf09b401ee6b3b0798f23?s=96&d=mm&r=g","caption":"Raffy Ben\u00edtez"},"url":"https:\/\/conexion23.com\/?author=15"}]}},"_links":{"self":[{"href":"https:\/\/conexion23.com\/index.php?rest_route=\/wp\/v2\/posts\/63067","targetHints":{"allow":["GET"]}}],"collection":[{"href":"https:\/\/conexion23.com\/index.php?rest_route=\/wp\/v2\/posts"}],"about":[{"href":"https:\/\/conexion23.com\/index.php?rest_route=\/wp\/v2\/types\/post"}],"author":[{"embeddable":true,"href":"https:\/\/conexion23.com\/index.php?rest_route=\/wp\/v2\/users\/15"}],"replies":[{"embeddable":true,"href":"https:\/\/conexion23.com\/index.php?rest_route=%2Fwp%2Fv2%2Fcomments&post=63067"}],"version-history":[{"count":1,"href":"https:\/\/conexion23.com\/index.php?rest_route=\/wp\/v2\/posts\/63067\/revisions"}],"predecessor-version":[{"id":63070,"href":"https:\/\/conexion23.com\/index.php?rest_route=\/wp\/v2\/posts\/63067\/revisions\/63070"}],"wp:featuredmedia":[{"embeddable":true,"href":"https:\/\/conexion23.com\/index.php?rest_route=\/wp\/v2\/media\/59985"}],"wp:attachment":[{"href":"https:\/\/conexion23.com\/index.php?rest_route=%2Fwp%2Fv2%2Fmedia&parent=63067"}],"wp:term":[{"taxonomy":"category","embeddable":true,"href":"https:\/\/conexion23.com\/index.php?rest_route=%2Fwp%2Fv2%2Fcategories&post=63067"},{"taxonomy":"post_tag","embeddable":true,"href":"https:\/\/conexion23.com\/index.php?rest_route=%2Fwp%2Fv2%2Ftags&post=63067"}],"curies":[{"name":"wp","href":"https:\/\/api.w.org\/{rel}","templated":true}]}}