{"id":63071,"date":"2026-09-05T10:00:04","date_gmt":"2026-09-05T14:00:04","guid":{"rendered":"https:\/\/conexion23.com\/?p=63071"},"modified":"2026-09-05T08:40:55","modified_gmt":"2026-09-05T12:40:55","slug":"expelotero-de-las-grandes-ligas-edwin-encarnacion-se-presenta-a-la-fiscalia-de-la-romana","status":"publish","type":"post","link":"https:\/\/conexion23.com\/?p=63071","title":{"rendered":"Expelotero de las grandes ligas Edwin Encarnaci\u00f3n se presenta a la Fiscal\u00eda de La Romana"},"content":{"rendered":"<p class=\"paragraph\" style=\"text-align: justify;\"><strong>El expelotero de las grandes ligas Edwin Encarnaci\u00f3n y Gabriel Mart\u00ednez Santana se presentaron ayer la fiscal\u00eda de la provincia La Romana, tras un incidente que se registr\u00f3 la noche del pasado martes.<\/strong><\/p>\n<p class=\"paragraph\" style=\"text-align: justify;\">Trascendi\u00f3 que Mart\u00ednez Santana present\u00f3 una querella con constituci\u00f3n en actor civil, por supuesto intento de homicidio, a ra\u00edz de un incidente registrado entre las 7:30 y 8:00p.m. del martes pasado.<\/p>\n<p class=\"paragraph\" style=\"text-align: justify;\">El documento indica que Mart\u00ednez y Kelvin Alexander Mart\u00ednez Trinidad se desplazaban en un veh\u00edculo pr\u00f3ximo a la carretera del aeropuerto, cuando presuntamente, Encarnaci\u00f3n se habr\u00eda abalanzado sobre el autom\u00f3vil en el que iban, golpeando su carrocer\u00eda y proferido insultos y amenazas, oblig\u00e1ndolos a maniobrar para emprender la huida a alta velocidad por la autov\u00eda El Coral.<\/p>\n<p class=\"paragraph\" style=\"text-align: justify;\">Los se\u00f1alamientos de la querella constituyen acusaciones a verificar por el Ministerio P\u00fablico, por lo no son una declaraci\u00f3n de culpabilidad contra Encarnaci\u00f3n.<\/p>\n<p class=\"paragraph\" style=\"text-align: justify;\">El caso genera atenci\u00f3n porque lo relacionan con la separaci\u00f3n matrimonial de Encarnaci\u00f3n y la presentadora Karen Yapoort, quien hab\u00eda restado importancia al incidente, pero que horas despu\u00e9s de que el expelotero dijera por las redes que se divorciar\u00eda, dijo que fue ella que solicit\u00f3 el divorcio.<\/p>\n","protected":false},"excerpt":{"rendered":"<p>El expelotero de las grandes ligas Edwin Encarnaci\u00f3n y Gabriel Mart\u00ednez Santana se presentaron ayer la fiscal\u00eda de la provincia La Romana, tras un incidente que se registr\u00f3 la noche del pasado martes. Trascendi\u00f3 que Mart\u00ednez Santana present\u00f3 una querella con constituci\u00f3n en actor civil, por supuesto intento de homicidio, a ra\u00edz de un incidente [&hellip;]<\/p>\n","protected":false},"author":18,"featured_media":27932,"comment_status":"open","ping_status":"open","sticky":false,"template":"","format":"standard","meta":{"footnotes":""},"categories":[2473,2472],"tags":[11665,11666,901,38],"class_list":["post-63071","post","type-post","status-publish","format-standard","has-post-thumbnail","category-la-romana","category-provincias-del-este","tag-edwin-encarnacion-gabriel-martinez-santana","tag-fiscalia-de-la-romana","tag-laromana","tag-ministerio-publico"],"yoast_head":"<!-- This site is optimized with the Yoast SEO plugin v27.6 - https:\/\/yoast.com\/product\/yoast-seo-wordpress\/ -->\n<title>Expelotero de las grandes ligas Edwin Encarnaci\u00f3n se presenta a la Fiscal\u00eda de La Romana - Conexi\u00f3n 23<\/title>\n<meta name=\"robots\" content=\"index, follow, max-snippet:-1, max-image-preview:large, max-video-preview:-1\" \/>\n<link rel=\"canonical\" href=\"https:\/\/conexion23.com\/?p=63071\" \/>\n<meta property=\"og:locale\" content=\"es_ES\" \/>\n<meta property=\"og:type\" content=\"article\" \/>\n<meta property=\"og:title\" content=\"Expelotero de las grandes ligas Edwin Encarnaci\u00f3n se presenta a la Fiscal\u00eda de La Romana - Conexi\u00f3n 23\" \/>\n<meta property=\"og:description\" content=\"El expelotero de las grandes ligas Edwin Encarnaci\u00f3n y Gabriel Mart\u00ednez Santana se presentaron ayer la fiscal\u00eda de la provincia La Romana, tras un incidente que se registr\u00f3 la noche del pasado martes. Trascendi\u00f3 que Mart\u00ednez Santana present\u00f3 una querella con constituci\u00f3n en actor civil, por supuesto intento de homicidio, a ra\u00edz de un incidente [&hellip;]\" \/>\n<meta property=\"og:url\" content=\"https:\/\/conexion23.com\/?p=63071\" \/>\n<meta property=\"og:site_name\" content=\"Conexi\u00f3n 23\" \/>\n<meta property=\"article:publisher\" content=\"https:\/\/www.facebook.com\/conexion23com\" \/>\n<meta property=\"article:published_time\" content=\"2026-09-05T14:00:04+00:00\" \/>\n<meta property=\"og:image\" content=\"https:\/\/conexion23.com\/wp-content\/uploads\/2024\/05\/Procuraduria-1140x694-1.webp\" \/>\n\t<meta property=\"og:image:width\" content=\"363\" \/>\n\t<meta property=\"og:image:height\" content=\"221\" \/>\n\t<meta property=\"og:image:type\" content=\"image\/webp\" \/>\n<meta name=\"author\" content=\"Redacci\u00f3n\" \/>\n<meta name=\"twitter:card\" content=\"summary_large_image\" \/>\n<meta name=\"twitter:label1\" content=\"Escrito por\" \/>\n\t<meta name=\"twitter:data1\" content=\"Redacci\u00f3n\" \/>\n\t<meta name=\"twitter:label2\" content=\"Tiempo de lectura\" \/>\n\t<meta name=\"twitter:data2\" content=\"2 minutos\" \/>\n<script type=\"application\/ld+json\" class=\"yoast-schema-graph\">{\"@context\":\"https:\\\/\\\/schema.org\",\"@graph\":[{\"@type\":\"Article\",\"@id\":\"https:\\\/\\\/conexion23.com\\\/?p=63071#article\",\"isPartOf\":{\"@id\":\"https:\\\/\\\/conexion23.com\\\/?p=63071\"},\"author\":{\"name\":\"Redacci\u00f3n\",\"@id\":\"https:\\\/\\\/conexion23.com\\\/#\\\/schema\\\/person\\\/f9623fdcefb4d55cd88914eba216e551\"},\"headline\":\"Expelotero de las grandes ligas Edwin Encarnaci\u00f3n se presenta a la Fiscal\u00eda de La Romana\",\"datePublished\":\"2026-09-05T14:00:04+00:00\",\"mainEntityOfPage\":{\"@id\":\"https:\\\/\\\/conexion23.com\\\/?p=63071\"},\"wordCount\":234,\"commentCount\":0,\"publisher\":{\"@id\":\"https:\\\/\\\/conexion23.com\\\/#organization\"},\"image\":{\"@id\":\"https:\\\/\\\/conexion23.com\\\/?p=63071#primaryimage\"},\"thumbnailUrl\":\"https:\\\/\\\/conexion23.com\\\/wp-content\\\/uploads\\\/2024\\\/05\\\/Procuraduria-1140x694-1.webp\",\"keywords\":[\"Edwin Encarnaci\u00f3n.Gabriel Mart\u00ednez Santana\",\"Fiscal\u00eda de La Romana\",\"laromana\",\"ministerio publico\"],\"articleSection\":[\"La Romana\",\"Provincias del Este\"],\"inLanguage\":\"es\",\"potentialAction\":[{\"@type\":\"CommentAction\",\"name\":\"Comment\",\"target\":[\"https:\\\/\\\/conexion23.com\\\/?p=63071#respond\"]}]},{\"@type\":\"WebPage\",\"@id\":\"https:\\\/\\\/conexion23.com\\\/?p=63071\",\"url\":\"https:\\\/\\\/conexion23.com\\\/?p=63071\",\"name\":\"Expelotero de las grandes ligas Edwin Encarnaci\u00f3n se presenta a la Fiscal\u00eda de La Romana - Conexi\u00f3n 23\",\"isPartOf\":{\"@id\":\"https:\\\/\\\/conexion23.com\\\/#website\"},\"primaryImageOfPage\":{\"@id\":\"https:\\\/\\\/conexion23.com\\\/?p=63071#primaryimage\"},\"image\":{\"@id\":\"https:\\\/\\\/conexion23.com\\\/?p=63071#primaryimage\"},\"thumbnailUrl\":\"https:\\\/\\\/conexion23.com\\\/wp-content\\\/uploads\\\/2024\\\/05\\\/Procuraduria-1140x694-1.webp\",\"datePublished\":\"2026-09-05T14:00:04+00:00\",\"breadcrumb\":{\"@id\":\"https:\\\/\\\/conexion23.com\\\/?p=63071#breadcrumb\"},\"inLanguage\":\"es\",\"potentialAction\":[{\"@type\":\"ReadAction\",\"target\":[\"https:\\\/\\\/conexion23.com\\\/?p=63071\"]}]},{\"@type\":\"ImageObject\",\"inLanguage\":\"es\",\"@id\":\"https:\\\/\\\/conexion23.com\\\/?p=63071#primaryimage\",\"url\":\"https:\\\/\\\/conexion23.com\\\/wp-content\\\/uploads\\\/2024\\\/05\\\/Procuraduria-1140x694-1.webp\",\"contentUrl\":\"https:\\\/\\\/conexion23.com\\\/wp-content\\\/uploads\\\/2024\\\/05\\\/Procuraduria-1140x694-1.webp\",\"width\":363,\"height\":221},{\"@type\":\"BreadcrumbList\",\"@id\":\"https:\\\/\\\/conexion23.com\\\/?p=63071#breadcrumb\",\"itemListElement\":[{\"@type\":\"ListItem\",\"position\":1,\"name\":\"Portada\",\"item\":\"https:\\\/\\\/conexion23.com\\\/\"},{\"@type\":\"ListItem\",\"position\":2,\"name\":\"Expelotero de las grandes ligas Edwin Encarnaci\u00f3n se presenta a la Fiscal\u00eda de La Romana\"}]},{\"@type\":\"WebSite\",\"@id\":\"https:\\\/\\\/conexion23.com\\\/#website\",\"url\":\"https:\\\/\\\/conexion23.com\\\/\",\"name\":\"Conexi\u00f3n 23\",\"description\":\"Peri\u00f3dico 100% Petromacorisano\",\"publisher\":{\"@id\":\"https:\\\/\\\/conexion23.com\\\/#organization\"},\"potentialAction\":[{\"@type\":\"SearchAction\",\"target\":{\"@type\":\"EntryPoint\",\"urlTemplate\":\"https:\\\/\\\/conexion23.com\\\/?s={search_term_string}\"},\"query-input\":{\"@type\":\"PropertyValueSpecification\",\"valueRequired\":true,\"valueName\":\"search_term_string\"}}],\"inLanguage\":\"es\"},{\"@type\":\"Organization\",\"@id\":\"https:\\\/\\\/conexion23.com\\\/#organization\",\"name\":\"Conexion 23\",\"url\":\"https:\\\/\\\/conexion23.com\\\/\",\"logo\":{\"@type\":\"ImageObject\",\"inLanguage\":\"es\",\"@id\":\"https:\\\/\\\/conexion23.com\\\/#\\\/schema\\\/logo\\\/image\\\/\",\"url\":\"https:\\\/\\\/conexion23.com\\\/wp-content\\\/uploads\\\/2021\\\/11\\\/Diseno-sin-titulo-2.png\",\"contentUrl\":\"https:\\\/\\\/conexion23.com\\\/wp-content\\\/uploads\\\/2021\\\/11\\\/Diseno-sin-titulo-2.png\",\"width\":541,\"height\":90,\"caption\":\"Conexion 23\"},\"image\":{\"@id\":\"https:\\\/\\\/conexion23.com\\\/#\\\/schema\\\/logo\\\/image\\\/\"},\"sameAs\":[\"https:\\\/\\\/www.facebook.com\\\/conexion23com\",\"https:\\\/\\\/www.instagram.com\\\/conexion23com\\\/\",\"https:\\\/\\\/www.youtube.com\\\/channel\\\/UCYc7vxxFZMYLIHNsHHxPZ3Q\"]},{\"@type\":\"Person\",\"@id\":\"https:\\\/\\\/conexion23.com\\\/#\\\/schema\\\/person\\\/f9623fdcefb4d55cd88914eba216e551\",\"name\":\"Redacci\u00f3n\",\"image\":{\"@type\":\"ImageObject\",\"inLanguage\":\"es\",\"@id\":\"https:\\\/\\\/secure.gravatar.com\\\/avatar\\\/ec9d84b79c776aa1994e5893944465db9974b17b884155623da51b7b62c02845?s=96&d=mm&r=g\",\"url\":\"https:\\\/\\\/secure.gravatar.com\\\/avatar\\\/ec9d84b79c776aa1994e5893944465db9974b17b884155623da51b7b62c02845?s=96&d=mm&r=g\",\"contentUrl\":\"https:\\\/\\\/secure.gravatar.com\\\/avatar\\\/ec9d84b79c776aa1994e5893944465db9974b17b884155623da51b7b62c02845?s=96&d=mm&r=g\",\"caption\":\"Redacci\u00f3n\"},\"url\":\"https:\\\/\\\/conexion23.com\\\/?author=18\"}]}<\/script>\n<!-- \/ Yoast SEO plugin. -->","yoast_head_json":{"title":"Expelotero de las grandes ligas Edwin Encarnaci\u00f3n se presenta a la Fiscal\u00eda de La Romana - Conexi\u00f3n 23","robots":{"index":"index","follow":"follow","max-snippet":"max-snippet:-1","max-image-preview":"max-image-preview:large","max-video-preview":"max-video-preview:-1"},"canonical":"https:\/\/conexion23.com\/?p=63071","og_locale":"es_ES","og_type":"article","og_title":"Expelotero de las grandes ligas Edwin Encarnaci\u00f3n se presenta a la Fiscal\u00eda de La Romana - Conexi\u00f3n 23","og_description":"El expelotero de las grandes ligas Edwin Encarnaci\u00f3n y Gabriel Mart\u00ednez Santana se presentaron ayer la fiscal\u00eda de la provincia La Romana, tras un incidente que se registr\u00f3 la noche del pasado martes. Trascendi\u00f3 que Mart\u00ednez Santana present\u00f3 una querella con constituci\u00f3n en actor civil, por supuesto intento de homicidio, a ra\u00edz de un incidente [&hellip;]","og_url":"https:\/\/conexion23.com\/?p=63071","og_site_name":"Conexi\u00f3n 23","article_publisher":"https:\/\/www.facebook.com\/conexion23com","article_published_time":"2026-09-05T14:00:04+00:00","og_image":[{"width":363,"height":221,"url":"https:\/\/conexion23.com\/wp-content\/uploads\/2024\/05\/Procuraduria-1140x694-1.webp","type":"image\/webp"}],"author":"Redacci\u00f3n","twitter_card":"summary_large_image","twitter_misc":{"Escrito por":"Redacci\u00f3n","Tiempo de lectura":"2 minutos"},"schema":{"@context":"https:\/\/schema.org","@graph":[{"@type":"Article","@id":"https:\/\/conexion23.com\/?p=63071#article","isPartOf":{"@id":"https:\/\/conexion23.com\/?p=63071"},"author":{"name":"Redacci\u00f3n","@id":"https:\/\/conexion23.com\/#\/schema\/person\/f9623fdcefb4d55cd88914eba216e551"},"headline":"Expelotero de las grandes ligas Edwin Encarnaci\u00f3n se presenta a la Fiscal\u00eda de La Romana","datePublished":"2026-09-05T14:00:04+00:00","mainEntityOfPage":{"@id":"https:\/\/conexion23.com\/?p=63071"},"wordCount":234,"commentCount":0,"publisher":{"@id":"https:\/\/conexion23.com\/#organization"},"image":{"@id":"https:\/\/conexion23.com\/?p=63071#primaryimage"},"thumbnailUrl":"https:\/\/conexion23.com\/wp-content\/uploads\/2024\/05\/Procuraduria-1140x694-1.webp","keywords":["Edwin Encarnaci\u00f3n.Gabriel Mart\u00ednez Santana","Fiscal\u00eda de La Romana","laromana","ministerio publico"],"articleSection":["La Romana","Provincias del Este"],"inLanguage":"es","potentialAction":[{"@type":"CommentAction","name":"Comment","target":["https:\/\/conexion23.com\/?p=63071#respond"]}]},{"@type":"WebPage","@id":"https:\/\/conexion23.com\/?p=63071","url":"https:\/\/conexion23.com\/?p=63071","name":"Expelotero de las grandes ligas Edwin Encarnaci\u00f3n se presenta a la Fiscal\u00eda de La Romana - Conexi\u00f3n 23","isPartOf":{"@id":"https:\/\/conexion23.com\/#website"},"primaryImageOfPage":{"@id":"https:\/\/conexion23.com\/?p=63071#primaryimage"},"image":{"@id":"https:\/\/conexion23.com\/?p=63071#primaryimage"},"thumbnailUrl":"https:\/\/conexion23.com\/wp-content\/uploads\/2024\/05\/Procuraduria-1140x694-1.webp","datePublished":"2026-09-05T14:00:04+00:00","breadcrumb":{"@id":"https:\/\/conexion23.com\/?p=63071#breadcrumb"},"inLanguage":"es","potentialAction":[{"@type":"ReadAction","target":["https:\/\/conexion23.com\/?p=63071"]}]},{"@type":"ImageObject","inLanguage":"es","@id":"https:\/\/conexion23.com\/?p=63071#primaryimage","url":"https:\/\/conexion23.com\/wp-content\/uploads\/2024\/05\/Procuraduria-1140x694-1.webp","contentUrl":"https:\/\/conexion23.com\/wp-content\/uploads\/2024\/05\/Procuraduria-1140x694-1.webp","width":363,"height":221},{"@type":"BreadcrumbList","@id":"https:\/\/conexion23.com\/?p=63071#breadcrumb","itemListElement":[{"@type":"ListItem","position":1,"name":"Portada","item":"https:\/\/conexion23.com\/"},{"@type":"ListItem","position":2,"name":"Expelotero de las grandes ligas Edwin Encarnaci\u00f3n se presenta a la Fiscal\u00eda de La Romana"}]},{"@type":"WebSite","@id":"https:\/\/conexion23.com\/#website","url":"https:\/\/conexion23.com\/","name":"Conexi\u00f3n 23","description":"Peri\u00f3dico 100% Petromacorisano","publisher":{"@id":"https:\/\/conexion23.com\/#organization"},"potentialAction":[{"@type":"SearchAction","target":{"@type":"EntryPoint","urlTemplate":"https:\/\/conexion23.com\/?s={search_term_string}"},"query-input":{"@type":"PropertyValueSpecification","valueRequired":true,"valueName":"search_term_string"}}],"inLanguage":"es"},{"@type":"Organization","@id":"https:\/\/conexion23.com\/#organization","name":"Conexion 23","url":"https:\/\/conexion23.com\/","logo":{"@type":"ImageObject","inLanguage":"es","@id":"https:\/\/conexion23.com\/#\/schema\/logo\/image\/","url":"https:\/\/conexion23.com\/wp-content\/uploads\/2021\/11\/Diseno-sin-titulo-2.png","contentUrl":"https:\/\/conexion23.com\/wp-content\/uploads\/2021\/11\/Diseno-sin-titulo-2.png","width":541,"height":90,"caption":"Conexion 23"},"image":{"@id":"https:\/\/conexion23.com\/#\/schema\/logo\/image\/"},"sameAs":["https:\/\/www.facebook.com\/conexion23com","https:\/\/www.instagram.com\/conexion23com\/","https:\/\/www.youtube.com\/channel\/UCYc7vxxFZMYLIHNsHHxPZ3Q"]},{"@type":"Person","@id":"https:\/\/conexion23.com\/#\/schema\/person\/f9623fdcefb4d55cd88914eba216e551","name":"Redacci\u00f3n","image":{"@type":"ImageObject","inLanguage":"es","@id":"https:\/\/secure.gravatar.com\/avatar\/ec9d84b79c776aa1994e5893944465db9974b17b884155623da51b7b62c02845?s=96&d=mm&r=g","url":"https:\/\/secure.gravatar.com\/avatar\/ec9d84b79c776aa1994e5893944465db9974b17b884155623da51b7b62c02845?s=96&d=mm&r=g","contentUrl":"https:\/\/secure.gravatar.com\/avatar\/ec9d84b79c776aa1994e5893944465db9974b17b884155623da51b7b62c02845?s=96&d=mm&r=g","caption":"Redacci\u00f3n"},"url":"https:\/\/conexion23.com\/?author=18"}]}},"_links":{"self":[{"href":"https:\/\/conexion23.com\/index.php?rest_route=\/wp\/v2\/posts\/63071","targetHints":{"allow":["GET"]}}],"collection":[{"href":"https:\/\/conexion23.com\/index.php?rest_route=\/wp\/v2\/posts"}],"about":[{"href":"https:\/\/conexion23.com\/index.php?rest_route=\/wp\/v2\/types\/post"}],"author":[{"embeddable":true,"href":"https:\/\/conexion23.com\/index.php?rest_route=\/wp\/v2\/users\/18"}],"replies":[{"embeddable":true,"href":"https:\/\/conexion23.com\/index.php?rest_route=%2Fwp%2Fv2%2Fcomments&post=63071"}],"version-history":[{"count":1,"href":"https:\/\/conexion23.com\/index.php?rest_route=\/wp\/v2\/posts\/63071\/revisions"}],"predecessor-version":[{"id":63072,"href":"https:\/\/conexion23.com\/index.php?rest_route=\/wp\/v2\/posts\/63071\/revisions\/63072"}],"wp:featuredmedia":[{"embeddable":true,"href":"https:\/\/conexion23.com\/index.php?rest_route=\/wp\/v2\/media\/27932"}],"wp:attachment":[{"href":"https:\/\/conexion23.com\/index.php?rest_route=%2Fwp%2Fv2%2Fmedia&parent=63071"}],"wp:term":[{"taxonomy":"category","embeddable":true,"href":"https:\/\/conexion23.com\/index.php?rest_route=%2Fwp%2Fv2%2Fcategories&post=63071"},{"taxonomy":"post_tag","embeddable":true,"href":"https:\/\/conexion23.com\/index.php?rest_route=%2Fwp%2Fv2%2Ftags&post=63071"}],"curies":[{"name":"wp","href":"https:\/\/api.w.org\/{rel}","templated":true}]}}