{"id":63079,"date":"2026-09-05T08:50:29","date_gmt":"2026-09-05T12:50:29","guid":{"rendered":"https:\/\/conexion23.com\/?p=63079"},"modified":"2026-09-05T08:50:29","modified_gmt":"2026-09-05T12:50:29","slug":"corea-del-sur-sopesa-medidas-militares-en-estrecho-de-ormuz","status":"publish","type":"post","link":"https:\/\/conexion23.com\/?p=63079","title":{"rendered":"Corea del Sur sopesa medidas militares en estrecho de Ormuz"},"content":{"rendered":"<p class=\"data\" style=\"text-align: justify;\">La Presidencia de Corea del Sur ha confirmado este viernes que est\u00e1 analizando opciones, incluidas medidas militares, para apoyar la libertad de navegaci\u00f3n en el estrecho de Ormuz, si bien ha descartado que haya tomado una decisi\u00f3n al respecto, ante las recientes presiones por parte del presidente de Estados Unidos, Donald Trump, sobre Se\u00fal, incluida una reducci\u00f3n de las maniobras militares conjuntas.<\/p>\n<p style=\"text-align: justify;\">Un funcionario de la Casa Azul ha indicado que por ahora no hay una decisi\u00f3n final sobre un posible env\u00edo de fuerzas al estrecho de Ormuz, si bien ha dicho que es posible que Se\u00fal pueda hacer una contribuci\u00f3n militar a los esfuerzos destinados a \u00abgarantizar la libertad de navegaci\u00f3n en la zona.<\/p>\n<p style=\"text-align: justify;\">\u00abPara poder hacer contribuciones tangibles en el estrecho de Ormuz, esto debe considerarse primero a la luz de nuestra postura de preparaci\u00f3n en la pen\u00ednsula de Corea, as\u00ed como de conformidad con los procedimientos legales locales\u00bb, ha indicado, tras las informaciones que apuntaban a que la Presidencia podr\u00eda presentar al Parlamento una propuesta en este sentido.<\/p>\n<p style=\"text-align: justify;\">As\u00ed, ha destacado que una contribuci\u00f3n militar no pasa \u00fanicamente por fuerzas de combate, sino que hay otras \u00abopciones\u00bb, tal y como ha recogido la agencia surcoreana de noticias Yonhap. \u00abCuando uno escucha despliegue de tropas, se tiende a asociarlo con el combate, pero no tiene por qu\u00e9 ser necesariamente el caso\u00bb, ha explicado.<\/p>\n<p style=\"text-align: justify;\">Por otra parte, ha negado que este posible despliegue sea un punto de fricci\u00f3n entre Corea del Sur y Estados Unidos, si bien ha reconocido que las relaciones bilaterales no atraviesan su mejor momento, incluido el aspecto econ\u00f3mico y financiero, con el acuerdo arancelario alcanzado en 2025 de fondo.<\/p>\n<p style=\"text-align: justify;\">Trump orden\u00f3 en agosto al Pent\u00e1gono de reducir \u00absustancialmente\u00bb las maniobras con Corea del Norte se\u00f1alando la \u00abmuy buena relaci\u00f3n\u00bb con el l\u00edder norcoreano, Kim Jong Un, y la prioridad militar que representa la guerra en Ir\u00e1n, al tiempo que carg\u00f3 contra Se\u00fal por no respaldar su ofensiva junto a Israel contra el pa\u00eds asi\u00e1tico, lanzada por sorpresa el 28 de febrero.<\/p>\n","protected":false},"excerpt":{"rendered":"<p>La Presidencia de Corea del Sur ha confirmado este viernes que est\u00e1 analizando opciones, incluidas medidas militares, para apoyar la libertad de navegaci\u00f3n en el estrecho de Ormuz, si bien ha descartado que haya tomado una decisi\u00f3n al respecto, ante las recientes presiones por parte del presidente de Estados Unidos, Donald Trump, sobre Se\u00fal, incluida [&hellip;]<\/p>\n","protected":false},"author":15,"featured_media":63080,"comment_status":"open","ping_status":"open","sticky":false,"template":"","format":"standard","meta":{"footnotes":""},"categories":[3881],"tags":[5211,7085,705,903],"class_list":["post-63079","post","type-post","status-publish","format-standard","has-post-thumbnail","category-internacionales","tag-corea-del-sur","tag-estrecho-de-ormuz","tag-medidas","tag-militares"],"yoast_head":"<!-- This site is optimized with the Yoast SEO plugin v27.6 - https:\/\/yoast.com\/product\/yoast-seo-wordpress\/ -->\n<title>Corea del Sur sopesa medidas militares en estrecho de Ormuz - Conexi\u00f3n 23<\/title>\n<meta name=\"robots\" content=\"index, follow, max-snippet:-1, max-image-preview:large, max-video-preview:-1\" \/>\n<link rel=\"canonical\" href=\"https:\/\/conexion23.com\/?p=63079\" \/>\n<meta property=\"og:locale\" content=\"es_ES\" \/>\n<meta property=\"og:type\" content=\"article\" \/>\n<meta property=\"og:title\" content=\"Corea del Sur sopesa medidas militares en estrecho de Ormuz - Conexi\u00f3n 23\" \/>\n<meta property=\"og:description\" content=\"La Presidencia de Corea del Sur ha confirmado este viernes que est\u00e1 analizando opciones, incluidas medidas militares, para apoyar la libertad de navegaci\u00f3n en el estrecho de Ormuz, si bien ha descartado que haya tomado una decisi\u00f3n al respecto, ante las recientes presiones por parte del presidente de Estados Unidos, Donald Trump, sobre Se\u00fal, incluida [&hellip;]\" \/>\n<meta property=\"og:url\" content=\"https:\/\/conexion23.com\/?p=63079\" \/>\n<meta property=\"og:site_name\" content=\"Conexi\u00f3n 23\" \/>\n<meta property=\"article:publisher\" content=\"https:\/\/www.facebook.com\/conexion23com\" \/>\n<meta property=\"article:published_time\" content=\"2026-09-05T12:50:29+00:00\" \/>\n<meta property=\"og:image\" content=\"https:\/\/conexion23.com\/wp-content\/uploads\/2026\/09\/corea-del-sur.jpg\" \/>\n\t<meta property=\"og:image:width\" content=\"412\" \/>\n\t<meta property=\"og:image:height\" content=\"232\" \/>\n\t<meta property=\"og:image:type\" content=\"image\/jpeg\" \/>\n<meta name=\"author\" content=\"Raffy Ben\u00edtez\" \/>\n<meta name=\"twitter:card\" content=\"summary_large_image\" \/>\n<meta name=\"twitter:label1\" content=\"Escrito por\" \/>\n\t<meta name=\"twitter:data1\" content=\"Raffy Ben\u00edtez\" \/>\n\t<meta name=\"twitter:label2\" content=\"Tiempo de lectura\" \/>\n\t<meta name=\"twitter:data2\" content=\"2 minutos\" \/>\n<script type=\"application\/ld+json\" class=\"yoast-schema-graph\">{\"@context\":\"https:\\\/\\\/schema.org\",\"@graph\":[{\"@type\":\"Article\",\"@id\":\"https:\\\/\\\/conexion23.com\\\/?p=63079#article\",\"isPartOf\":{\"@id\":\"https:\\\/\\\/conexion23.com\\\/?p=63079\"},\"author\":{\"name\":\"Raffy Ben\u00edtez\",\"@id\":\"https:\\\/\\\/conexion23.com\\\/#\\\/schema\\\/person\\\/5d6d767819503a4603e9fd070ecf3ac6\"},\"headline\":\"Corea del Sur sopesa medidas militares en estrecho de Ormuz\",\"datePublished\":\"2026-09-05T12:50:29+00:00\",\"mainEntityOfPage\":{\"@id\":\"https:\\\/\\\/conexion23.com\\\/?p=63079\"},\"wordCount\":367,\"commentCount\":0,\"publisher\":{\"@id\":\"https:\\\/\\\/conexion23.com\\\/#organization\"},\"image\":{\"@id\":\"https:\\\/\\\/conexion23.com\\\/?p=63079#primaryimage\"},\"thumbnailUrl\":\"https:\\\/\\\/conexion23.com\\\/wp-content\\\/uploads\\\/2026\\\/09\\\/corea-del-sur.jpg\",\"keywords\":[\"Corea del Sur\",\"estrecho de Ormuz\",\"medidas\",\"militares\"],\"articleSection\":[\"Internacionales\"],\"inLanguage\":\"es\",\"potentialAction\":[{\"@type\":\"CommentAction\",\"name\":\"Comment\",\"target\":[\"https:\\\/\\\/conexion23.com\\\/?p=63079#respond\"]}]},{\"@type\":\"WebPage\",\"@id\":\"https:\\\/\\\/conexion23.com\\\/?p=63079\",\"url\":\"https:\\\/\\\/conexion23.com\\\/?p=63079\",\"name\":\"Corea del Sur sopesa medidas militares en estrecho de Ormuz - Conexi\u00f3n 23\",\"isPartOf\":{\"@id\":\"https:\\\/\\\/conexion23.com\\\/#website\"},\"primaryImageOfPage\":{\"@id\":\"https:\\\/\\\/conexion23.com\\\/?p=63079#primaryimage\"},\"image\":{\"@id\":\"https:\\\/\\\/conexion23.com\\\/?p=63079#primaryimage\"},\"thumbnailUrl\":\"https:\\\/\\\/conexion23.com\\\/wp-content\\\/uploads\\\/2026\\\/09\\\/corea-del-sur.jpg\",\"datePublished\":\"2026-09-05T12:50:29+00:00\",\"breadcrumb\":{\"@id\":\"https:\\\/\\\/conexion23.com\\\/?p=63079#breadcrumb\"},\"inLanguage\":\"es\",\"potentialAction\":[{\"@type\":\"ReadAction\",\"target\":[\"https:\\\/\\\/conexion23.com\\\/?p=63079\"]}]},{\"@type\":\"ImageObject\",\"inLanguage\":\"es\",\"@id\":\"https:\\\/\\\/conexion23.com\\\/?p=63079#primaryimage\",\"url\":\"https:\\\/\\\/conexion23.com\\\/wp-content\\\/uploads\\\/2026\\\/09\\\/corea-del-sur.jpg\",\"contentUrl\":\"https:\\\/\\\/conexion23.com\\\/wp-content\\\/uploads\\\/2026\\\/09\\\/corea-del-sur.jpg\",\"width\":412,\"height\":232},{\"@type\":\"BreadcrumbList\",\"@id\":\"https:\\\/\\\/conexion23.com\\\/?p=63079#breadcrumb\",\"itemListElement\":[{\"@type\":\"ListItem\",\"position\":1,\"name\":\"Portada\",\"item\":\"https:\\\/\\\/conexion23.com\\\/\"},{\"@type\":\"ListItem\",\"position\":2,\"name\":\"Corea del Sur sopesa medidas militares en estrecho de Ormuz\"}]},{\"@type\":\"WebSite\",\"@id\":\"https:\\\/\\\/conexion23.com\\\/#website\",\"url\":\"https:\\\/\\\/conexion23.com\\\/\",\"name\":\"Conexi\u00f3n 23\",\"description\":\"Peri\u00f3dico 100% Petromacorisano\",\"publisher\":{\"@id\":\"https:\\\/\\\/conexion23.com\\\/#organization\"},\"potentialAction\":[{\"@type\":\"SearchAction\",\"target\":{\"@type\":\"EntryPoint\",\"urlTemplate\":\"https:\\\/\\\/conexion23.com\\\/?s={search_term_string}\"},\"query-input\":{\"@type\":\"PropertyValueSpecification\",\"valueRequired\":true,\"valueName\":\"search_term_string\"}}],\"inLanguage\":\"es\"},{\"@type\":\"Organization\",\"@id\":\"https:\\\/\\\/conexion23.com\\\/#organization\",\"name\":\"Conexion 23\",\"url\":\"https:\\\/\\\/conexion23.com\\\/\",\"logo\":{\"@type\":\"ImageObject\",\"inLanguage\":\"es\",\"@id\":\"https:\\\/\\\/conexion23.com\\\/#\\\/schema\\\/logo\\\/image\\\/\",\"url\":\"https:\\\/\\\/conexion23.com\\\/wp-content\\\/uploads\\\/2021\\\/11\\\/Diseno-sin-titulo-2.png\",\"contentUrl\":\"https:\\\/\\\/conexion23.com\\\/wp-content\\\/uploads\\\/2021\\\/11\\\/Diseno-sin-titulo-2.png\",\"width\":541,\"height\":90,\"caption\":\"Conexion 23\"},\"image\":{\"@id\":\"https:\\\/\\\/conexion23.com\\\/#\\\/schema\\\/logo\\\/image\\\/\"},\"sameAs\":[\"https:\\\/\\\/www.facebook.com\\\/conexion23com\",\"https:\\\/\\\/www.instagram.com\\\/conexion23com\\\/\",\"https:\\\/\\\/www.youtube.com\\\/channel\\\/UCYc7vxxFZMYLIHNsHHxPZ3Q\"]},{\"@type\":\"Person\",\"@id\":\"https:\\\/\\\/conexion23.com\\\/#\\\/schema\\\/person\\\/5d6d767819503a4603e9fd070ecf3ac6\",\"name\":\"Raffy Ben\u00edtez\",\"image\":{\"@type\":\"ImageObject\",\"inLanguage\":\"es\",\"@id\":\"https:\\\/\\\/secure.gravatar.com\\\/avatar\\\/3190a6a6c5e1b0327500f7d6c56b6242472ee6cb974cf09b401ee6b3b0798f23?s=96&d=mm&r=g\",\"url\":\"https:\\\/\\\/secure.gravatar.com\\\/avatar\\\/3190a6a6c5e1b0327500f7d6c56b6242472ee6cb974cf09b401ee6b3b0798f23?s=96&d=mm&r=g\",\"contentUrl\":\"https:\\\/\\\/secure.gravatar.com\\\/avatar\\\/3190a6a6c5e1b0327500f7d6c56b6242472ee6cb974cf09b401ee6b3b0798f23?s=96&d=mm&r=g\",\"caption\":\"Raffy Ben\u00edtez\"},\"url\":\"https:\\\/\\\/conexion23.com\\\/?author=15\"}]}<\/script>\n<!-- \/ Yoast SEO plugin. -->","yoast_head_json":{"title":"Corea del Sur sopesa medidas militares en estrecho de Ormuz - Conexi\u00f3n 23","robots":{"index":"index","follow":"follow","max-snippet":"max-snippet:-1","max-image-preview":"max-image-preview:large","max-video-preview":"max-video-preview:-1"},"canonical":"https:\/\/conexion23.com\/?p=63079","og_locale":"es_ES","og_type":"article","og_title":"Corea del Sur sopesa medidas militares en estrecho de Ormuz - Conexi\u00f3n 23","og_description":"La Presidencia de Corea del Sur ha confirmado este viernes que est\u00e1 analizando opciones, incluidas medidas militares, para apoyar la libertad de navegaci\u00f3n en el estrecho de Ormuz, si bien ha descartado que haya tomado una decisi\u00f3n al respecto, ante las recientes presiones por parte del presidente de Estados Unidos, Donald Trump, sobre Se\u00fal, incluida [&hellip;]","og_url":"https:\/\/conexion23.com\/?p=63079","og_site_name":"Conexi\u00f3n 23","article_publisher":"https:\/\/www.facebook.com\/conexion23com","article_published_time":"2026-09-05T12:50:29+00:00","og_image":[{"width":412,"height":232,"url":"https:\/\/conexion23.com\/wp-content\/uploads\/2026\/09\/corea-del-sur.jpg","type":"image\/jpeg"}],"author":"Raffy Ben\u00edtez","twitter_card":"summary_large_image","twitter_misc":{"Escrito por":"Raffy Ben\u00edtez","Tiempo de lectura":"2 minutos"},"schema":{"@context":"https:\/\/schema.org","@graph":[{"@type":"Article","@id":"https:\/\/conexion23.com\/?p=63079#article","isPartOf":{"@id":"https:\/\/conexion23.com\/?p=63079"},"author":{"name":"Raffy Ben\u00edtez","@id":"https:\/\/conexion23.com\/#\/schema\/person\/5d6d767819503a4603e9fd070ecf3ac6"},"headline":"Corea del Sur sopesa medidas militares en estrecho de Ormuz","datePublished":"2026-09-05T12:50:29+00:00","mainEntityOfPage":{"@id":"https:\/\/conexion23.com\/?p=63079"},"wordCount":367,"commentCount":0,"publisher":{"@id":"https:\/\/conexion23.com\/#organization"},"image":{"@id":"https:\/\/conexion23.com\/?p=63079#primaryimage"},"thumbnailUrl":"https:\/\/conexion23.com\/wp-content\/uploads\/2026\/09\/corea-del-sur.jpg","keywords":["Corea del Sur","estrecho de Ormuz","medidas","militares"],"articleSection":["Internacionales"],"inLanguage":"es","potentialAction":[{"@type":"CommentAction","name":"Comment","target":["https:\/\/conexion23.com\/?p=63079#respond"]}]},{"@type":"WebPage","@id":"https:\/\/conexion23.com\/?p=63079","url":"https:\/\/conexion23.com\/?p=63079","name":"Corea del Sur sopesa medidas militares en estrecho de Ormuz - Conexi\u00f3n 23","isPartOf":{"@id":"https:\/\/conexion23.com\/#website"},"primaryImageOfPage":{"@id":"https:\/\/conexion23.com\/?p=63079#primaryimage"},"image":{"@id":"https:\/\/conexion23.com\/?p=63079#primaryimage"},"thumbnailUrl":"https:\/\/conexion23.com\/wp-content\/uploads\/2026\/09\/corea-del-sur.jpg","datePublished":"2026-09-05T12:50:29+00:00","breadcrumb":{"@id":"https:\/\/conexion23.com\/?p=63079#breadcrumb"},"inLanguage":"es","potentialAction":[{"@type":"ReadAction","target":["https:\/\/conexion23.com\/?p=63079"]}]},{"@type":"ImageObject","inLanguage":"es","@id":"https:\/\/conexion23.com\/?p=63079#primaryimage","url":"https:\/\/conexion23.com\/wp-content\/uploads\/2026\/09\/corea-del-sur.jpg","contentUrl":"https:\/\/conexion23.com\/wp-content\/uploads\/2026\/09\/corea-del-sur.jpg","width":412,"height":232},{"@type":"BreadcrumbList","@id":"https:\/\/conexion23.com\/?p=63079#breadcrumb","itemListElement":[{"@type":"ListItem","position":1,"name":"Portada","item":"https:\/\/conexion23.com\/"},{"@type":"ListItem","position":2,"name":"Corea del Sur sopesa medidas militares en estrecho de Ormuz"}]},{"@type":"WebSite","@id":"https:\/\/conexion23.com\/#website","url":"https:\/\/conexion23.com\/","name":"Conexi\u00f3n 23","description":"Peri\u00f3dico 100% Petromacorisano","publisher":{"@id":"https:\/\/conexion23.com\/#organization"},"potentialAction":[{"@type":"SearchAction","target":{"@type":"EntryPoint","urlTemplate":"https:\/\/conexion23.com\/?s={search_term_string}"},"query-input":{"@type":"PropertyValueSpecification","valueRequired":true,"valueName":"search_term_string"}}],"inLanguage":"es"},{"@type":"Organization","@id":"https:\/\/conexion23.com\/#organization","name":"Conexion 23","url":"https:\/\/conexion23.com\/","logo":{"@type":"ImageObject","inLanguage":"es","@id":"https:\/\/conexion23.com\/#\/schema\/logo\/image\/","url":"https:\/\/conexion23.com\/wp-content\/uploads\/2021\/11\/Diseno-sin-titulo-2.png","contentUrl":"https:\/\/conexion23.com\/wp-content\/uploads\/2021\/11\/Diseno-sin-titulo-2.png","width":541,"height":90,"caption":"Conexion 23"},"image":{"@id":"https:\/\/conexion23.com\/#\/schema\/logo\/image\/"},"sameAs":["https:\/\/www.facebook.com\/conexion23com","https:\/\/www.instagram.com\/conexion23com\/","https:\/\/www.youtube.com\/channel\/UCYc7vxxFZMYLIHNsHHxPZ3Q"]},{"@type":"Person","@id":"https:\/\/conexion23.com\/#\/schema\/person\/5d6d767819503a4603e9fd070ecf3ac6","name":"Raffy Ben\u00edtez","image":{"@type":"ImageObject","inLanguage":"es","@id":"https:\/\/secure.gravatar.com\/avatar\/3190a6a6c5e1b0327500f7d6c56b6242472ee6cb974cf09b401ee6b3b0798f23?s=96&d=mm&r=g","url":"https:\/\/secure.gravatar.com\/avatar\/3190a6a6c5e1b0327500f7d6c56b6242472ee6cb974cf09b401ee6b3b0798f23?s=96&d=mm&r=g","contentUrl":"https:\/\/secure.gravatar.com\/avatar\/3190a6a6c5e1b0327500f7d6c56b6242472ee6cb974cf09b401ee6b3b0798f23?s=96&d=mm&r=g","caption":"Raffy Ben\u00edtez"},"url":"https:\/\/conexion23.com\/?author=15"}]}},"_links":{"self":[{"href":"https:\/\/conexion23.com\/index.php?rest_route=\/wp\/v2\/posts\/63079","targetHints":{"allow":["GET"]}}],"collection":[{"href":"https:\/\/conexion23.com\/index.php?rest_route=\/wp\/v2\/posts"}],"about":[{"href":"https:\/\/conexion23.com\/index.php?rest_route=\/wp\/v2\/types\/post"}],"author":[{"embeddable":true,"href":"https:\/\/conexion23.com\/index.php?rest_route=\/wp\/v2\/users\/15"}],"replies":[{"embeddable":true,"href":"https:\/\/conexion23.com\/index.php?rest_route=%2Fwp%2Fv2%2Fcomments&post=63079"}],"version-history":[{"count":1,"href":"https:\/\/conexion23.com\/index.php?rest_route=\/wp\/v2\/posts\/63079\/revisions"}],"predecessor-version":[{"id":63082,"href":"https:\/\/conexion23.com\/index.php?rest_route=\/wp\/v2\/posts\/63079\/revisions\/63082"}],"wp:featuredmedia":[{"embeddable":true,"href":"https:\/\/conexion23.com\/index.php?rest_route=\/wp\/v2\/media\/63080"}],"wp:attachment":[{"href":"https:\/\/conexion23.com\/index.php?rest_route=%2Fwp%2Fv2%2Fmedia&parent=63079"}],"wp:term":[{"taxonomy":"category","embeddable":true,"href":"https:\/\/conexion23.com\/index.php?rest_route=%2Fwp%2Fv2%2Fcategories&post=63079"},{"taxonomy":"post_tag","embeddable":true,"href":"https:\/\/conexion23.com\/index.php?rest_route=%2Fwp%2Fv2%2Ftags&post=63079"}],"curies":[{"name":"wp","href":"https:\/\/api.w.org\/{rel}","templated":true}]}}