{"id":63085,"date":"2026-09-05T15:35:36","date_gmt":"2026-09-05T19:35:36","guid":{"rendered":"https:\/\/conexion23.com\/?p=63085"},"modified":"2026-09-05T15:35:36","modified_gmt":"2026-09-05T19:35:36","slug":"mariasela-alvarez-tras-segunda-corona-dominicana-en-miss-mundo","status":"publish","type":"post","link":"https:\/\/conexion23.com\/mariasela-alvarez-tras-segunda-corona-dominicana-en-miss-mundo\/","title":{"rendered":"Mariasela \u00c1lvarez tras segunda corona dominicana en Miss Mundo"},"content":{"rendered":"<p style=\"text-align: justify;\"><strong>Con l\u00e1grimas de emoci\u00f3n y un sentimiento de orgullo por el\u00a0legado\u00a0que ayud\u00f3 a construir,\u00a0Mariasela \u00c1lvarez\u00a0reaccion\u00f3 al\u00a0triunfo de Joheirry Mola, quien este s\u00e1bado se convirti\u00f3 en la\u00a0segunda dominicana\u00a0en conquistar la corona de\u00a0Miss Mundo,\u00a044 a\u00f1os despu\u00e9s\u00a0de su hist\u00f3rica victoria.<\/strong><\/p>\n<ul class=\"list-text\" style=\"text-align: justify;\">\n<li><strong>\u00c1lvarez<\/strong>, quien hizo historia en\u00a0<strong>1982<\/strong>\u00a0al convertirse en la\u00a0<strong>primera dominicana<\/strong>\u00a0en ganar el prestigioso\u00a0<strong>certamen internacional<\/strong>, comparti\u00f3 en sus redes sociales una imagen del momento en que\u00a0<strong>Mola<\/strong>\u00a0era coronada como la nueva reina mundial, acompa\u00f1ada de un mensaje en el que expres\u00f3 la profunda emoci\u00f3n que le produjo ver nuevamente la corona en manos de una dominicana.<\/li>\n<\/ul>\n<p style=\"text-align: justify;\">\u00ab<strong>Cuarenta y cuatro a\u00f1os despu\u00e9s<\/strong>&#8230;, \u00a1por fin!\u00bb, escribi\u00f3\u00a0<strong>\u00c1lvarez<\/strong>\u00a0al comenzar su publicaci\u00f3n.<\/p>\n<p style=\"text-align: justify;\">La tambi\u00e9n comunicadora confes\u00f3 que recibi\u00f3 la\u00a0<strong>noticia del triunfo<\/strong>\u00a0con\u00a0<strong>l\u00e1grimas\u00a0<\/strong>y una emoci\u00f3n que, seg\u00fan sus propias palabras, sinti\u00f3 como si se tratara del triunfo de una hija.<\/p>\n<p style=\"text-align: justify;\">\u00abCon la\u00a0<strong>piel erizada<\/strong>\u00a0y\u00a0<strong>l\u00e1grimas en los ojos<\/strong>\u00a0recib\u00ed la noticia del\u00a0<strong>triunfo de Joheirry Mola<\/strong>\u00a0en\u00a0<strong>Miss World<\/strong>\u00a0hace pocos minutos. \u00a1He llorado de emoci\u00f3n como si fuera mi propia hija!\u00bb, expres\u00f3.<\/p>\n<p style=\"text-align: justify;\"><strong>\u00c1lvarez<\/strong>\u00a0destac\u00f3 adem\u00e1s las cualidades que pudo apreciar en\u00a0<strong>Mola<\/strong>\u00a0durante los d\u00edas de competencia, entre ellas su\u00a0<strong>belleza natural<\/strong>,\u00a0<strong>inteligencia<\/strong>,\u00a0<strong>seguridad<\/strong>\u00a0y claridad respecto a sus prop\u00f3sitos.<\/p>\n<p style=\"text-align: justify;\">\u00abLo poco que pude ver de ella en estos d\u00edas me ha mostrado a una mujer de gran\u00a0<strong>belleza natural<\/strong>, inteligente, segura de s\u00ed misma y con prop\u00f3sitos claros, todo lo que la organizaci\u00f3n de este concurso busca en su representante. \u00a1Una digna representaci\u00f3n de la mujer dominicana!\u00bb, manifest\u00f3.<\/p>\n","protected":false},"excerpt":{"rendered":"<p>Con l\u00e1grimas de emoci\u00f3n y un sentimiento de orgullo por el\u00a0legado\u00a0que ayud\u00f3 a construir,\u00a0Mariasela \u00c1lvarez\u00a0reaccion\u00f3 al\u00a0triunfo de Joheirry Mola, quien este s\u00e1bado se convirti\u00f3 en la\u00a0segunda dominicana\u00a0en conquistar la corona de\u00a0Miss Mundo,\u00a044 a\u00f1os despu\u00e9s\u00a0de su hist\u00f3rica victoria. \u00c1lvarez, quien hizo historia en\u00a01982\u00a0al convertirse en la\u00a0primera dominicana\u00a0en ganar el prestigioso\u00a0certamen internacional, comparti\u00f3 en sus redes sociales [&hellip;]<\/p>\n","protected":false},"author":18,"featured_media":63086,"comment_status":"open","ping_status":"open","sticky":false,"template":"","format":"standard","meta":{"footnotes":""},"categories":[20,3773],"tags":[11670],"class_list":["post-63085","post","type-post","status-publish","format-standard","has-post-thumbnail","category-arte-y-cultura-urbana","category-portada","tag-miss-mundo"],"yoast_head":"<!-- This site is optimized with the Yoast SEO plugin v28.4 - https:\/\/yoast.com\/product\/yoast-seo-wordpress\/ -->\n<title>Mariasela \u00c1lvarez tras segunda corona dominicana en Miss Mundo - Conexi\u00f3n 23<\/title>\n<meta name=\"robots\" content=\"index, follow, max-snippet:-1, max-image-preview:large, max-video-preview:-1\" \/>\n<link rel=\"canonical\" href=\"https:\/\/conexion23.com\/mariasela-alvarez-tras-segunda-corona-dominicana-en-miss-mundo\/\" \/>\n<meta property=\"og:locale\" content=\"es_ES\" \/>\n<meta property=\"og:type\" content=\"article\" \/>\n<meta property=\"og:title\" content=\"Mariasela \u00c1lvarez tras segunda corona dominicana en Miss Mundo - Conexi\u00f3n 23\" \/>\n<meta property=\"og:description\" content=\"Con l\u00e1grimas de emoci\u00f3n y un sentimiento de orgullo por el\u00a0legado\u00a0que ayud\u00f3 a construir,\u00a0Mariasela \u00c1lvarez\u00a0reaccion\u00f3 al\u00a0triunfo de Joheirry Mola, quien este s\u00e1bado se convirti\u00f3 en la\u00a0segunda dominicana\u00a0en conquistar la corona de\u00a0Miss Mundo,\u00a044 a\u00f1os despu\u00e9s\u00a0de su hist\u00f3rica victoria. \u00c1lvarez, quien hizo historia en\u00a01982\u00a0al convertirse en la\u00a0primera dominicana\u00a0en ganar el prestigioso\u00a0certamen internacional, comparti\u00f3 en sus redes sociales [&hellip;]\" \/>\n<meta property=\"og:url\" content=\"https:\/\/conexion23.com\/mariasela-alvarez-tras-segunda-corona-dominicana-en-miss-mundo\/\" \/>\n<meta property=\"og:site_name\" content=\"Conexi\u00f3n 23\" \/>\n<meta property=\"article:publisher\" content=\"https:\/\/www.facebook.com\/conexion23com\" \/>\n<meta property=\"article:published_time\" content=\"2026-09-05T19:35:36+00:00\" \/>\n<meta property=\"og:image\" content=\"https:\/\/conexion23.com\/wp-content\/uploads\/2026\/09\/Mariasela-Alvarez-tras-segunda-corona-dominicana-en-Miss-Mundo.jpg\" \/>\n\t<meta property=\"og:image:width\" content=\"896\" \/>\n\t<meta property=\"og:image:height\" content=\"504\" \/>\n\t<meta property=\"og:image:type\" content=\"image\/jpeg\" \/>\n<meta name=\"author\" content=\"Redacci\u00f3n\" \/>\n<meta name=\"twitter:card\" content=\"summary_large_image\" \/>\n<meta name=\"twitter:label1\" content=\"Escrito por\" \/>\n\t<meta name=\"twitter:data1\" content=\"Redacci\u00f3n\" \/>\n\t<meta name=\"twitter:label2\" content=\"Tiempo de lectura\" \/>\n\t<meta name=\"twitter:data2\" content=\"2 minutos\" \/>\n<script type=\"application\/ld+json\" class=\"yoast-schema-graph\">{\"@context\":\"https:\\\/\\\/schema.org\",\"@graph\":[{\"@type\":\"Article\",\"@id\":\"https:\\\/\\\/conexion23.com\\\/mariasela-alvarez-tras-segunda-corona-dominicana-en-miss-mundo\\\/#article\",\"isPartOf\":{\"@id\":\"https:\\\/\\\/conexion23.com\\\/mariasela-alvarez-tras-segunda-corona-dominicana-en-miss-mundo\\\/\"},\"author\":{\"name\":\"Redacci\u00f3n\",\"@id\":\"https:\\\/\\\/conexion23.com\\\/#\\\/schema\\\/person\\\/f9623fdcefb4d55cd88914eba216e551\"},\"headline\":\"Mariasela \u00c1lvarez tras segunda corona dominicana en Miss Mundo\",\"datePublished\":\"2026-09-05T19:35:36+00:00\",\"mainEntityOfPage\":{\"@id\":\"https:\\\/\\\/conexion23.com\\\/mariasela-alvarez-tras-segunda-corona-dominicana-en-miss-mundo\\\/\"},\"wordCount\":292,\"commentCount\":0,\"publisher\":{\"@id\":\"https:\\\/\\\/conexion23.com\\\/#organization\"},\"image\":{\"@id\":\"https:\\\/\\\/conexion23.com\\\/mariasela-alvarez-tras-segunda-corona-dominicana-en-miss-mundo\\\/#primaryimage\"},\"thumbnailUrl\":\"https:\\\/\\\/conexion23.com\\\/wp-content\\\/uploads\\\/2026\\\/09\\\/Mariasela-Alvarez-tras-segunda-corona-dominicana-en-Miss-Mundo.jpg\",\"keywords\":[\"Miss Mundo\"],\"articleSection\":[\"Arte y cultura urbana\",\"Portada\"],\"inLanguage\":\"es\",\"potentialAction\":[{\"@type\":\"CommentAction\",\"name\":\"Comment\",\"target\":[\"https:\\\/\\\/conexion23.com\\\/mariasela-alvarez-tras-segunda-corona-dominicana-en-miss-mundo\\\/#respond\"]}]},{\"@type\":\"WebPage\",\"@id\":\"https:\\\/\\\/conexion23.com\\\/mariasela-alvarez-tras-segunda-corona-dominicana-en-miss-mundo\\\/\",\"url\":\"https:\\\/\\\/conexion23.com\\\/mariasela-alvarez-tras-segunda-corona-dominicana-en-miss-mundo\\\/\",\"name\":\"Mariasela \u00c1lvarez tras segunda corona dominicana en Miss Mundo - Conexi\u00f3n 23\",\"isPartOf\":{\"@id\":\"https:\\\/\\\/conexion23.com\\\/#website\"},\"primaryImageOfPage\":{\"@id\":\"https:\\\/\\\/conexion23.com\\\/mariasela-alvarez-tras-segunda-corona-dominicana-en-miss-mundo\\\/#primaryimage\"},\"image\":{\"@id\":\"https:\\\/\\\/conexion23.com\\\/mariasela-alvarez-tras-segunda-corona-dominicana-en-miss-mundo\\\/#primaryimage\"},\"thumbnailUrl\":\"https:\\\/\\\/conexion23.com\\\/wp-content\\\/uploads\\\/2026\\\/09\\\/Mariasela-Alvarez-tras-segunda-corona-dominicana-en-Miss-Mundo.jpg\",\"datePublished\":\"2026-09-05T19:35:36+00:00\",\"breadcrumb\":{\"@id\":\"https:\\\/\\\/conexion23.com\\\/mariasela-alvarez-tras-segunda-corona-dominicana-en-miss-mundo\\\/#breadcrumb\"},\"inLanguage\":\"es\",\"potentialAction\":[{\"@type\":\"ReadAction\",\"target\":[\"https:\\\/\\\/conexion23.com\\\/mariasela-alvarez-tras-segunda-corona-dominicana-en-miss-mundo\\\/\"]}]},{\"@type\":\"ImageObject\",\"inLanguage\":\"es\",\"@id\":\"https:\\\/\\\/conexion23.com\\\/mariasela-alvarez-tras-segunda-corona-dominicana-en-miss-mundo\\\/#primaryimage\",\"url\":\"https:\\\/\\\/conexion23.com\\\/wp-content\\\/uploads\\\/2026\\\/09\\\/Mariasela-Alvarez-tras-segunda-corona-dominicana-en-Miss-Mundo.jpg\",\"contentUrl\":\"https:\\\/\\\/conexion23.com\\\/wp-content\\\/uploads\\\/2026\\\/09\\\/Mariasela-Alvarez-tras-segunda-corona-dominicana-en-Miss-Mundo.jpg\",\"width\":896,\"height\":504},{\"@type\":\"BreadcrumbList\",\"@id\":\"https:\\\/\\\/conexion23.com\\\/mariasela-alvarez-tras-segunda-corona-dominicana-en-miss-mundo\\\/#breadcrumb\",\"itemListElement\":[{\"@type\":\"ListItem\",\"position\":1,\"name\":\"Portada\",\"item\":\"https:\\\/\\\/conexion23.com\\\/\"},{\"@type\":\"ListItem\",\"position\":2,\"name\":\"Mariasela \u00c1lvarez tras segunda corona dominicana en Miss Mundo\"}]},{\"@type\":\"WebSite\",\"@id\":\"https:\\\/\\\/conexion23.com\\\/#website\",\"url\":\"https:\\\/\\\/conexion23.com\\\/\",\"name\":\"Conexi\u00f3n 23\",\"description\":\"Peri\u00f3dico 100% Petromacorisano\",\"publisher\":{\"@id\":\"https:\\\/\\\/conexion23.com\\\/#organization\"},\"potentialAction\":[{\"@type\":\"SearchAction\",\"target\":{\"@type\":\"EntryPoint\",\"urlTemplate\":\"https:\\\/\\\/conexion23.com\\\/?s={search_term_string}\"},\"query-input\":{\"@type\":\"PropertyValueSpecification\",\"valueRequired\":true,\"valueName\":\"search_term_string\"}}],\"inLanguage\":\"es\"},{\"@type\":\"Organization\",\"@id\":\"https:\\\/\\\/conexion23.com\\\/#organization\",\"name\":\"Conexion 23\",\"url\":\"https:\\\/\\\/conexion23.com\\\/\",\"logo\":{\"@type\":\"ImageObject\",\"inLanguage\":\"es\",\"@id\":\"https:\\\/\\\/conexion23.com\\\/#\\\/schema\\\/logo\\\/image\\\/\",\"url\":\"https:\\\/\\\/conexion23.com\\\/wp-content\\\/uploads\\\/2021\\\/11\\\/Diseno-sin-titulo-2.png\",\"contentUrl\":\"https:\\\/\\\/conexion23.com\\\/wp-content\\\/uploads\\\/2021\\\/11\\\/Diseno-sin-titulo-2.png\",\"width\":541,\"height\":90,\"caption\":\"Conexion 23\"},\"image\":{\"@id\":\"https:\\\/\\\/conexion23.com\\\/#\\\/schema\\\/logo\\\/image\\\/\"},\"sameAs\":[\"https:\\\/\\\/www.facebook.com\\\/conexion23com\",\"https:\\\/\\\/www.instagram.com\\\/conexion23com\\\/\",\"https:\\\/\\\/www.youtube.com\\\/channel\\\/UCYc7vxxFZMYLIHNsHHxPZ3Q\"]},{\"@type\":\"Person\",\"@id\":\"https:\\\/\\\/conexion23.com\\\/#\\\/schema\\\/person\\\/f9623fdcefb4d55cd88914eba216e551\",\"name\":\"Redacci\u00f3n\",\"image\":{\"@type\":\"ImageObject\",\"inLanguage\":\"es\",\"@id\":\"https:\\\/\\\/secure.gravatar.com\\\/avatar\\\/ec9d84b79c776aa1994e5893944465db9974b17b884155623da51b7b62c02845?s=96&d=mm&r=g\",\"url\":\"https:\\\/\\\/secure.gravatar.com\\\/avatar\\\/ec9d84b79c776aa1994e5893944465db9974b17b884155623da51b7b62c02845?s=96&d=mm&r=g\",\"contentUrl\":\"https:\\\/\\\/secure.gravatar.com\\\/avatar\\\/ec9d84b79c776aa1994e5893944465db9974b17b884155623da51b7b62c02845?s=96&d=mm&r=g\",\"caption\":\"Redacci\u00f3n\"},\"url\":\"https:\\\/\\\/conexion23.com\\\/author\\\/periodico\\\/\"}]}<\/script>\n<!-- \/ Yoast SEO plugin. -->","yoast_head_json":{"title":"Mariasela \u00c1lvarez tras segunda corona dominicana en Miss Mundo - Conexi\u00f3n 23","robots":{"index":"index","follow":"follow","max-snippet":"max-snippet:-1","max-image-preview":"max-image-preview:large","max-video-preview":"max-video-preview:-1"},"canonical":"https:\/\/conexion23.com\/mariasela-alvarez-tras-segunda-corona-dominicana-en-miss-mundo\/","og_locale":"es_ES","og_type":"article","og_title":"Mariasela \u00c1lvarez tras segunda corona dominicana en Miss Mundo - Conexi\u00f3n 23","og_description":"Con l\u00e1grimas de emoci\u00f3n y un sentimiento de orgullo por el\u00a0legado\u00a0que ayud\u00f3 a construir,\u00a0Mariasela \u00c1lvarez\u00a0reaccion\u00f3 al\u00a0triunfo de Joheirry Mola, quien este s\u00e1bado se convirti\u00f3 en la\u00a0segunda dominicana\u00a0en conquistar la corona de\u00a0Miss Mundo,\u00a044 a\u00f1os despu\u00e9s\u00a0de su hist\u00f3rica victoria. \u00c1lvarez, quien hizo historia en\u00a01982\u00a0al convertirse en la\u00a0primera dominicana\u00a0en ganar el prestigioso\u00a0certamen internacional, comparti\u00f3 en sus redes sociales [&hellip;]","og_url":"https:\/\/conexion23.com\/mariasela-alvarez-tras-segunda-corona-dominicana-en-miss-mundo\/","og_site_name":"Conexi\u00f3n 23","article_publisher":"https:\/\/www.facebook.com\/conexion23com","article_published_time":"2026-09-05T19:35:36+00:00","og_image":[{"width":896,"height":504,"url":"https:\/\/conexion23.com\/wp-content\/uploads\/2026\/09\/Mariasela-Alvarez-tras-segunda-corona-dominicana-en-Miss-Mundo.jpg","type":"image\/jpeg"}],"author":"Redacci\u00f3n","twitter_card":"summary_large_image","twitter_misc":{"Escrito por":"Redacci\u00f3n","Tiempo de lectura":"2 minutos"},"schema":{"@context":"https:\/\/schema.org","@graph":[{"@type":"Article","@id":"https:\/\/conexion23.com\/mariasela-alvarez-tras-segunda-corona-dominicana-en-miss-mundo\/#article","isPartOf":{"@id":"https:\/\/conexion23.com\/mariasela-alvarez-tras-segunda-corona-dominicana-en-miss-mundo\/"},"author":{"name":"Redacci\u00f3n","@id":"https:\/\/conexion23.com\/#\/schema\/person\/f9623fdcefb4d55cd88914eba216e551"},"headline":"Mariasela \u00c1lvarez tras segunda corona dominicana en Miss Mundo","datePublished":"2026-09-05T19:35:36+00:00","mainEntityOfPage":{"@id":"https:\/\/conexion23.com\/mariasela-alvarez-tras-segunda-corona-dominicana-en-miss-mundo\/"},"wordCount":292,"commentCount":0,"publisher":{"@id":"https:\/\/conexion23.com\/#organization"},"image":{"@id":"https:\/\/conexion23.com\/mariasela-alvarez-tras-segunda-corona-dominicana-en-miss-mundo\/#primaryimage"},"thumbnailUrl":"https:\/\/conexion23.com\/wp-content\/uploads\/2026\/09\/Mariasela-Alvarez-tras-segunda-corona-dominicana-en-Miss-Mundo.jpg","keywords":["Miss Mundo"],"articleSection":["Arte y cultura urbana","Portada"],"inLanguage":"es","potentialAction":[{"@type":"CommentAction","name":"Comment","target":["https:\/\/conexion23.com\/mariasela-alvarez-tras-segunda-corona-dominicana-en-miss-mundo\/#respond"]}]},{"@type":"WebPage","@id":"https:\/\/conexion23.com\/mariasela-alvarez-tras-segunda-corona-dominicana-en-miss-mundo\/","url":"https:\/\/conexion23.com\/mariasela-alvarez-tras-segunda-corona-dominicana-en-miss-mundo\/","name":"Mariasela \u00c1lvarez tras segunda corona dominicana en Miss Mundo - Conexi\u00f3n 23","isPartOf":{"@id":"https:\/\/conexion23.com\/#website"},"primaryImageOfPage":{"@id":"https:\/\/conexion23.com\/mariasela-alvarez-tras-segunda-corona-dominicana-en-miss-mundo\/#primaryimage"},"image":{"@id":"https:\/\/conexion23.com\/mariasela-alvarez-tras-segunda-corona-dominicana-en-miss-mundo\/#primaryimage"},"thumbnailUrl":"https:\/\/conexion23.com\/wp-content\/uploads\/2026\/09\/Mariasela-Alvarez-tras-segunda-corona-dominicana-en-Miss-Mundo.jpg","datePublished":"2026-09-05T19:35:36+00:00","breadcrumb":{"@id":"https:\/\/conexion23.com\/mariasela-alvarez-tras-segunda-corona-dominicana-en-miss-mundo\/#breadcrumb"},"inLanguage":"es","potentialAction":[{"@type":"ReadAction","target":["https:\/\/conexion23.com\/mariasela-alvarez-tras-segunda-corona-dominicana-en-miss-mundo\/"]}]},{"@type":"ImageObject","inLanguage":"es","@id":"https:\/\/conexion23.com\/mariasela-alvarez-tras-segunda-corona-dominicana-en-miss-mundo\/#primaryimage","url":"https:\/\/conexion23.com\/wp-content\/uploads\/2026\/09\/Mariasela-Alvarez-tras-segunda-corona-dominicana-en-Miss-Mundo.jpg","contentUrl":"https:\/\/conexion23.com\/wp-content\/uploads\/2026\/09\/Mariasela-Alvarez-tras-segunda-corona-dominicana-en-Miss-Mundo.jpg","width":896,"height":504},{"@type":"BreadcrumbList","@id":"https:\/\/conexion23.com\/mariasela-alvarez-tras-segunda-corona-dominicana-en-miss-mundo\/#breadcrumb","itemListElement":[{"@type":"ListItem","position":1,"name":"Portada","item":"https:\/\/conexion23.com\/"},{"@type":"ListItem","position":2,"name":"Mariasela \u00c1lvarez tras segunda corona dominicana en Miss Mundo"}]},{"@type":"WebSite","@id":"https:\/\/conexion23.com\/#website","url":"https:\/\/conexion23.com\/","name":"Conexi\u00f3n 23","description":"Peri\u00f3dico 100% Petromacorisano","publisher":{"@id":"https:\/\/conexion23.com\/#organization"},"potentialAction":[{"@type":"SearchAction","target":{"@type":"EntryPoint","urlTemplate":"https:\/\/conexion23.com\/?s={search_term_string}"},"query-input":{"@type":"PropertyValueSpecification","valueRequired":true,"valueName":"search_term_string"}}],"inLanguage":"es"},{"@type":"Organization","@id":"https:\/\/conexion23.com\/#organization","name":"Conexion 23","url":"https:\/\/conexion23.com\/","logo":{"@type":"ImageObject","inLanguage":"es","@id":"https:\/\/conexion23.com\/#\/schema\/logo\/image\/","url":"https:\/\/conexion23.com\/wp-content\/uploads\/2021\/11\/Diseno-sin-titulo-2.png","contentUrl":"https:\/\/conexion23.com\/wp-content\/uploads\/2021\/11\/Diseno-sin-titulo-2.png","width":541,"height":90,"caption":"Conexion 23"},"image":{"@id":"https:\/\/conexion23.com\/#\/schema\/logo\/image\/"},"sameAs":["https:\/\/www.facebook.com\/conexion23com","https:\/\/www.instagram.com\/conexion23com\/","https:\/\/www.youtube.com\/channel\/UCYc7vxxFZMYLIHNsHHxPZ3Q"]},{"@type":"Person","@id":"https:\/\/conexion23.com\/#\/schema\/person\/f9623fdcefb4d55cd88914eba216e551","name":"Redacci\u00f3n","image":{"@type":"ImageObject","inLanguage":"es","@id":"https:\/\/secure.gravatar.com\/avatar\/ec9d84b79c776aa1994e5893944465db9974b17b884155623da51b7b62c02845?s=96&d=mm&r=g","url":"https:\/\/secure.gravatar.com\/avatar\/ec9d84b79c776aa1994e5893944465db9974b17b884155623da51b7b62c02845?s=96&d=mm&r=g","contentUrl":"https:\/\/secure.gravatar.com\/avatar\/ec9d84b79c776aa1994e5893944465db9974b17b884155623da51b7b62c02845?s=96&d=mm&r=g","caption":"Redacci\u00f3n"},"url":"https:\/\/conexion23.com\/author\/periodico\/"}]}},"_links":{"self":[{"href":"https:\/\/conexion23.com\/wp-json\/wp\/v2\/posts\/63085","targetHints":{"allow":["GET"]}}],"collection":[{"href":"https:\/\/conexion23.com\/wp-json\/wp\/v2\/posts"}],"about":[{"href":"https:\/\/conexion23.com\/wp-json\/wp\/v2\/types\/post"}],"author":[{"embeddable":true,"href":"https:\/\/conexion23.com\/wp-json\/wp\/v2\/users\/18"}],"replies":[{"embeddable":true,"href":"https:\/\/conexion23.com\/wp-json\/wp\/v2\/comments?post=63085"}],"version-history":[{"count":1,"href":"https:\/\/conexion23.com\/wp-json\/wp\/v2\/posts\/63085\/revisions"}],"predecessor-version":[{"id":63087,"href":"https:\/\/conexion23.com\/wp-json\/wp\/v2\/posts\/63085\/revisions\/63087"}],"wp:featuredmedia":[{"embeddable":true,"href":"https:\/\/conexion23.com\/wp-json\/wp\/v2\/media\/63086"}],"wp:attachment":[{"href":"https:\/\/conexion23.com\/wp-json\/wp\/v2\/media?parent=63085"}],"wp:term":[{"taxonomy":"category","embeddable":true,"href":"https:\/\/conexion23.com\/wp-json\/wp\/v2\/categories?post=63085"},{"taxonomy":"post_tag","embeddable":true,"href":"https:\/\/conexion23.com\/wp-json\/wp\/v2\/tags?post=63085"}],"curies":[{"name":"wp","href":"https:\/\/api.w.org\/{rel}","templated":true}]}}