{"id":63090,"date":"2026-09-05T15:47:11","date_gmt":"2026-09-05T19:47:11","guid":{"rendered":"https:\/\/conexion23.com\/?p=63090"},"modified":"2026-09-05T15:47:49","modified_gmt":"2026-09-05T19:47:49","slug":"marileidy-paulino-volvio-a-la-cima-en-el-momento-que-mas-importaba","status":"publish","type":"post","link":"https:\/\/conexion23.com\/?p=63090","title":{"rendered":"\u00a0Marileidy Paulino volvi\u00f3 a la cima en el momento que m\u00e1s importaba"},"content":{"rendered":"<p class=\"paragraph\" style=\"text-align: justify;\"><strong>La velocista dominicana conquist\u00f3 este s\u00e1bado su cuarto t\u00edtulo de la Liga Diamante en los 400 metros, al imponerse en la gran final disputada en el Estadio Rey Balduino de Bruselas con un tiempo de 48.64 segundos, registro que adem\u00e1s estableci\u00f3 un nuevo r\u00e9cord del mitin.<\/strong><\/p>\n<p class=\"paragraph\" style=\"text-align: justify;\">Paulino confirm\u00f3 as\u00ed su condici\u00f3n de una de las grandes figuras del atletismo mundial y recuper\u00f3 una corona que hab\u00eda perdido en 2025. La campeona ol\u00edmpica cruz\u00f3 la meta por delante de la noruega Henriette J\u00e6ger, quien termin\u00f3 segunda con 49.20 segundos, mientras que la jamaicana Nickisha Pryce ocup\u00f3 la tercera posici\u00f3n con 49.36.<\/p>\n<p class=\"paragraph\" style=\"text-align: justify;\"><b>Una corona que vuelve a manos dominicanas<\/b><\/p>\n<p class=\"paragraph\" style=\"text-align: justify;\">El triunfo representa el cuarto gran trofeo de Paulino en la principal serie anual del atletismo mundial.<\/p>\n<p class=\"paragraph\" style=\"text-align: justify;\">La dominicana hab\u00eda conquistado las finales de 2022, 2023 y 2024, antes de terminar segunda en 2025, cuando la barein\u00ed Salwa Eid Naser se qued\u00f3 con el t\u00edtulo. Aquella derrota puso fin a una racha de tres coronas consecutivas.<\/p>\n<p class=\"paragraph\" style=\"text-align: justify;\">Un a\u00f1o despu\u00e9s, Paulino regres\u00f3 a Bruselas con la misi\u00f3n de recuperar el trono y cumpli\u00f3 con autoridad.<\/p>\n<p class=\"paragraph\" style=\"text-align: justify;\">Antes de la final, la dominicana llegaba como l\u00edder de la clasificaci\u00f3n de los 400 metros y con cinco victorias en las reuniones de la Diamond League durante la temporada. Su mejor registro del a\u00f1o era de 48.48 segundos, conseguido en Par\u00eds.<\/p>\n<p class=\"paragraph\" style=\"text-align: justify;\">48.64 segundos para volver a escribir la historia<\/p>\n<p class=\"paragraph\" style=\"text-align: justify;\">El cron\u00f3metro volvi\u00f3 a convertirse en aliado de la dominicana.<\/p>\n<p class=\"paragraph\" style=\"text-align: justify;\">48.64 segundos fue suficiente para quedarse con la victoria y, al mismo tiempo, borrar el anterior r\u00e9cord del mitin.<\/p>\n<p class=\"paragraph\" style=\"text-align: justify;\">La actuaci\u00f3n representa otra demostraci\u00f3n de la extraordinaria consistencia de Paulino en una temporada en la que ha sido protagonista permanente del circuito.<\/p>\n<p class=\"paragraph\" style=\"text-align: justify;\">En julio, la atleta dominicana tambi\u00e9n hab\u00eda ganado los 400 metros de la parada de Londres con 48.97 segundos, superando precisamente a J\u00e6ger, quien termin\u00f3 segunda con 49.15.<\/p>\n<p class=\"paragraph\" style=\"text-align: justify;\">Ahora, en la final de Bruselas, volvi\u00f3 a imponerse ante la noruega y ampli\u00f3 su colecci\u00f3n de triunfos.<\/p>\n<p class=\"paragraph\" style=\"text-align: justify;\"><strong>La revancha despu\u00e9s de 2025<\/strong><\/p>\n<p class=\"paragraph\" style=\"text-align: justify;\">El t\u00edtulo tiene un significado especial para Paulino.<\/p>\n<p class=\"paragraph\" style=\"text-align: justify;\">En la final de 2025, la dominicana perdi\u00f3 la corona ante Salwa Eid Naser, quien se impuso con 48.70 segundos frente a los 49.23 de Paulino.<\/p>\n<p class=\"paragraph\" style=\"text-align: justify;\">Aquella carrera interrumpi\u00f3 el dominio que la quisqueyana hab\u00eda ejercido durante tres a\u00f1os consecutivos.<\/p>\n<p class=\"paragraph\" style=\"text-align: justify;\">La respuesta lleg\u00f3 en 2026.<\/p>\n<p class=\"paragraph\" style=\"text-align: justify;\">Paulino domin\u00f3 buena parte del circuito, asegur\u00f3 su presencia en la final con anticipaci\u00f3n y lleg\u00f3 a Bruselas como una de las principales favoritas para recuperar el trofeo.<\/p>\n<p class=\"paragraph\" style=\"text-align: justify;\">Y no dej\u00f3 espacio para la sorpresa.<\/p>\n<p class=\"paragraph\" style=\"text-align: justify;\"><b>Un legado que sigue creciendo<\/b><\/p>\n<p class=\"paragraph\" style=\"text-align: justify;\">El cuarto t\u00edtulo de Diamond League se suma a una carrera que ya incluye campeonatos ol\u00edmpicos, t\u00edtulos mundiales, r\u00e9cords y numerosas victorias internacionales.<\/p>\n<p class=\"paragraph\" style=\"text-align: justify;\">Su mejor registro personal en los 400 metros contin\u00faa siendo 47.98 segundos, logrado en el Campeonato Mundial de Atletismo de Tokio 2025, donde termin\u00f3 como subcampeona detr\u00e1s de la estadounidense Sydney McLaughlin-Levrone.<\/p>\n<p class=\"paragraph\" style=\"text-align: justify;\">Paulino tambi\u00e9n ha establecido una presencia dominante en el circuito. Antes de esta final acumulaba 27 victorias en la Diamond League desde su debut en 2021: 24 en las distintas reuniones y tres t\u00edtulos en las finales.<\/p>\n<p class=\"paragraph\" style=\"text-align: justify;\">La victoria de Bruselas eleva nuevamente su nombre entre las grandes especialistas de todos los tiempos en la vuelta completa.<\/p>\n","protected":false},"excerpt":{"rendered":"<p>La velocista dominicana conquist\u00f3 este s\u00e1bado su cuarto t\u00edtulo de la Liga Diamante en los 400 metros, al imponerse en la gran final disputada en el Estadio Rey Balduino de Bruselas con un tiempo de 48.64 segundos, registro que adem\u00e1s estableci\u00f3 un nuevo r\u00e9cord del mitin. Paulino confirm\u00f3 as\u00ed su condici\u00f3n de una de las [&hellip;]<\/p>\n","protected":false},"author":18,"featured_media":63091,"comment_status":"open","ping_status":"open","sticky":false,"template":"","format":"standard","meta":{"footnotes":""},"categories":[6,3773],"tags":[10009,11672,925],"class_list":["post-63090","post","type-post","status-publish","format-standard","has-post-thumbnail","category-deportes","category-portada","tag-bruselas","tag-estadio-rey-balduino","tag-marileidy-paulino"],"yoast_head":"<!-- This site is optimized with the Yoast SEO plugin v27.6 - https:\/\/yoast.com\/product\/yoast-seo-wordpress\/ -->\n<title>\u00a0Marileidy Paulino volvi\u00f3 a la cima en el momento que m\u00e1s importaba - Conexi\u00f3n 23<\/title>\n<meta name=\"robots\" content=\"index, follow, max-snippet:-1, max-image-preview:large, max-video-preview:-1\" \/>\n<link rel=\"canonical\" href=\"https:\/\/conexion23.com\/?p=63090\" \/>\n<meta property=\"og:locale\" content=\"es_ES\" \/>\n<meta property=\"og:type\" content=\"article\" \/>\n<meta property=\"og:title\" content=\"\u00a0Marileidy Paulino volvi\u00f3 a la cima en el momento que m\u00e1s importaba - Conexi\u00f3n 23\" \/>\n<meta property=\"og:description\" content=\"La velocista dominicana conquist\u00f3 este s\u00e1bado su cuarto t\u00edtulo de la Liga Diamante en los 400 metros, al imponerse en la gran final disputada en el Estadio Rey Balduino de Bruselas con un tiempo de 48.64 segundos, registro que adem\u00e1s estableci\u00f3 un nuevo r\u00e9cord del mitin. Paulino confirm\u00f3 as\u00ed su condici\u00f3n de una de las [&hellip;]\" \/>\n<meta property=\"og:url\" content=\"https:\/\/conexion23.com\/?p=63090\" \/>\n<meta property=\"og:site_name\" content=\"Conexi\u00f3n 23\" \/>\n<meta property=\"article:publisher\" content=\"https:\/\/www.facebook.com\/conexion23com\" \/>\n<meta property=\"article:published_time\" content=\"2026-09-05T19:47:11+00:00\" \/>\n<meta property=\"article:modified_time\" content=\"2026-09-05T19:47:49+00:00\" \/>\n<meta property=\"og:image\" content=\"http:\/\/conexion23.com\/wp-content\/uploads\/2026\/09\/Marileidy-Paulino-hace-historia-con-su-cuarto-diamante.jpeg\" \/>\n\t<meta property=\"og:image:width\" content=\"1200\" \/>\n\t<meta property=\"og:image:height\" content=\"592\" \/>\n\t<meta property=\"og:image:type\" content=\"image\/jpeg\" \/>\n<meta name=\"author\" content=\"Redacci\u00f3n\" \/>\n<meta name=\"twitter:card\" content=\"summary_large_image\" \/>\n<meta name=\"twitter:label1\" content=\"Escrito por\" \/>\n\t<meta name=\"twitter:data1\" content=\"Redacci\u00f3n\" \/>\n\t<meta name=\"twitter:label2\" content=\"Tiempo de lectura\" \/>\n\t<meta name=\"twitter:data2\" content=\"3 minutos\" \/>\n<script type=\"application\/ld+json\" class=\"yoast-schema-graph\">{\"@context\":\"https:\\\/\\\/schema.org\",\"@graph\":[{\"@type\":\"Article\",\"@id\":\"https:\\\/\\\/conexion23.com\\\/?p=63090#article\",\"isPartOf\":{\"@id\":\"https:\\\/\\\/conexion23.com\\\/?p=63090\"},\"author\":{\"name\":\"Redacci\u00f3n\",\"@id\":\"https:\\\/\\\/conexion23.com\\\/#\\\/schema\\\/person\\\/0a860802b17d01ad2a278f53c507c296\"},\"headline\":\"\u00a0Marileidy Paulino volvi\u00f3 a la cima en el momento que m\u00e1s importaba\",\"datePublished\":\"2026-09-05T19:47:11+00:00\",\"dateModified\":\"2026-09-05T19:47:49+00:00\",\"mainEntityOfPage\":{\"@id\":\"https:\\\/\\\/conexion23.com\\\/?p=63090\"},\"wordCount\":564,\"commentCount\":0,\"publisher\":{\"@id\":\"https:\\\/\\\/conexion23.com\\\/#organization\"},\"image\":{\"@id\":\"https:\\\/\\\/conexion23.com\\\/?p=63090#primaryimage\"},\"thumbnailUrl\":\"https:\\\/\\\/conexion23.com\\\/wp-content\\\/uploads\\\/2026\\\/09\\\/Marileidy-Paulino-hace-historia-con-su-cuarto-diamante.jpeg\",\"keywords\":[\"Bruselas\",\"Estadio Rey Balduino\",\"marileidy paulino\"],\"articleSection\":[\"Deportes\",\"Portada\"],\"inLanguage\":\"es\",\"potentialAction\":[{\"@type\":\"CommentAction\",\"name\":\"Comment\",\"target\":[\"https:\\\/\\\/conexion23.com\\\/?p=63090#respond\"]}]},{\"@type\":\"WebPage\",\"@id\":\"https:\\\/\\\/conexion23.com\\\/?p=63090\",\"url\":\"https:\\\/\\\/conexion23.com\\\/?p=63090\",\"name\":\"\u00a0Marileidy Paulino volvi\u00f3 a la cima en el momento que m\u00e1s importaba - Conexi\u00f3n 23\",\"isPartOf\":{\"@id\":\"https:\\\/\\\/conexion23.com\\\/#website\"},\"primaryImageOfPage\":{\"@id\":\"https:\\\/\\\/conexion23.com\\\/?p=63090#primaryimage\"},\"image\":{\"@id\":\"https:\\\/\\\/conexion23.com\\\/?p=63090#primaryimage\"},\"thumbnailUrl\":\"https:\\\/\\\/conexion23.com\\\/wp-content\\\/uploads\\\/2026\\\/09\\\/Marileidy-Paulino-hace-historia-con-su-cuarto-diamante.jpeg\",\"datePublished\":\"2026-09-05T19:47:11+00:00\",\"dateModified\":\"2026-09-05T19:47:49+00:00\",\"breadcrumb\":{\"@id\":\"https:\\\/\\\/conexion23.com\\\/?p=63090#breadcrumb\"},\"inLanguage\":\"es\",\"potentialAction\":[{\"@type\":\"ReadAction\",\"target\":[\"https:\\\/\\\/conexion23.com\\\/?p=63090\"]}]},{\"@type\":\"ImageObject\",\"inLanguage\":\"es\",\"@id\":\"https:\\\/\\\/conexion23.com\\\/?p=63090#primaryimage\",\"url\":\"https:\\\/\\\/conexion23.com\\\/wp-content\\\/uploads\\\/2026\\\/09\\\/Marileidy-Paulino-hace-historia-con-su-cuarto-diamante.jpeg\",\"contentUrl\":\"https:\\\/\\\/conexion23.com\\\/wp-content\\\/uploads\\\/2026\\\/09\\\/Marileidy-Paulino-hace-historia-con-su-cuarto-diamante.jpeg\",\"width\":1200,\"height\":592},{\"@type\":\"BreadcrumbList\",\"@id\":\"https:\\\/\\\/conexion23.com\\\/?p=63090#breadcrumb\",\"itemListElement\":[{\"@type\":\"ListItem\",\"position\":1,\"name\":\"Portada\",\"item\":\"https:\\\/\\\/conexion23.com\\\/\"},{\"@type\":\"ListItem\",\"position\":2,\"name\":\"\u00a0Marileidy Paulino volvi\u00f3 a la cima en el momento que m\u00e1s importaba\"}]},{\"@type\":\"WebSite\",\"@id\":\"https:\\\/\\\/conexion23.com\\\/#website\",\"url\":\"https:\\\/\\\/conexion23.com\\\/\",\"name\":\"Conexi\u00f3n 23\",\"description\":\"Peri\u00f3dico 100% Petromacorisano\",\"publisher\":{\"@id\":\"https:\\\/\\\/conexion23.com\\\/#organization\"},\"potentialAction\":[{\"@type\":\"SearchAction\",\"target\":{\"@type\":\"EntryPoint\",\"urlTemplate\":\"https:\\\/\\\/conexion23.com\\\/?s={search_term_string}\"},\"query-input\":{\"@type\":\"PropertyValueSpecification\",\"valueRequired\":true,\"valueName\":\"search_term_string\"}}],\"inLanguage\":\"es\"},{\"@type\":\"Organization\",\"@id\":\"https:\\\/\\\/conexion23.com\\\/#organization\",\"name\":\"Conexion 23\",\"url\":\"https:\\\/\\\/conexion23.com\\\/\",\"logo\":{\"@type\":\"ImageObject\",\"inLanguage\":\"es\",\"@id\":\"https:\\\/\\\/conexion23.com\\\/#\\\/schema\\\/logo\\\/image\\\/\",\"url\":\"https:\\\/\\\/conexion23.com\\\/wp-content\\\/uploads\\\/2021\\\/11\\\/Diseno-sin-titulo-2.png\",\"contentUrl\":\"https:\\\/\\\/conexion23.com\\\/wp-content\\\/uploads\\\/2021\\\/11\\\/Diseno-sin-titulo-2.png\",\"width\":541,\"height\":90,\"caption\":\"Conexion 23\"},\"image\":{\"@id\":\"https:\\\/\\\/conexion23.com\\\/#\\\/schema\\\/logo\\\/image\\\/\"},\"sameAs\":[\"https:\\\/\\\/www.facebook.com\\\/conexion23com\",\"https:\\\/\\\/www.instagram.com\\\/conexion23com\\\/\",\"https:\\\/\\\/www.youtube.com\\\/channel\\\/UCYc7vxxFZMYLIHNsHHxPZ3Q\"]},{\"@type\":\"Person\",\"@id\":\"https:\\\/\\\/conexion23.com\\\/#\\\/schema\\\/person\\\/0a860802b17d01ad2a278f53c507c296\",\"name\":\"Redacci\u00f3n\",\"image\":{\"@type\":\"ImageObject\",\"inLanguage\":\"es\",\"@id\":\"https:\\\/\\\/secure.gravatar.com\\\/avatar\\\/ec9d84b79c776aa1994e5893944465db9974b17b884155623da51b7b62c02845?s=96&d=mm&r=g\",\"url\":\"https:\\\/\\\/secure.gravatar.com\\\/avatar\\\/ec9d84b79c776aa1994e5893944465db9974b17b884155623da51b7b62c02845?s=96&d=mm&r=g\",\"contentUrl\":\"https:\\\/\\\/secure.gravatar.com\\\/avatar\\\/ec9d84b79c776aa1994e5893944465db9974b17b884155623da51b7b62c02845?s=96&d=mm&r=g\",\"caption\":\"Redacci\u00f3n\"},\"url\":\"https:\\\/\\\/conexion23.com\\\/?author=18\"}]}<\/script>\n<!-- \/ Yoast SEO plugin. -->","yoast_head_json":{"title":"\u00a0Marileidy Paulino volvi\u00f3 a la cima en el momento que m\u00e1s importaba - Conexi\u00f3n 23","robots":{"index":"index","follow":"follow","max-snippet":"max-snippet:-1","max-image-preview":"max-image-preview:large","max-video-preview":"max-video-preview:-1"},"canonical":"https:\/\/conexion23.com\/?p=63090","og_locale":"es_ES","og_type":"article","og_title":"\u00a0Marileidy Paulino volvi\u00f3 a la cima en el momento que m\u00e1s importaba - Conexi\u00f3n 23","og_description":"La velocista dominicana conquist\u00f3 este s\u00e1bado su cuarto t\u00edtulo de la Liga Diamante en los 400 metros, al imponerse en la gran final disputada en el Estadio Rey Balduino de Bruselas con un tiempo de 48.64 segundos, registro que adem\u00e1s estableci\u00f3 un nuevo r\u00e9cord del mitin. Paulino confirm\u00f3 as\u00ed su condici\u00f3n de una de las [&hellip;]","og_url":"https:\/\/conexion23.com\/?p=63090","og_site_name":"Conexi\u00f3n 23","article_publisher":"https:\/\/www.facebook.com\/conexion23com","article_published_time":"2026-09-05T19:47:11+00:00","article_modified_time":"2026-09-05T19:47:49+00:00","og_image":[{"width":1200,"height":592,"url":"http:\/\/conexion23.com\/wp-content\/uploads\/2026\/09\/Marileidy-Paulino-hace-historia-con-su-cuarto-diamante.jpeg","type":"image\/jpeg"}],"author":"Redacci\u00f3n","twitter_card":"summary_large_image","twitter_misc":{"Escrito por":"Redacci\u00f3n","Tiempo de lectura":"3 minutos"},"schema":{"@context":"https:\/\/schema.org","@graph":[{"@type":"Article","@id":"https:\/\/conexion23.com\/?p=63090#article","isPartOf":{"@id":"https:\/\/conexion23.com\/?p=63090"},"author":{"name":"Redacci\u00f3n","@id":"https:\/\/conexion23.com\/#\/schema\/person\/0a860802b17d01ad2a278f53c507c296"},"headline":"\u00a0Marileidy Paulino volvi\u00f3 a la cima en el momento que m\u00e1s importaba","datePublished":"2026-09-05T19:47:11+00:00","dateModified":"2026-09-05T19:47:49+00:00","mainEntityOfPage":{"@id":"https:\/\/conexion23.com\/?p=63090"},"wordCount":564,"commentCount":0,"publisher":{"@id":"https:\/\/conexion23.com\/#organization"},"image":{"@id":"https:\/\/conexion23.com\/?p=63090#primaryimage"},"thumbnailUrl":"https:\/\/conexion23.com\/wp-content\/uploads\/2026\/09\/Marileidy-Paulino-hace-historia-con-su-cuarto-diamante.jpeg","keywords":["Bruselas","Estadio Rey Balduino","marileidy paulino"],"articleSection":["Deportes","Portada"],"inLanguage":"es","potentialAction":[{"@type":"CommentAction","name":"Comment","target":["https:\/\/conexion23.com\/?p=63090#respond"]}]},{"@type":"WebPage","@id":"https:\/\/conexion23.com\/?p=63090","url":"https:\/\/conexion23.com\/?p=63090","name":"\u00a0Marileidy Paulino volvi\u00f3 a la cima en el momento que m\u00e1s importaba - Conexi\u00f3n 23","isPartOf":{"@id":"https:\/\/conexion23.com\/#website"},"primaryImageOfPage":{"@id":"https:\/\/conexion23.com\/?p=63090#primaryimage"},"image":{"@id":"https:\/\/conexion23.com\/?p=63090#primaryimage"},"thumbnailUrl":"https:\/\/conexion23.com\/wp-content\/uploads\/2026\/09\/Marileidy-Paulino-hace-historia-con-su-cuarto-diamante.jpeg","datePublished":"2026-09-05T19:47:11+00:00","dateModified":"2026-09-05T19:47:49+00:00","breadcrumb":{"@id":"https:\/\/conexion23.com\/?p=63090#breadcrumb"},"inLanguage":"es","potentialAction":[{"@type":"ReadAction","target":["https:\/\/conexion23.com\/?p=63090"]}]},{"@type":"ImageObject","inLanguage":"es","@id":"https:\/\/conexion23.com\/?p=63090#primaryimage","url":"https:\/\/conexion23.com\/wp-content\/uploads\/2026\/09\/Marileidy-Paulino-hace-historia-con-su-cuarto-diamante.jpeg","contentUrl":"https:\/\/conexion23.com\/wp-content\/uploads\/2026\/09\/Marileidy-Paulino-hace-historia-con-su-cuarto-diamante.jpeg","width":1200,"height":592},{"@type":"BreadcrumbList","@id":"https:\/\/conexion23.com\/?p=63090#breadcrumb","itemListElement":[{"@type":"ListItem","position":1,"name":"Portada","item":"https:\/\/conexion23.com\/"},{"@type":"ListItem","position":2,"name":"\u00a0Marileidy Paulino volvi\u00f3 a la cima en el momento que m\u00e1s importaba"}]},{"@type":"WebSite","@id":"https:\/\/conexion23.com\/#website","url":"https:\/\/conexion23.com\/","name":"Conexi\u00f3n 23","description":"Peri\u00f3dico 100% Petromacorisano","publisher":{"@id":"https:\/\/conexion23.com\/#organization"},"potentialAction":[{"@type":"SearchAction","target":{"@type":"EntryPoint","urlTemplate":"https:\/\/conexion23.com\/?s={search_term_string}"},"query-input":{"@type":"PropertyValueSpecification","valueRequired":true,"valueName":"search_term_string"}}],"inLanguage":"es"},{"@type":"Organization","@id":"https:\/\/conexion23.com\/#organization","name":"Conexion 23","url":"https:\/\/conexion23.com\/","logo":{"@type":"ImageObject","inLanguage":"es","@id":"https:\/\/conexion23.com\/#\/schema\/logo\/image\/","url":"https:\/\/conexion23.com\/wp-content\/uploads\/2021\/11\/Diseno-sin-titulo-2.png","contentUrl":"https:\/\/conexion23.com\/wp-content\/uploads\/2021\/11\/Diseno-sin-titulo-2.png","width":541,"height":90,"caption":"Conexion 23"},"image":{"@id":"https:\/\/conexion23.com\/#\/schema\/logo\/image\/"},"sameAs":["https:\/\/www.facebook.com\/conexion23com","https:\/\/www.instagram.com\/conexion23com\/","https:\/\/www.youtube.com\/channel\/UCYc7vxxFZMYLIHNsHHxPZ3Q"]},{"@type":"Person","@id":"https:\/\/conexion23.com\/#\/schema\/person\/0a860802b17d01ad2a278f53c507c296","name":"Redacci\u00f3n","image":{"@type":"ImageObject","inLanguage":"es","@id":"https:\/\/secure.gravatar.com\/avatar\/ec9d84b79c776aa1994e5893944465db9974b17b884155623da51b7b62c02845?s=96&d=mm&r=g","url":"https:\/\/secure.gravatar.com\/avatar\/ec9d84b79c776aa1994e5893944465db9974b17b884155623da51b7b62c02845?s=96&d=mm&r=g","contentUrl":"https:\/\/secure.gravatar.com\/avatar\/ec9d84b79c776aa1994e5893944465db9974b17b884155623da51b7b62c02845?s=96&d=mm&r=g","caption":"Redacci\u00f3n"},"url":"https:\/\/conexion23.com\/?author=18"}]}},"_links":{"self":[{"href":"https:\/\/conexion23.com\/index.php?rest_route=\/wp\/v2\/posts\/63090","targetHints":{"allow":["GET"]}}],"collection":[{"href":"https:\/\/conexion23.com\/index.php?rest_route=\/wp\/v2\/posts"}],"about":[{"href":"https:\/\/conexion23.com\/index.php?rest_route=\/wp\/v2\/types\/post"}],"author":[{"embeddable":true,"href":"https:\/\/conexion23.com\/index.php?rest_route=\/wp\/v2\/users\/18"}],"replies":[{"embeddable":true,"href":"https:\/\/conexion23.com\/index.php?rest_route=%2Fwp%2Fv2%2Fcomments&post=63090"}],"version-history":[{"count":1,"href":"https:\/\/conexion23.com\/index.php?rest_route=\/wp\/v2\/posts\/63090\/revisions"}],"predecessor-version":[{"id":63092,"href":"https:\/\/conexion23.com\/index.php?rest_route=\/wp\/v2\/posts\/63090\/revisions\/63092"}],"wp:featuredmedia":[{"embeddable":true,"href":"https:\/\/conexion23.com\/index.php?rest_route=\/wp\/v2\/media\/63091"}],"wp:attachment":[{"href":"https:\/\/conexion23.com\/index.php?rest_route=%2Fwp%2Fv2%2Fmedia&parent=63090"}],"wp:term":[{"taxonomy":"category","embeddable":true,"href":"https:\/\/conexion23.com\/index.php?rest_route=%2Fwp%2Fv2%2Fcategories&post=63090"},{"taxonomy":"post_tag","embeddable":true,"href":"https:\/\/conexion23.com\/index.php?rest_route=%2Fwp%2Fv2%2Ftags&post=63090"}],"curies":[{"name":"wp","href":"https:\/\/api.w.org\/{rel}","templated":true}]}}