{"id":6431,"date":"2022-04-27T08:47:37","date_gmt":"2022-04-27T12:47:37","guid":{"rendered":"https:\/\/conexion23.com\/?p=6431"},"modified":"2022-04-27T08:47:40","modified_gmt":"2022-04-27T12:47:40","slug":"una-nueva-generacion-dara-el-salto-al-poder-afirma-directora-de-latinobarometro","status":"publish","type":"post","link":"https:\/\/conexion23.com\/?p=6431","title":{"rendered":"\u00abUna nueva generaci\u00f3n dar\u00e1 el salto al poder\u00bb, afirma directora de Latinobar\u00f3metro"},"content":{"rendered":"\n<p>MADRID, Espa\u00f1a. 26\/04\/2022.- La directora del Latinobar\u00f3metro, Marta Lagos, tiene claro que Am\u00e9rica Latina enfrenta una d\u00e9cada crucial en la que habr\u00e1 de \u00abcontrolar una demanda de populismo\u00bb por parte de la ciudadan\u00eda y donde cree que \u00abuna nueva generaci\u00f3n tiene que dar un salto al poder\u00bb. EFE\/Macarena Soto<\/p>\n\n\n\n<p>La directora del\u00a0<strong>Latinobar\u00f3metro, Marta Lagos<\/strong>, tiene claro que\u00a0<strong>Am\u00e9rica Latina<\/strong>\u00a0enfrenta una d\u00e9cada crucial en la que habr\u00e1 de \u00abcontrolar una demanda de populismo\u00bb por parte de la ciudadan\u00eda y donde cree que \u00abuna nueva generaci\u00f3n tiene que dar un salto al poder\u00bb.<\/p>\n\n\n\n<p>En una entrevista con EFE en Madrid, la chilena pide tiempo para juzgar las medidas del presidente de su pa\u00eds, Gabriel Boric, y recuerda que su generaci\u00f3n ha llegado al poder \u00abdiez a\u00f1os antes\u00bb de lo que les habr\u00eda correspondido por su edad, ya que el mandatario apenas tiene 36.<\/p>\n\n\n\n<p>\u00abTenemos una \u00e9lite que se qued\u00f3 en el poder en el caso de Bolivia, Ecuador y no digamos Nicaragua, que impidi\u00f3 la generaci\u00f3n de nuevas generaciones (de l\u00edderes) y estamos en una etapa en que la nueva generaci\u00f3n tiene que dar un salto al poder\u00bb, analiza.<\/p>\n\n\n\n<p>En ese sentido, se detiene en el caso chileno, al que califica como \u00absalto brusco\u00bb: \u00abtodos saben que llegaron diez a\u00f1os antes de lo debido, fueron catapultados al poder justamente por el vac\u00edo que hab\u00eda\u00bb.<\/p>\n\n\n\n<h2 class=\"wp-block-heading\">Nuevas \u00e9lites y populismo<\/h2>\n\n\n\n<p>La analista cree que la ciudadan\u00eda latinoamericana est\u00e1 buscando \u00abnuevas \u00e9lites\u00bb para gobernar, pero advierte de que en esa b\u00fasqueda de \u00abcambios\u00bb, \u00ablos primeros que salen son los populistas\u00bb.<\/p>\n\n\n\n<p>\u00abNos puede tomar una d\u00e9cada, las cosas se pueden poner peor antes que mejor, lo bueno es que la poblaci\u00f3n quiere democracia, si lo dejan a uno salirse de la democracia al pr\u00f3ximo lo van a obligar a volver, esto no es un cheque en blanco como lo era con los militares\u00bb, aclara.<\/p>\n\n\n\n<p>En esa l\u00ednea se refiere a mandatarios como Najib Bukele, presidente de El Salvador, al que tilda de \u00abpopulista desatado\u00bb, o al mexicano Andr\u00e9s Manuel L\u00f3pez Obrador, quien \u00aben el semipopulismo\u00bb no ha conseguido \u00abgrandes transformaciones para M\u00e9xico\u00bb.<\/p>\n\n\n\n<p>\u00abEl hecho de que un Gobierno sea de izquierda no te dice nada, aqu\u00ed lo central es ver cu\u00e1les son los gobiernos que van a lograr transformaciones para desmantelar las desigualdades, lo otro son gobiernos de administraci\u00f3n\u00bb, dice.<\/p>\n\n\n\n<h2 class=\"wp-block-heading\">Nueva izquierda<\/h2>\n\n\n\n<p>Lagos cree que una nueva izquierda se est\u00e1 fraguando en Am\u00e9rica Latina y considera que la \u00abtradicional\u00bb no fue \u00abexitosa\u00bb cuando estuvo en el poder.<\/p>\n\n\n\n<p>\u00abSi a Boric le va bien va a ser un ejemplo de una nueva izquierda, la tradicional en todas partes no fue exitosa, una cosa es decir y otra efectuar cambios\u00bb, dice.<\/p>\n\n\n\n<p>As\u00ed, se\u00f1ala la necesidad de mejorar \u00absistemas impositivos de bajo nivel\u00bb o hacer \u00abreformas estructurales para avanzar y crear un estado de garant\u00edas sociales\u00bb: \u00abes lo que est\u00e1 tratando de hacer el Gobierno chileno no sin dificultad porque la oposici\u00f3n est\u00e1 intentando que fracase, veremos qu\u00e9 pasa en el camino\u00bb.<\/p>\n\n\n\n<p>Lamenta que la \u00abinmediatez del mundo y de las redes sociales\u00bb se haya trasladado a la pol\u00edtica y est\u00e9 \u00abperjudic\u00e1ndola\u00bb.<\/p>\n\n\n\n<p>\u00abMuchos latinoamericanos quieren una persona que resuelva los problemas sin importar si pasa por encima de la leyes, ya no les interesan los militares y dictaduras pero si un se\u00f1or que mande\u00bb, incide.<\/p>\n\n\n\n<p>As\u00ed, cree que parte de la poblaci\u00f3n permitir\u00eda a un mandatario \u00abque pase por encima del parlamento o cambie a los jueces para hacer lo que tenga que hacer, ese es el peligro de la regi\u00f3n y puede que pasemos toda una d\u00e9cada tratando de controlar esa demanda de populismo desatado\u00bb.<\/p>\n\n\n\n<h2 class=\"wp-block-heading\">Cambio de ciclo y ca\u00eddas<\/h2>\n\n\n\n<p>La analista recuerda que desde 2019 se han celebrado 19 elecciones en la regi\u00f3n, en las que todas, con la excepci\u00f3n de Bolivia, han dado lugar a cambios de gobierno.<\/p>\n\n\n\n<p>Por ello, predice alternancia tambi\u00e9n en Colombia y Brasil, que celebrar\u00e1n comicios el 29 de mayo y el 2 de octubre respectivamente, y donde los candidatos Gustavo Petro y Lula da Silva parten con ventaja en las encuestas.<\/p>\n\n\n\n<p>\u00abLa probabilidad de que haya alternancia en el poder es alt\u00edsima, es muy dif\u00edcil que las coaliciones que est\u00e1n gobernando sigan gobernando porque los pueblos en Am\u00e9rica Latina est\u00e1n buscando alternativas que solucione los problemas\u00bb, manifiesta.<\/p>\n\n\n\n<p>\u00abUno puede decir bastante seguro que en ambos pa\u00edses va a haber alternancia en el poder\u00bb, asume.Adem\u00e1s, la directora del Latinobar\u00f3metro ve clara la ca\u00edda del poder del presidente de Per\u00fa, Pedro Castillo, quien, a su juicio, tiene \u00ablos d\u00edas contados\u00bb en el Gobierno.<\/p>\n\n\n\n<p>\u00abEs muy dif\u00edcil que logre reestablecer una situaci\u00f3n que le permita quedarse, no es imposible pero la probabilidad es alta de que le hagan una salida parlamentaria\u00bb, adelanta.<\/p>\n\n\n\n<p>Frente a esto, dilucida un relevo por parte de la ex candidata Keiko Fujimori, que perdi\u00f3 la segunda vuelta contra Castillo el pasado septiembre.<\/p>\n\n\n\n<p>\u00abLo tremendo es que ah\u00ed la que aparece con m\u00e1s fuerza es Fujimori, veo un pa\u00eds sin una soluci\u00f3n muy f\u00e1cil porque no tiene partidos, los tradicionales se acabaron en la \u00faltima elecci\u00f3n y Keiko tampoco tiene un gran equipo para gobernar, Per\u00fa se ve muy complejo\u00bb, resume. (Macarena Soto)<\/p>\n","protected":false},"excerpt":{"rendered":"<p>MADRID, Espa\u00f1a. 26\/04\/2022.- La directora del Latinobar\u00f3metro, Marta Lagos, tiene claro que Am\u00e9rica Latina enfrenta una d\u00e9cada crucial en la que habr\u00e1 de \u00abcontrolar una demanda de populismo\u00bb por parte de la ciudadan\u00eda y donde cree que \u00abuna nueva generaci\u00f3n tiene que dar un salto al poder\u00bb. EFE\/Macarena Soto La directora del\u00a0Latinobar\u00f3metro, Marta Lagos, tiene [&hellip;]<\/p>\n","protected":false},"author":7,"featured_media":0,"comment_status":"open","ping_status":"open","sticky":false,"template":"","format":"standard","meta":{"footnotes":""},"categories":[1],"tags":[],"class_list":{"0":"post-6431","1":"post","2":"type-post","3":"status-publish","4":"format-standard","6":"category-uncategorized"},"yoast_head":"<!-- This site is optimized with the Yoast SEO plugin v27.1.1 - https:\/\/yoast.com\/product\/yoast-seo-wordpress\/ -->\n<title>&quot;Una nueva generaci\u00f3n dar\u00e1 el salto al poder&quot;, afirma directora de Latinobar\u00f3metro - Conexi\u00f3n 23<\/title>\n<meta name=\"robots\" content=\"index, follow, max-snippet:-1, max-image-preview:large, max-video-preview:-1\" \/>\n<link rel=\"canonical\" href=\"https:\/\/conexion23.com\/?p=6431\" \/>\n<meta property=\"og:locale\" content=\"es_ES\" \/>\n<meta property=\"og:type\" content=\"article\" \/>\n<meta property=\"og:title\" content=\"&quot;Una nueva generaci\u00f3n dar\u00e1 el salto al poder&quot;, afirma directora de Latinobar\u00f3metro - Conexi\u00f3n 23\" \/>\n<meta property=\"og:description\" content=\"MADRID, Espa\u00f1a. 26\/04\/2022.- La directora del Latinobar\u00f3metro, Marta Lagos, tiene claro que Am\u00e9rica Latina enfrenta una d\u00e9cada crucial en la que habr\u00e1 de \u00abcontrolar una demanda de populismo\u00bb por parte de la ciudadan\u00eda y donde cree que \u00abuna nueva generaci\u00f3n tiene que dar un salto al poder\u00bb. EFE\/Macarena Soto La directora del\u00a0Latinobar\u00f3metro, Marta Lagos, tiene [&hellip;]\" \/>\n<meta property=\"og:url\" content=\"https:\/\/conexion23.com\/?p=6431\" \/>\n<meta property=\"og:site_name\" content=\"Conexi\u00f3n 23\" \/>\n<meta property=\"article:publisher\" content=\"https:\/\/www.facebook.com\/conexion23com\" \/>\n<meta property=\"article:published_time\" content=\"2022-04-27T12:47:37+00:00\" \/>\n<meta property=\"article:modified_time\" content=\"2022-04-27T12:47:40+00:00\" \/>\n<meta name=\"author\" content=\"Benjam\u00edn Rosario\" \/>\n<meta name=\"twitter:card\" content=\"summary_large_image\" \/>\n<meta name=\"twitter:label1\" content=\"Escrito por\" \/>\n\t<meta name=\"twitter:data1\" content=\"Benjam\u00edn Rosario\" \/>\n\t<meta name=\"twitter:label2\" content=\"Tiempo de lectura\" \/>\n\t<meta name=\"twitter:data2\" content=\"4 minutos\" \/>\n<script type=\"application\/ld+json\" class=\"yoast-schema-graph\">{\"@context\":\"https:\/\/schema.org\",\"@graph\":[{\"@type\":\"Article\",\"@id\":\"https:\/\/conexion23.com\/?p=6431#article\",\"isPartOf\":{\"@id\":\"https:\/\/conexion23.com\/?p=6431\"},\"author\":{\"name\":\"Benjam\u00edn Rosario\",\"@id\":\"https:\/\/conexion23.com\/#\/schema\/person\/c0b7ce1f0e7a915d08fa289072b8353a\"},\"headline\":\"\u00abUna nueva generaci\u00f3n dar\u00e1 el salto al poder\u00bb, afirma directora de Latinobar\u00f3metro\",\"datePublished\":\"2022-04-27T12:47:37+00:00\",\"dateModified\":\"2022-04-27T12:47:40+00:00\",\"mainEntityOfPage\":{\"@id\":\"https:\/\/conexion23.com\/?p=6431\"},\"wordCount\":930,\"commentCount\":0,\"publisher\":{\"@id\":\"https:\/\/conexion23.com\/#organization\"},\"articleSection\":[\"Uncategorized\"],\"inLanguage\":\"es\",\"potentialAction\":[{\"@type\":\"CommentAction\",\"name\":\"Comment\",\"target\":[\"https:\/\/conexion23.com\/?p=6431#respond\"]}]},{\"@type\":\"WebPage\",\"@id\":\"https:\/\/conexion23.com\/?p=6431\",\"url\":\"https:\/\/conexion23.com\/?p=6431\",\"name\":\"\\\"Una nueva generaci\u00f3n dar\u00e1 el salto al poder\\\", afirma directora de Latinobar\u00f3metro - Conexi\u00f3n 23\",\"isPartOf\":{\"@id\":\"https:\/\/conexion23.com\/#website\"},\"datePublished\":\"2022-04-27T12:47:37+00:00\",\"dateModified\":\"2022-04-27T12:47:40+00:00\",\"breadcrumb\":{\"@id\":\"https:\/\/conexion23.com\/?p=6431#breadcrumb\"},\"inLanguage\":\"es\",\"potentialAction\":[{\"@type\":\"ReadAction\",\"target\":[\"https:\/\/conexion23.com\/?p=6431\"]}]},{\"@type\":\"BreadcrumbList\",\"@id\":\"https:\/\/conexion23.com\/?p=6431#breadcrumb\",\"itemListElement\":[{\"@type\":\"ListItem\",\"position\":1,\"name\":\"Portada\",\"item\":\"https:\/\/conexion23.com\/\"},{\"@type\":\"ListItem\",\"position\":2,\"name\":\"\u00abUna nueva generaci\u00f3n dar\u00e1 el salto al poder\u00bb, afirma directora de Latinobar\u00f3metro\"}]},{\"@type\":\"WebSite\",\"@id\":\"https:\/\/conexion23.com\/#website\",\"url\":\"https:\/\/conexion23.com\/\",\"name\":\"Conexi\u00f3n 23\",\"description\":\"Peri\u00f3dico 100% Petromacorisano\",\"publisher\":{\"@id\":\"https:\/\/conexion23.com\/#organization\"},\"potentialAction\":[{\"@type\":\"SearchAction\",\"target\":{\"@type\":\"EntryPoint\",\"urlTemplate\":\"https:\/\/conexion23.com\/?s={search_term_string}\"},\"query-input\":{\"@type\":\"PropertyValueSpecification\",\"valueRequired\":true,\"valueName\":\"search_term_string\"}}],\"inLanguage\":\"es\"},{\"@type\":\"Organization\",\"@id\":\"https:\/\/conexion23.com\/#organization\",\"name\":\"Conexion 23\",\"url\":\"https:\/\/conexion23.com\/\",\"logo\":{\"@type\":\"ImageObject\",\"inLanguage\":\"es\",\"@id\":\"https:\/\/conexion23.com\/#\/schema\/logo\/image\/\",\"url\":\"https:\/\/conexion23.com\/wp-content\/uploads\/2021\/11\/Diseno-sin-titulo-2.png\",\"contentUrl\":\"https:\/\/conexion23.com\/wp-content\/uploads\/2021\/11\/Diseno-sin-titulo-2.png\",\"width\":541,\"height\":90,\"caption\":\"Conexion 23\"},\"image\":{\"@id\":\"https:\/\/conexion23.com\/#\/schema\/logo\/image\/\"},\"sameAs\":[\"https:\/\/www.facebook.com\/conexion23com\",\"https:\/\/www.instagram.com\/conexion23com\/\",\"https:\/\/www.youtube.com\/channel\/UCYc7vxxFZMYLIHNsHHxPZ3Q\"]},{\"@type\":\"Person\",\"@id\":\"https:\/\/conexion23.com\/#\/schema\/person\/c0b7ce1f0e7a915d08fa289072b8353a\",\"name\":\"Benjam\u00edn Rosario\",\"image\":{\"@type\":\"ImageObject\",\"inLanguage\":\"es\",\"@id\":\"https:\/\/conexion23.com\/#\/schema\/person\/image\/\",\"url\":\"https:\/\/secure.gravatar.com\/avatar\/62e1b2539b49cdeb50ee302e2a5f2bd31dc7fdba412bbac67e2a2a6e0c89bb2a?s=96&d=mm&r=g\",\"contentUrl\":\"https:\/\/secure.gravatar.com\/avatar\/62e1b2539b49cdeb50ee302e2a5f2bd31dc7fdba412bbac67e2a2a6e0c89bb2a?s=96&d=mm&r=g\",\"caption\":\"Benjam\u00edn Rosario\"},\"url\":\"https:\/\/conexion23.com\/?author=7\"}]}<\/script>\n<!-- \/ Yoast SEO plugin. -->","yoast_head_json":{"title":"\"Una nueva generaci\u00f3n dar\u00e1 el salto al poder\", afirma directora de Latinobar\u00f3metro - Conexi\u00f3n 23","robots":{"index":"index","follow":"follow","max-snippet":"max-snippet:-1","max-image-preview":"max-image-preview:large","max-video-preview":"max-video-preview:-1"},"canonical":"https:\/\/conexion23.com\/?p=6431","og_locale":"es_ES","og_type":"article","og_title":"\"Una nueva generaci\u00f3n dar\u00e1 el salto al poder\", afirma directora de Latinobar\u00f3metro - Conexi\u00f3n 23","og_description":"MADRID, Espa\u00f1a. 26\/04\/2022.- La directora del Latinobar\u00f3metro, Marta Lagos, tiene claro que Am\u00e9rica Latina enfrenta una d\u00e9cada crucial en la que habr\u00e1 de \u00abcontrolar una demanda de populismo\u00bb por parte de la ciudadan\u00eda y donde cree que \u00abuna nueva generaci\u00f3n tiene que dar un salto al poder\u00bb. EFE\/Macarena Soto La directora del\u00a0Latinobar\u00f3metro, Marta Lagos, tiene [&hellip;]","og_url":"https:\/\/conexion23.com\/?p=6431","og_site_name":"Conexi\u00f3n 23","article_publisher":"https:\/\/www.facebook.com\/conexion23com","article_published_time":"2022-04-27T12:47:37+00:00","article_modified_time":"2022-04-27T12:47:40+00:00","author":"Benjam\u00edn Rosario","twitter_card":"summary_large_image","twitter_misc":{"Escrito por":"Benjam\u00edn Rosario","Tiempo de lectura":"4 minutos"},"schema":{"@context":"https:\/\/schema.org","@graph":[{"@type":"Article","@id":"https:\/\/conexion23.com\/?p=6431#article","isPartOf":{"@id":"https:\/\/conexion23.com\/?p=6431"},"author":{"name":"Benjam\u00edn Rosario","@id":"https:\/\/conexion23.com\/#\/schema\/person\/c0b7ce1f0e7a915d08fa289072b8353a"},"headline":"\u00abUna nueva generaci\u00f3n dar\u00e1 el salto al poder\u00bb, afirma directora de Latinobar\u00f3metro","datePublished":"2022-04-27T12:47:37+00:00","dateModified":"2022-04-27T12:47:40+00:00","mainEntityOfPage":{"@id":"https:\/\/conexion23.com\/?p=6431"},"wordCount":930,"commentCount":0,"publisher":{"@id":"https:\/\/conexion23.com\/#organization"},"articleSection":["Uncategorized"],"inLanguage":"es","potentialAction":[{"@type":"CommentAction","name":"Comment","target":["https:\/\/conexion23.com\/?p=6431#respond"]}]},{"@type":"WebPage","@id":"https:\/\/conexion23.com\/?p=6431","url":"https:\/\/conexion23.com\/?p=6431","name":"\"Una nueva generaci\u00f3n dar\u00e1 el salto al poder\", afirma directora de Latinobar\u00f3metro - Conexi\u00f3n 23","isPartOf":{"@id":"https:\/\/conexion23.com\/#website"},"datePublished":"2022-04-27T12:47:37+00:00","dateModified":"2022-04-27T12:47:40+00:00","breadcrumb":{"@id":"https:\/\/conexion23.com\/?p=6431#breadcrumb"},"inLanguage":"es","potentialAction":[{"@type":"ReadAction","target":["https:\/\/conexion23.com\/?p=6431"]}]},{"@type":"BreadcrumbList","@id":"https:\/\/conexion23.com\/?p=6431#breadcrumb","itemListElement":[{"@type":"ListItem","position":1,"name":"Portada","item":"https:\/\/conexion23.com\/"},{"@type":"ListItem","position":2,"name":"\u00abUna nueva generaci\u00f3n dar\u00e1 el salto al poder\u00bb, afirma directora de Latinobar\u00f3metro"}]},{"@type":"WebSite","@id":"https:\/\/conexion23.com\/#website","url":"https:\/\/conexion23.com\/","name":"Conexi\u00f3n 23","description":"Peri\u00f3dico 100% Petromacorisano","publisher":{"@id":"https:\/\/conexion23.com\/#organization"},"potentialAction":[{"@type":"SearchAction","target":{"@type":"EntryPoint","urlTemplate":"https:\/\/conexion23.com\/?s={search_term_string}"},"query-input":{"@type":"PropertyValueSpecification","valueRequired":true,"valueName":"search_term_string"}}],"inLanguage":"es"},{"@type":"Organization","@id":"https:\/\/conexion23.com\/#organization","name":"Conexion 23","url":"https:\/\/conexion23.com\/","logo":{"@type":"ImageObject","inLanguage":"es","@id":"https:\/\/conexion23.com\/#\/schema\/logo\/image\/","url":"https:\/\/conexion23.com\/wp-content\/uploads\/2021\/11\/Diseno-sin-titulo-2.png","contentUrl":"https:\/\/conexion23.com\/wp-content\/uploads\/2021\/11\/Diseno-sin-titulo-2.png","width":541,"height":90,"caption":"Conexion 23"},"image":{"@id":"https:\/\/conexion23.com\/#\/schema\/logo\/image\/"},"sameAs":["https:\/\/www.facebook.com\/conexion23com","https:\/\/www.instagram.com\/conexion23com\/","https:\/\/www.youtube.com\/channel\/UCYc7vxxFZMYLIHNsHHxPZ3Q"]},{"@type":"Person","@id":"https:\/\/conexion23.com\/#\/schema\/person\/c0b7ce1f0e7a915d08fa289072b8353a","name":"Benjam\u00edn Rosario","image":{"@type":"ImageObject","inLanguage":"es","@id":"https:\/\/conexion23.com\/#\/schema\/person\/image\/","url":"https:\/\/secure.gravatar.com\/avatar\/62e1b2539b49cdeb50ee302e2a5f2bd31dc7fdba412bbac67e2a2a6e0c89bb2a?s=96&d=mm&r=g","contentUrl":"https:\/\/secure.gravatar.com\/avatar\/62e1b2539b49cdeb50ee302e2a5f2bd31dc7fdba412bbac67e2a2a6e0c89bb2a?s=96&d=mm&r=g","caption":"Benjam\u00edn Rosario"},"url":"https:\/\/conexion23.com\/?author=7"}]}},"_links":{"self":[{"href":"https:\/\/conexion23.com\/index.php?rest_route=\/wp\/v2\/posts\/6431","targetHints":{"allow":["GET"]}}],"collection":[{"href":"https:\/\/conexion23.com\/index.php?rest_route=\/wp\/v2\/posts"}],"about":[{"href":"https:\/\/conexion23.com\/index.php?rest_route=\/wp\/v2\/types\/post"}],"author":[{"embeddable":true,"href":"https:\/\/conexion23.com\/index.php?rest_route=\/wp\/v2\/users\/7"}],"replies":[{"embeddable":true,"href":"https:\/\/conexion23.com\/index.php?rest_route=%2Fwp%2Fv2%2Fcomments&post=6431"}],"version-history":[{"count":1,"href":"https:\/\/conexion23.com\/index.php?rest_route=\/wp\/v2\/posts\/6431\/revisions"}],"predecessor-version":[{"id":6433,"href":"https:\/\/conexion23.com\/index.php?rest_route=\/wp\/v2\/posts\/6431\/revisions\/6433"}],"wp:attachment":[{"href":"https:\/\/conexion23.com\/index.php?rest_route=%2Fwp%2Fv2%2Fmedia&parent=6431"}],"wp:term":[{"taxonomy":"category","embeddable":true,"href":"https:\/\/conexion23.com\/index.php?rest_route=%2Fwp%2Fv2%2Fcategories&post=6431"},{"taxonomy":"post_tag","embeddable":true,"href":"https:\/\/conexion23.com\/index.php?rest_route=%2Fwp%2Fv2%2Ftags&post=6431"}],"curies":[{"name":"wp","href":"https:\/\/api.w.org\/{rel}","templated":true}]}}