{"id":6434,"date":"2022-04-27T08:53:22","date_gmt":"2022-04-27T12:53:22","guid":{"rendered":"https:\/\/conexion23.com\/?p=6434"},"modified":"2022-04-27T08:53:28","modified_gmt":"2022-04-27T12:53:28","slug":"cielo-mayormente-soleado-con-algunos-chubascos-locales","status":"publish","type":"post","link":"https:\/\/conexion23.com\/?p=6434","title":{"rendered":"Cielo mayormente soleado con algunos chubascos locales"},"content":{"rendered":"\n<p>Hoy, durante las horas matutinas, predominar\u00e1 un cielo poco nuboso y mayormente soleado en gran parte de la Rep\u00fablica Dominicana, no obstante, en el litoral costero atl\u00e1ntico, se generar\u00e1n algunos chubascos locales, debido a campos nubosos asociados a un sistema frontal que estar\u00e1n siendo arrastrados hacia nuestro territorio por el viento del noreste. En cuanto a la tarde, estos chubascos locales estar\u00e1n diseminados en algunas localidades del noreste, sureste y de la Cordillera Central.<\/p>\n\n\n\n<p>Para ma\u00f1ana mi\u00e9rcoles y el jueves, los niveles de humedad continuar\u00e1n muy bajos dentro de lo que corresponde a nuestra \u00e1rea de pron\u00f3sticos, por lo que tendremos muchas horas de sol y escasa nubosidad. Solo se generar\u00e1n algunos chubascos d\u00e9biles y pasajeros sobre los principales sistemas monta\u00f1osos del pa\u00eds por el arrastre del viento.<\/p>\n\n\n\n<p>Las temperaturas se mantendr\u00e1n frescas en la ma\u00f1ana y la tarde, debido a la incidencia del viento del noreste, principalmente en zonas monta\u00f1osas y valles del interior del pa\u00eds.<\/p>\n\n\n\n<p>Resumen: Predominar\u00e1 un patr\u00f3n generalmente de buen tiempo, salvo a la ocurrencia de algunos chubascos locales que ser\u00e1n favorecidos por el arrastre del viento del noreste. Temperaturas agradables.<\/p>\n\n\n\n<p>Hoy: No se esperan precipitaciones significativas sobre el territorio nacional. Sin embargo, en horas de la tarde, debido arrastre de campos nubosos por parte del viento del noreste, se producir\u00e1n algunos chubascos locales sobre el noreste, sureste y la Cordillera Central.<\/p>\n","protected":false},"excerpt":{"rendered":"<p>Hoy, durante las horas matutinas, predominar\u00e1 un cielo poco nuboso y mayormente soleado en gran parte de la Rep\u00fablica Dominicana, no obstante, en el litoral costero atl\u00e1ntico, se generar\u00e1n algunos chubascos locales, debido a campos nubosos asociados a un sistema frontal que estar\u00e1n siendo arrastrados hacia nuestro territorio por el viento del noreste. En cuanto [&hellip;]<\/p>\n","protected":false},"author":7,"featured_media":0,"comment_status":"open","ping_status":"open","sticky":false,"template":"","format":"standard","meta":{"footnotes":""},"categories":[1],"tags":[],"class_list":{"0":"post-6434","1":"post","2":"type-post","3":"status-publish","4":"format-standard","6":"category-uncategorized"},"yoast_head":"<!-- This site is optimized with the Yoast SEO plugin v27.1.1 - https:\/\/yoast.com\/product\/yoast-seo-wordpress\/ -->\n<title>Cielo mayormente soleado con algunos chubascos locales - Conexi\u00f3n 23<\/title>\n<meta name=\"description\" content=\"Las temperaturas se mantendr\u00e1n frescas en la ma\u00f1ana y la tarde, debido a la incidencia del viento del noreste, principalmente en zonas monta\u00f1osas y valles del interior del pa\u00eds.\" \/>\n<meta name=\"robots\" content=\"index, follow, max-snippet:-1, max-image-preview:large, max-video-preview:-1\" \/>\n<link rel=\"canonical\" href=\"https:\/\/conexion23.com\/?p=6434\" \/>\n<meta property=\"og:locale\" content=\"es_ES\" \/>\n<meta property=\"og:type\" content=\"article\" \/>\n<meta property=\"og:title\" content=\"Cielo mayormente soleado con algunos chubascos locales - Conexi\u00f3n 23\" \/>\n<meta property=\"og:description\" content=\"Las temperaturas se mantendr\u00e1n frescas en la ma\u00f1ana y la tarde, debido a la incidencia del viento del noreste, principalmente en zonas monta\u00f1osas y valles del interior del pa\u00eds.\" \/>\n<meta property=\"og:url\" content=\"https:\/\/conexion23.com\/?p=6434\" \/>\n<meta property=\"og:site_name\" content=\"Conexi\u00f3n 23\" \/>\n<meta property=\"article:publisher\" content=\"https:\/\/www.facebook.com\/conexion23com\" \/>\n<meta property=\"article:published_time\" content=\"2022-04-27T12:53:22+00:00\" \/>\n<meta property=\"article:modified_time\" content=\"2022-04-27T12:53:28+00:00\" \/>\n<meta name=\"author\" content=\"Benjam\u00edn Rosario\" \/>\n<meta name=\"twitter:card\" content=\"summary_large_image\" \/>\n<meta name=\"twitter:label1\" content=\"Escrito por\" \/>\n\t<meta name=\"twitter:data1\" content=\"Benjam\u00edn Rosario\" \/>\n\t<meta name=\"twitter:label2\" content=\"Tiempo de lectura\" \/>\n\t<meta name=\"twitter:data2\" content=\"2 minutos\" \/>\n<script type=\"application\/ld+json\" class=\"yoast-schema-graph\">{\"@context\":\"https:\/\/schema.org\",\"@graph\":[{\"@type\":\"Article\",\"@id\":\"https:\/\/conexion23.com\/?p=6434#article\",\"isPartOf\":{\"@id\":\"https:\/\/conexion23.com\/?p=6434\"},\"author\":{\"name\":\"Benjam\u00edn Rosario\",\"@id\":\"https:\/\/conexion23.com\/#\/schema\/person\/c0b7ce1f0e7a915d08fa289072b8353a\"},\"headline\":\"Cielo mayormente soleado con algunos chubascos locales\",\"datePublished\":\"2022-04-27T12:53:22+00:00\",\"dateModified\":\"2022-04-27T12:53:28+00:00\",\"mainEntityOfPage\":{\"@id\":\"https:\/\/conexion23.com\/?p=6434\"},\"wordCount\":253,\"commentCount\":0,\"publisher\":{\"@id\":\"https:\/\/conexion23.com\/#organization\"},\"articleSection\":[\"Uncategorized\"],\"inLanguage\":\"es\",\"potentialAction\":[{\"@type\":\"CommentAction\",\"name\":\"Comment\",\"target\":[\"https:\/\/conexion23.com\/?p=6434#respond\"]}]},{\"@type\":\"WebPage\",\"@id\":\"https:\/\/conexion23.com\/?p=6434\",\"url\":\"https:\/\/conexion23.com\/?p=6434\",\"name\":\"Cielo mayormente soleado con algunos chubascos locales - Conexi\u00f3n 23\",\"isPartOf\":{\"@id\":\"https:\/\/conexion23.com\/#website\"},\"datePublished\":\"2022-04-27T12:53:22+00:00\",\"dateModified\":\"2022-04-27T12:53:28+00:00\",\"description\":\"Las temperaturas se mantendr\u00e1n frescas en la ma\u00f1ana y la tarde, debido a la incidencia del viento del noreste, principalmente en zonas monta\u00f1osas y valles del interior del pa\u00eds.\",\"breadcrumb\":{\"@id\":\"https:\/\/conexion23.com\/?p=6434#breadcrumb\"},\"inLanguage\":\"es\",\"potentialAction\":[{\"@type\":\"ReadAction\",\"target\":[\"https:\/\/conexion23.com\/?p=6434\"]}]},{\"@type\":\"BreadcrumbList\",\"@id\":\"https:\/\/conexion23.com\/?p=6434#breadcrumb\",\"itemListElement\":[{\"@type\":\"ListItem\",\"position\":1,\"name\":\"Portada\",\"item\":\"https:\/\/conexion23.com\/\"},{\"@type\":\"ListItem\",\"position\":2,\"name\":\"Cielo mayormente soleado con algunos chubascos locales\"}]},{\"@type\":\"WebSite\",\"@id\":\"https:\/\/conexion23.com\/#website\",\"url\":\"https:\/\/conexion23.com\/\",\"name\":\"Conexi\u00f3n 23\",\"description\":\"Peri\u00f3dico 100% Petromacorisano\",\"publisher\":{\"@id\":\"https:\/\/conexion23.com\/#organization\"},\"potentialAction\":[{\"@type\":\"SearchAction\",\"target\":{\"@type\":\"EntryPoint\",\"urlTemplate\":\"https:\/\/conexion23.com\/?s={search_term_string}\"},\"query-input\":{\"@type\":\"PropertyValueSpecification\",\"valueRequired\":true,\"valueName\":\"search_term_string\"}}],\"inLanguage\":\"es\"},{\"@type\":\"Organization\",\"@id\":\"https:\/\/conexion23.com\/#organization\",\"name\":\"Conexion 23\",\"url\":\"https:\/\/conexion23.com\/\",\"logo\":{\"@type\":\"ImageObject\",\"inLanguage\":\"es\",\"@id\":\"https:\/\/conexion23.com\/#\/schema\/logo\/image\/\",\"url\":\"https:\/\/conexion23.com\/wp-content\/uploads\/2021\/11\/Diseno-sin-titulo-2.png\",\"contentUrl\":\"https:\/\/conexion23.com\/wp-content\/uploads\/2021\/11\/Diseno-sin-titulo-2.png\",\"width\":541,\"height\":90,\"caption\":\"Conexion 23\"},\"image\":{\"@id\":\"https:\/\/conexion23.com\/#\/schema\/logo\/image\/\"},\"sameAs\":[\"https:\/\/www.facebook.com\/conexion23com\",\"https:\/\/www.instagram.com\/conexion23com\/\",\"https:\/\/www.youtube.com\/channel\/UCYc7vxxFZMYLIHNsHHxPZ3Q\"]},{\"@type\":\"Person\",\"@id\":\"https:\/\/conexion23.com\/#\/schema\/person\/c0b7ce1f0e7a915d08fa289072b8353a\",\"name\":\"Benjam\u00edn Rosario\",\"image\":{\"@type\":\"ImageObject\",\"inLanguage\":\"es\",\"@id\":\"https:\/\/conexion23.com\/#\/schema\/person\/image\/\",\"url\":\"https:\/\/secure.gravatar.com\/avatar\/62e1b2539b49cdeb50ee302e2a5f2bd31dc7fdba412bbac67e2a2a6e0c89bb2a?s=96&d=mm&r=g\",\"contentUrl\":\"https:\/\/secure.gravatar.com\/avatar\/62e1b2539b49cdeb50ee302e2a5f2bd31dc7fdba412bbac67e2a2a6e0c89bb2a?s=96&d=mm&r=g\",\"caption\":\"Benjam\u00edn Rosario\"},\"url\":\"https:\/\/conexion23.com\/?author=7\"}]}<\/script>\n<!-- \/ Yoast SEO plugin. -->","yoast_head_json":{"title":"Cielo mayormente soleado con algunos chubascos locales - Conexi\u00f3n 23","description":"Las temperaturas se mantendr\u00e1n frescas en la ma\u00f1ana y la tarde, debido a la incidencia del viento del noreste, principalmente en zonas monta\u00f1osas y valles del interior del pa\u00eds.","robots":{"index":"index","follow":"follow","max-snippet":"max-snippet:-1","max-image-preview":"max-image-preview:large","max-video-preview":"max-video-preview:-1"},"canonical":"https:\/\/conexion23.com\/?p=6434","og_locale":"es_ES","og_type":"article","og_title":"Cielo mayormente soleado con algunos chubascos locales - Conexi\u00f3n 23","og_description":"Las temperaturas se mantendr\u00e1n frescas en la ma\u00f1ana y la tarde, debido a la incidencia del viento del noreste, principalmente en zonas monta\u00f1osas y valles del interior del pa\u00eds.","og_url":"https:\/\/conexion23.com\/?p=6434","og_site_name":"Conexi\u00f3n 23","article_publisher":"https:\/\/www.facebook.com\/conexion23com","article_published_time":"2022-04-27T12:53:22+00:00","article_modified_time":"2022-04-27T12:53:28+00:00","author":"Benjam\u00edn Rosario","twitter_card":"summary_large_image","twitter_misc":{"Escrito por":"Benjam\u00edn Rosario","Tiempo de lectura":"2 minutos"},"schema":{"@context":"https:\/\/schema.org","@graph":[{"@type":"Article","@id":"https:\/\/conexion23.com\/?p=6434#article","isPartOf":{"@id":"https:\/\/conexion23.com\/?p=6434"},"author":{"name":"Benjam\u00edn Rosario","@id":"https:\/\/conexion23.com\/#\/schema\/person\/c0b7ce1f0e7a915d08fa289072b8353a"},"headline":"Cielo mayormente soleado con algunos chubascos locales","datePublished":"2022-04-27T12:53:22+00:00","dateModified":"2022-04-27T12:53:28+00:00","mainEntityOfPage":{"@id":"https:\/\/conexion23.com\/?p=6434"},"wordCount":253,"commentCount":0,"publisher":{"@id":"https:\/\/conexion23.com\/#organization"},"articleSection":["Uncategorized"],"inLanguage":"es","potentialAction":[{"@type":"CommentAction","name":"Comment","target":["https:\/\/conexion23.com\/?p=6434#respond"]}]},{"@type":"WebPage","@id":"https:\/\/conexion23.com\/?p=6434","url":"https:\/\/conexion23.com\/?p=6434","name":"Cielo mayormente soleado con algunos chubascos locales - Conexi\u00f3n 23","isPartOf":{"@id":"https:\/\/conexion23.com\/#website"},"datePublished":"2022-04-27T12:53:22+00:00","dateModified":"2022-04-27T12:53:28+00:00","description":"Las temperaturas se mantendr\u00e1n frescas en la ma\u00f1ana y la tarde, debido a la incidencia del viento del noreste, principalmente en zonas monta\u00f1osas y valles del interior del pa\u00eds.","breadcrumb":{"@id":"https:\/\/conexion23.com\/?p=6434#breadcrumb"},"inLanguage":"es","potentialAction":[{"@type":"ReadAction","target":["https:\/\/conexion23.com\/?p=6434"]}]},{"@type":"BreadcrumbList","@id":"https:\/\/conexion23.com\/?p=6434#breadcrumb","itemListElement":[{"@type":"ListItem","position":1,"name":"Portada","item":"https:\/\/conexion23.com\/"},{"@type":"ListItem","position":2,"name":"Cielo mayormente soleado con algunos chubascos locales"}]},{"@type":"WebSite","@id":"https:\/\/conexion23.com\/#website","url":"https:\/\/conexion23.com\/","name":"Conexi\u00f3n 23","description":"Peri\u00f3dico 100% Petromacorisano","publisher":{"@id":"https:\/\/conexion23.com\/#organization"},"potentialAction":[{"@type":"SearchAction","target":{"@type":"EntryPoint","urlTemplate":"https:\/\/conexion23.com\/?s={search_term_string}"},"query-input":{"@type":"PropertyValueSpecification","valueRequired":true,"valueName":"search_term_string"}}],"inLanguage":"es"},{"@type":"Organization","@id":"https:\/\/conexion23.com\/#organization","name":"Conexion 23","url":"https:\/\/conexion23.com\/","logo":{"@type":"ImageObject","inLanguage":"es","@id":"https:\/\/conexion23.com\/#\/schema\/logo\/image\/","url":"https:\/\/conexion23.com\/wp-content\/uploads\/2021\/11\/Diseno-sin-titulo-2.png","contentUrl":"https:\/\/conexion23.com\/wp-content\/uploads\/2021\/11\/Diseno-sin-titulo-2.png","width":541,"height":90,"caption":"Conexion 23"},"image":{"@id":"https:\/\/conexion23.com\/#\/schema\/logo\/image\/"},"sameAs":["https:\/\/www.facebook.com\/conexion23com","https:\/\/www.instagram.com\/conexion23com\/","https:\/\/www.youtube.com\/channel\/UCYc7vxxFZMYLIHNsHHxPZ3Q"]},{"@type":"Person","@id":"https:\/\/conexion23.com\/#\/schema\/person\/c0b7ce1f0e7a915d08fa289072b8353a","name":"Benjam\u00edn Rosario","image":{"@type":"ImageObject","inLanguage":"es","@id":"https:\/\/conexion23.com\/#\/schema\/person\/image\/","url":"https:\/\/secure.gravatar.com\/avatar\/62e1b2539b49cdeb50ee302e2a5f2bd31dc7fdba412bbac67e2a2a6e0c89bb2a?s=96&d=mm&r=g","contentUrl":"https:\/\/secure.gravatar.com\/avatar\/62e1b2539b49cdeb50ee302e2a5f2bd31dc7fdba412bbac67e2a2a6e0c89bb2a?s=96&d=mm&r=g","caption":"Benjam\u00edn Rosario"},"url":"https:\/\/conexion23.com\/?author=7"}]}},"_links":{"self":[{"href":"https:\/\/conexion23.com\/index.php?rest_route=\/wp\/v2\/posts\/6434","targetHints":{"allow":["GET"]}}],"collection":[{"href":"https:\/\/conexion23.com\/index.php?rest_route=\/wp\/v2\/posts"}],"about":[{"href":"https:\/\/conexion23.com\/index.php?rest_route=\/wp\/v2\/types\/post"}],"author":[{"embeddable":true,"href":"https:\/\/conexion23.com\/index.php?rest_route=\/wp\/v2\/users\/7"}],"replies":[{"embeddable":true,"href":"https:\/\/conexion23.com\/index.php?rest_route=%2Fwp%2Fv2%2Fcomments&post=6434"}],"version-history":[{"count":1,"href":"https:\/\/conexion23.com\/index.php?rest_route=\/wp\/v2\/posts\/6434\/revisions"}],"predecessor-version":[{"id":6436,"href":"https:\/\/conexion23.com\/index.php?rest_route=\/wp\/v2\/posts\/6434\/revisions\/6436"}],"wp:attachment":[{"href":"https:\/\/conexion23.com\/index.php?rest_route=%2Fwp%2Fv2%2Fmedia&parent=6434"}],"wp:term":[{"taxonomy":"category","embeddable":true,"href":"https:\/\/conexion23.com\/index.php?rest_route=%2Fwp%2Fv2%2Fcategories&post=6434"},{"taxonomy":"post_tag","embeddable":true,"href":"https:\/\/conexion23.com\/index.php?rest_route=%2Fwp%2Fv2%2Ftags&post=6434"}],"curies":[{"name":"wp","href":"https:\/\/api.w.org\/{rel}","templated":true}]}}