{"id":6468,"date":"2022-04-28T08:07:57","date_gmt":"2022-04-28T12:07:57","guid":{"rendered":"https:\/\/conexion23.com\/?p=6468"},"modified":"2022-04-28T08:08:03","modified_gmt":"2022-04-28T12:08:03","slug":"raquel-arbaje-reconoce-que-angelita-pena-es-asesora-de-luis-abinader","status":"publish","type":"post","link":"https:\/\/conexion23.com\/?p=6468","title":{"rendered":"Raquel Arbaje reconoce que Angelita Pe\u00f1a es asesora de Luis Abinader"},"content":{"rendered":"\n<p>A trav\u00e9s de su cuenta de Twitter, la primera dama de la Rep\u00fablica, Raquel Arbaje, pidi\u00f3 disculpas por haber afirmado, err\u00f3neamente, que Mar\u00eda Altagracia de los \u00c1ngeles Pe\u00f1a (Angelita Pe\u00f1a) no era la asesora del presidente Luis Abinader y su Gobierno.<\/p>\n\n\n\n<p>\u201cSe\u00f1ores, errar es de humanos. Lamento haber ofrecido una declaraci\u00f3n err\u00f3nea sobre el contrato de Angelita Pe\u00f1a con el Gobierno. Aclaro que su opini\u00f3n sobre los periodistas es de su exclusiva responsabilidad y no representa una posici\u00f3n oficial. La prensa tiene nuestro respeto\u201d, dijo.<\/p>\n\n\n\n<p>Tras la intensa controversia en redes por sus opiniones sobre la imagen de los periodistas en los canales de televisi\u00f3n, la asesora comunicacional del despacho de la Presidencia, Angelita Pe\u00f1a, utiliz\u00f3 su cuenta en Twitter para asegurar que \u00absacaron de contexto\u00bb sus apreciaciones sobre la imagen de los reporteros, para el que us\u00f3 la expresi\u00f3n \u00abgente fea\u00bb.<\/p>\n\n\n\n<p>\u00abTodo el que me conoce sabe que no soy una persona ofensiva. Mi proyecto de vida siempre ha sido aportar a mi pa\u00eds. Es evidente que fui sacada de contexto y lamento haberles creado alg\u00fan malestar con mi se\u00f1alamiento a algunos hombres y mujeres laboriosos de los medios del pa\u00eds\u00bb, insisti\u00f3 Angelita Pe\u00f1a.<\/p>\n\n\n\n<figure class=\"wp-block-image size-full\"><img decoding=\"async\" src=\"https:\/\/conexion23.com\/wp-content\/uploads\/2022\/04\/la-vice-626a067294e87.jpg\" alt=\"\" class=\"wp-image-6469\" \/><\/figure>\n\n\n\n<p>Tras la intensa controversia en redes por sus opiniones sobre la imagen de los periodistas en los canales de televisi\u00f3n, la asesora comunicacional del despacho de la Presidencia, Angelita Pe\u00f1a, utiliz\u00f3 su cuenta en Twitter para asegurar que \u00absacaron de contexto\u00bb sus apreciaciones sobre la imagen de los reporteros, para el que us\u00f3 la expresi\u00f3n \u00abgente fea\u00bb.<\/p>\n\n\n\n<p>\u00abTodo el que me conoce sabe que no soy una persona ofensiva. Mi proyecto de vida siempre ha sido aportar a mi pa\u00eds. Es evidente que fui sacada de contexto y lamento haberles creado alg\u00fan malestar con mi se\u00f1alamiento a algunos hombres y mujeres laboriosos de los medios del pa\u00eds\u00bb, insisti\u00f3 Angelita Pe\u00f1a.<\/p>\n\n\n\n<p>Asimismo, agreg\u00f3 que \u00abcreo en los aportes positivos a esta sociedad. Creo en los valores. Creo en el compromiso que deb\u00edamos sentir de ser mejores\u00bb.<\/p>\n\n\n\n<p>En este orden de ideas, tambi\u00e9n se\u00f1al\u00f3. \u00abEn una Feria de TV que se est\u00e1 realizando el d\u00eda de hoy en Las Vegas, Nevada se habl\u00f3 de mi tweet. Citando lo importante que es la buena imagen en una pantalla\u00bb.<\/p>\n\n\n\n<p><\/p>\n","protected":false},"excerpt":{"rendered":"<p>A trav\u00e9s de su cuenta de Twitter, la primera dama de la Rep\u00fablica, Raquel Arbaje, pidi\u00f3 disculpas por haber afirmado, err\u00f3neamente, que Mar\u00eda Altagracia de los \u00c1ngeles Pe\u00f1a (Angelita Pe\u00f1a) no era la asesora del presidente Luis Abinader y su Gobierno. \u201cSe\u00f1ores, errar es de humanos. Lamento haber ofrecido una declaraci\u00f3n err\u00f3nea sobre el contrato [&hellip;]<\/p>\n","protected":false},"author":7,"featured_media":0,"comment_status":"open","ping_status":"open","sticky":false,"template":"","format":"standard","meta":{"footnotes":""},"categories":[1],"tags":[1929,1930,1932,1928,1931],"class_list":{"0":"post-6468","1":"post","2":"type-post","3":"status-publish","4":"format-standard","6":"category-uncategorized","7":"tag-angeliutapena","8":"tag-asesora","9":"tag-equivocacionc","10":"tag-raquelarbaje","11":"tag-reconoce"},"yoast_head":"<!-- This site is optimized with the Yoast SEO plugin v27.1.1 - https:\/\/yoast.com\/product\/yoast-seo-wordpress\/ -->\n<title>Raquel Arbaje reconoce que Angelita Pe\u00f1a es asesora de Luis Abinader - Conexi\u00f3n 23<\/title>\n<meta name=\"description\" content=\"A trav\u00e9s de su cuenta de Twitter, la primera dama de la Rep\u00fablica, Raquel Arbaje, pidi\u00f3 disculpas por haber afirmado, err\u00f3neamente, que Mar\u00eda Altagracia de los \u00c1ngeles Pe\u00f1a (Angelita Pe\u00f1a) no era la asesora del presidente Luis Abinader y su Gobierno.\" \/>\n<meta name=\"robots\" content=\"index, follow, max-snippet:-1, max-image-preview:large, max-video-preview:-1\" \/>\n<link rel=\"canonical\" href=\"https:\/\/conexion23.com\/?p=6468\" \/>\n<meta property=\"og:locale\" content=\"es_ES\" \/>\n<meta property=\"og:type\" content=\"article\" \/>\n<meta property=\"og:title\" content=\"Raquel Arbaje reconoce que Angelita Pe\u00f1a es asesora de Luis Abinader - Conexi\u00f3n 23\" \/>\n<meta property=\"og:description\" content=\"A trav\u00e9s de su cuenta de Twitter, la primera dama de la Rep\u00fablica, Raquel Arbaje, pidi\u00f3 disculpas por haber afirmado, err\u00f3neamente, que Mar\u00eda Altagracia de los \u00c1ngeles Pe\u00f1a (Angelita Pe\u00f1a) no era la asesora del presidente Luis Abinader y su Gobierno.\" \/>\n<meta property=\"og:url\" content=\"https:\/\/conexion23.com\/?p=6468\" \/>\n<meta property=\"og:site_name\" content=\"Conexi\u00f3n 23\" \/>\n<meta property=\"article:publisher\" content=\"https:\/\/www.facebook.com\/conexion23com\" \/>\n<meta property=\"article:published_time\" content=\"2022-04-28T12:07:57+00:00\" \/>\n<meta property=\"article:modified_time\" content=\"2022-04-28T12:08:03+00:00\" \/>\n<meta property=\"og:image\" content=\"https:\/\/conexion23.com\/wp-content\/uploads\/2022\/04\/la-vice-626a067294e87.jpg\" \/>\n<meta name=\"author\" content=\"Benjam\u00edn Rosario\" \/>\n<meta name=\"twitter:card\" content=\"summary_large_image\" \/>\n<meta name=\"twitter:label1\" content=\"Escrito por\" \/>\n\t<meta name=\"twitter:data1\" content=\"Benjam\u00edn Rosario\" \/>\n\t<meta name=\"twitter:label2\" content=\"Tiempo de lectura\" \/>\n\t<meta name=\"twitter:data2\" content=\"2 minutos\" \/>\n<script type=\"application\/ld+json\" class=\"yoast-schema-graph\">{\"@context\":\"https:\/\/schema.org\",\"@graph\":[{\"@type\":\"Article\",\"@id\":\"https:\/\/conexion23.com\/?p=6468#article\",\"isPartOf\":{\"@id\":\"https:\/\/conexion23.com\/?p=6468\"},\"author\":{\"name\":\"Benjam\u00edn Rosario\",\"@id\":\"https:\/\/conexion23.com\/#\/schema\/person\/c0b7ce1f0e7a915d08fa289072b8353a\"},\"headline\":\"Raquel Arbaje reconoce que Angelita Pe\u00f1a es asesora de Luis Abinader\",\"datePublished\":\"2022-04-28T12:07:57+00:00\",\"dateModified\":\"2022-04-28T12:08:03+00:00\",\"mainEntityOfPage\":{\"@id\":\"https:\/\/conexion23.com\/?p=6468\"},\"wordCount\":414,\"commentCount\":0,\"publisher\":{\"@id\":\"https:\/\/conexion23.com\/#organization\"},\"image\":{\"@id\":\"https:\/\/conexion23.com\/?p=6468#primaryimage\"},\"thumbnailUrl\":\"https:\/\/conexion23.com\/wp-content\/uploads\/2022\/04\/la-vice-626a067294e87.jpg\",\"keywords\":[\"angeliutape\u00f1a\",\"asesora\",\"equivocacion\u00e7\",\"raquelarbaje\",\"reconoce\"],\"articleSection\":[\"Uncategorized\"],\"inLanguage\":\"es\",\"potentialAction\":[{\"@type\":\"CommentAction\",\"name\":\"Comment\",\"target\":[\"https:\/\/conexion23.com\/?p=6468#respond\"]}]},{\"@type\":\"WebPage\",\"@id\":\"https:\/\/conexion23.com\/?p=6468\",\"url\":\"https:\/\/conexion23.com\/?p=6468\",\"name\":\"Raquel Arbaje reconoce que Angelita Pe\u00f1a es asesora de Luis Abinader - Conexi\u00f3n 23\",\"isPartOf\":{\"@id\":\"https:\/\/conexion23.com\/#website\"},\"primaryImageOfPage\":{\"@id\":\"https:\/\/conexion23.com\/?p=6468#primaryimage\"},\"image\":{\"@id\":\"https:\/\/conexion23.com\/?p=6468#primaryimage\"},\"thumbnailUrl\":\"https:\/\/conexion23.com\/wp-content\/uploads\/2022\/04\/la-vice-626a067294e87.jpg\",\"datePublished\":\"2022-04-28T12:07:57+00:00\",\"dateModified\":\"2022-04-28T12:08:03+00:00\",\"description\":\"A trav\u00e9s de su cuenta de Twitter, la primera dama de la Rep\u00fablica, Raquel Arbaje, pidi\u00f3 disculpas por haber afirmado, err\u00f3neamente, que Mar\u00eda Altagracia de los \u00c1ngeles Pe\u00f1a (Angelita Pe\u00f1a) no era la asesora del presidente Luis Abinader y su Gobierno.\",\"breadcrumb\":{\"@id\":\"https:\/\/conexion23.com\/?p=6468#breadcrumb\"},\"inLanguage\":\"es\",\"potentialAction\":[{\"@type\":\"ReadAction\",\"target\":[\"https:\/\/conexion23.com\/?p=6468\"]}]},{\"@type\":\"ImageObject\",\"inLanguage\":\"es\",\"@id\":\"https:\/\/conexion23.com\/?p=6468#primaryimage\",\"url\":\"https:\/\/conexion23.com\/wp-content\/uploads\/2022\/04\/la-vice-626a067294e87.jpg\",\"contentUrl\":\"https:\/\/conexion23.com\/wp-content\/uploads\/2022\/04\/la-vice-626a067294e87.jpg\"},{\"@type\":\"BreadcrumbList\",\"@id\":\"https:\/\/conexion23.com\/?p=6468#breadcrumb\",\"itemListElement\":[{\"@type\":\"ListItem\",\"position\":1,\"name\":\"Portada\",\"item\":\"https:\/\/conexion23.com\/\"},{\"@type\":\"ListItem\",\"position\":2,\"name\":\"Raquel Arbaje reconoce que Angelita Pe\u00f1a es asesora de Luis Abinader\"}]},{\"@type\":\"WebSite\",\"@id\":\"https:\/\/conexion23.com\/#website\",\"url\":\"https:\/\/conexion23.com\/\",\"name\":\"Conexi\u00f3n 23\",\"description\":\"Peri\u00f3dico 100% Petromacorisano\",\"publisher\":{\"@id\":\"https:\/\/conexion23.com\/#organization\"},\"potentialAction\":[{\"@type\":\"SearchAction\",\"target\":{\"@type\":\"EntryPoint\",\"urlTemplate\":\"https:\/\/conexion23.com\/?s={search_term_string}\"},\"query-input\":{\"@type\":\"PropertyValueSpecification\",\"valueRequired\":true,\"valueName\":\"search_term_string\"}}],\"inLanguage\":\"es\"},{\"@type\":\"Organization\",\"@id\":\"https:\/\/conexion23.com\/#organization\",\"name\":\"Conexion 23\",\"url\":\"https:\/\/conexion23.com\/\",\"logo\":{\"@type\":\"ImageObject\",\"inLanguage\":\"es\",\"@id\":\"https:\/\/conexion23.com\/#\/schema\/logo\/image\/\",\"url\":\"https:\/\/conexion23.com\/wp-content\/uploads\/2021\/11\/Diseno-sin-titulo-2.png\",\"contentUrl\":\"https:\/\/conexion23.com\/wp-content\/uploads\/2021\/11\/Diseno-sin-titulo-2.png\",\"width\":541,\"height\":90,\"caption\":\"Conexion 23\"},\"image\":{\"@id\":\"https:\/\/conexion23.com\/#\/schema\/logo\/image\/\"},\"sameAs\":[\"https:\/\/www.facebook.com\/conexion23com\",\"https:\/\/www.instagram.com\/conexion23com\/\",\"https:\/\/www.youtube.com\/channel\/UCYc7vxxFZMYLIHNsHHxPZ3Q\"]},{\"@type\":\"Person\",\"@id\":\"https:\/\/conexion23.com\/#\/schema\/person\/c0b7ce1f0e7a915d08fa289072b8353a\",\"name\":\"Benjam\u00edn Rosario\",\"image\":{\"@type\":\"ImageObject\",\"inLanguage\":\"es\",\"@id\":\"https:\/\/conexion23.com\/#\/schema\/person\/image\/\",\"url\":\"https:\/\/secure.gravatar.com\/avatar\/62e1b2539b49cdeb50ee302e2a5f2bd31dc7fdba412bbac67e2a2a6e0c89bb2a?s=96&d=mm&r=g\",\"contentUrl\":\"https:\/\/secure.gravatar.com\/avatar\/62e1b2539b49cdeb50ee302e2a5f2bd31dc7fdba412bbac67e2a2a6e0c89bb2a?s=96&d=mm&r=g\",\"caption\":\"Benjam\u00edn Rosario\"},\"url\":\"https:\/\/conexion23.com\/?author=7\"}]}<\/script>\n<!-- \/ Yoast SEO plugin. -->","yoast_head_json":{"title":"Raquel Arbaje reconoce que Angelita Pe\u00f1a es asesora de Luis Abinader - Conexi\u00f3n 23","description":"A trav\u00e9s de su cuenta de Twitter, la primera dama de la Rep\u00fablica, Raquel Arbaje, pidi\u00f3 disculpas por haber afirmado, err\u00f3neamente, que Mar\u00eda Altagracia de los \u00c1ngeles Pe\u00f1a (Angelita Pe\u00f1a) no era la asesora del presidente Luis Abinader y su Gobierno.","robots":{"index":"index","follow":"follow","max-snippet":"max-snippet:-1","max-image-preview":"max-image-preview:large","max-video-preview":"max-video-preview:-1"},"canonical":"https:\/\/conexion23.com\/?p=6468","og_locale":"es_ES","og_type":"article","og_title":"Raquel Arbaje reconoce que Angelita Pe\u00f1a es asesora de Luis Abinader - Conexi\u00f3n 23","og_description":"A trav\u00e9s de su cuenta de Twitter, la primera dama de la Rep\u00fablica, Raquel Arbaje, pidi\u00f3 disculpas por haber afirmado, err\u00f3neamente, que Mar\u00eda Altagracia de los \u00c1ngeles Pe\u00f1a (Angelita Pe\u00f1a) no era la asesora del presidente Luis Abinader y su Gobierno.","og_url":"https:\/\/conexion23.com\/?p=6468","og_site_name":"Conexi\u00f3n 23","article_publisher":"https:\/\/www.facebook.com\/conexion23com","article_published_time":"2022-04-28T12:07:57+00:00","article_modified_time":"2022-04-28T12:08:03+00:00","og_image":[{"url":"https:\/\/conexion23.com\/wp-content\/uploads\/2022\/04\/la-vice-626a067294e87.jpg","type":"","width":"","height":""}],"author":"Benjam\u00edn Rosario","twitter_card":"summary_large_image","twitter_misc":{"Escrito por":"Benjam\u00edn Rosario","Tiempo de lectura":"2 minutos"},"schema":{"@context":"https:\/\/schema.org","@graph":[{"@type":"Article","@id":"https:\/\/conexion23.com\/?p=6468#article","isPartOf":{"@id":"https:\/\/conexion23.com\/?p=6468"},"author":{"name":"Benjam\u00edn Rosario","@id":"https:\/\/conexion23.com\/#\/schema\/person\/c0b7ce1f0e7a915d08fa289072b8353a"},"headline":"Raquel Arbaje reconoce que Angelita Pe\u00f1a es asesora de Luis Abinader","datePublished":"2022-04-28T12:07:57+00:00","dateModified":"2022-04-28T12:08:03+00:00","mainEntityOfPage":{"@id":"https:\/\/conexion23.com\/?p=6468"},"wordCount":414,"commentCount":0,"publisher":{"@id":"https:\/\/conexion23.com\/#organization"},"image":{"@id":"https:\/\/conexion23.com\/?p=6468#primaryimage"},"thumbnailUrl":"https:\/\/conexion23.com\/wp-content\/uploads\/2022\/04\/la-vice-626a067294e87.jpg","keywords":["angeliutape\u00f1a","asesora","equivocacion\u00e7","raquelarbaje","reconoce"],"articleSection":["Uncategorized"],"inLanguage":"es","potentialAction":[{"@type":"CommentAction","name":"Comment","target":["https:\/\/conexion23.com\/?p=6468#respond"]}]},{"@type":"WebPage","@id":"https:\/\/conexion23.com\/?p=6468","url":"https:\/\/conexion23.com\/?p=6468","name":"Raquel Arbaje reconoce que Angelita Pe\u00f1a es asesora de Luis Abinader - Conexi\u00f3n 23","isPartOf":{"@id":"https:\/\/conexion23.com\/#website"},"primaryImageOfPage":{"@id":"https:\/\/conexion23.com\/?p=6468#primaryimage"},"image":{"@id":"https:\/\/conexion23.com\/?p=6468#primaryimage"},"thumbnailUrl":"https:\/\/conexion23.com\/wp-content\/uploads\/2022\/04\/la-vice-626a067294e87.jpg","datePublished":"2022-04-28T12:07:57+00:00","dateModified":"2022-04-28T12:08:03+00:00","description":"A trav\u00e9s de su cuenta de Twitter, la primera dama de la Rep\u00fablica, Raquel Arbaje, pidi\u00f3 disculpas por haber afirmado, err\u00f3neamente, que Mar\u00eda Altagracia de los \u00c1ngeles Pe\u00f1a (Angelita Pe\u00f1a) no era la asesora del presidente Luis Abinader y su Gobierno.","breadcrumb":{"@id":"https:\/\/conexion23.com\/?p=6468#breadcrumb"},"inLanguage":"es","potentialAction":[{"@type":"ReadAction","target":["https:\/\/conexion23.com\/?p=6468"]}]},{"@type":"ImageObject","inLanguage":"es","@id":"https:\/\/conexion23.com\/?p=6468#primaryimage","url":"https:\/\/conexion23.com\/wp-content\/uploads\/2022\/04\/la-vice-626a067294e87.jpg","contentUrl":"https:\/\/conexion23.com\/wp-content\/uploads\/2022\/04\/la-vice-626a067294e87.jpg"},{"@type":"BreadcrumbList","@id":"https:\/\/conexion23.com\/?p=6468#breadcrumb","itemListElement":[{"@type":"ListItem","position":1,"name":"Portada","item":"https:\/\/conexion23.com\/"},{"@type":"ListItem","position":2,"name":"Raquel Arbaje reconoce que Angelita Pe\u00f1a es asesora de Luis Abinader"}]},{"@type":"WebSite","@id":"https:\/\/conexion23.com\/#website","url":"https:\/\/conexion23.com\/","name":"Conexi\u00f3n 23","description":"Peri\u00f3dico 100% Petromacorisano","publisher":{"@id":"https:\/\/conexion23.com\/#organization"},"potentialAction":[{"@type":"SearchAction","target":{"@type":"EntryPoint","urlTemplate":"https:\/\/conexion23.com\/?s={search_term_string}"},"query-input":{"@type":"PropertyValueSpecification","valueRequired":true,"valueName":"search_term_string"}}],"inLanguage":"es"},{"@type":"Organization","@id":"https:\/\/conexion23.com\/#organization","name":"Conexion 23","url":"https:\/\/conexion23.com\/","logo":{"@type":"ImageObject","inLanguage":"es","@id":"https:\/\/conexion23.com\/#\/schema\/logo\/image\/","url":"https:\/\/conexion23.com\/wp-content\/uploads\/2021\/11\/Diseno-sin-titulo-2.png","contentUrl":"https:\/\/conexion23.com\/wp-content\/uploads\/2021\/11\/Diseno-sin-titulo-2.png","width":541,"height":90,"caption":"Conexion 23"},"image":{"@id":"https:\/\/conexion23.com\/#\/schema\/logo\/image\/"},"sameAs":["https:\/\/www.facebook.com\/conexion23com","https:\/\/www.instagram.com\/conexion23com\/","https:\/\/www.youtube.com\/channel\/UCYc7vxxFZMYLIHNsHHxPZ3Q"]},{"@type":"Person","@id":"https:\/\/conexion23.com\/#\/schema\/person\/c0b7ce1f0e7a915d08fa289072b8353a","name":"Benjam\u00edn Rosario","image":{"@type":"ImageObject","inLanguage":"es","@id":"https:\/\/conexion23.com\/#\/schema\/person\/image\/","url":"https:\/\/secure.gravatar.com\/avatar\/62e1b2539b49cdeb50ee302e2a5f2bd31dc7fdba412bbac67e2a2a6e0c89bb2a?s=96&d=mm&r=g","contentUrl":"https:\/\/secure.gravatar.com\/avatar\/62e1b2539b49cdeb50ee302e2a5f2bd31dc7fdba412bbac67e2a2a6e0c89bb2a?s=96&d=mm&r=g","caption":"Benjam\u00edn Rosario"},"url":"https:\/\/conexion23.com\/?author=7"}]}},"_links":{"self":[{"href":"https:\/\/conexion23.com\/index.php?rest_route=\/wp\/v2\/posts\/6468","targetHints":{"allow":["GET"]}}],"collection":[{"href":"https:\/\/conexion23.com\/index.php?rest_route=\/wp\/v2\/posts"}],"about":[{"href":"https:\/\/conexion23.com\/index.php?rest_route=\/wp\/v2\/types\/post"}],"author":[{"embeddable":true,"href":"https:\/\/conexion23.com\/index.php?rest_route=\/wp\/v2\/users\/7"}],"replies":[{"embeddable":true,"href":"https:\/\/conexion23.com\/index.php?rest_route=%2Fwp%2Fv2%2Fcomments&post=6468"}],"version-history":[{"count":1,"href":"https:\/\/conexion23.com\/index.php?rest_route=\/wp\/v2\/posts\/6468\/revisions"}],"predecessor-version":[{"id":6471,"href":"https:\/\/conexion23.com\/index.php?rest_route=\/wp\/v2\/posts\/6468\/revisions\/6471"}],"wp:attachment":[{"href":"https:\/\/conexion23.com\/index.php?rest_route=%2Fwp%2Fv2%2Fmedia&parent=6468"}],"wp:term":[{"taxonomy":"category","embeddable":true,"href":"https:\/\/conexion23.com\/index.php?rest_route=%2Fwp%2Fv2%2Fcategories&post=6468"},{"taxonomy":"post_tag","embeddable":true,"href":"https:\/\/conexion23.com\/index.php?rest_route=%2Fwp%2Fv2%2Ftags&post=6468"}],"curies":[{"name":"wp","href":"https:\/\/api.w.org\/{rel}","templated":true}]}}