{"id":7111,"date":"2022-05-16T07:47:32","date_gmt":"2022-05-16T11:47:32","guid":{"rendered":"https:\/\/conexion23.com\/?p=7111"},"modified":"2022-05-16T08:13:27","modified_gmt":"2022-05-16T12:13:27","slug":"un-dia-como-hoy-la-mujer-dominicana-vota-por-primera-vez-en-elecciones-presidenciales","status":"publish","type":"post","link":"https:\/\/conexion23.com\/?p=7111","title":{"rendered":"Un d\u00eda como hoy la mujer dominicana vota por primera vez en elecciones presidenciales"},"content":{"rendered":"\n<p class=\"wp-block-paragraph\">Durante el gobierno de&nbsp;Rafael Le\u00f3nidas Trujillo Molina, en 1942, se estren\u00f3 el voto femenino en una elecci\u00f3n presidencial.<\/p>\n\n\n\n<p class=\"wp-block-paragraph\">En 1934 se organiz\u00f3 el Voto de Ensayo de la mujer dominicana. En esa ocasi\u00f3n sufragaron unas 96 mil 424 de ellas. Sin embargo, no fue hasta 1942 cuando se hizo realidad este reclamo del derecho al voto.<\/p>\n\n\n\n<p class=\"wp-block-paragraph\">Este movimiento estuvo encabezado por Abiga\u00edl&nbsp;Mej\u00eda, quien en 1931 hab\u00eda fundado la Acci\u00f3n Feminista Dominicana<\/p>\n\n\n\n<p class=\"wp-block-paragraph\">Los articulos de Mej\u00eda consiguieron un espacio en List\u00edn Diario y como escritora, incursion\u00f3 en relatos, cr\u00f3nicas, novelas, biograf\u00edas y poes\u00edas.<\/p>\n\n\n\n<p class=\"wp-block-paragraph\">Su vida transcurri\u00f3 entre la educaci\u00f3n y el arte. Fue profesora de Historia de la Literatura Castellana y dominicana, designada directora del Museo Nacional y fue miembro de la secci\u00f3n de Historia del Ateneo Dominicano.<\/p>\n","protected":false},"excerpt":{"rendered":"<p>Durante el gobierno de&nbsp;Rafael Le\u00f3nidas Trujillo Molina, en 1942, se estren\u00f3 el voto femenino en una elecci\u00f3n presidencial. En 1934 se organiz\u00f3 el Voto de Ensayo de la mujer dominicana. En esa ocasi\u00f3n sufragaron unas 96 mil 424 de ellas. Sin embargo, no fue hasta 1942 cuando se hizo realidad este reclamo del derecho al [&hellip;]<\/p>\n","protected":false},"author":7,"featured_media":0,"comment_status":"open","ping_status":"open","sticky":false,"template":"","format":"standard","meta":{"footnotes":""},"categories":[1],"tags":[],"class_list":["post-7111","post","type-post","status-publish","format-standard","category-uncategorized"],"yoast_head":"<!-- This site is optimized with the Yoast SEO plugin v27.6 - https:\/\/yoast.com\/product\/yoast-seo-wordpress\/ -->\n<title>Un d\u00eda como hoy la mujer dominicana vota por primera vez en elecciones presidenciales - Conexi\u00f3n 23<\/title>\n<meta name=\"robots\" content=\"index, follow, max-snippet:-1, max-image-preview:large, max-video-preview:-1\" \/>\n<link rel=\"canonical\" href=\"https:\/\/conexion23.com\/?p=7111\" \/>\n<meta property=\"og:locale\" content=\"es_ES\" \/>\n<meta property=\"og:type\" content=\"article\" \/>\n<meta property=\"og:title\" content=\"Un d\u00eda como hoy la mujer dominicana vota por primera vez en elecciones presidenciales - Conexi\u00f3n 23\" \/>\n<meta property=\"og:description\" content=\"Durante el gobierno de&nbsp;Rafael Le\u00f3nidas Trujillo Molina, en 1942, se estren\u00f3 el voto femenino en una elecci\u00f3n presidencial. En 1934 se organiz\u00f3 el Voto de Ensayo de la mujer dominicana. En esa ocasi\u00f3n sufragaron unas 96 mil 424 de ellas. Sin embargo, no fue hasta 1942 cuando se hizo realidad este reclamo del derecho al [&hellip;]\" \/>\n<meta property=\"og:url\" content=\"https:\/\/conexion23.com\/?p=7111\" \/>\n<meta property=\"og:site_name\" content=\"Conexi\u00f3n 23\" \/>\n<meta property=\"article:publisher\" content=\"https:\/\/www.facebook.com\/conexion23com\" \/>\n<meta property=\"article:published_time\" content=\"2022-05-16T11:47:32+00:00\" \/>\n<meta property=\"article:modified_time\" content=\"2022-05-16T12:13:27+00:00\" \/>\n<meta name=\"author\" content=\"Benjam\u00edn Rosario\" \/>\n<meta name=\"twitter:card\" content=\"summary_large_image\" \/>\n<meta name=\"twitter:label1\" content=\"Escrito por\" \/>\n\t<meta name=\"twitter:data1\" content=\"Benjam\u00edn Rosario\" \/>\n\t<meta name=\"twitter:label2\" content=\"Tiempo de lectura\" \/>\n\t<meta name=\"twitter:data2\" content=\"1 minuto\" \/>\n<script type=\"application\/ld+json\" class=\"yoast-schema-graph\">{\"@context\":\"https:\\\/\\\/schema.org\",\"@graph\":[{\"@type\":\"Article\",\"@id\":\"https:\\\/\\\/conexion23.com\\\/?p=7111#article\",\"isPartOf\":{\"@id\":\"https:\\\/\\\/conexion23.com\\\/?p=7111\"},\"author\":{\"name\":\"Benjam\u00edn Rosario\",\"@id\":\"https:\\\/\\\/conexion23.com\\\/#\\\/schema\\\/person\\\/c0b7ce1f0e7a915d08fa289072b8353a\"},\"headline\":\"Un d\u00eda como hoy la mujer dominicana vota por primera vez en elecciones presidenciales\",\"datePublished\":\"2022-05-16T11:47:32+00:00\",\"dateModified\":\"2022-05-16T12:13:27+00:00\",\"mainEntityOfPage\":{\"@id\":\"https:\\\/\\\/conexion23.com\\\/?p=7111\"},\"wordCount\":154,\"commentCount\":0,\"publisher\":{\"@id\":\"https:\\\/\\\/conexion23.com\\\/#organization\"},\"articleSection\":[\"Uncategorized\"],\"inLanguage\":\"es\",\"potentialAction\":[{\"@type\":\"CommentAction\",\"name\":\"Comment\",\"target\":[\"https:\\\/\\\/conexion23.com\\\/?p=7111#respond\"]}]},{\"@type\":\"WebPage\",\"@id\":\"https:\\\/\\\/conexion23.com\\\/?p=7111\",\"url\":\"https:\\\/\\\/conexion23.com\\\/?p=7111\",\"name\":\"Un d\u00eda como hoy la mujer dominicana vota por primera vez en elecciones presidenciales - Conexi\u00f3n 23\",\"isPartOf\":{\"@id\":\"https:\\\/\\\/conexion23.com\\\/#website\"},\"datePublished\":\"2022-05-16T11:47:32+00:00\",\"dateModified\":\"2022-05-16T12:13:27+00:00\",\"breadcrumb\":{\"@id\":\"https:\\\/\\\/conexion23.com\\\/?p=7111#breadcrumb\"},\"inLanguage\":\"es\",\"potentialAction\":[{\"@type\":\"ReadAction\",\"target\":[\"https:\\\/\\\/conexion23.com\\\/?p=7111\"]}]},{\"@type\":\"BreadcrumbList\",\"@id\":\"https:\\\/\\\/conexion23.com\\\/?p=7111#breadcrumb\",\"itemListElement\":[{\"@type\":\"ListItem\",\"position\":1,\"name\":\"Portada\",\"item\":\"https:\\\/\\\/conexion23.com\\\/\"},{\"@type\":\"ListItem\",\"position\":2,\"name\":\"Un d\u00eda como hoy la mujer dominicana vota por primera vez en elecciones presidenciales\"}]},{\"@type\":\"WebSite\",\"@id\":\"https:\\\/\\\/conexion23.com\\\/#website\",\"url\":\"https:\\\/\\\/conexion23.com\\\/\",\"name\":\"Conexi\u00f3n 23\",\"description\":\"Peri\u00f3dico 100% Petromacorisano\",\"publisher\":{\"@id\":\"https:\\\/\\\/conexion23.com\\\/#organization\"},\"potentialAction\":[{\"@type\":\"SearchAction\",\"target\":{\"@type\":\"EntryPoint\",\"urlTemplate\":\"https:\\\/\\\/conexion23.com\\\/?s={search_term_string}\"},\"query-input\":{\"@type\":\"PropertyValueSpecification\",\"valueRequired\":true,\"valueName\":\"search_term_string\"}}],\"inLanguage\":\"es\"},{\"@type\":\"Organization\",\"@id\":\"https:\\\/\\\/conexion23.com\\\/#organization\",\"name\":\"Conexion 23\",\"url\":\"https:\\\/\\\/conexion23.com\\\/\",\"logo\":{\"@type\":\"ImageObject\",\"inLanguage\":\"es\",\"@id\":\"https:\\\/\\\/conexion23.com\\\/#\\\/schema\\\/logo\\\/image\\\/\",\"url\":\"https:\\\/\\\/conexion23.com\\\/wp-content\\\/uploads\\\/2021\\\/11\\\/Diseno-sin-titulo-2.png\",\"contentUrl\":\"https:\\\/\\\/conexion23.com\\\/wp-content\\\/uploads\\\/2021\\\/11\\\/Diseno-sin-titulo-2.png\",\"width\":541,\"height\":90,\"caption\":\"Conexion 23\"},\"image\":{\"@id\":\"https:\\\/\\\/conexion23.com\\\/#\\\/schema\\\/logo\\\/image\\\/\"},\"sameAs\":[\"https:\\\/\\\/www.facebook.com\\\/conexion23com\",\"https:\\\/\\\/www.instagram.com\\\/conexion23com\\\/\",\"https:\\\/\\\/www.youtube.com\\\/channel\\\/UCYc7vxxFZMYLIHNsHHxPZ3Q\"]},{\"@type\":\"Person\",\"@id\":\"https:\\\/\\\/conexion23.com\\\/#\\\/schema\\\/person\\\/c0b7ce1f0e7a915d08fa289072b8353a\",\"name\":\"Benjam\u00edn Rosario\",\"image\":{\"@type\":\"ImageObject\",\"inLanguage\":\"es\",\"@id\":\"https:\\\/\\\/secure.gravatar.com\\\/avatar\\\/62e1b2539b49cdeb50ee302e2a5f2bd31dc7fdba412bbac67e2a2a6e0c89bb2a?s=96&d=mm&r=g\",\"url\":\"https:\\\/\\\/secure.gravatar.com\\\/avatar\\\/62e1b2539b49cdeb50ee302e2a5f2bd31dc7fdba412bbac67e2a2a6e0c89bb2a?s=96&d=mm&r=g\",\"contentUrl\":\"https:\\\/\\\/secure.gravatar.com\\\/avatar\\\/62e1b2539b49cdeb50ee302e2a5f2bd31dc7fdba412bbac67e2a2a6e0c89bb2a?s=96&d=mm&r=g\",\"caption\":\"Benjam\u00edn Rosario\"},\"url\":\"https:\\\/\\\/conexion23.com\\\/?author=7\"}]}<\/script>\n<!-- \/ Yoast SEO plugin. -->","yoast_head_json":{"title":"Un d\u00eda como hoy la mujer dominicana vota por primera vez en elecciones presidenciales - Conexi\u00f3n 23","robots":{"index":"index","follow":"follow","max-snippet":"max-snippet:-1","max-image-preview":"max-image-preview:large","max-video-preview":"max-video-preview:-1"},"canonical":"https:\/\/conexion23.com\/?p=7111","og_locale":"es_ES","og_type":"article","og_title":"Un d\u00eda como hoy la mujer dominicana vota por primera vez en elecciones presidenciales - Conexi\u00f3n 23","og_description":"Durante el gobierno de&nbsp;Rafael Le\u00f3nidas Trujillo Molina, en 1942, se estren\u00f3 el voto femenino en una elecci\u00f3n presidencial. En 1934 se organiz\u00f3 el Voto de Ensayo de la mujer dominicana. En esa ocasi\u00f3n sufragaron unas 96 mil 424 de ellas. Sin embargo, no fue hasta 1942 cuando se hizo realidad este reclamo del derecho al [&hellip;]","og_url":"https:\/\/conexion23.com\/?p=7111","og_site_name":"Conexi\u00f3n 23","article_publisher":"https:\/\/www.facebook.com\/conexion23com","article_published_time":"2022-05-16T11:47:32+00:00","article_modified_time":"2022-05-16T12:13:27+00:00","author":"Benjam\u00edn Rosario","twitter_card":"summary_large_image","twitter_misc":{"Escrito por":"Benjam\u00edn Rosario","Tiempo de lectura":"1 minuto"},"schema":{"@context":"https:\/\/schema.org","@graph":[{"@type":"Article","@id":"https:\/\/conexion23.com\/?p=7111#article","isPartOf":{"@id":"https:\/\/conexion23.com\/?p=7111"},"author":{"name":"Benjam\u00edn Rosario","@id":"https:\/\/conexion23.com\/#\/schema\/person\/c0b7ce1f0e7a915d08fa289072b8353a"},"headline":"Un d\u00eda como hoy la mujer dominicana vota por primera vez en elecciones presidenciales","datePublished":"2022-05-16T11:47:32+00:00","dateModified":"2022-05-16T12:13:27+00:00","mainEntityOfPage":{"@id":"https:\/\/conexion23.com\/?p=7111"},"wordCount":154,"commentCount":0,"publisher":{"@id":"https:\/\/conexion23.com\/#organization"},"articleSection":["Uncategorized"],"inLanguage":"es","potentialAction":[{"@type":"CommentAction","name":"Comment","target":["https:\/\/conexion23.com\/?p=7111#respond"]}]},{"@type":"WebPage","@id":"https:\/\/conexion23.com\/?p=7111","url":"https:\/\/conexion23.com\/?p=7111","name":"Un d\u00eda como hoy la mujer dominicana vota por primera vez en elecciones presidenciales - Conexi\u00f3n 23","isPartOf":{"@id":"https:\/\/conexion23.com\/#website"},"datePublished":"2022-05-16T11:47:32+00:00","dateModified":"2022-05-16T12:13:27+00:00","breadcrumb":{"@id":"https:\/\/conexion23.com\/?p=7111#breadcrumb"},"inLanguage":"es","potentialAction":[{"@type":"ReadAction","target":["https:\/\/conexion23.com\/?p=7111"]}]},{"@type":"BreadcrumbList","@id":"https:\/\/conexion23.com\/?p=7111#breadcrumb","itemListElement":[{"@type":"ListItem","position":1,"name":"Portada","item":"https:\/\/conexion23.com\/"},{"@type":"ListItem","position":2,"name":"Un d\u00eda como hoy la mujer dominicana vota por primera vez en elecciones presidenciales"}]},{"@type":"WebSite","@id":"https:\/\/conexion23.com\/#website","url":"https:\/\/conexion23.com\/","name":"Conexi\u00f3n 23","description":"Peri\u00f3dico 100% Petromacorisano","publisher":{"@id":"https:\/\/conexion23.com\/#organization"},"potentialAction":[{"@type":"SearchAction","target":{"@type":"EntryPoint","urlTemplate":"https:\/\/conexion23.com\/?s={search_term_string}"},"query-input":{"@type":"PropertyValueSpecification","valueRequired":true,"valueName":"search_term_string"}}],"inLanguage":"es"},{"@type":"Organization","@id":"https:\/\/conexion23.com\/#organization","name":"Conexion 23","url":"https:\/\/conexion23.com\/","logo":{"@type":"ImageObject","inLanguage":"es","@id":"https:\/\/conexion23.com\/#\/schema\/logo\/image\/","url":"https:\/\/conexion23.com\/wp-content\/uploads\/2021\/11\/Diseno-sin-titulo-2.png","contentUrl":"https:\/\/conexion23.com\/wp-content\/uploads\/2021\/11\/Diseno-sin-titulo-2.png","width":541,"height":90,"caption":"Conexion 23"},"image":{"@id":"https:\/\/conexion23.com\/#\/schema\/logo\/image\/"},"sameAs":["https:\/\/www.facebook.com\/conexion23com","https:\/\/www.instagram.com\/conexion23com\/","https:\/\/www.youtube.com\/channel\/UCYc7vxxFZMYLIHNsHHxPZ3Q"]},{"@type":"Person","@id":"https:\/\/conexion23.com\/#\/schema\/person\/c0b7ce1f0e7a915d08fa289072b8353a","name":"Benjam\u00edn Rosario","image":{"@type":"ImageObject","inLanguage":"es","@id":"https:\/\/secure.gravatar.com\/avatar\/62e1b2539b49cdeb50ee302e2a5f2bd31dc7fdba412bbac67e2a2a6e0c89bb2a?s=96&d=mm&r=g","url":"https:\/\/secure.gravatar.com\/avatar\/62e1b2539b49cdeb50ee302e2a5f2bd31dc7fdba412bbac67e2a2a6e0c89bb2a?s=96&d=mm&r=g","contentUrl":"https:\/\/secure.gravatar.com\/avatar\/62e1b2539b49cdeb50ee302e2a5f2bd31dc7fdba412bbac67e2a2a6e0c89bb2a?s=96&d=mm&r=g","caption":"Benjam\u00edn Rosario"},"url":"https:\/\/conexion23.com\/?author=7"}]}},"_links":{"self":[{"href":"https:\/\/conexion23.com\/index.php?rest_route=\/wp\/v2\/posts\/7111","targetHints":{"allow":["GET"]}}],"collection":[{"href":"https:\/\/conexion23.com\/index.php?rest_route=\/wp\/v2\/posts"}],"about":[{"href":"https:\/\/conexion23.com\/index.php?rest_route=\/wp\/v2\/types\/post"}],"author":[{"embeddable":true,"href":"https:\/\/conexion23.com\/index.php?rest_route=\/wp\/v2\/users\/7"}],"replies":[{"embeddable":true,"href":"https:\/\/conexion23.com\/index.php?rest_route=%2Fwp%2Fv2%2Fcomments&post=7111"}],"version-history":[{"count":1,"href":"https:\/\/conexion23.com\/index.php?rest_route=\/wp\/v2\/posts\/7111\/revisions"}],"predecessor-version":[{"id":7113,"href":"https:\/\/conexion23.com\/index.php?rest_route=\/wp\/v2\/posts\/7111\/revisions\/7113"}],"wp:attachment":[{"href":"https:\/\/conexion23.com\/index.php?rest_route=%2Fwp%2Fv2%2Fmedia&parent=7111"}],"wp:term":[{"taxonomy":"category","embeddable":true,"href":"https:\/\/conexion23.com\/index.php?rest_route=%2Fwp%2Fv2%2Fcategories&post=7111"},{"taxonomy":"post_tag","embeddable":true,"href":"https:\/\/conexion23.com\/index.php?rest_route=%2Fwp%2Fv2%2Ftags&post=7111"}],"curies":[{"name":"wp","href":"https:\/\/api.w.org\/{rel}","templated":true}]}}