{"id":7117,"date":"2022-05-16T08:05:27","date_gmt":"2022-05-16T12:05:27","guid":{"rendered":"https:\/\/conexion23.com\/?p=7117"},"modified":"2022-05-16T08:05:29","modified_gmt":"2022-05-16T12:05:29","slug":"ministerio-de-la-vivienda-construira-casa-a-joven-de-villa-altagracia","status":"publish","type":"post","link":"https:\/\/conexion23.com\/?p=7117","title":{"rendered":"Ministerio de la Vivienda construir\u00e1 casa a joven de Villa Altagracia"},"content":{"rendered":"\n<p class=\"wp-block-paragraph\">El Ministerio de la&nbsp;<strong>Vivienda<\/strong>&nbsp;y Edificaciones (<strong>Mived<\/strong>) construir\u00e1 una casa a la joven madre Mar\u00eda Guadalupe Espinosa Garc\u00eda que vive con dos hijos en una destartalada casucha en el sector Flor de Liz de este municipio.<\/p>\n\n\n\n<p class=\"wp-block-paragraph\">Luego de enterarse a trav\u00e9s de&nbsp;<em>Diario Libre<\/em>&nbsp;de la situaci\u00f3n de la mujer, el ministro Carlos Bonilla, autoriz\u00f3 un levantamiento de la&nbsp;<strong>vivienda<\/strong>&nbsp;para construirle una nueva.&nbsp;<\/p>\n\n\n\n<p class=\"wp-block-paragraph\">De igual modo se coordina con el Plan Social de la Presidencia para amueblar la casa una vez est\u00e9 construida, inform\u00f3 la directora de comunicaciones del\u00a0<strong>Mived<\/strong>, Patricia Florentino.<\/p>\n\n\n\n<p class=\"wp-block-paragraph\">\u201cNosotros vamos a hacer el levantamiento, a ver si se le puede construir la casa ah\u00ed mismo, en el terreno donde est\u00e1 viviendo, pero vamos a evaluar el caso, ya nosotros lo tenemos\u00bb, expres\u00f3.<\/p>\n\n\n\n<p class=\"wp-block-paragraph\"><strong>Mar\u00eda Guadalupe Espinosa Garc\u00eda<\/strong>&nbsp;acaba de cumplir 18 a\u00f1os, pero su rostro aparenta de m\u00e1s edad y es que la&nbsp;<strong>pobreza<\/strong>&nbsp;ha marcado su trayecto de vida, ha sido implacable con ella y ahora con sus dos peque\u00f1os de tres meses y dos a\u00f1os con los que convive en un tugurio, en una absoluta indigencia en la falda de una monta\u00f1a en el barrio \u201cFlor de Liz II\u201d, en Villa Altagracia.<\/p>\n\n\n\n<p class=\"wp-block-paragraph\">Es la reproducci\u00f3n de un c\u00edrculo de la&nbsp;<strong>pobreza<\/strong>&nbsp;que se extiende desde su madre, abuela y que aparenta continuar con una cuarta generaci\u00f3n: sus hijos. Quisiera romper la cadena, pero est\u00e1 consciente de que necesita&nbsp;<strong>ayuda<\/strong>&nbsp;para lograrlo. Mar\u00eda vive en una casita de hojalata vieja con sus dos peque\u00f1os, Isaac, de tres meses, y Jazm\u00edn, de dos a\u00f1os. El piso es de tierra, no tiene muebles, solo dos sillas pl\u00e1sticas y aunque cuenta con una vieja estufa, cuando suele cocinar lo hace en un anafe; porque nunca tiene gas.&nbsp;<\/p>\n","protected":false},"excerpt":{"rendered":"<p>El Ministerio de la&nbsp;Vivienda&nbsp;y Edificaciones (Mived) construir\u00e1 una casa a la joven madre Mar\u00eda Guadalupe Espinosa Garc\u00eda que vive con dos hijos en una destartalada casucha en el sector Flor de Liz de este municipio. Luego de enterarse a trav\u00e9s de&nbsp;Diario Libre&nbsp;de la situaci\u00f3n de la mujer, el ministro Carlos Bonilla, autoriz\u00f3 un levantamiento de [&hellip;]<\/p>\n","protected":false},"author":7,"featured_media":0,"comment_status":"open","ping_status":"open","sticky":false,"template":"","format":"standard","meta":{"footnotes":""},"categories":[1],"tags":[],"class_list":["post-7117","post","type-post","status-publish","format-standard","category-uncategorized"],"yoast_head":"<!-- This site is optimized with the Yoast SEO plugin v27.6 - https:\/\/yoast.com\/product\/yoast-seo-wordpress\/ -->\n<title>Ministerio de la Vivienda construir\u00e1 casa a joven de Villa Altagracia - Conexi\u00f3n 23<\/title>\n<meta name=\"robots\" content=\"index, follow, max-snippet:-1, max-image-preview:large, max-video-preview:-1\" \/>\n<link rel=\"canonical\" href=\"https:\/\/conexion23.com\/?p=7117\" \/>\n<meta property=\"og:locale\" content=\"es_ES\" \/>\n<meta property=\"og:type\" content=\"article\" \/>\n<meta property=\"og:title\" content=\"Ministerio de la Vivienda construir\u00e1 casa a joven de Villa Altagracia - Conexi\u00f3n 23\" \/>\n<meta property=\"og:description\" content=\"El Ministerio de la&nbsp;Vivienda&nbsp;y Edificaciones (Mived) construir\u00e1 una casa a la joven madre Mar\u00eda Guadalupe Espinosa Garc\u00eda que vive con dos hijos en una destartalada casucha en el sector Flor de Liz de este municipio. Luego de enterarse a trav\u00e9s de&nbsp;Diario Libre&nbsp;de la situaci\u00f3n de la mujer, el ministro Carlos Bonilla, autoriz\u00f3 un levantamiento de [&hellip;]\" \/>\n<meta property=\"og:url\" content=\"https:\/\/conexion23.com\/?p=7117\" \/>\n<meta property=\"og:site_name\" content=\"Conexi\u00f3n 23\" \/>\n<meta property=\"article:publisher\" content=\"https:\/\/www.facebook.com\/conexion23com\" \/>\n<meta property=\"article:published_time\" content=\"2022-05-16T12:05:27+00:00\" \/>\n<meta property=\"article:modified_time\" content=\"2022-05-16T12:05:29+00:00\" \/>\n<meta name=\"author\" content=\"Benjam\u00edn Rosario\" \/>\n<meta name=\"twitter:card\" content=\"summary_large_image\" \/>\n<meta name=\"twitter:label1\" content=\"Escrito por\" \/>\n\t<meta name=\"twitter:data1\" content=\"Benjam\u00edn Rosario\" \/>\n\t<meta name=\"twitter:label2\" content=\"Tiempo de lectura\" \/>\n\t<meta name=\"twitter:data2\" content=\"2 minutos\" \/>\n<script type=\"application\/ld+json\" class=\"yoast-schema-graph\">{\"@context\":\"https:\\\/\\\/schema.org\",\"@graph\":[{\"@type\":\"Article\",\"@id\":\"https:\\\/\\\/conexion23.com\\\/?p=7117#article\",\"isPartOf\":{\"@id\":\"https:\\\/\\\/conexion23.com\\\/?p=7117\"},\"author\":{\"name\":\"Benjam\u00edn Rosario\",\"@id\":\"https:\\\/\\\/conexion23.com\\\/#\\\/schema\\\/person\\\/c0b7ce1f0e7a915d08fa289072b8353a\"},\"headline\":\"Ministerio de la Vivienda construir\u00e1 casa a joven de Villa Altagracia\",\"datePublished\":\"2022-05-16T12:05:27+00:00\",\"dateModified\":\"2022-05-16T12:05:29+00:00\",\"mainEntityOfPage\":{\"@id\":\"https:\\\/\\\/conexion23.com\\\/?p=7117\"},\"wordCount\":334,\"commentCount\":0,\"publisher\":{\"@id\":\"https:\\\/\\\/conexion23.com\\\/#organization\"},\"articleSection\":[\"Uncategorized\"],\"inLanguage\":\"es\",\"potentialAction\":[{\"@type\":\"CommentAction\",\"name\":\"Comment\",\"target\":[\"https:\\\/\\\/conexion23.com\\\/?p=7117#respond\"]}]},{\"@type\":\"WebPage\",\"@id\":\"https:\\\/\\\/conexion23.com\\\/?p=7117\",\"url\":\"https:\\\/\\\/conexion23.com\\\/?p=7117\",\"name\":\"Ministerio de la Vivienda construir\u00e1 casa a joven de Villa Altagracia - Conexi\u00f3n 23\",\"isPartOf\":{\"@id\":\"https:\\\/\\\/conexion23.com\\\/#website\"},\"datePublished\":\"2022-05-16T12:05:27+00:00\",\"dateModified\":\"2022-05-16T12:05:29+00:00\",\"breadcrumb\":{\"@id\":\"https:\\\/\\\/conexion23.com\\\/?p=7117#breadcrumb\"},\"inLanguage\":\"es\",\"potentialAction\":[{\"@type\":\"ReadAction\",\"target\":[\"https:\\\/\\\/conexion23.com\\\/?p=7117\"]}]},{\"@type\":\"BreadcrumbList\",\"@id\":\"https:\\\/\\\/conexion23.com\\\/?p=7117#breadcrumb\",\"itemListElement\":[{\"@type\":\"ListItem\",\"position\":1,\"name\":\"Portada\",\"item\":\"https:\\\/\\\/conexion23.com\\\/\"},{\"@type\":\"ListItem\",\"position\":2,\"name\":\"Ministerio de la Vivienda construir\u00e1 casa a joven de Villa Altagracia\"}]},{\"@type\":\"WebSite\",\"@id\":\"https:\\\/\\\/conexion23.com\\\/#website\",\"url\":\"https:\\\/\\\/conexion23.com\\\/\",\"name\":\"Conexi\u00f3n 23\",\"description\":\"Peri\u00f3dico 100% Petromacorisano\",\"publisher\":{\"@id\":\"https:\\\/\\\/conexion23.com\\\/#organization\"},\"potentialAction\":[{\"@type\":\"SearchAction\",\"target\":{\"@type\":\"EntryPoint\",\"urlTemplate\":\"https:\\\/\\\/conexion23.com\\\/?s={search_term_string}\"},\"query-input\":{\"@type\":\"PropertyValueSpecification\",\"valueRequired\":true,\"valueName\":\"search_term_string\"}}],\"inLanguage\":\"es\"},{\"@type\":\"Organization\",\"@id\":\"https:\\\/\\\/conexion23.com\\\/#organization\",\"name\":\"Conexion 23\",\"url\":\"https:\\\/\\\/conexion23.com\\\/\",\"logo\":{\"@type\":\"ImageObject\",\"inLanguage\":\"es\",\"@id\":\"https:\\\/\\\/conexion23.com\\\/#\\\/schema\\\/logo\\\/image\\\/\",\"url\":\"https:\\\/\\\/conexion23.com\\\/wp-content\\\/uploads\\\/2021\\\/11\\\/Diseno-sin-titulo-2.png\",\"contentUrl\":\"https:\\\/\\\/conexion23.com\\\/wp-content\\\/uploads\\\/2021\\\/11\\\/Diseno-sin-titulo-2.png\",\"width\":541,\"height\":90,\"caption\":\"Conexion 23\"},\"image\":{\"@id\":\"https:\\\/\\\/conexion23.com\\\/#\\\/schema\\\/logo\\\/image\\\/\"},\"sameAs\":[\"https:\\\/\\\/www.facebook.com\\\/conexion23com\",\"https:\\\/\\\/www.instagram.com\\\/conexion23com\\\/\",\"https:\\\/\\\/www.youtube.com\\\/channel\\\/UCYc7vxxFZMYLIHNsHHxPZ3Q\"]},{\"@type\":\"Person\",\"@id\":\"https:\\\/\\\/conexion23.com\\\/#\\\/schema\\\/person\\\/c0b7ce1f0e7a915d08fa289072b8353a\",\"name\":\"Benjam\u00edn Rosario\",\"image\":{\"@type\":\"ImageObject\",\"inLanguage\":\"es\",\"@id\":\"https:\\\/\\\/secure.gravatar.com\\\/avatar\\\/62e1b2539b49cdeb50ee302e2a5f2bd31dc7fdba412bbac67e2a2a6e0c89bb2a?s=96&d=mm&r=g\",\"url\":\"https:\\\/\\\/secure.gravatar.com\\\/avatar\\\/62e1b2539b49cdeb50ee302e2a5f2bd31dc7fdba412bbac67e2a2a6e0c89bb2a?s=96&d=mm&r=g\",\"contentUrl\":\"https:\\\/\\\/secure.gravatar.com\\\/avatar\\\/62e1b2539b49cdeb50ee302e2a5f2bd31dc7fdba412bbac67e2a2a6e0c89bb2a?s=96&d=mm&r=g\",\"caption\":\"Benjam\u00edn Rosario\"},\"url\":\"https:\\\/\\\/conexion23.com\\\/?author=7\"}]}<\/script>\n<!-- \/ Yoast SEO plugin. -->","yoast_head_json":{"title":"Ministerio de la Vivienda construir\u00e1 casa a joven de Villa Altagracia - Conexi\u00f3n 23","robots":{"index":"index","follow":"follow","max-snippet":"max-snippet:-1","max-image-preview":"max-image-preview:large","max-video-preview":"max-video-preview:-1"},"canonical":"https:\/\/conexion23.com\/?p=7117","og_locale":"es_ES","og_type":"article","og_title":"Ministerio de la Vivienda construir\u00e1 casa a joven de Villa Altagracia - Conexi\u00f3n 23","og_description":"El Ministerio de la&nbsp;Vivienda&nbsp;y Edificaciones (Mived) construir\u00e1 una casa a la joven madre Mar\u00eda Guadalupe Espinosa Garc\u00eda que vive con dos hijos en una destartalada casucha en el sector Flor de Liz de este municipio. Luego de enterarse a trav\u00e9s de&nbsp;Diario Libre&nbsp;de la situaci\u00f3n de la mujer, el ministro Carlos Bonilla, autoriz\u00f3 un levantamiento de [&hellip;]","og_url":"https:\/\/conexion23.com\/?p=7117","og_site_name":"Conexi\u00f3n 23","article_publisher":"https:\/\/www.facebook.com\/conexion23com","article_published_time":"2022-05-16T12:05:27+00:00","article_modified_time":"2022-05-16T12:05:29+00:00","author":"Benjam\u00edn Rosario","twitter_card":"summary_large_image","twitter_misc":{"Escrito por":"Benjam\u00edn Rosario","Tiempo de lectura":"2 minutos"},"schema":{"@context":"https:\/\/schema.org","@graph":[{"@type":"Article","@id":"https:\/\/conexion23.com\/?p=7117#article","isPartOf":{"@id":"https:\/\/conexion23.com\/?p=7117"},"author":{"name":"Benjam\u00edn Rosario","@id":"https:\/\/conexion23.com\/#\/schema\/person\/c0b7ce1f0e7a915d08fa289072b8353a"},"headline":"Ministerio de la Vivienda construir\u00e1 casa a joven de Villa Altagracia","datePublished":"2022-05-16T12:05:27+00:00","dateModified":"2022-05-16T12:05:29+00:00","mainEntityOfPage":{"@id":"https:\/\/conexion23.com\/?p=7117"},"wordCount":334,"commentCount":0,"publisher":{"@id":"https:\/\/conexion23.com\/#organization"},"articleSection":["Uncategorized"],"inLanguage":"es","potentialAction":[{"@type":"CommentAction","name":"Comment","target":["https:\/\/conexion23.com\/?p=7117#respond"]}]},{"@type":"WebPage","@id":"https:\/\/conexion23.com\/?p=7117","url":"https:\/\/conexion23.com\/?p=7117","name":"Ministerio de la Vivienda construir\u00e1 casa a joven de Villa Altagracia - Conexi\u00f3n 23","isPartOf":{"@id":"https:\/\/conexion23.com\/#website"},"datePublished":"2022-05-16T12:05:27+00:00","dateModified":"2022-05-16T12:05:29+00:00","breadcrumb":{"@id":"https:\/\/conexion23.com\/?p=7117#breadcrumb"},"inLanguage":"es","potentialAction":[{"@type":"ReadAction","target":["https:\/\/conexion23.com\/?p=7117"]}]},{"@type":"BreadcrumbList","@id":"https:\/\/conexion23.com\/?p=7117#breadcrumb","itemListElement":[{"@type":"ListItem","position":1,"name":"Portada","item":"https:\/\/conexion23.com\/"},{"@type":"ListItem","position":2,"name":"Ministerio de la Vivienda construir\u00e1 casa a joven de Villa Altagracia"}]},{"@type":"WebSite","@id":"https:\/\/conexion23.com\/#website","url":"https:\/\/conexion23.com\/","name":"Conexi\u00f3n 23","description":"Peri\u00f3dico 100% Petromacorisano","publisher":{"@id":"https:\/\/conexion23.com\/#organization"},"potentialAction":[{"@type":"SearchAction","target":{"@type":"EntryPoint","urlTemplate":"https:\/\/conexion23.com\/?s={search_term_string}"},"query-input":{"@type":"PropertyValueSpecification","valueRequired":true,"valueName":"search_term_string"}}],"inLanguage":"es"},{"@type":"Organization","@id":"https:\/\/conexion23.com\/#organization","name":"Conexion 23","url":"https:\/\/conexion23.com\/","logo":{"@type":"ImageObject","inLanguage":"es","@id":"https:\/\/conexion23.com\/#\/schema\/logo\/image\/","url":"https:\/\/conexion23.com\/wp-content\/uploads\/2021\/11\/Diseno-sin-titulo-2.png","contentUrl":"https:\/\/conexion23.com\/wp-content\/uploads\/2021\/11\/Diseno-sin-titulo-2.png","width":541,"height":90,"caption":"Conexion 23"},"image":{"@id":"https:\/\/conexion23.com\/#\/schema\/logo\/image\/"},"sameAs":["https:\/\/www.facebook.com\/conexion23com","https:\/\/www.instagram.com\/conexion23com\/","https:\/\/www.youtube.com\/channel\/UCYc7vxxFZMYLIHNsHHxPZ3Q"]},{"@type":"Person","@id":"https:\/\/conexion23.com\/#\/schema\/person\/c0b7ce1f0e7a915d08fa289072b8353a","name":"Benjam\u00edn Rosario","image":{"@type":"ImageObject","inLanguage":"es","@id":"https:\/\/secure.gravatar.com\/avatar\/62e1b2539b49cdeb50ee302e2a5f2bd31dc7fdba412bbac67e2a2a6e0c89bb2a?s=96&d=mm&r=g","url":"https:\/\/secure.gravatar.com\/avatar\/62e1b2539b49cdeb50ee302e2a5f2bd31dc7fdba412bbac67e2a2a6e0c89bb2a?s=96&d=mm&r=g","contentUrl":"https:\/\/secure.gravatar.com\/avatar\/62e1b2539b49cdeb50ee302e2a5f2bd31dc7fdba412bbac67e2a2a6e0c89bb2a?s=96&d=mm&r=g","caption":"Benjam\u00edn Rosario"},"url":"https:\/\/conexion23.com\/?author=7"}]}},"_links":{"self":[{"href":"https:\/\/conexion23.com\/index.php?rest_route=\/wp\/v2\/posts\/7117","targetHints":{"allow":["GET"]}}],"collection":[{"href":"https:\/\/conexion23.com\/index.php?rest_route=\/wp\/v2\/posts"}],"about":[{"href":"https:\/\/conexion23.com\/index.php?rest_route=\/wp\/v2\/types\/post"}],"author":[{"embeddable":true,"href":"https:\/\/conexion23.com\/index.php?rest_route=\/wp\/v2\/users\/7"}],"replies":[{"embeddable":true,"href":"https:\/\/conexion23.com\/index.php?rest_route=%2Fwp%2Fv2%2Fcomments&post=7117"}],"version-history":[{"count":1,"href":"https:\/\/conexion23.com\/index.php?rest_route=\/wp\/v2\/posts\/7117\/revisions"}],"predecessor-version":[{"id":7119,"href":"https:\/\/conexion23.com\/index.php?rest_route=\/wp\/v2\/posts\/7117\/revisions\/7119"}],"wp:attachment":[{"href":"https:\/\/conexion23.com\/index.php?rest_route=%2Fwp%2Fv2%2Fmedia&parent=7117"}],"wp:term":[{"taxonomy":"category","embeddable":true,"href":"https:\/\/conexion23.com\/index.php?rest_route=%2Fwp%2Fv2%2Fcategories&post=7117"},{"taxonomy":"post_tag","embeddable":true,"href":"https:\/\/conexion23.com\/index.php?rest_route=%2Fwp%2Fv2%2Ftags&post=7117"}],"curies":[{"name":"wp","href":"https:\/\/api.w.org\/{rel}","templated":true}]}}