{"id":7314,"date":"2022-05-18T15:21:41","date_gmt":"2022-05-18T19:21:41","guid":{"rendered":"https:\/\/conexion23.com\/?p=7314"},"modified":"2022-05-18T15:21:45","modified_gmt":"2022-05-18T19:21:45","slug":"tolentino-convoca-marcha-frente-al-congreso-para-que-aprueben-proyecto-de-ley-para-ninos-autistas","status":"publish","type":"post","link":"https:\/\/conexion23.com\/?p=7314","title":{"rendered":"Tolentino convoca marcha frente al Congreso para que aprueben proyecto de ley para ni\u00f1os autistas"},"content":{"rendered":"\n<p class=\"wp-block-paragraph\">El comunicador Ram\u00f3n&nbsp;Tolentino agradeci\u00f3 a los diputados que han apoyado el proyecto de ley para ni\u00f1os autistas y anunci\u00f3 que pr\u00f3ximamente&nbsp;se realizar\u00e1 una marcha pac\u00edfica de padres y ni\u00f1os frente al Congreso Nacional.&nbsp;<\/p>\n\n\n\n<p class=\"wp-block-paragraph\">Expres\u00f3 que el presidente de la C\u00e1mara de Diputados Alfredo Pacheco&nbsp; recomend\u00f3 decirle a Yudelka de la Rosa que sometiera nuevamente el proyecto porque le iban a poner atenci\u00f3n, ya que las veces que lo hab\u00eda&nbsp;presentado, los legisladores no le hab\u00edan mostrado inter\u00e9s.&nbsp;&nbsp;<\/p>\n\n\n\n<p class=\"wp-block-paragraph\">\u00abSabemos que Yudelka tiene un ni\u00f1o con eso. Si vemos ese proyecto de ley, ah\u00ed no falta nada, si vemos ah\u00ed\u00a0est\u00e1 el seguro m\u00e9dico, la escuela, tema econ\u00f3mico\u00bb indic\u00f3.\u00a0<\/p>\n\n\n\n<p class=\"wp-block-paragraph\">Tolentino hizo un llamado a las fundaciones Qui\u00e9reme como soy, Manos Unidas por Autismo, Damas de Negro, Fundaci\u00f3n Dominicana de Autismo, Autismo en Marcha, Hablemos de Autismo, entre otras, para que apoyen esta causa.<\/p>\n\n\n\n<p class=\"wp-block-paragraph\">En ese orden, el economista&nbsp;Ernesto Jim\u00e9nez sostuvo que aportar\u00e1 sus conocimientos&nbsp;en el \u00e1rea para ayudar de manera gratuita a los familiares de los ni\u00f1os, con talleres de coaching adaptados a esta realidad especial.&nbsp;<\/p>\n\n\n\n<p class=\"wp-block-paragraph\">Indic\u00f3 que le comentaron que este&nbsp;lo hab\u00edan&nbsp;sometido varias veces pero que perimian&nbsp;porque los proyectos que se aprueban son los que env\u00edan del Ejecutivo&nbsp;y los que vienen del empresariado y otros \u00abgrupos oscuros\u00bb.&nbsp; &nbsp;\u00abHay que seguir ejerciendo presi\u00f3n hasta que sea aprobado hasta que se apruebe\u00bb.&nbsp;<\/p>\n\n\n\n<p class=\"wp-block-paragraph\">Por su parte, Ariel Santada expres\u00f3 que esta situaci\u00f3n le da indignaci\u00f3n que para aprobar una ley tan importante&nbsp;haya que hacer una marcha.&nbsp;\u00abSi t\u00fa tienes que oponerte a una cosa as\u00ed, tienes que salir con una funda en la cabeza. Esa es una ley que no rompe con los intereses de nadie\u00bb.&nbsp;&nbsp;<\/p>\n","protected":false},"excerpt":{"rendered":"<p>El comunicador Ram\u00f3n&nbsp;Tolentino agradeci\u00f3 a los diputados que han apoyado el proyecto de ley para ni\u00f1os autistas y anunci\u00f3 que pr\u00f3ximamente&nbsp;se realizar\u00e1 una marcha pac\u00edfica de padres y ni\u00f1os frente al Congreso Nacional.&nbsp; Expres\u00f3 que el presidente de la C\u00e1mara de Diputados Alfredo Pacheco&nbsp; recomend\u00f3 decirle a Yudelka de la Rosa que sometiera nuevamente el [&hellip;]<\/p>\n","protected":false},"author":7,"featured_media":0,"comment_status":"open","ping_status":"open","sticky":false,"template":"","format":"standard","meta":{"footnotes":""},"categories":[1],"tags":[],"class_list":["post-7314","post","type-post","status-publish","format-standard","category-uncategorized"],"yoast_head":"<!-- This site is optimized with the Yoast SEO plugin v27.6 - https:\/\/yoast.com\/product\/yoast-seo-wordpress\/ -->\n<title>Tolentino convoca marcha frente al Congreso para que aprueben proyecto de ley para ni\u00f1os autistas - Conexi\u00f3n 23<\/title>\n<meta name=\"robots\" content=\"index, follow, max-snippet:-1, max-image-preview:large, max-video-preview:-1\" \/>\n<link rel=\"canonical\" href=\"https:\/\/conexion23.com\/?p=7314\" \/>\n<meta property=\"og:locale\" content=\"es_ES\" \/>\n<meta property=\"og:type\" content=\"article\" \/>\n<meta property=\"og:title\" content=\"Tolentino convoca marcha frente al Congreso para que aprueben proyecto de ley para ni\u00f1os autistas - Conexi\u00f3n 23\" \/>\n<meta property=\"og:description\" content=\"El comunicador Ram\u00f3n&nbsp;Tolentino agradeci\u00f3 a los diputados que han apoyado el proyecto de ley para ni\u00f1os autistas y anunci\u00f3 que pr\u00f3ximamente&nbsp;se realizar\u00e1 una marcha pac\u00edfica de padres y ni\u00f1os frente al Congreso Nacional.&nbsp; Expres\u00f3 que el presidente de la C\u00e1mara de Diputados Alfredo Pacheco&nbsp; recomend\u00f3 decirle a Yudelka de la Rosa que sometiera nuevamente el [&hellip;]\" \/>\n<meta property=\"og:url\" content=\"https:\/\/conexion23.com\/?p=7314\" \/>\n<meta property=\"og:site_name\" content=\"Conexi\u00f3n 23\" \/>\n<meta property=\"article:publisher\" content=\"https:\/\/www.facebook.com\/conexion23com\" \/>\n<meta property=\"article:published_time\" content=\"2022-05-18T19:21:41+00:00\" \/>\n<meta property=\"article:modified_time\" content=\"2022-05-18T19:21:45+00:00\" \/>\n<meta name=\"author\" content=\"Benjam\u00edn Rosario\" \/>\n<meta name=\"twitter:card\" content=\"summary_large_image\" \/>\n<meta name=\"twitter:label1\" content=\"Escrito por\" \/>\n\t<meta name=\"twitter:data1\" content=\"Benjam\u00edn Rosario\" \/>\n\t<meta name=\"twitter:label2\" content=\"Tiempo de lectura\" \/>\n\t<meta name=\"twitter:data2\" content=\"2 minutos\" \/>\n<script type=\"application\/ld+json\" class=\"yoast-schema-graph\">{\"@context\":\"https:\\\/\\\/schema.org\",\"@graph\":[{\"@type\":\"Article\",\"@id\":\"https:\\\/\\\/conexion23.com\\\/?p=7314#article\",\"isPartOf\":{\"@id\":\"https:\\\/\\\/conexion23.com\\\/?p=7314\"},\"author\":{\"name\":\"Benjam\u00edn Rosario\",\"@id\":\"https:\\\/\\\/conexion23.com\\\/#\\\/schema\\\/person\\\/c0b7ce1f0e7a915d08fa289072b8353a\"},\"headline\":\"Tolentino convoca marcha frente al Congreso para que aprueben proyecto de ley para ni\u00f1os autistas\",\"datePublished\":\"2022-05-18T19:21:41+00:00\",\"dateModified\":\"2022-05-18T19:21:45+00:00\",\"mainEntityOfPage\":{\"@id\":\"https:\\\/\\\/conexion23.com\\\/?p=7314\"},\"wordCount\":340,\"commentCount\":0,\"publisher\":{\"@id\":\"https:\\\/\\\/conexion23.com\\\/#organization\"},\"articleSection\":[\"Uncategorized\"],\"inLanguage\":\"es\",\"potentialAction\":[{\"@type\":\"CommentAction\",\"name\":\"Comment\",\"target\":[\"https:\\\/\\\/conexion23.com\\\/?p=7314#respond\"]}]},{\"@type\":\"WebPage\",\"@id\":\"https:\\\/\\\/conexion23.com\\\/?p=7314\",\"url\":\"https:\\\/\\\/conexion23.com\\\/?p=7314\",\"name\":\"Tolentino convoca marcha frente al Congreso para que aprueben proyecto de ley para ni\u00f1os autistas - Conexi\u00f3n 23\",\"isPartOf\":{\"@id\":\"https:\\\/\\\/conexion23.com\\\/#website\"},\"datePublished\":\"2022-05-18T19:21:41+00:00\",\"dateModified\":\"2022-05-18T19:21:45+00:00\",\"breadcrumb\":{\"@id\":\"https:\\\/\\\/conexion23.com\\\/?p=7314#breadcrumb\"},\"inLanguage\":\"es\",\"potentialAction\":[{\"@type\":\"ReadAction\",\"target\":[\"https:\\\/\\\/conexion23.com\\\/?p=7314\"]}]},{\"@type\":\"BreadcrumbList\",\"@id\":\"https:\\\/\\\/conexion23.com\\\/?p=7314#breadcrumb\",\"itemListElement\":[{\"@type\":\"ListItem\",\"position\":1,\"name\":\"Portada\",\"item\":\"https:\\\/\\\/conexion23.com\\\/\"},{\"@type\":\"ListItem\",\"position\":2,\"name\":\"Tolentino convoca marcha frente al Congreso para que aprueben proyecto de ley para ni\u00f1os autistas\"}]},{\"@type\":\"WebSite\",\"@id\":\"https:\\\/\\\/conexion23.com\\\/#website\",\"url\":\"https:\\\/\\\/conexion23.com\\\/\",\"name\":\"Conexi\u00f3n 23\",\"description\":\"Peri\u00f3dico 100% Petromacorisano\",\"publisher\":{\"@id\":\"https:\\\/\\\/conexion23.com\\\/#organization\"},\"potentialAction\":[{\"@type\":\"SearchAction\",\"target\":{\"@type\":\"EntryPoint\",\"urlTemplate\":\"https:\\\/\\\/conexion23.com\\\/?s={search_term_string}\"},\"query-input\":{\"@type\":\"PropertyValueSpecification\",\"valueRequired\":true,\"valueName\":\"search_term_string\"}}],\"inLanguage\":\"es\"},{\"@type\":\"Organization\",\"@id\":\"https:\\\/\\\/conexion23.com\\\/#organization\",\"name\":\"Conexion 23\",\"url\":\"https:\\\/\\\/conexion23.com\\\/\",\"logo\":{\"@type\":\"ImageObject\",\"inLanguage\":\"es\",\"@id\":\"https:\\\/\\\/conexion23.com\\\/#\\\/schema\\\/logo\\\/image\\\/\",\"url\":\"https:\\\/\\\/conexion23.com\\\/wp-content\\\/uploads\\\/2021\\\/11\\\/Diseno-sin-titulo-2.png\",\"contentUrl\":\"https:\\\/\\\/conexion23.com\\\/wp-content\\\/uploads\\\/2021\\\/11\\\/Diseno-sin-titulo-2.png\",\"width\":541,\"height\":90,\"caption\":\"Conexion 23\"},\"image\":{\"@id\":\"https:\\\/\\\/conexion23.com\\\/#\\\/schema\\\/logo\\\/image\\\/\"},\"sameAs\":[\"https:\\\/\\\/www.facebook.com\\\/conexion23com\",\"https:\\\/\\\/www.instagram.com\\\/conexion23com\\\/\",\"https:\\\/\\\/www.youtube.com\\\/channel\\\/UCYc7vxxFZMYLIHNsHHxPZ3Q\"]},{\"@type\":\"Person\",\"@id\":\"https:\\\/\\\/conexion23.com\\\/#\\\/schema\\\/person\\\/c0b7ce1f0e7a915d08fa289072b8353a\",\"name\":\"Benjam\u00edn Rosario\",\"image\":{\"@type\":\"ImageObject\",\"inLanguage\":\"es\",\"@id\":\"https:\\\/\\\/secure.gravatar.com\\\/avatar\\\/62e1b2539b49cdeb50ee302e2a5f2bd31dc7fdba412bbac67e2a2a6e0c89bb2a?s=96&d=mm&r=g\",\"url\":\"https:\\\/\\\/secure.gravatar.com\\\/avatar\\\/62e1b2539b49cdeb50ee302e2a5f2bd31dc7fdba412bbac67e2a2a6e0c89bb2a?s=96&d=mm&r=g\",\"contentUrl\":\"https:\\\/\\\/secure.gravatar.com\\\/avatar\\\/62e1b2539b49cdeb50ee302e2a5f2bd31dc7fdba412bbac67e2a2a6e0c89bb2a?s=96&d=mm&r=g\",\"caption\":\"Benjam\u00edn Rosario\"},\"url\":\"https:\\\/\\\/conexion23.com\\\/?author=7\"}]}<\/script>\n<!-- \/ Yoast SEO plugin. -->","yoast_head_json":{"title":"Tolentino convoca marcha frente al Congreso para que aprueben proyecto de ley para ni\u00f1os autistas - Conexi\u00f3n 23","robots":{"index":"index","follow":"follow","max-snippet":"max-snippet:-1","max-image-preview":"max-image-preview:large","max-video-preview":"max-video-preview:-1"},"canonical":"https:\/\/conexion23.com\/?p=7314","og_locale":"es_ES","og_type":"article","og_title":"Tolentino convoca marcha frente al Congreso para que aprueben proyecto de ley para ni\u00f1os autistas - Conexi\u00f3n 23","og_description":"El comunicador Ram\u00f3n&nbsp;Tolentino agradeci\u00f3 a los diputados que han apoyado el proyecto de ley para ni\u00f1os autistas y anunci\u00f3 que pr\u00f3ximamente&nbsp;se realizar\u00e1 una marcha pac\u00edfica de padres y ni\u00f1os frente al Congreso Nacional.&nbsp; Expres\u00f3 que el presidente de la C\u00e1mara de Diputados Alfredo Pacheco&nbsp; recomend\u00f3 decirle a Yudelka de la Rosa que sometiera nuevamente el [&hellip;]","og_url":"https:\/\/conexion23.com\/?p=7314","og_site_name":"Conexi\u00f3n 23","article_publisher":"https:\/\/www.facebook.com\/conexion23com","article_published_time":"2022-05-18T19:21:41+00:00","article_modified_time":"2022-05-18T19:21:45+00:00","author":"Benjam\u00edn Rosario","twitter_card":"summary_large_image","twitter_misc":{"Escrito por":"Benjam\u00edn Rosario","Tiempo de lectura":"2 minutos"},"schema":{"@context":"https:\/\/schema.org","@graph":[{"@type":"Article","@id":"https:\/\/conexion23.com\/?p=7314#article","isPartOf":{"@id":"https:\/\/conexion23.com\/?p=7314"},"author":{"name":"Benjam\u00edn Rosario","@id":"https:\/\/conexion23.com\/#\/schema\/person\/c0b7ce1f0e7a915d08fa289072b8353a"},"headline":"Tolentino convoca marcha frente al Congreso para que aprueben proyecto de ley para ni\u00f1os autistas","datePublished":"2022-05-18T19:21:41+00:00","dateModified":"2022-05-18T19:21:45+00:00","mainEntityOfPage":{"@id":"https:\/\/conexion23.com\/?p=7314"},"wordCount":340,"commentCount":0,"publisher":{"@id":"https:\/\/conexion23.com\/#organization"},"articleSection":["Uncategorized"],"inLanguage":"es","potentialAction":[{"@type":"CommentAction","name":"Comment","target":["https:\/\/conexion23.com\/?p=7314#respond"]}]},{"@type":"WebPage","@id":"https:\/\/conexion23.com\/?p=7314","url":"https:\/\/conexion23.com\/?p=7314","name":"Tolentino convoca marcha frente al Congreso para que aprueben proyecto de ley para ni\u00f1os autistas - Conexi\u00f3n 23","isPartOf":{"@id":"https:\/\/conexion23.com\/#website"},"datePublished":"2022-05-18T19:21:41+00:00","dateModified":"2022-05-18T19:21:45+00:00","breadcrumb":{"@id":"https:\/\/conexion23.com\/?p=7314#breadcrumb"},"inLanguage":"es","potentialAction":[{"@type":"ReadAction","target":["https:\/\/conexion23.com\/?p=7314"]}]},{"@type":"BreadcrumbList","@id":"https:\/\/conexion23.com\/?p=7314#breadcrumb","itemListElement":[{"@type":"ListItem","position":1,"name":"Portada","item":"https:\/\/conexion23.com\/"},{"@type":"ListItem","position":2,"name":"Tolentino convoca marcha frente al Congreso para que aprueben proyecto de ley para ni\u00f1os autistas"}]},{"@type":"WebSite","@id":"https:\/\/conexion23.com\/#website","url":"https:\/\/conexion23.com\/","name":"Conexi\u00f3n 23","description":"Peri\u00f3dico 100% Petromacorisano","publisher":{"@id":"https:\/\/conexion23.com\/#organization"},"potentialAction":[{"@type":"SearchAction","target":{"@type":"EntryPoint","urlTemplate":"https:\/\/conexion23.com\/?s={search_term_string}"},"query-input":{"@type":"PropertyValueSpecification","valueRequired":true,"valueName":"search_term_string"}}],"inLanguage":"es"},{"@type":"Organization","@id":"https:\/\/conexion23.com\/#organization","name":"Conexion 23","url":"https:\/\/conexion23.com\/","logo":{"@type":"ImageObject","inLanguage":"es","@id":"https:\/\/conexion23.com\/#\/schema\/logo\/image\/","url":"https:\/\/conexion23.com\/wp-content\/uploads\/2021\/11\/Diseno-sin-titulo-2.png","contentUrl":"https:\/\/conexion23.com\/wp-content\/uploads\/2021\/11\/Diseno-sin-titulo-2.png","width":541,"height":90,"caption":"Conexion 23"},"image":{"@id":"https:\/\/conexion23.com\/#\/schema\/logo\/image\/"},"sameAs":["https:\/\/www.facebook.com\/conexion23com","https:\/\/www.instagram.com\/conexion23com\/","https:\/\/www.youtube.com\/channel\/UCYc7vxxFZMYLIHNsHHxPZ3Q"]},{"@type":"Person","@id":"https:\/\/conexion23.com\/#\/schema\/person\/c0b7ce1f0e7a915d08fa289072b8353a","name":"Benjam\u00edn Rosario","image":{"@type":"ImageObject","inLanguage":"es","@id":"https:\/\/secure.gravatar.com\/avatar\/62e1b2539b49cdeb50ee302e2a5f2bd31dc7fdba412bbac67e2a2a6e0c89bb2a?s=96&d=mm&r=g","url":"https:\/\/secure.gravatar.com\/avatar\/62e1b2539b49cdeb50ee302e2a5f2bd31dc7fdba412bbac67e2a2a6e0c89bb2a?s=96&d=mm&r=g","contentUrl":"https:\/\/secure.gravatar.com\/avatar\/62e1b2539b49cdeb50ee302e2a5f2bd31dc7fdba412bbac67e2a2a6e0c89bb2a?s=96&d=mm&r=g","caption":"Benjam\u00edn Rosario"},"url":"https:\/\/conexion23.com\/?author=7"}]}},"_links":{"self":[{"href":"https:\/\/conexion23.com\/index.php?rest_route=\/wp\/v2\/posts\/7314","targetHints":{"allow":["GET"]}}],"collection":[{"href":"https:\/\/conexion23.com\/index.php?rest_route=\/wp\/v2\/posts"}],"about":[{"href":"https:\/\/conexion23.com\/index.php?rest_route=\/wp\/v2\/types\/post"}],"author":[{"embeddable":true,"href":"https:\/\/conexion23.com\/index.php?rest_route=\/wp\/v2\/users\/7"}],"replies":[{"embeddable":true,"href":"https:\/\/conexion23.com\/index.php?rest_route=%2Fwp%2Fv2%2Fcomments&post=7314"}],"version-history":[{"count":1,"href":"https:\/\/conexion23.com\/index.php?rest_route=\/wp\/v2\/posts\/7314\/revisions"}],"predecessor-version":[{"id":7316,"href":"https:\/\/conexion23.com\/index.php?rest_route=\/wp\/v2\/posts\/7314\/revisions\/7316"}],"wp:attachment":[{"href":"https:\/\/conexion23.com\/index.php?rest_route=%2Fwp%2Fv2%2Fmedia&parent=7314"}],"wp:term":[{"taxonomy":"category","embeddable":true,"href":"https:\/\/conexion23.com\/index.php?rest_route=%2Fwp%2Fv2%2Fcategories&post=7314"},{"taxonomy":"post_tag","embeddable":true,"href":"https:\/\/conexion23.com\/index.php?rest_route=%2Fwp%2Fv2%2Ftags&post=7314"}],"curies":[{"name":"wp","href":"https:\/\/api.w.org\/{rel}","templated":true}]}}