{"id":7320,"date":"2022-05-18T15:34:06","date_gmt":"2022-05-18T19:34:06","guid":{"rendered":"https:\/\/conexion23.com\/?p=7320"},"modified":"2022-05-18T15:34:09","modified_gmt":"2022-05-18T19:34:09","slug":"el-40-de-los-presos-del-pais-duerme-en-el-suelo-y-al-salir-no-tiene-oportunidades-de-reinsercion","status":"publish","type":"post","link":"https:\/\/conexion23.com\/?p=7320","title":{"rendered":"El 40% de los presos del pa\u00eds duerme en el suelo y al salir no tiene oportunidades de reinserci\u00f3n"},"content":{"rendered":"\n<p class=\"wp-block-paragraph\">En las c\u00e1rceles del pa\u00eds existe un&nbsp;<strong>exceso de presos preventivos<\/strong>, una gran cantidad de&nbsp;<strong>presos<\/strong>&nbsp;con problemas de salud f\u00edsica y mental, condiciones de hacinamientos en las que&nbsp;<strong>el 40% de los 27,315 detenidos&nbsp;<\/strong>duermen en el suelo y tienen escasas oportunidades de reinserci\u00f3n social.<\/p>\n\n\n\n<p class=\"wp-block-paragraph\">Esto, entre muchos otros problemas que afectan al sistema carcelario, es lo que ha reiterado la<strong>&nbsp;Oficina Nacional de Defensa Publica (ONDP)<\/strong>&nbsp;en su primer informe \u00abCondiciones de Detenci\u00f3n y Prisi\u00f3n 2021\u00bb, publicado este mi\u00e9rcoles y que pretende ser un llamado de atenci\u00f3n a las autoridades para que, de una vez y por todas, pasen de la voluntad a la acci\u00f3n para resolver estos problemas.<\/p>\n\n\n\n<p class=\"wp-block-paragraph\">El informe da cuenta de los desaf\u00edos que tiene el Estado, el sistema de Justicia y Penitenciario, frente a las diversas situaciones que se viven en las c\u00e1rceles dominicanas, y del inminente riesgo a la violencia, incendios, motines, fugas, maltratos y violaci\u00f3n a la integridad que enfrentan las personas privadas de libertad.\u00a0<\/p>\n\n\n\n<p class=\"wp-block-paragraph\">Adem\u00e1s vuelve a poner sobre la mesa el hacinamiento en la c\u00e1rcel de&nbsp;<strong>La Victoria<\/strong>, la cual a pesar de haber sido construida para 2,103 personas, al momento del levantamiento ten\u00eda 7,625 internos. Dicen que el hacinamiento tambi\u00e9n es latente en la c\u00e1rcel de<strong>&nbsp;Bani, Azua, San Juan de la Maguana y Barahona.<\/strong><\/p>\n\n\n\n<p class=\"wp-block-paragraph\">En cuanto a las c\u00e1rceles de la c\u00e1rcel de<strong>&nbsp;Salcedo, Nagua y Saman\u00e1&nbsp;<\/strong>encontraron que no hay \u201cuna verdadera separaci\u00f3n entre hombres y mujeres\u201d. Han alertado de que esto representa una verdadera vulneraci\u00f3n al derecho a la intimidad y al honor.<\/p>\n\n\n\n<p class=\"wp-block-paragraph\">En el informe, presentado por el director de la&nbsp;<strong>Defensa P\u00fablica<\/strong>, Rodolfo Valent\u00edn, se hace una cr\u00edtica al sistema. Establece que el gran problema radica en que desde el Estado se manifiestan mucha voluntad para mejorar estas condiciones, pero que en la realidad es poco lo que se lleva a la pr\u00e1ctica.<\/p>\n\n\n\n<p class=\"wp-block-paragraph\"><strong>Recomendaciones<\/strong><\/p>\n\n\n\n<p class=\"wp-block-paragraph\">A modo de aportar soluci\u00f3n, presentan varias recomendaciones que se detallan a continuaci\u00f3n:<\/p>\n\n\n\n<p class=\"wp-block-paragraph\">1.- Las autoridades deben dotar de personal m\u00e9dico suficiente donde no los hay, y que se incluya personal psiqui\u00e1trico, odontol\u00f3gico, y ginec\u00f3logo en el caso de las mujeres, exigiendo a salud p\u00fablica abastecer de todos los medicamentos necesarios a los centros, as\u00ed como que se establezcan conexiones con laboratorios ubicados en el pa\u00eds a fin de lograr donaciones.<\/p>\n\n\n\n<p class=\"wp-block-paragraph\">2.- Canalizar la construcci\u00f3n de nuevas estructuras en los lugares donde existe hacinamiento, y que se proceda a la reubicaci\u00f3n de las mujeres recluidas en Nagua, Saman\u00e1, Salcedo y Monte Cristi, por su cercan\u00eda con el \u00e1rea de hombres, y en el caso de los menores implementar los programas de reinserci\u00f3n social en todos los centros, procediendo a la eliminaci\u00f3n del centro de La Vega por no estar apto para alojar ning\u00fan adolescente.<\/p>\n\n\n\n<p class=\"wp-block-paragraph\">3- Gestionar con las autoridades penitenciarias para que los internos sean reubicados en aquellos lugares donde existen nuevas construcciones de CCR, o que puedan lograr sus equipamientos para tales fines<\/p>\n\n\n\n<p class=\"wp-block-paragraph\">4- Aumentar la calidad y cantidad de los alimentos en los Centros Penitenciarios, tomando en cuenta los que requieren una dieta especial.<\/p>\n\n\n\n<p class=\"wp-block-paragraph\">&nbsp;5- Que en todos los centros de privaci\u00f3n de libertad se cumpla con el sistema progresivo de tratamiento que establece la Ley 113-21.<\/p>\n\n\n\n<p class=\"wp-block-paragraph\">6- Gestionar y establecer de manera permanente en los centros programas educativos, brind\u00e1ndoseles adem\u00e1s oportunidades labores.<\/p>\n\n\n\n<p class=\"wp-block-paragraph\">7- Contratar personal para todos los Centros donde no existen Comisi\u00f3n de Vigilancia, Evaluaci\u00f3n y Sanci\u00f3n, con finalidad de trabajar la reinserci\u00f3n.<\/p>\n\n\n\n<p class=\"wp-block-paragraph\">&nbsp;8- Adecuar de manera urgente los ba\u00f1os de los \u00faltimos centros construidos en Najayo-Hombres. Najayo San Cristobalense, Santiago, Puerto Plata, Dajab\u00f3n, as\u00ed como el \u00e1rea de Observaci\u00f3n del centro de Mao, que vulneran el principio de intimidad y dignidad al estar ubicados sin ninguna divisi\u00f3n, lo que permite que los dem\u00e1s internos presencien a otro realizando sus necedades fisiol\u00f3gicas.<\/p>\n\n\n\n<p class=\"wp-block-paragraph\">9- Aplicaci\u00f3n de criterios de igualdad en casos de grupos vulnerables tales como los LGTB y en consecuencia se les permita tener intimidad con su pareja, as\u00ed como tambi\u00e9n desarrollar la libre personalidad, y en ese mismo orden tener especial atenci\u00f3n en los internos transg\u00e9nero tomando las previsiones del lugar.<\/p>\n\n\n\n<p class=\"wp-block-paragraph\">10- En cuanto a los internos de m\u00e1xima seguridad que los mismos sean sacados al patio una hora al d\u00eda, y con las debidas precauciones sean beneficiados de programas de reinserci\u00f3n social, conforme los dispuesto en el art\u00edculo 4 numeral 8 d le lay 113-21.<\/p>\n\n\n\n<p class=\"wp-block-paragraph\">11- Tomar todas las medidas necesarias a los fines de evitar la propagaci\u00f3n del virus del COVID, y proporcionar mascarillas y los insumos de limpieza.<\/p>\n\n\n\n<p class=\"wp-block-paragraph\">12- Crear mecanismos de supervisi\u00f3n a las visitas que no laceren su intimidad, ya que las mujeres deben someterse a una revisi\u00f3n vergonzosa.<\/p>\n\n\n\n<p class=\"wp-block-paragraph\">13- Apertura de las visitas conyugales, ya que como vimos hay centros que a\u00fan no inician luego de la pandemia, y que las mujeres privadas de libertad en las c\u00e1rceles tradicionales tengan derecho a las mismas en igualdad de condiciones con las que est\u00e1n recluidas en los 5 centros del nuevo modelo, quienes desde hace un tiempo cuentan con ese beneficio.<\/p>\n\n\n\n<p class=\"wp-block-paragraph\">14- Que la Procuradur\u00eda General de la Rep\u00fablica, Direcci\u00f3n General de Servicios Penitenciarios y Correccionales y a la Fiscal\u00eda de Santo Domingo Oeste, clausure la c\u00e1rcel que funciona en el s\u00f3tano del Destacamento de Bella Colina, por la misma no reunir requisitos m\u00ednimos de habitabilidad para ser humano alguno y constituirse en una edificaci\u00f3n que promueve la constante vulneraci\u00f3n a derechos fundamentales de los internos.<\/p>\n\n\n\n<p class=\"wp-block-paragraph\">15- Que las c\u00e1rceles del Modelo Tradicional sean sustituidas con car\u00e1cter de prioridad por los Centros de Correcci\u00f3n y Rehabilitaci\u00f3n, para que todo el sistema pase bajo la gerencia del Nuevo Modelo de Gesti\u00f3n Penitenciaria, como garant\u00eda de los Derechos Humanos a permanecer en un ambiente donde se respete su dignidad e integridad.<\/p>\n\n\n\n<p class=\"wp-block-paragraph\">&nbsp;16- Que la Direcci\u00f3n General de Servicios Penitenciarios y Correccionales desarrolle auditorias de calidad a los diferentes servicios ofrecido a interno\/as, que permitan establecer debilidades concretas en ambos Sistemas, espec\u00edficamente, aquellos servicios b\u00e1sicos como alimentaci\u00f3n, albergue, salubridad, higiene, as\u00ed como los dem\u00e1s servicios que deben ser ofrecidos en el marco del proceso de rehabilitaci\u00f3n y reinserci\u00f3n, entre estos mencionamos: educaci\u00f3n, formaci\u00f3n t\u00e9cnica, etc.<\/p>\n\n\n\n<p class=\"wp-block-paragraph\">17- Que la Procuradur\u00eda General de la Rep\u00fablica a trav\u00e9s de la Direcci\u00f3n General de Servicios Penitenciarios y Correccionales, ampl\u00ede los programas de vinculaci\u00f3n con los sectores de la sociedad y medios de comunicaci\u00f3n, para concienciar a la poblaci\u00f3n de las bondades que brinda el Nuevo Modelo de Gesti\u00f3n Penitenciaria, sujeto al respeto de los derechos humanos.<\/p>\n\n\n\n<p class=\"wp-block-paragraph\">18- Que la Procuradur\u00eda General de la Rep\u00fablica y la Direcci\u00f3n General de Servicios Penitenciarios y Correccionales, realicen acuerdos con instituciones y organizaciones p\u00fablicas y privadas a los fines de que los internos y las internas, despu\u00e9s de cumplir la pena, puedan obtener un empleo, de esa manera se da seguimiento a la post-prisi\u00f3n y se rompe con el estigma o prejuicio de haber sido convicto.<\/p>\n\n\n\n<p class=\"wp-block-paragraph\">Finalmente, la Oficina Nacional de Defensa Publica, reitera que continuar\u00e1 dando seguimiento cercano a la situaci\u00f3n de las personas privadas de libertad.<\/p>\n","protected":false},"excerpt":{"rendered":"<p>En las c\u00e1rceles del pa\u00eds existe un&nbsp;exceso de presos preventivos, una gran cantidad de&nbsp;presos&nbsp;con problemas de salud f\u00edsica y mental, condiciones de hacinamientos en las que&nbsp;el 40% de los 27,315 detenidos&nbsp;duermen en el suelo y tienen escasas oportunidades de reinserci\u00f3n social. Esto, entre muchos otros problemas que afectan al sistema carcelario, es lo que ha [&hellip;]<\/p>\n","protected":false},"author":7,"featured_media":0,"comment_status":"open","ping_status":"open","sticky":false,"template":"","format":"standard","meta":{"footnotes":""},"categories":[1],"tags":[],"class_list":["post-7320","post","type-post","status-publish","format-standard","category-uncategorized"],"yoast_head":"<!-- This site is optimized with the Yoast SEO plugin v27.6 - https:\/\/yoast.com\/product\/yoast-seo-wordpress\/ -->\n<title>El 40% de los presos del pa\u00eds duerme en el suelo y al salir no tiene oportunidades de reinserci\u00f3n - Conexi\u00f3n 23<\/title>\n<meta name=\"robots\" content=\"index, follow, max-snippet:-1, max-image-preview:large, max-video-preview:-1\" \/>\n<link rel=\"canonical\" href=\"https:\/\/conexion23.com\/?p=7320\" \/>\n<meta property=\"og:locale\" content=\"es_ES\" \/>\n<meta property=\"og:type\" content=\"article\" \/>\n<meta property=\"og:title\" content=\"El 40% de los presos del pa\u00eds duerme en el suelo y al salir no tiene oportunidades de reinserci\u00f3n - Conexi\u00f3n 23\" \/>\n<meta property=\"og:description\" content=\"En las c\u00e1rceles del pa\u00eds existe un&nbsp;exceso de presos preventivos, una gran cantidad de&nbsp;presos&nbsp;con problemas de salud f\u00edsica y mental, condiciones de hacinamientos en las que&nbsp;el 40% de los 27,315 detenidos&nbsp;duermen en el suelo y tienen escasas oportunidades de reinserci\u00f3n social. Esto, entre muchos otros problemas que afectan al sistema carcelario, es lo que ha [&hellip;]\" \/>\n<meta property=\"og:url\" content=\"https:\/\/conexion23.com\/?p=7320\" \/>\n<meta property=\"og:site_name\" content=\"Conexi\u00f3n 23\" \/>\n<meta property=\"article:publisher\" content=\"https:\/\/www.facebook.com\/conexion23com\" \/>\n<meta property=\"article:published_time\" content=\"2022-05-18T19:34:06+00:00\" \/>\n<meta property=\"article:modified_time\" content=\"2022-05-18T19:34:09+00:00\" \/>\n<meta name=\"author\" content=\"Benjam\u00edn Rosario\" \/>\n<meta name=\"twitter:card\" content=\"summary_large_image\" \/>\n<meta name=\"twitter:label1\" content=\"Escrito por\" \/>\n\t<meta name=\"twitter:data1\" content=\"Benjam\u00edn Rosario\" \/>\n\t<meta name=\"twitter:label2\" content=\"Tiempo de lectura\" \/>\n\t<meta name=\"twitter:data2\" content=\"6 minutos\" \/>\n<script type=\"application\/ld+json\" class=\"yoast-schema-graph\">{\"@context\":\"https:\\\/\\\/schema.org\",\"@graph\":[{\"@type\":\"Article\",\"@id\":\"https:\\\/\\\/conexion23.com\\\/?p=7320#article\",\"isPartOf\":{\"@id\":\"https:\\\/\\\/conexion23.com\\\/?p=7320\"},\"author\":{\"name\":\"Benjam\u00edn Rosario\",\"@id\":\"https:\\\/\\\/conexion23.com\\\/#\\\/schema\\\/person\\\/c0b7ce1f0e7a915d08fa289072b8353a\"},\"headline\":\"El 40% de los presos del pa\u00eds duerme en el suelo y al salir no tiene oportunidades de reinserci\u00f3n\",\"datePublished\":\"2022-05-18T19:34:06+00:00\",\"dateModified\":\"2022-05-18T19:34:09+00:00\",\"mainEntityOfPage\":{\"@id\":\"https:\\\/\\\/conexion23.com\\\/?p=7320\"},\"wordCount\":1291,\"commentCount\":0,\"publisher\":{\"@id\":\"https:\\\/\\\/conexion23.com\\\/#organization\"},\"articleSection\":[\"Uncategorized\"],\"inLanguage\":\"es\",\"potentialAction\":[{\"@type\":\"CommentAction\",\"name\":\"Comment\",\"target\":[\"https:\\\/\\\/conexion23.com\\\/?p=7320#respond\"]}]},{\"@type\":\"WebPage\",\"@id\":\"https:\\\/\\\/conexion23.com\\\/?p=7320\",\"url\":\"https:\\\/\\\/conexion23.com\\\/?p=7320\",\"name\":\"El 40% de los presos del pa\u00eds duerme en el suelo y al salir no tiene oportunidades de reinserci\u00f3n - Conexi\u00f3n 23\",\"isPartOf\":{\"@id\":\"https:\\\/\\\/conexion23.com\\\/#website\"},\"datePublished\":\"2022-05-18T19:34:06+00:00\",\"dateModified\":\"2022-05-18T19:34:09+00:00\",\"breadcrumb\":{\"@id\":\"https:\\\/\\\/conexion23.com\\\/?p=7320#breadcrumb\"},\"inLanguage\":\"es\",\"potentialAction\":[{\"@type\":\"ReadAction\",\"target\":[\"https:\\\/\\\/conexion23.com\\\/?p=7320\"]}]},{\"@type\":\"BreadcrumbList\",\"@id\":\"https:\\\/\\\/conexion23.com\\\/?p=7320#breadcrumb\",\"itemListElement\":[{\"@type\":\"ListItem\",\"position\":1,\"name\":\"Portada\",\"item\":\"https:\\\/\\\/conexion23.com\\\/\"},{\"@type\":\"ListItem\",\"position\":2,\"name\":\"El 40% de los presos del pa\u00eds duerme en el suelo y al salir no tiene oportunidades de reinserci\u00f3n\"}]},{\"@type\":\"WebSite\",\"@id\":\"https:\\\/\\\/conexion23.com\\\/#website\",\"url\":\"https:\\\/\\\/conexion23.com\\\/\",\"name\":\"Conexi\u00f3n 23\",\"description\":\"Peri\u00f3dico 100% Petromacorisano\",\"publisher\":{\"@id\":\"https:\\\/\\\/conexion23.com\\\/#organization\"},\"potentialAction\":[{\"@type\":\"SearchAction\",\"target\":{\"@type\":\"EntryPoint\",\"urlTemplate\":\"https:\\\/\\\/conexion23.com\\\/?s={search_term_string}\"},\"query-input\":{\"@type\":\"PropertyValueSpecification\",\"valueRequired\":true,\"valueName\":\"search_term_string\"}}],\"inLanguage\":\"es\"},{\"@type\":\"Organization\",\"@id\":\"https:\\\/\\\/conexion23.com\\\/#organization\",\"name\":\"Conexion 23\",\"url\":\"https:\\\/\\\/conexion23.com\\\/\",\"logo\":{\"@type\":\"ImageObject\",\"inLanguage\":\"es\",\"@id\":\"https:\\\/\\\/conexion23.com\\\/#\\\/schema\\\/logo\\\/image\\\/\",\"url\":\"https:\\\/\\\/conexion23.com\\\/wp-content\\\/uploads\\\/2021\\\/11\\\/Diseno-sin-titulo-2.png\",\"contentUrl\":\"https:\\\/\\\/conexion23.com\\\/wp-content\\\/uploads\\\/2021\\\/11\\\/Diseno-sin-titulo-2.png\",\"width\":541,\"height\":90,\"caption\":\"Conexion 23\"},\"image\":{\"@id\":\"https:\\\/\\\/conexion23.com\\\/#\\\/schema\\\/logo\\\/image\\\/\"},\"sameAs\":[\"https:\\\/\\\/www.facebook.com\\\/conexion23com\",\"https:\\\/\\\/www.instagram.com\\\/conexion23com\\\/\",\"https:\\\/\\\/www.youtube.com\\\/channel\\\/UCYc7vxxFZMYLIHNsHHxPZ3Q\"]},{\"@type\":\"Person\",\"@id\":\"https:\\\/\\\/conexion23.com\\\/#\\\/schema\\\/person\\\/c0b7ce1f0e7a915d08fa289072b8353a\",\"name\":\"Benjam\u00edn Rosario\",\"image\":{\"@type\":\"ImageObject\",\"inLanguage\":\"es\",\"@id\":\"https:\\\/\\\/secure.gravatar.com\\\/avatar\\\/62e1b2539b49cdeb50ee302e2a5f2bd31dc7fdba412bbac67e2a2a6e0c89bb2a?s=96&d=mm&r=g\",\"url\":\"https:\\\/\\\/secure.gravatar.com\\\/avatar\\\/62e1b2539b49cdeb50ee302e2a5f2bd31dc7fdba412bbac67e2a2a6e0c89bb2a?s=96&d=mm&r=g\",\"contentUrl\":\"https:\\\/\\\/secure.gravatar.com\\\/avatar\\\/62e1b2539b49cdeb50ee302e2a5f2bd31dc7fdba412bbac67e2a2a6e0c89bb2a?s=96&d=mm&r=g\",\"caption\":\"Benjam\u00edn Rosario\"},\"url\":\"https:\\\/\\\/conexion23.com\\\/?author=7\"}]}<\/script>\n<!-- \/ Yoast SEO plugin. -->","yoast_head_json":{"title":"El 40% de los presos del pa\u00eds duerme en el suelo y al salir no tiene oportunidades de reinserci\u00f3n - Conexi\u00f3n 23","robots":{"index":"index","follow":"follow","max-snippet":"max-snippet:-1","max-image-preview":"max-image-preview:large","max-video-preview":"max-video-preview:-1"},"canonical":"https:\/\/conexion23.com\/?p=7320","og_locale":"es_ES","og_type":"article","og_title":"El 40% de los presos del pa\u00eds duerme en el suelo y al salir no tiene oportunidades de reinserci\u00f3n - Conexi\u00f3n 23","og_description":"En las c\u00e1rceles del pa\u00eds existe un&nbsp;exceso de presos preventivos, una gran cantidad de&nbsp;presos&nbsp;con problemas de salud f\u00edsica y mental, condiciones de hacinamientos en las que&nbsp;el 40% de los 27,315 detenidos&nbsp;duermen en el suelo y tienen escasas oportunidades de reinserci\u00f3n social. Esto, entre muchos otros problemas que afectan al sistema carcelario, es lo que ha [&hellip;]","og_url":"https:\/\/conexion23.com\/?p=7320","og_site_name":"Conexi\u00f3n 23","article_publisher":"https:\/\/www.facebook.com\/conexion23com","article_published_time":"2022-05-18T19:34:06+00:00","article_modified_time":"2022-05-18T19:34:09+00:00","author":"Benjam\u00edn Rosario","twitter_card":"summary_large_image","twitter_misc":{"Escrito por":"Benjam\u00edn Rosario","Tiempo de lectura":"6 minutos"},"schema":{"@context":"https:\/\/schema.org","@graph":[{"@type":"Article","@id":"https:\/\/conexion23.com\/?p=7320#article","isPartOf":{"@id":"https:\/\/conexion23.com\/?p=7320"},"author":{"name":"Benjam\u00edn Rosario","@id":"https:\/\/conexion23.com\/#\/schema\/person\/c0b7ce1f0e7a915d08fa289072b8353a"},"headline":"El 40% de los presos del pa\u00eds duerme en el suelo y al salir no tiene oportunidades de reinserci\u00f3n","datePublished":"2022-05-18T19:34:06+00:00","dateModified":"2022-05-18T19:34:09+00:00","mainEntityOfPage":{"@id":"https:\/\/conexion23.com\/?p=7320"},"wordCount":1291,"commentCount":0,"publisher":{"@id":"https:\/\/conexion23.com\/#organization"},"articleSection":["Uncategorized"],"inLanguage":"es","potentialAction":[{"@type":"CommentAction","name":"Comment","target":["https:\/\/conexion23.com\/?p=7320#respond"]}]},{"@type":"WebPage","@id":"https:\/\/conexion23.com\/?p=7320","url":"https:\/\/conexion23.com\/?p=7320","name":"El 40% de los presos del pa\u00eds duerme en el suelo y al salir no tiene oportunidades de reinserci\u00f3n - Conexi\u00f3n 23","isPartOf":{"@id":"https:\/\/conexion23.com\/#website"},"datePublished":"2022-05-18T19:34:06+00:00","dateModified":"2022-05-18T19:34:09+00:00","breadcrumb":{"@id":"https:\/\/conexion23.com\/?p=7320#breadcrumb"},"inLanguage":"es","potentialAction":[{"@type":"ReadAction","target":["https:\/\/conexion23.com\/?p=7320"]}]},{"@type":"BreadcrumbList","@id":"https:\/\/conexion23.com\/?p=7320#breadcrumb","itemListElement":[{"@type":"ListItem","position":1,"name":"Portada","item":"https:\/\/conexion23.com\/"},{"@type":"ListItem","position":2,"name":"El 40% de los presos del pa\u00eds duerme en el suelo y al salir no tiene oportunidades de reinserci\u00f3n"}]},{"@type":"WebSite","@id":"https:\/\/conexion23.com\/#website","url":"https:\/\/conexion23.com\/","name":"Conexi\u00f3n 23","description":"Peri\u00f3dico 100% Petromacorisano","publisher":{"@id":"https:\/\/conexion23.com\/#organization"},"potentialAction":[{"@type":"SearchAction","target":{"@type":"EntryPoint","urlTemplate":"https:\/\/conexion23.com\/?s={search_term_string}"},"query-input":{"@type":"PropertyValueSpecification","valueRequired":true,"valueName":"search_term_string"}}],"inLanguage":"es"},{"@type":"Organization","@id":"https:\/\/conexion23.com\/#organization","name":"Conexion 23","url":"https:\/\/conexion23.com\/","logo":{"@type":"ImageObject","inLanguage":"es","@id":"https:\/\/conexion23.com\/#\/schema\/logo\/image\/","url":"https:\/\/conexion23.com\/wp-content\/uploads\/2021\/11\/Diseno-sin-titulo-2.png","contentUrl":"https:\/\/conexion23.com\/wp-content\/uploads\/2021\/11\/Diseno-sin-titulo-2.png","width":541,"height":90,"caption":"Conexion 23"},"image":{"@id":"https:\/\/conexion23.com\/#\/schema\/logo\/image\/"},"sameAs":["https:\/\/www.facebook.com\/conexion23com","https:\/\/www.instagram.com\/conexion23com\/","https:\/\/www.youtube.com\/channel\/UCYc7vxxFZMYLIHNsHHxPZ3Q"]},{"@type":"Person","@id":"https:\/\/conexion23.com\/#\/schema\/person\/c0b7ce1f0e7a915d08fa289072b8353a","name":"Benjam\u00edn Rosario","image":{"@type":"ImageObject","inLanguage":"es","@id":"https:\/\/secure.gravatar.com\/avatar\/62e1b2539b49cdeb50ee302e2a5f2bd31dc7fdba412bbac67e2a2a6e0c89bb2a?s=96&d=mm&r=g","url":"https:\/\/secure.gravatar.com\/avatar\/62e1b2539b49cdeb50ee302e2a5f2bd31dc7fdba412bbac67e2a2a6e0c89bb2a?s=96&d=mm&r=g","contentUrl":"https:\/\/secure.gravatar.com\/avatar\/62e1b2539b49cdeb50ee302e2a5f2bd31dc7fdba412bbac67e2a2a6e0c89bb2a?s=96&d=mm&r=g","caption":"Benjam\u00edn Rosario"},"url":"https:\/\/conexion23.com\/?author=7"}]}},"_links":{"self":[{"href":"https:\/\/conexion23.com\/index.php?rest_route=\/wp\/v2\/posts\/7320","targetHints":{"allow":["GET"]}}],"collection":[{"href":"https:\/\/conexion23.com\/index.php?rest_route=\/wp\/v2\/posts"}],"about":[{"href":"https:\/\/conexion23.com\/index.php?rest_route=\/wp\/v2\/types\/post"}],"author":[{"embeddable":true,"href":"https:\/\/conexion23.com\/index.php?rest_route=\/wp\/v2\/users\/7"}],"replies":[{"embeddable":true,"href":"https:\/\/conexion23.com\/index.php?rest_route=%2Fwp%2Fv2%2Fcomments&post=7320"}],"version-history":[{"count":1,"href":"https:\/\/conexion23.com\/index.php?rest_route=\/wp\/v2\/posts\/7320\/revisions"}],"predecessor-version":[{"id":7322,"href":"https:\/\/conexion23.com\/index.php?rest_route=\/wp\/v2\/posts\/7320\/revisions\/7322"}],"wp:attachment":[{"href":"https:\/\/conexion23.com\/index.php?rest_route=%2Fwp%2Fv2%2Fmedia&parent=7320"}],"wp:term":[{"taxonomy":"category","embeddable":true,"href":"https:\/\/conexion23.com\/index.php?rest_route=%2Fwp%2Fv2%2Fcategories&post=7320"},{"taxonomy":"post_tag","embeddable":true,"href":"https:\/\/conexion23.com\/index.php?rest_route=%2Fwp%2Fv2%2Ftags&post=7320"}],"curies":[{"name":"wp","href":"https:\/\/api.w.org\/{rel}","templated":true}]}}