{"id":8453,"date":"2022-06-14T16:16:38","date_gmt":"2022-06-14T20:16:38","guid":{"rendered":"https:\/\/conexion23.com\/?p=8453"},"modified":"2022-06-14T16:16:42","modified_gmt":"2022-06-14T20:16:42","slug":"dominguez-brito-yo-quiero-debatir-con-el-presidente-abinader","status":"publish","type":"post","link":"https:\/\/conexion23.com\/?p=8453","title":{"rendered":"Dom\u00ednguez Brito: \u201cYo quiero debatir con el presidente Abinader\u201d"},"content":{"rendered":"\n<p class=\"wp-block-paragraph\">El aspirante a la candidatura presidencial por el Partido de la Liberaci\u00f3n Dominicana (PLD), Francisco Dom\u00ednguez Brito, manifest\u00f3 este martes que le gustar\u00eda enfrentarse en un debate con el presidente Luis Abinader, si resulta ganador de las elecciones internas de dicha organizaci\u00f3n pol\u00edtica.<\/p>\n\n\n\n<p class=\"wp-block-paragraph\">En ese sentido, indic\u00f3 que desea cuestionarle al mandatario sobre el alto costo que tienen los art\u00edculos de primera necesidad, y sobre las propuestas de seguridad ciudadana han sido un \u201cfracaso\u201d.<\/p>\n\n\n\n<p class=\"wp-block-paragraph\">\u201cYo quiero debatir con el presidente Abinader, yo quiero que \u00e9l me diga por qu\u00e9 no est\u00e1n comiendo, por qu\u00e9 los art\u00edculos de primera necesidad tienen precios tan altos. Yo quiero debatir cu\u00e1l es la propuesta de seguridad ciudadana, por qu\u00e9 las que se han hecho han sido de total fracaso; el crimen nos est\u00e1 comiendo\u201d, expres\u00f3.<\/p>\n\n\n\n<p class=\"wp-block-paragraph\">Asimismo, asegur\u00f3 que ser\u00e1 un promotor de los debates dentro y fuera del partido al que pertenece, por lo que est\u00e1 dispuesto a realizar debates con sus compa\u00f1eros Margarita Cede\u00f1o, Abel Mart\u00ednez, Luis de Le\u00f3n, Maritza Hern\u00e1ndez y Karen Ricardo, quienes tambi\u00e9n son precandidatos presidenciales.<\/p>\n\n\n\n<p class=\"wp-block-paragraph\">Manifest\u00f3 que en la Rep\u00fablica Dominicana tiene que haber un&nbsp;debate&nbsp;como en todos los pa\u00edses desarrollados, ya que estos ayudan a la poblaci\u00f3n a elegir mejor su candidato en base a quien maneja mejor los temas y tiene mejores propuestas.<\/p>\n","protected":false},"excerpt":{"rendered":"<p>El aspirante a la candidatura presidencial por el Partido de la Liberaci\u00f3n Dominicana (PLD), Francisco Dom\u00ednguez Brito, manifest\u00f3 este martes que le gustar\u00eda enfrentarse en un debate con el presidente Luis Abinader, si resulta ganador de las elecciones internas de dicha organizaci\u00f3n pol\u00edtica. En ese sentido, indic\u00f3 que desea cuestionarle al mandatario sobre el alto [&hellip;]<\/p>\n","protected":false},"author":7,"featured_media":0,"comment_status":"open","ping_status":"open","sticky":false,"template":"","format":"standard","meta":{"footnotes":""},"categories":[1],"tags":[],"class_list":["post-8453","post","type-post","status-publish","format-standard","category-uncategorized"],"yoast_head":"<!-- This site is optimized with the Yoast SEO plugin v27.6 - https:\/\/yoast.com\/product\/yoast-seo-wordpress\/ -->\n<title>Dom\u00ednguez Brito: \u201cYo quiero debatir con el presidente Abinader\u201d - Conexi\u00f3n 23<\/title>\n<meta name=\"robots\" content=\"index, follow, max-snippet:-1, max-image-preview:large, max-video-preview:-1\" \/>\n<link rel=\"canonical\" href=\"https:\/\/conexion23.com\/?p=8453\" \/>\n<meta property=\"og:locale\" content=\"es_ES\" \/>\n<meta property=\"og:type\" content=\"article\" \/>\n<meta property=\"og:title\" content=\"Dom\u00ednguez Brito: \u201cYo quiero debatir con el presidente Abinader\u201d - Conexi\u00f3n 23\" \/>\n<meta property=\"og:description\" content=\"El aspirante a la candidatura presidencial por el Partido de la Liberaci\u00f3n Dominicana (PLD), Francisco Dom\u00ednguez Brito, manifest\u00f3 este martes que le gustar\u00eda enfrentarse en un debate con el presidente Luis Abinader, si resulta ganador de las elecciones internas de dicha organizaci\u00f3n pol\u00edtica. En ese sentido, indic\u00f3 que desea cuestionarle al mandatario sobre el alto [&hellip;]\" \/>\n<meta property=\"og:url\" content=\"https:\/\/conexion23.com\/?p=8453\" \/>\n<meta property=\"og:site_name\" content=\"Conexi\u00f3n 23\" \/>\n<meta property=\"article:publisher\" content=\"https:\/\/www.facebook.com\/conexion23com\" \/>\n<meta property=\"article:published_time\" content=\"2022-06-14T20:16:38+00:00\" \/>\n<meta property=\"article:modified_time\" content=\"2022-06-14T20:16:42+00:00\" \/>\n<meta name=\"author\" content=\"Benjam\u00edn Rosario\" \/>\n<meta name=\"twitter:card\" content=\"summary_large_image\" \/>\n<meta name=\"twitter:label1\" content=\"Escrito por\" \/>\n\t<meta name=\"twitter:data1\" content=\"Benjam\u00edn Rosario\" \/>\n\t<meta name=\"twitter:label2\" content=\"Tiempo de lectura\" \/>\n\t<meta name=\"twitter:data2\" content=\"1 minuto\" \/>\n<script type=\"application\/ld+json\" class=\"yoast-schema-graph\">{\"@context\":\"https:\\\/\\\/schema.org\",\"@graph\":[{\"@type\":\"Article\",\"@id\":\"https:\\\/\\\/conexion23.com\\\/?p=8453#article\",\"isPartOf\":{\"@id\":\"https:\\\/\\\/conexion23.com\\\/?p=8453\"},\"author\":{\"name\":\"Benjam\u00edn Rosario\",\"@id\":\"http:\\\/\\\/conexion23.com\\\/#\\\/schema\\\/person\\\/c0b7ce1f0e7a915d08fa289072b8353a\"},\"headline\":\"Dom\u00ednguez Brito: \u201cYo quiero debatir con el presidente Abinader\u201d\",\"datePublished\":\"2022-06-14T20:16:38+00:00\",\"dateModified\":\"2022-06-14T20:16:42+00:00\",\"mainEntityOfPage\":{\"@id\":\"https:\\\/\\\/conexion23.com\\\/?p=8453\"},\"wordCount\":247,\"commentCount\":0,\"publisher\":{\"@id\":\"http:\\\/\\\/conexion23.com\\\/#organization\"},\"articleSection\":[\"Uncategorized\"],\"inLanguage\":\"es\",\"potentialAction\":[{\"@type\":\"CommentAction\",\"name\":\"Comment\",\"target\":[\"https:\\\/\\\/conexion23.com\\\/?p=8453#respond\"]}]},{\"@type\":\"WebPage\",\"@id\":\"https:\\\/\\\/conexion23.com\\\/?p=8453\",\"url\":\"https:\\\/\\\/conexion23.com\\\/?p=8453\",\"name\":\"Dom\u00ednguez Brito: \u201cYo quiero debatir con el presidente Abinader\u201d - Conexi\u00f3n 23\",\"isPartOf\":{\"@id\":\"http:\\\/\\\/conexion23.com\\\/#website\"},\"datePublished\":\"2022-06-14T20:16:38+00:00\",\"dateModified\":\"2022-06-14T20:16:42+00:00\",\"breadcrumb\":{\"@id\":\"https:\\\/\\\/conexion23.com\\\/?p=8453#breadcrumb\"},\"inLanguage\":\"es\",\"potentialAction\":[{\"@type\":\"ReadAction\",\"target\":[\"https:\\\/\\\/conexion23.com\\\/?p=8453\"]}]},{\"@type\":\"BreadcrumbList\",\"@id\":\"https:\\\/\\\/conexion23.com\\\/?p=8453#breadcrumb\",\"itemListElement\":[{\"@type\":\"ListItem\",\"position\":1,\"name\":\"Portada\",\"item\":\"http:\\\/\\\/conexion23.com\\\/\"},{\"@type\":\"ListItem\",\"position\":2,\"name\":\"Dom\u00ednguez Brito: \u201cYo quiero debatir con el presidente Abinader\u201d\"}]},{\"@type\":\"WebSite\",\"@id\":\"http:\\\/\\\/conexion23.com\\\/#website\",\"url\":\"http:\\\/\\\/conexion23.com\\\/\",\"name\":\"Conexi\u00f3n 23\",\"description\":\"Peri\u00f3dico 100% Petromacorisano\",\"publisher\":{\"@id\":\"http:\\\/\\\/conexion23.com\\\/#organization\"},\"potentialAction\":[{\"@type\":\"SearchAction\",\"target\":{\"@type\":\"EntryPoint\",\"urlTemplate\":\"http:\\\/\\\/conexion23.com\\\/?s={search_term_string}\"},\"query-input\":{\"@type\":\"PropertyValueSpecification\",\"valueRequired\":true,\"valueName\":\"search_term_string\"}}],\"inLanguage\":\"es\"},{\"@type\":\"Organization\",\"@id\":\"http:\\\/\\\/conexion23.com\\\/#organization\",\"name\":\"Conexion 23\",\"url\":\"http:\\\/\\\/conexion23.com\\\/\",\"logo\":{\"@type\":\"ImageObject\",\"inLanguage\":\"es\",\"@id\":\"http:\\\/\\\/conexion23.com\\\/#\\\/schema\\\/logo\\\/image\\\/\",\"url\":\"https:\\\/\\\/conexion23.com\\\/wp-content\\\/uploads\\\/2021\\\/11\\\/Diseno-sin-titulo-2.png\",\"contentUrl\":\"https:\\\/\\\/conexion23.com\\\/wp-content\\\/uploads\\\/2021\\\/11\\\/Diseno-sin-titulo-2.png\",\"width\":541,\"height\":90,\"caption\":\"Conexion 23\"},\"image\":{\"@id\":\"http:\\\/\\\/conexion23.com\\\/#\\\/schema\\\/logo\\\/image\\\/\"},\"sameAs\":[\"https:\\\/\\\/www.facebook.com\\\/conexion23com\",\"https:\\\/\\\/www.instagram.com\\\/conexion23com\\\/\",\"https:\\\/\\\/www.youtube.com\\\/channel\\\/UCYc7vxxFZMYLIHNsHHxPZ3Q\"]},{\"@type\":\"Person\",\"@id\":\"http:\\\/\\\/conexion23.com\\\/#\\\/schema\\\/person\\\/c0b7ce1f0e7a915d08fa289072b8353a\",\"name\":\"Benjam\u00edn Rosario\",\"image\":{\"@type\":\"ImageObject\",\"inLanguage\":\"es\",\"@id\":\"https:\\\/\\\/secure.gravatar.com\\\/avatar\\\/62e1b2539b49cdeb50ee302e2a5f2bd31dc7fdba412bbac67e2a2a6e0c89bb2a?s=96&d=mm&r=g\",\"url\":\"https:\\\/\\\/secure.gravatar.com\\\/avatar\\\/62e1b2539b49cdeb50ee302e2a5f2bd31dc7fdba412bbac67e2a2a6e0c89bb2a?s=96&d=mm&r=g\",\"contentUrl\":\"https:\\\/\\\/secure.gravatar.com\\\/avatar\\\/62e1b2539b49cdeb50ee302e2a5f2bd31dc7fdba412bbac67e2a2a6e0c89bb2a?s=96&d=mm&r=g\",\"caption\":\"Benjam\u00edn Rosario\"},\"url\":\"https:\\\/\\\/conexion23.com\\\/?author=7\"}]}<\/script>\n<!-- \/ Yoast SEO plugin. -->","yoast_head_json":{"title":"Dom\u00ednguez Brito: \u201cYo quiero debatir con el presidente Abinader\u201d - Conexi\u00f3n 23","robots":{"index":"index","follow":"follow","max-snippet":"max-snippet:-1","max-image-preview":"max-image-preview:large","max-video-preview":"max-video-preview:-1"},"canonical":"https:\/\/conexion23.com\/?p=8453","og_locale":"es_ES","og_type":"article","og_title":"Dom\u00ednguez Brito: \u201cYo quiero debatir con el presidente Abinader\u201d - Conexi\u00f3n 23","og_description":"El aspirante a la candidatura presidencial por el Partido de la Liberaci\u00f3n Dominicana (PLD), Francisco Dom\u00ednguez Brito, manifest\u00f3 este martes que le gustar\u00eda enfrentarse en un debate con el presidente Luis Abinader, si resulta ganador de las elecciones internas de dicha organizaci\u00f3n pol\u00edtica. En ese sentido, indic\u00f3 que desea cuestionarle al mandatario sobre el alto [&hellip;]","og_url":"https:\/\/conexion23.com\/?p=8453","og_site_name":"Conexi\u00f3n 23","article_publisher":"https:\/\/www.facebook.com\/conexion23com","article_published_time":"2022-06-14T20:16:38+00:00","article_modified_time":"2022-06-14T20:16:42+00:00","author":"Benjam\u00edn Rosario","twitter_card":"summary_large_image","twitter_misc":{"Escrito por":"Benjam\u00edn Rosario","Tiempo de lectura":"1 minuto"},"schema":{"@context":"https:\/\/schema.org","@graph":[{"@type":"Article","@id":"https:\/\/conexion23.com\/?p=8453#article","isPartOf":{"@id":"https:\/\/conexion23.com\/?p=8453"},"author":{"name":"Benjam\u00edn Rosario","@id":"http:\/\/conexion23.com\/#\/schema\/person\/c0b7ce1f0e7a915d08fa289072b8353a"},"headline":"Dom\u00ednguez Brito: \u201cYo quiero debatir con el presidente Abinader\u201d","datePublished":"2022-06-14T20:16:38+00:00","dateModified":"2022-06-14T20:16:42+00:00","mainEntityOfPage":{"@id":"https:\/\/conexion23.com\/?p=8453"},"wordCount":247,"commentCount":0,"publisher":{"@id":"http:\/\/conexion23.com\/#organization"},"articleSection":["Uncategorized"],"inLanguage":"es","potentialAction":[{"@type":"CommentAction","name":"Comment","target":["https:\/\/conexion23.com\/?p=8453#respond"]}]},{"@type":"WebPage","@id":"https:\/\/conexion23.com\/?p=8453","url":"https:\/\/conexion23.com\/?p=8453","name":"Dom\u00ednguez Brito: \u201cYo quiero debatir con el presidente Abinader\u201d - Conexi\u00f3n 23","isPartOf":{"@id":"http:\/\/conexion23.com\/#website"},"datePublished":"2022-06-14T20:16:38+00:00","dateModified":"2022-06-14T20:16:42+00:00","breadcrumb":{"@id":"https:\/\/conexion23.com\/?p=8453#breadcrumb"},"inLanguage":"es","potentialAction":[{"@type":"ReadAction","target":["https:\/\/conexion23.com\/?p=8453"]}]},{"@type":"BreadcrumbList","@id":"https:\/\/conexion23.com\/?p=8453#breadcrumb","itemListElement":[{"@type":"ListItem","position":1,"name":"Portada","item":"http:\/\/conexion23.com\/"},{"@type":"ListItem","position":2,"name":"Dom\u00ednguez Brito: \u201cYo quiero debatir con el presidente Abinader\u201d"}]},{"@type":"WebSite","@id":"http:\/\/conexion23.com\/#website","url":"http:\/\/conexion23.com\/","name":"Conexi\u00f3n 23","description":"Peri\u00f3dico 100% Petromacorisano","publisher":{"@id":"http:\/\/conexion23.com\/#organization"},"potentialAction":[{"@type":"SearchAction","target":{"@type":"EntryPoint","urlTemplate":"http:\/\/conexion23.com\/?s={search_term_string}"},"query-input":{"@type":"PropertyValueSpecification","valueRequired":true,"valueName":"search_term_string"}}],"inLanguage":"es"},{"@type":"Organization","@id":"http:\/\/conexion23.com\/#organization","name":"Conexion 23","url":"http:\/\/conexion23.com\/","logo":{"@type":"ImageObject","inLanguage":"es","@id":"http:\/\/conexion23.com\/#\/schema\/logo\/image\/","url":"https:\/\/conexion23.com\/wp-content\/uploads\/2021\/11\/Diseno-sin-titulo-2.png","contentUrl":"https:\/\/conexion23.com\/wp-content\/uploads\/2021\/11\/Diseno-sin-titulo-2.png","width":541,"height":90,"caption":"Conexion 23"},"image":{"@id":"http:\/\/conexion23.com\/#\/schema\/logo\/image\/"},"sameAs":["https:\/\/www.facebook.com\/conexion23com","https:\/\/www.instagram.com\/conexion23com\/","https:\/\/www.youtube.com\/channel\/UCYc7vxxFZMYLIHNsHHxPZ3Q"]},{"@type":"Person","@id":"http:\/\/conexion23.com\/#\/schema\/person\/c0b7ce1f0e7a915d08fa289072b8353a","name":"Benjam\u00edn Rosario","image":{"@type":"ImageObject","inLanguage":"es","@id":"https:\/\/secure.gravatar.com\/avatar\/62e1b2539b49cdeb50ee302e2a5f2bd31dc7fdba412bbac67e2a2a6e0c89bb2a?s=96&d=mm&r=g","url":"https:\/\/secure.gravatar.com\/avatar\/62e1b2539b49cdeb50ee302e2a5f2bd31dc7fdba412bbac67e2a2a6e0c89bb2a?s=96&d=mm&r=g","contentUrl":"https:\/\/secure.gravatar.com\/avatar\/62e1b2539b49cdeb50ee302e2a5f2bd31dc7fdba412bbac67e2a2a6e0c89bb2a?s=96&d=mm&r=g","caption":"Benjam\u00edn Rosario"},"url":"https:\/\/conexion23.com\/?author=7"}]}},"_links":{"self":[{"href":"https:\/\/conexion23.com\/index.php?rest_route=\/wp\/v2\/posts\/8453","targetHints":{"allow":["GET"]}}],"collection":[{"href":"https:\/\/conexion23.com\/index.php?rest_route=\/wp\/v2\/posts"}],"about":[{"href":"https:\/\/conexion23.com\/index.php?rest_route=\/wp\/v2\/types\/post"}],"author":[{"embeddable":true,"href":"https:\/\/conexion23.com\/index.php?rest_route=\/wp\/v2\/users\/7"}],"replies":[{"embeddable":true,"href":"https:\/\/conexion23.com\/index.php?rest_route=%2Fwp%2Fv2%2Fcomments&post=8453"}],"version-history":[{"count":1,"href":"https:\/\/conexion23.com\/index.php?rest_route=\/wp\/v2\/posts\/8453\/revisions"}],"predecessor-version":[{"id":8455,"href":"https:\/\/conexion23.com\/index.php?rest_route=\/wp\/v2\/posts\/8453\/revisions\/8455"}],"wp:attachment":[{"href":"https:\/\/conexion23.com\/index.php?rest_route=%2Fwp%2Fv2%2Fmedia&parent=8453"}],"wp:term":[{"taxonomy":"category","embeddable":true,"href":"https:\/\/conexion23.com\/index.php?rest_route=%2Fwp%2Fv2%2Fcategories&post=8453"},{"taxonomy":"post_tag","embeddable":true,"href":"https:\/\/conexion23.com\/index.php?rest_route=%2Fwp%2Fv2%2Ftags&post=8453"}],"curies":[{"name":"wp","href":"https:\/\/api.w.org\/{rel}","templated":true}]}}