{"id":8465,"date":"2022-06-15T10:10:29","date_gmt":"2022-06-15T14:10:29","guid":{"rendered":"https:\/\/conexion23.com\/?p=8465"},"modified":"2022-06-15T10:10:33","modified_gmt":"2022-06-15T14:10:33","slug":"uasd-elige-hoy-un-nuevo-rector","status":"publish","type":"post","link":"https:\/\/conexion23.com\/?p=8465","title":{"rendered":"UASD elige hoy un nuevo rector"},"content":{"rendered":"\n<p class=\"wp-block-paragraph\">La Universidad Aut\u00f3noma de Santo Domingo (<strong>UASD<\/strong>) elige este mi\u00e9rcoles a las autoridades que regir\u00e1n su destino por los pr\u00f3ximos cuatro a\u00f1os (2022-2026).<\/p>\n\n\n\n<p class=\"wp-block-paragraph\">Un doctor especializado en cirug\u00eda general,&nbsp;<strong><a href=\"http:\/\/https\/\/www.diariolibre.com\/actualidad\/politica\/2022\/05\/29\/lo-que-propone-jorge-asjana-para-la-uasd\/1856952\"><strong>Jorge Asjana<\/strong><\/a><\/strong><a href=\"http:\/\/https\/\/www.diariolibre.com\/actualidad\/politica\/2022\/05\/29\/lo-que-propone-jorge-asjana-para-la-uasd\/1856952\">,<\/a>&nbsp;y un f\u00edsico matem\u00e1tico,&nbsp;<strong><a href=\"http:\/\/https\/\/www.diariolibre.com\/actualidad\/nacional\/2022\/03\/20\/editrudis-beltran-convertira-la-uasd-en-la-mas-competitiva\/1719144\"><strong>Editrudis Beltr\u00e1n<\/strong>,<\/a><\/strong>&nbsp;buscan sustituir a la contadora Emma Polanco, quien culmina su per\u00edodo como la primera mujer en la historia que dirige la rector\u00eda de la Primada de Am\u00e9rica (2018-2022)<\/p>\n\n\n\n<p class=\"wp-block-paragraph\">Adem\u00e1s de la rector\u00eda, en estas elecciones\u00a0se disputan los puestos de las personas que ocupar\u00e1n las vicerrector\u00edas, decanatos y sus vicedecanatos, entre otras direcciones de las escuelas de las facultades.<\/p>\n\n\n\n<p class=\"wp-block-paragraph\"><strong>3,215 uasdianos\u00a0<\/strong>han sido convocados para ejercer el derecho al voto. Estos son los miembros del\u00a0<strong>Claustro Mayor<\/strong>\u00a0eleccionario, integrado por todos los profesores en servicio activo (2,980), profesores ayudantes (59), 146 estudiantes y 30 empleados de la\u00a0<strong>UASD.<\/strong><\/p>\n\n\n\n<p class=\"wp-block-paragraph\">El proceso eleccionario inicia desde las 8:00 de la ma\u00f1ana y culminar\u00e1 a las 8:00 de la noche. Las mesas de votaci\u00f3n estar\u00e1n distribuidas en todos las facultades, recintos y centros universitarios que componen la&nbsp;<strong>UASD<\/strong>.<\/p>\n\n\n\n<p class=\"wp-block-paragraph\">Las labores docentes y administrativas en la academia fueron suspendidas desde el pasado lunes 13 de junio para dar paso al proceso eleccionario y retornan el pr\u00f3ximo lunes 20.<\/p>\n","protected":false},"excerpt":{"rendered":"<p>La Universidad Aut\u00f3noma de Santo Domingo (UASD) elige este mi\u00e9rcoles a las autoridades que regir\u00e1n su destino por los pr\u00f3ximos cuatro a\u00f1os (2022-2026). Un doctor especializado en cirug\u00eda general,&nbsp;Jorge Asjana,&nbsp;y un f\u00edsico matem\u00e1tico,&nbsp;Editrudis Beltr\u00e1n,&nbsp;buscan sustituir a la contadora Emma Polanco, quien culmina su per\u00edodo como la primera mujer en la historia que dirige la rector\u00eda [&hellip;]<\/p>\n","protected":false},"author":7,"featured_media":0,"comment_status":"open","ping_status":"open","sticky":false,"template":"","format":"standard","meta":{"footnotes":""},"categories":[1],"tags":[],"class_list":["post-8465","post","type-post","status-publish","format-standard","category-uncategorized"],"yoast_head":"<!-- This site is optimized with the Yoast SEO plugin v27.6 - https:\/\/yoast.com\/product\/yoast-seo-wordpress\/ -->\n<title>UASD elige hoy un nuevo rector - Conexi\u00f3n 23<\/title>\n<meta name=\"robots\" content=\"index, follow, max-snippet:-1, max-image-preview:large, max-video-preview:-1\" \/>\n<link rel=\"canonical\" href=\"https:\/\/conexion23.com\/?p=8465\" \/>\n<meta property=\"og:locale\" content=\"es_ES\" \/>\n<meta property=\"og:type\" content=\"article\" \/>\n<meta property=\"og:title\" content=\"UASD elige hoy un nuevo rector - Conexi\u00f3n 23\" \/>\n<meta property=\"og:description\" content=\"La Universidad Aut\u00f3noma de Santo Domingo (UASD) elige este mi\u00e9rcoles a las autoridades que regir\u00e1n su destino por los pr\u00f3ximos cuatro a\u00f1os (2022-2026). Un doctor especializado en cirug\u00eda general,&nbsp;Jorge Asjana,&nbsp;y un f\u00edsico matem\u00e1tico,&nbsp;Editrudis Beltr\u00e1n,&nbsp;buscan sustituir a la contadora Emma Polanco, quien culmina su per\u00edodo como la primera mujer en la historia que dirige la rector\u00eda [&hellip;]\" \/>\n<meta property=\"og:url\" content=\"https:\/\/conexion23.com\/?p=8465\" \/>\n<meta property=\"og:site_name\" content=\"Conexi\u00f3n 23\" \/>\n<meta property=\"article:publisher\" content=\"https:\/\/www.facebook.com\/conexion23com\" \/>\n<meta property=\"article:published_time\" content=\"2022-06-15T14:10:29+00:00\" \/>\n<meta property=\"article:modified_time\" content=\"2022-06-15T14:10:33+00:00\" \/>\n<meta name=\"author\" content=\"Benjam\u00edn Rosario\" \/>\n<meta name=\"twitter:card\" content=\"summary_large_image\" \/>\n<meta name=\"twitter:label1\" content=\"Escrito por\" \/>\n\t<meta name=\"twitter:data1\" content=\"Benjam\u00edn Rosario\" \/>\n\t<meta name=\"twitter:label2\" content=\"Tiempo de lectura\" \/>\n\t<meta name=\"twitter:data2\" content=\"1 minuto\" \/>\n<script type=\"application\/ld+json\" class=\"yoast-schema-graph\">{\"@context\":\"https:\\\/\\\/schema.org\",\"@graph\":[{\"@type\":\"Article\",\"@id\":\"https:\\\/\\\/conexion23.com\\\/?p=8465#article\",\"isPartOf\":{\"@id\":\"https:\\\/\\\/conexion23.com\\\/?p=8465\"},\"author\":{\"name\":\"Benjam\u00edn Rosario\",\"@id\":\"http:\\\/\\\/conexion23.com\\\/#\\\/schema\\\/person\\\/c0b7ce1f0e7a915d08fa289072b8353a\"},\"headline\":\"UASD elige hoy un nuevo rector\",\"datePublished\":\"2022-06-15T14:10:29+00:00\",\"dateModified\":\"2022-06-15T14:10:33+00:00\",\"mainEntityOfPage\":{\"@id\":\"https:\\\/\\\/conexion23.com\\\/?p=8465\"},\"wordCount\":222,\"commentCount\":0,\"publisher\":{\"@id\":\"http:\\\/\\\/conexion23.com\\\/#organization\"},\"articleSection\":[\"Uncategorized\"],\"inLanguage\":\"es\",\"potentialAction\":[{\"@type\":\"CommentAction\",\"name\":\"Comment\",\"target\":[\"https:\\\/\\\/conexion23.com\\\/?p=8465#respond\"]}]},{\"@type\":\"WebPage\",\"@id\":\"https:\\\/\\\/conexion23.com\\\/?p=8465\",\"url\":\"https:\\\/\\\/conexion23.com\\\/?p=8465\",\"name\":\"UASD elige hoy un nuevo rector - Conexi\u00f3n 23\",\"isPartOf\":{\"@id\":\"http:\\\/\\\/conexion23.com\\\/#website\"},\"datePublished\":\"2022-06-15T14:10:29+00:00\",\"dateModified\":\"2022-06-15T14:10:33+00:00\",\"breadcrumb\":{\"@id\":\"https:\\\/\\\/conexion23.com\\\/?p=8465#breadcrumb\"},\"inLanguage\":\"es\",\"potentialAction\":[{\"@type\":\"ReadAction\",\"target\":[\"https:\\\/\\\/conexion23.com\\\/?p=8465\"]}]},{\"@type\":\"BreadcrumbList\",\"@id\":\"https:\\\/\\\/conexion23.com\\\/?p=8465#breadcrumb\",\"itemListElement\":[{\"@type\":\"ListItem\",\"position\":1,\"name\":\"Portada\",\"item\":\"http:\\\/\\\/conexion23.com\\\/\"},{\"@type\":\"ListItem\",\"position\":2,\"name\":\"UASD elige hoy un nuevo rector\"}]},{\"@type\":\"WebSite\",\"@id\":\"http:\\\/\\\/conexion23.com\\\/#website\",\"url\":\"http:\\\/\\\/conexion23.com\\\/\",\"name\":\"Conexi\u00f3n 23\",\"description\":\"Peri\u00f3dico 100% Petromacorisano\",\"publisher\":{\"@id\":\"http:\\\/\\\/conexion23.com\\\/#organization\"},\"potentialAction\":[{\"@type\":\"SearchAction\",\"target\":{\"@type\":\"EntryPoint\",\"urlTemplate\":\"http:\\\/\\\/conexion23.com\\\/?s={search_term_string}\"},\"query-input\":{\"@type\":\"PropertyValueSpecification\",\"valueRequired\":true,\"valueName\":\"search_term_string\"}}],\"inLanguage\":\"es\"},{\"@type\":\"Organization\",\"@id\":\"http:\\\/\\\/conexion23.com\\\/#organization\",\"name\":\"Conexion 23\",\"url\":\"http:\\\/\\\/conexion23.com\\\/\",\"logo\":{\"@type\":\"ImageObject\",\"inLanguage\":\"es\",\"@id\":\"http:\\\/\\\/conexion23.com\\\/#\\\/schema\\\/logo\\\/image\\\/\",\"url\":\"https:\\\/\\\/conexion23.com\\\/wp-content\\\/uploads\\\/2021\\\/11\\\/Diseno-sin-titulo-2.png\",\"contentUrl\":\"https:\\\/\\\/conexion23.com\\\/wp-content\\\/uploads\\\/2021\\\/11\\\/Diseno-sin-titulo-2.png\",\"width\":541,\"height\":90,\"caption\":\"Conexion 23\"},\"image\":{\"@id\":\"http:\\\/\\\/conexion23.com\\\/#\\\/schema\\\/logo\\\/image\\\/\"},\"sameAs\":[\"https:\\\/\\\/www.facebook.com\\\/conexion23com\",\"https:\\\/\\\/www.instagram.com\\\/conexion23com\\\/\",\"https:\\\/\\\/www.youtube.com\\\/channel\\\/UCYc7vxxFZMYLIHNsHHxPZ3Q\"]},{\"@type\":\"Person\",\"@id\":\"http:\\\/\\\/conexion23.com\\\/#\\\/schema\\\/person\\\/c0b7ce1f0e7a915d08fa289072b8353a\",\"name\":\"Benjam\u00edn Rosario\",\"image\":{\"@type\":\"ImageObject\",\"inLanguage\":\"es\",\"@id\":\"https:\\\/\\\/secure.gravatar.com\\\/avatar\\\/62e1b2539b49cdeb50ee302e2a5f2bd31dc7fdba412bbac67e2a2a6e0c89bb2a?s=96&d=mm&r=g\",\"url\":\"https:\\\/\\\/secure.gravatar.com\\\/avatar\\\/62e1b2539b49cdeb50ee302e2a5f2bd31dc7fdba412bbac67e2a2a6e0c89bb2a?s=96&d=mm&r=g\",\"contentUrl\":\"https:\\\/\\\/secure.gravatar.com\\\/avatar\\\/62e1b2539b49cdeb50ee302e2a5f2bd31dc7fdba412bbac67e2a2a6e0c89bb2a?s=96&d=mm&r=g\",\"caption\":\"Benjam\u00edn Rosario\"},\"url\":\"https:\\\/\\\/conexion23.com\\\/?author=7\"}]}<\/script>\n<!-- \/ Yoast SEO plugin. -->","yoast_head_json":{"title":"UASD elige hoy un nuevo rector - Conexi\u00f3n 23","robots":{"index":"index","follow":"follow","max-snippet":"max-snippet:-1","max-image-preview":"max-image-preview:large","max-video-preview":"max-video-preview:-1"},"canonical":"https:\/\/conexion23.com\/?p=8465","og_locale":"es_ES","og_type":"article","og_title":"UASD elige hoy un nuevo rector - Conexi\u00f3n 23","og_description":"La Universidad Aut\u00f3noma de Santo Domingo (UASD) elige este mi\u00e9rcoles a las autoridades que regir\u00e1n su destino por los pr\u00f3ximos cuatro a\u00f1os (2022-2026). Un doctor especializado en cirug\u00eda general,&nbsp;Jorge Asjana,&nbsp;y un f\u00edsico matem\u00e1tico,&nbsp;Editrudis Beltr\u00e1n,&nbsp;buscan sustituir a la contadora Emma Polanco, quien culmina su per\u00edodo como la primera mujer en la historia que dirige la rector\u00eda [&hellip;]","og_url":"https:\/\/conexion23.com\/?p=8465","og_site_name":"Conexi\u00f3n 23","article_publisher":"https:\/\/www.facebook.com\/conexion23com","article_published_time":"2022-06-15T14:10:29+00:00","article_modified_time":"2022-06-15T14:10:33+00:00","author":"Benjam\u00edn Rosario","twitter_card":"summary_large_image","twitter_misc":{"Escrito por":"Benjam\u00edn Rosario","Tiempo de lectura":"1 minuto"},"schema":{"@context":"https:\/\/schema.org","@graph":[{"@type":"Article","@id":"https:\/\/conexion23.com\/?p=8465#article","isPartOf":{"@id":"https:\/\/conexion23.com\/?p=8465"},"author":{"name":"Benjam\u00edn Rosario","@id":"http:\/\/conexion23.com\/#\/schema\/person\/c0b7ce1f0e7a915d08fa289072b8353a"},"headline":"UASD elige hoy un nuevo rector","datePublished":"2022-06-15T14:10:29+00:00","dateModified":"2022-06-15T14:10:33+00:00","mainEntityOfPage":{"@id":"https:\/\/conexion23.com\/?p=8465"},"wordCount":222,"commentCount":0,"publisher":{"@id":"http:\/\/conexion23.com\/#organization"},"articleSection":["Uncategorized"],"inLanguage":"es","potentialAction":[{"@type":"CommentAction","name":"Comment","target":["https:\/\/conexion23.com\/?p=8465#respond"]}]},{"@type":"WebPage","@id":"https:\/\/conexion23.com\/?p=8465","url":"https:\/\/conexion23.com\/?p=8465","name":"UASD elige hoy un nuevo rector - Conexi\u00f3n 23","isPartOf":{"@id":"http:\/\/conexion23.com\/#website"},"datePublished":"2022-06-15T14:10:29+00:00","dateModified":"2022-06-15T14:10:33+00:00","breadcrumb":{"@id":"https:\/\/conexion23.com\/?p=8465#breadcrumb"},"inLanguage":"es","potentialAction":[{"@type":"ReadAction","target":["https:\/\/conexion23.com\/?p=8465"]}]},{"@type":"BreadcrumbList","@id":"https:\/\/conexion23.com\/?p=8465#breadcrumb","itemListElement":[{"@type":"ListItem","position":1,"name":"Portada","item":"http:\/\/conexion23.com\/"},{"@type":"ListItem","position":2,"name":"UASD elige hoy un nuevo rector"}]},{"@type":"WebSite","@id":"http:\/\/conexion23.com\/#website","url":"http:\/\/conexion23.com\/","name":"Conexi\u00f3n 23","description":"Peri\u00f3dico 100% Petromacorisano","publisher":{"@id":"http:\/\/conexion23.com\/#organization"},"potentialAction":[{"@type":"SearchAction","target":{"@type":"EntryPoint","urlTemplate":"http:\/\/conexion23.com\/?s={search_term_string}"},"query-input":{"@type":"PropertyValueSpecification","valueRequired":true,"valueName":"search_term_string"}}],"inLanguage":"es"},{"@type":"Organization","@id":"http:\/\/conexion23.com\/#organization","name":"Conexion 23","url":"http:\/\/conexion23.com\/","logo":{"@type":"ImageObject","inLanguage":"es","@id":"http:\/\/conexion23.com\/#\/schema\/logo\/image\/","url":"https:\/\/conexion23.com\/wp-content\/uploads\/2021\/11\/Diseno-sin-titulo-2.png","contentUrl":"https:\/\/conexion23.com\/wp-content\/uploads\/2021\/11\/Diseno-sin-titulo-2.png","width":541,"height":90,"caption":"Conexion 23"},"image":{"@id":"http:\/\/conexion23.com\/#\/schema\/logo\/image\/"},"sameAs":["https:\/\/www.facebook.com\/conexion23com","https:\/\/www.instagram.com\/conexion23com\/","https:\/\/www.youtube.com\/channel\/UCYc7vxxFZMYLIHNsHHxPZ3Q"]},{"@type":"Person","@id":"http:\/\/conexion23.com\/#\/schema\/person\/c0b7ce1f0e7a915d08fa289072b8353a","name":"Benjam\u00edn Rosario","image":{"@type":"ImageObject","inLanguage":"es","@id":"https:\/\/secure.gravatar.com\/avatar\/62e1b2539b49cdeb50ee302e2a5f2bd31dc7fdba412bbac67e2a2a6e0c89bb2a?s=96&d=mm&r=g","url":"https:\/\/secure.gravatar.com\/avatar\/62e1b2539b49cdeb50ee302e2a5f2bd31dc7fdba412bbac67e2a2a6e0c89bb2a?s=96&d=mm&r=g","contentUrl":"https:\/\/secure.gravatar.com\/avatar\/62e1b2539b49cdeb50ee302e2a5f2bd31dc7fdba412bbac67e2a2a6e0c89bb2a?s=96&d=mm&r=g","caption":"Benjam\u00edn Rosario"},"url":"https:\/\/conexion23.com\/?author=7"}]}},"_links":{"self":[{"href":"https:\/\/conexion23.com\/index.php?rest_route=\/wp\/v2\/posts\/8465","targetHints":{"allow":["GET"]}}],"collection":[{"href":"https:\/\/conexion23.com\/index.php?rest_route=\/wp\/v2\/posts"}],"about":[{"href":"https:\/\/conexion23.com\/index.php?rest_route=\/wp\/v2\/types\/post"}],"author":[{"embeddable":true,"href":"https:\/\/conexion23.com\/index.php?rest_route=\/wp\/v2\/users\/7"}],"replies":[{"embeddable":true,"href":"https:\/\/conexion23.com\/index.php?rest_route=%2Fwp%2Fv2%2Fcomments&post=8465"}],"version-history":[{"count":1,"href":"https:\/\/conexion23.com\/index.php?rest_route=\/wp\/v2\/posts\/8465\/revisions"}],"predecessor-version":[{"id":8467,"href":"https:\/\/conexion23.com\/index.php?rest_route=\/wp\/v2\/posts\/8465\/revisions\/8467"}],"wp:attachment":[{"href":"https:\/\/conexion23.com\/index.php?rest_route=%2Fwp%2Fv2%2Fmedia&parent=8465"}],"wp:term":[{"taxonomy":"category","embeddable":true,"href":"https:\/\/conexion23.com\/index.php?rest_route=%2Fwp%2Fv2%2Fcategories&post=8465"},{"taxonomy":"post_tag","embeddable":true,"href":"https:\/\/conexion23.com\/index.php?rest_route=%2Fwp%2Fv2%2Ftags&post=8465"}],"curies":[{"name":"wp","href":"https:\/\/api.w.org\/{rel}","templated":true}]}}