{"id":8472,"date":"2022-06-15T10:46:20","date_gmt":"2022-06-15T14:46:20","guid":{"rendered":"https:\/\/conexion23.com\/?p=8472"},"modified":"2022-06-15T10:46:24","modified_gmt":"2022-06-15T14:46:24","slug":"dominguez-brito-se-reune-con-miguel-vargas-para-tratar-temas-de-interes-para-la-nacion","status":"publish","type":"post","link":"https:\/\/conexion23.com\/?p=8472","title":{"rendered":"Dom\u00ednguez Brito se re\u00fane con Miguel Vargas para tratar \u201ctemas de inter\u00e9s para la naci\u00f3n\u201d"},"content":{"rendered":"\n<p class=\"wp-block-paragraph\"><strong>El aspirante presidencial por el Partido de la Liberaci\u00f3n Dominicana (PLD) Francisco Dom\u00ednguez Brito, se reuni\u00f3 la noche del pasado martes con el presidente del Partido Revolucionario Dominicano (PRD) Miguel Vargas Maldonado, seg\u00fan informaron para tratar temas importantes para la naci\u00f3n.<\/strong><\/p>\n\n\n\n<p class=\"wp-block-paragraph\"><strong>\u201cJunto a parte de mi equipo pol\u00edtico, sostuvimos una gran conversaci\u00f3n con Miguel Vargas, excanciller de la Rep\u00fablica y presidente del PRM. En este encuentro debatimos temas nacionales e internacionales de inter\u00e9s para nuestra naci\u00f3n\u201d expres\u00f3 Dom\u00ednguez Brito en su cuenta de Twitter.<\/strong><strong>Dom\u00ednguez Brito estuvo acompa\u00f1ado de V\u00edctor Su\u00e1rez, diputado por Santiago, miembro del Comit\u00e9 Pol\u00edtico PLD y jefe de Gabinete del proyecto presidencial, Alejandro Mont\u00e1s, miembro del Comit\u00e9 Pol\u00edtico PLD, coordinador general Gran Santo Domingo proyecto presidencial, Charlie N\u00fa\u00f1ez, vice secretario general del PLD, Comit\u00e9 Central y director ejecutivo del proyecto presidencial, y Kenia Lora, secretaria titular de Ni\u00f1ez y Adolescencia del PLD, Comit\u00e9 Central y directora de Organizaci\u00f3n del proyecto presidencial.<\/strong><strong>&nbsp; &nbsp; &nbsp; &nbsp; &nbsp; &nbsp;<\/strong><\/p>\n","protected":false},"excerpt":{"rendered":"<p>El aspirante presidencial por el Partido de la Liberaci\u00f3n Dominicana (PLD) Francisco Dom\u00ednguez Brito, se reuni\u00f3 la noche del pasado martes con el presidente del Partido Revolucionario Dominicano (PRD) Miguel Vargas Maldonado, seg\u00fan informaron para tratar temas importantes para la naci\u00f3n. \u201cJunto a parte de mi equipo pol\u00edtico, sostuvimos una gran conversaci\u00f3n con Miguel Vargas, [&hellip;]<\/p>\n","protected":false},"author":7,"featured_media":0,"comment_status":"open","ping_status":"open","sticky":false,"template":"","format":"standard","meta":{"footnotes":""},"categories":[1],"tags":[],"class_list":["post-8472","post","type-post","status-publish","format-standard","category-uncategorized"],"yoast_head":"<!-- This site is optimized with the Yoast SEO plugin v27.6 - https:\/\/yoast.com\/product\/yoast-seo-wordpress\/ -->\n<title>Dom\u00ednguez Brito se re\u00fane con Miguel Vargas para tratar \u201ctemas de inter\u00e9s para la naci\u00f3n\u201d - Conexi\u00f3n 23<\/title>\n<meta name=\"robots\" content=\"index, follow, max-snippet:-1, max-image-preview:large, max-video-preview:-1\" \/>\n<link rel=\"canonical\" href=\"https:\/\/conexion23.com\/?p=8472\" \/>\n<meta property=\"og:locale\" content=\"es_ES\" \/>\n<meta property=\"og:type\" content=\"article\" \/>\n<meta property=\"og:title\" content=\"Dom\u00ednguez Brito se re\u00fane con Miguel Vargas para tratar \u201ctemas de inter\u00e9s para la naci\u00f3n\u201d - Conexi\u00f3n 23\" \/>\n<meta property=\"og:description\" content=\"El aspirante presidencial por el Partido de la Liberaci\u00f3n Dominicana (PLD) Francisco Dom\u00ednguez Brito, se reuni\u00f3 la noche del pasado martes con el presidente del Partido Revolucionario Dominicano (PRD) Miguel Vargas Maldonado, seg\u00fan informaron para tratar temas importantes para la naci\u00f3n. \u201cJunto a parte de mi equipo pol\u00edtico, sostuvimos una gran conversaci\u00f3n con Miguel Vargas, [&hellip;]\" \/>\n<meta property=\"og:url\" content=\"https:\/\/conexion23.com\/?p=8472\" \/>\n<meta property=\"og:site_name\" content=\"Conexi\u00f3n 23\" \/>\n<meta property=\"article:publisher\" content=\"https:\/\/www.facebook.com\/conexion23com\" \/>\n<meta property=\"article:published_time\" content=\"2022-06-15T14:46:20+00:00\" \/>\n<meta property=\"article:modified_time\" content=\"2022-06-15T14:46:24+00:00\" \/>\n<meta name=\"author\" content=\"Benjam\u00edn Rosario\" \/>\n<meta name=\"twitter:card\" content=\"summary_large_image\" \/>\n<meta name=\"twitter:label1\" content=\"Escrito por\" \/>\n\t<meta name=\"twitter:data1\" content=\"Benjam\u00edn Rosario\" \/>\n\t<meta name=\"twitter:label2\" content=\"Tiempo de lectura\" \/>\n\t<meta name=\"twitter:data2\" content=\"1 minuto\" \/>\n<script type=\"application\/ld+json\" class=\"yoast-schema-graph\">{\"@context\":\"https:\\\/\\\/schema.org\",\"@graph\":[{\"@type\":\"Article\",\"@id\":\"https:\\\/\\\/conexion23.com\\\/?p=8472#article\",\"isPartOf\":{\"@id\":\"https:\\\/\\\/conexion23.com\\\/?p=8472\"},\"author\":{\"name\":\"Benjam\u00edn Rosario\",\"@id\":\"http:\\\/\\\/conexion23.com\\\/#\\\/schema\\\/person\\\/c0b7ce1f0e7a915d08fa289072b8353a\"},\"headline\":\"Dom\u00ednguez Brito se re\u00fane con Miguel Vargas para tratar \u201ctemas de inter\u00e9s para la naci\u00f3n\u201d\",\"datePublished\":\"2022-06-15T14:46:20+00:00\",\"dateModified\":\"2022-06-15T14:46:24+00:00\",\"mainEntityOfPage\":{\"@id\":\"https:\\\/\\\/conexion23.com\\\/?p=8472\"},\"wordCount\":200,\"commentCount\":0,\"publisher\":{\"@id\":\"http:\\\/\\\/conexion23.com\\\/#organization\"},\"articleSection\":[\"Uncategorized\"],\"inLanguage\":\"es\",\"potentialAction\":[{\"@type\":\"CommentAction\",\"name\":\"Comment\",\"target\":[\"https:\\\/\\\/conexion23.com\\\/?p=8472#respond\"]}]},{\"@type\":\"WebPage\",\"@id\":\"https:\\\/\\\/conexion23.com\\\/?p=8472\",\"url\":\"https:\\\/\\\/conexion23.com\\\/?p=8472\",\"name\":\"Dom\u00ednguez Brito se re\u00fane con Miguel Vargas para tratar \u201ctemas de inter\u00e9s para la naci\u00f3n\u201d - Conexi\u00f3n 23\",\"isPartOf\":{\"@id\":\"http:\\\/\\\/conexion23.com\\\/#website\"},\"datePublished\":\"2022-06-15T14:46:20+00:00\",\"dateModified\":\"2022-06-15T14:46:24+00:00\",\"breadcrumb\":{\"@id\":\"https:\\\/\\\/conexion23.com\\\/?p=8472#breadcrumb\"},\"inLanguage\":\"es\",\"potentialAction\":[{\"@type\":\"ReadAction\",\"target\":[\"https:\\\/\\\/conexion23.com\\\/?p=8472\"]}]},{\"@type\":\"BreadcrumbList\",\"@id\":\"https:\\\/\\\/conexion23.com\\\/?p=8472#breadcrumb\",\"itemListElement\":[{\"@type\":\"ListItem\",\"position\":1,\"name\":\"Portada\",\"item\":\"http:\\\/\\\/conexion23.com\\\/\"},{\"@type\":\"ListItem\",\"position\":2,\"name\":\"Dom\u00ednguez Brito se re\u00fane con Miguel Vargas para tratar \u201ctemas de inter\u00e9s para la naci\u00f3n\u201d\"}]},{\"@type\":\"WebSite\",\"@id\":\"http:\\\/\\\/conexion23.com\\\/#website\",\"url\":\"http:\\\/\\\/conexion23.com\\\/\",\"name\":\"Conexi\u00f3n 23\",\"description\":\"Peri\u00f3dico 100% Petromacorisano\",\"publisher\":{\"@id\":\"http:\\\/\\\/conexion23.com\\\/#organization\"},\"potentialAction\":[{\"@type\":\"SearchAction\",\"target\":{\"@type\":\"EntryPoint\",\"urlTemplate\":\"http:\\\/\\\/conexion23.com\\\/?s={search_term_string}\"},\"query-input\":{\"@type\":\"PropertyValueSpecification\",\"valueRequired\":true,\"valueName\":\"search_term_string\"}}],\"inLanguage\":\"es\"},{\"@type\":\"Organization\",\"@id\":\"http:\\\/\\\/conexion23.com\\\/#organization\",\"name\":\"Conexion 23\",\"url\":\"http:\\\/\\\/conexion23.com\\\/\",\"logo\":{\"@type\":\"ImageObject\",\"inLanguage\":\"es\",\"@id\":\"http:\\\/\\\/conexion23.com\\\/#\\\/schema\\\/logo\\\/image\\\/\",\"url\":\"https:\\\/\\\/conexion23.com\\\/wp-content\\\/uploads\\\/2021\\\/11\\\/Diseno-sin-titulo-2.png\",\"contentUrl\":\"https:\\\/\\\/conexion23.com\\\/wp-content\\\/uploads\\\/2021\\\/11\\\/Diseno-sin-titulo-2.png\",\"width\":541,\"height\":90,\"caption\":\"Conexion 23\"},\"image\":{\"@id\":\"http:\\\/\\\/conexion23.com\\\/#\\\/schema\\\/logo\\\/image\\\/\"},\"sameAs\":[\"https:\\\/\\\/www.facebook.com\\\/conexion23com\",\"https:\\\/\\\/www.instagram.com\\\/conexion23com\\\/\",\"https:\\\/\\\/www.youtube.com\\\/channel\\\/UCYc7vxxFZMYLIHNsHHxPZ3Q\"]},{\"@type\":\"Person\",\"@id\":\"http:\\\/\\\/conexion23.com\\\/#\\\/schema\\\/person\\\/c0b7ce1f0e7a915d08fa289072b8353a\",\"name\":\"Benjam\u00edn Rosario\",\"image\":{\"@type\":\"ImageObject\",\"inLanguage\":\"es\",\"@id\":\"https:\\\/\\\/secure.gravatar.com\\\/avatar\\\/62e1b2539b49cdeb50ee302e2a5f2bd31dc7fdba412bbac67e2a2a6e0c89bb2a?s=96&d=mm&r=g\",\"url\":\"https:\\\/\\\/secure.gravatar.com\\\/avatar\\\/62e1b2539b49cdeb50ee302e2a5f2bd31dc7fdba412bbac67e2a2a6e0c89bb2a?s=96&d=mm&r=g\",\"contentUrl\":\"https:\\\/\\\/secure.gravatar.com\\\/avatar\\\/62e1b2539b49cdeb50ee302e2a5f2bd31dc7fdba412bbac67e2a2a6e0c89bb2a?s=96&d=mm&r=g\",\"caption\":\"Benjam\u00edn Rosario\"},\"url\":\"https:\\\/\\\/conexion23.com\\\/?author=7\"}]}<\/script>\n<!-- \/ Yoast SEO plugin. -->","yoast_head_json":{"title":"Dom\u00ednguez Brito se re\u00fane con Miguel Vargas para tratar \u201ctemas de inter\u00e9s para la naci\u00f3n\u201d - Conexi\u00f3n 23","robots":{"index":"index","follow":"follow","max-snippet":"max-snippet:-1","max-image-preview":"max-image-preview:large","max-video-preview":"max-video-preview:-1"},"canonical":"https:\/\/conexion23.com\/?p=8472","og_locale":"es_ES","og_type":"article","og_title":"Dom\u00ednguez Brito se re\u00fane con Miguel Vargas para tratar \u201ctemas de inter\u00e9s para la naci\u00f3n\u201d - Conexi\u00f3n 23","og_description":"El aspirante presidencial por el Partido de la Liberaci\u00f3n Dominicana (PLD) Francisco Dom\u00ednguez Brito, se reuni\u00f3 la noche del pasado martes con el presidente del Partido Revolucionario Dominicano (PRD) Miguel Vargas Maldonado, seg\u00fan informaron para tratar temas importantes para la naci\u00f3n. \u201cJunto a parte de mi equipo pol\u00edtico, sostuvimos una gran conversaci\u00f3n con Miguel Vargas, [&hellip;]","og_url":"https:\/\/conexion23.com\/?p=8472","og_site_name":"Conexi\u00f3n 23","article_publisher":"https:\/\/www.facebook.com\/conexion23com","article_published_time":"2022-06-15T14:46:20+00:00","article_modified_time":"2022-06-15T14:46:24+00:00","author":"Benjam\u00edn Rosario","twitter_card":"summary_large_image","twitter_misc":{"Escrito por":"Benjam\u00edn Rosario","Tiempo de lectura":"1 minuto"},"schema":{"@context":"https:\/\/schema.org","@graph":[{"@type":"Article","@id":"https:\/\/conexion23.com\/?p=8472#article","isPartOf":{"@id":"https:\/\/conexion23.com\/?p=8472"},"author":{"name":"Benjam\u00edn Rosario","@id":"http:\/\/conexion23.com\/#\/schema\/person\/c0b7ce1f0e7a915d08fa289072b8353a"},"headline":"Dom\u00ednguez Brito se re\u00fane con Miguel Vargas para tratar \u201ctemas de inter\u00e9s para la naci\u00f3n\u201d","datePublished":"2022-06-15T14:46:20+00:00","dateModified":"2022-06-15T14:46:24+00:00","mainEntityOfPage":{"@id":"https:\/\/conexion23.com\/?p=8472"},"wordCount":200,"commentCount":0,"publisher":{"@id":"http:\/\/conexion23.com\/#organization"},"articleSection":["Uncategorized"],"inLanguage":"es","potentialAction":[{"@type":"CommentAction","name":"Comment","target":["https:\/\/conexion23.com\/?p=8472#respond"]}]},{"@type":"WebPage","@id":"https:\/\/conexion23.com\/?p=8472","url":"https:\/\/conexion23.com\/?p=8472","name":"Dom\u00ednguez Brito se re\u00fane con Miguel Vargas para tratar \u201ctemas de inter\u00e9s para la naci\u00f3n\u201d - Conexi\u00f3n 23","isPartOf":{"@id":"http:\/\/conexion23.com\/#website"},"datePublished":"2022-06-15T14:46:20+00:00","dateModified":"2022-06-15T14:46:24+00:00","breadcrumb":{"@id":"https:\/\/conexion23.com\/?p=8472#breadcrumb"},"inLanguage":"es","potentialAction":[{"@type":"ReadAction","target":["https:\/\/conexion23.com\/?p=8472"]}]},{"@type":"BreadcrumbList","@id":"https:\/\/conexion23.com\/?p=8472#breadcrumb","itemListElement":[{"@type":"ListItem","position":1,"name":"Portada","item":"http:\/\/conexion23.com\/"},{"@type":"ListItem","position":2,"name":"Dom\u00ednguez Brito se re\u00fane con Miguel Vargas para tratar \u201ctemas de inter\u00e9s para la naci\u00f3n\u201d"}]},{"@type":"WebSite","@id":"http:\/\/conexion23.com\/#website","url":"http:\/\/conexion23.com\/","name":"Conexi\u00f3n 23","description":"Peri\u00f3dico 100% Petromacorisano","publisher":{"@id":"http:\/\/conexion23.com\/#organization"},"potentialAction":[{"@type":"SearchAction","target":{"@type":"EntryPoint","urlTemplate":"http:\/\/conexion23.com\/?s={search_term_string}"},"query-input":{"@type":"PropertyValueSpecification","valueRequired":true,"valueName":"search_term_string"}}],"inLanguage":"es"},{"@type":"Organization","@id":"http:\/\/conexion23.com\/#organization","name":"Conexion 23","url":"http:\/\/conexion23.com\/","logo":{"@type":"ImageObject","inLanguage":"es","@id":"http:\/\/conexion23.com\/#\/schema\/logo\/image\/","url":"https:\/\/conexion23.com\/wp-content\/uploads\/2021\/11\/Diseno-sin-titulo-2.png","contentUrl":"https:\/\/conexion23.com\/wp-content\/uploads\/2021\/11\/Diseno-sin-titulo-2.png","width":541,"height":90,"caption":"Conexion 23"},"image":{"@id":"http:\/\/conexion23.com\/#\/schema\/logo\/image\/"},"sameAs":["https:\/\/www.facebook.com\/conexion23com","https:\/\/www.instagram.com\/conexion23com\/","https:\/\/www.youtube.com\/channel\/UCYc7vxxFZMYLIHNsHHxPZ3Q"]},{"@type":"Person","@id":"http:\/\/conexion23.com\/#\/schema\/person\/c0b7ce1f0e7a915d08fa289072b8353a","name":"Benjam\u00edn Rosario","image":{"@type":"ImageObject","inLanguage":"es","@id":"https:\/\/secure.gravatar.com\/avatar\/62e1b2539b49cdeb50ee302e2a5f2bd31dc7fdba412bbac67e2a2a6e0c89bb2a?s=96&d=mm&r=g","url":"https:\/\/secure.gravatar.com\/avatar\/62e1b2539b49cdeb50ee302e2a5f2bd31dc7fdba412bbac67e2a2a6e0c89bb2a?s=96&d=mm&r=g","contentUrl":"https:\/\/secure.gravatar.com\/avatar\/62e1b2539b49cdeb50ee302e2a5f2bd31dc7fdba412bbac67e2a2a6e0c89bb2a?s=96&d=mm&r=g","caption":"Benjam\u00edn Rosario"},"url":"https:\/\/conexion23.com\/?author=7"}]}},"_links":{"self":[{"href":"https:\/\/conexion23.com\/index.php?rest_route=\/wp\/v2\/posts\/8472","targetHints":{"allow":["GET"]}}],"collection":[{"href":"https:\/\/conexion23.com\/index.php?rest_route=\/wp\/v2\/posts"}],"about":[{"href":"https:\/\/conexion23.com\/index.php?rest_route=\/wp\/v2\/types\/post"}],"author":[{"embeddable":true,"href":"https:\/\/conexion23.com\/index.php?rest_route=\/wp\/v2\/users\/7"}],"replies":[{"embeddable":true,"href":"https:\/\/conexion23.com\/index.php?rest_route=%2Fwp%2Fv2%2Fcomments&post=8472"}],"version-history":[{"count":1,"href":"https:\/\/conexion23.com\/index.php?rest_route=\/wp\/v2\/posts\/8472\/revisions"}],"predecessor-version":[{"id":8474,"href":"https:\/\/conexion23.com\/index.php?rest_route=\/wp\/v2\/posts\/8472\/revisions\/8474"}],"wp:attachment":[{"href":"https:\/\/conexion23.com\/index.php?rest_route=%2Fwp%2Fv2%2Fmedia&parent=8472"}],"wp:term":[{"taxonomy":"category","embeddable":true,"href":"https:\/\/conexion23.com\/index.php?rest_route=%2Fwp%2Fv2%2Fcategories&post=8472"},{"taxonomy":"post_tag","embeddable":true,"href":"https:\/\/conexion23.com\/index.php?rest_route=%2Fwp%2Fv2%2Ftags&post=8472"}],"curies":[{"name":"wp","href":"https:\/\/api.w.org\/{rel}","templated":true}]}}