{"id":8477,"date":"2022-06-15T11:29:21","date_gmt":"2022-06-15T15:29:21","guid":{"rendered":"https:\/\/conexion23.com\/?p=8477"},"modified":"2022-06-15T11:29:26","modified_gmt":"2022-06-15T15:29:26","slug":"emma-polanco-ejerce-su-derecho-al-voto-y-califica-elecciones-como-fiesta-de-la-democracia","status":"publish","type":"post","link":"https:\/\/conexion23.com\/?p=8477","title":{"rendered":"Emma Polanco ejerce su derecho al voto y califica elecciones como \u00abfiesta de la democracia\u00bb"},"content":{"rendered":"\n<p class=\"wp-block-paragraph\">&nbsp;La actual rectora de la Universidad Aut\u00f3noma de Santo Domingo (UASD), Emma Polanco, manifest\u00f3 este mi\u00e9rcoles que se siente muy orgullosa de la organizaci\u00f3n que hasta ahora han llevado a cabo los organizadores de las elecciones internas de la Academia.<\/p>\n\n\n\n<p class=\"wp-block-paragraph\">Previo a ejercer su derecho al voto, la titular de la UASD, dijo que durante cuatro a\u00f1os trabaj\u00f3 con un equipo maravilloso que est\u00e1 comprometido, lo que, seg\u00fan ella garantiza la confianza en el proceso.<\/p>\n\n\n\n<p class=\"wp-block-paragraph\">\u00abNosotros somos los garantes de este proceso, los profesores y dem\u00e1s, de que prevalezca el orden, miren todo tranquilo, las mesas, llena, todo bien\u00bb destac\u00f3 Polanco.<\/p>\n","protected":false},"excerpt":{"rendered":"<p>&nbsp;La actual rectora de la Universidad Aut\u00f3noma de Santo Domingo (UASD), Emma Polanco, manifest\u00f3 este mi\u00e9rcoles que se siente muy orgullosa de la organizaci\u00f3n que hasta ahora han llevado a cabo los organizadores de las elecciones internas de la Academia. Previo a ejercer su derecho al voto, la titular de la UASD, dijo que durante [&hellip;]<\/p>\n","protected":false},"author":7,"featured_media":0,"comment_status":"open","ping_status":"open","sticky":false,"template":"","format":"standard","meta":{"footnotes":""},"categories":[1],"tags":[],"class_list":["post-8477","post","type-post","status-publish","format-standard","category-uncategorized"],"yoast_head":"<!-- This site is optimized with the Yoast SEO plugin v27.6 - https:\/\/yoast.com\/product\/yoast-seo-wordpress\/ -->\n<title>Emma Polanco ejerce su derecho al voto y califica elecciones como \u00abfiesta de la democracia\u00bb - Conexi\u00f3n 23<\/title>\n<meta name=\"robots\" content=\"index, follow, max-snippet:-1, max-image-preview:large, max-video-preview:-1\" \/>\n<link rel=\"canonical\" href=\"https:\/\/conexion23.com\/?p=8477\" \/>\n<meta property=\"og:locale\" content=\"es_ES\" \/>\n<meta property=\"og:type\" content=\"article\" \/>\n<meta property=\"og:title\" content=\"Emma Polanco ejerce su derecho al voto y califica elecciones como \u00abfiesta de la democracia\u00bb - Conexi\u00f3n 23\" \/>\n<meta property=\"og:description\" content=\"&nbsp;La actual rectora de la Universidad Aut\u00f3noma de Santo Domingo (UASD), Emma Polanco, manifest\u00f3 este mi\u00e9rcoles que se siente muy orgullosa de la organizaci\u00f3n que hasta ahora han llevado a cabo los organizadores de las elecciones internas de la Academia. Previo a ejercer su derecho al voto, la titular de la UASD, dijo que durante [&hellip;]\" \/>\n<meta property=\"og:url\" content=\"https:\/\/conexion23.com\/?p=8477\" \/>\n<meta property=\"og:site_name\" content=\"Conexi\u00f3n 23\" \/>\n<meta property=\"article:publisher\" content=\"https:\/\/www.facebook.com\/conexion23com\" \/>\n<meta property=\"article:published_time\" content=\"2022-06-15T15:29:21+00:00\" \/>\n<meta property=\"article:modified_time\" content=\"2022-06-15T15:29:26+00:00\" \/>\n<meta name=\"author\" content=\"Benjam\u00edn Rosario\" \/>\n<meta name=\"twitter:card\" content=\"summary_large_image\" \/>\n<meta name=\"twitter:label1\" content=\"Escrito por\" \/>\n\t<meta name=\"twitter:data1\" content=\"Benjam\u00edn Rosario\" \/>\n\t<meta name=\"twitter:label2\" content=\"Tiempo de lectura\" \/>\n\t<meta name=\"twitter:data2\" content=\"1 minuto\" \/>\n<script type=\"application\/ld+json\" class=\"yoast-schema-graph\">{\"@context\":\"https:\\\/\\\/schema.org\",\"@graph\":[{\"@type\":\"Article\",\"@id\":\"https:\\\/\\\/conexion23.com\\\/?p=8477#article\",\"isPartOf\":{\"@id\":\"https:\\\/\\\/conexion23.com\\\/?p=8477\"},\"author\":{\"name\":\"Benjam\u00edn Rosario\",\"@id\":\"http:\\\/\\\/conexion23.com\\\/#\\\/schema\\\/person\\\/c0b7ce1f0e7a915d08fa289072b8353a\"},\"headline\":\"Emma Polanco ejerce su derecho al voto y califica elecciones como \u00abfiesta de la democracia\u00bb\",\"datePublished\":\"2022-06-15T15:29:21+00:00\",\"dateModified\":\"2022-06-15T15:29:26+00:00\",\"mainEntityOfPage\":{\"@id\":\"https:\\\/\\\/conexion23.com\\\/?p=8477\"},\"wordCount\":123,\"commentCount\":0,\"publisher\":{\"@id\":\"http:\\\/\\\/conexion23.com\\\/#organization\"},\"articleSection\":[\"Uncategorized\"],\"inLanguage\":\"es\",\"potentialAction\":[{\"@type\":\"CommentAction\",\"name\":\"Comment\",\"target\":[\"https:\\\/\\\/conexion23.com\\\/?p=8477#respond\"]}]},{\"@type\":\"WebPage\",\"@id\":\"https:\\\/\\\/conexion23.com\\\/?p=8477\",\"url\":\"https:\\\/\\\/conexion23.com\\\/?p=8477\",\"name\":\"Emma Polanco ejerce su derecho al voto y califica elecciones como \u00abfiesta de la democracia\u00bb - Conexi\u00f3n 23\",\"isPartOf\":{\"@id\":\"http:\\\/\\\/conexion23.com\\\/#website\"},\"datePublished\":\"2022-06-15T15:29:21+00:00\",\"dateModified\":\"2022-06-15T15:29:26+00:00\",\"breadcrumb\":{\"@id\":\"https:\\\/\\\/conexion23.com\\\/?p=8477#breadcrumb\"},\"inLanguage\":\"es\",\"potentialAction\":[{\"@type\":\"ReadAction\",\"target\":[\"https:\\\/\\\/conexion23.com\\\/?p=8477\"]}]},{\"@type\":\"BreadcrumbList\",\"@id\":\"https:\\\/\\\/conexion23.com\\\/?p=8477#breadcrumb\",\"itemListElement\":[{\"@type\":\"ListItem\",\"position\":1,\"name\":\"Portada\",\"item\":\"http:\\\/\\\/conexion23.com\\\/\"},{\"@type\":\"ListItem\",\"position\":2,\"name\":\"Emma Polanco ejerce su derecho al voto y califica elecciones como \u00abfiesta de la democracia\u00bb\"}]},{\"@type\":\"WebSite\",\"@id\":\"http:\\\/\\\/conexion23.com\\\/#website\",\"url\":\"http:\\\/\\\/conexion23.com\\\/\",\"name\":\"Conexi\u00f3n 23\",\"description\":\"Peri\u00f3dico 100% Petromacorisano\",\"publisher\":{\"@id\":\"http:\\\/\\\/conexion23.com\\\/#organization\"},\"potentialAction\":[{\"@type\":\"SearchAction\",\"target\":{\"@type\":\"EntryPoint\",\"urlTemplate\":\"http:\\\/\\\/conexion23.com\\\/?s={search_term_string}\"},\"query-input\":{\"@type\":\"PropertyValueSpecification\",\"valueRequired\":true,\"valueName\":\"search_term_string\"}}],\"inLanguage\":\"es\"},{\"@type\":\"Organization\",\"@id\":\"http:\\\/\\\/conexion23.com\\\/#organization\",\"name\":\"Conexion 23\",\"url\":\"http:\\\/\\\/conexion23.com\\\/\",\"logo\":{\"@type\":\"ImageObject\",\"inLanguage\":\"es\",\"@id\":\"http:\\\/\\\/conexion23.com\\\/#\\\/schema\\\/logo\\\/image\\\/\",\"url\":\"https:\\\/\\\/conexion23.com\\\/wp-content\\\/uploads\\\/2021\\\/11\\\/Diseno-sin-titulo-2.png\",\"contentUrl\":\"https:\\\/\\\/conexion23.com\\\/wp-content\\\/uploads\\\/2021\\\/11\\\/Diseno-sin-titulo-2.png\",\"width\":541,\"height\":90,\"caption\":\"Conexion 23\"},\"image\":{\"@id\":\"http:\\\/\\\/conexion23.com\\\/#\\\/schema\\\/logo\\\/image\\\/\"},\"sameAs\":[\"https:\\\/\\\/www.facebook.com\\\/conexion23com\",\"https:\\\/\\\/www.instagram.com\\\/conexion23com\\\/\",\"https:\\\/\\\/www.youtube.com\\\/channel\\\/UCYc7vxxFZMYLIHNsHHxPZ3Q\"]},{\"@type\":\"Person\",\"@id\":\"http:\\\/\\\/conexion23.com\\\/#\\\/schema\\\/person\\\/c0b7ce1f0e7a915d08fa289072b8353a\",\"name\":\"Benjam\u00edn Rosario\",\"image\":{\"@type\":\"ImageObject\",\"inLanguage\":\"es\",\"@id\":\"https:\\\/\\\/secure.gravatar.com\\\/avatar\\\/62e1b2539b49cdeb50ee302e2a5f2bd31dc7fdba412bbac67e2a2a6e0c89bb2a?s=96&d=mm&r=g\",\"url\":\"https:\\\/\\\/secure.gravatar.com\\\/avatar\\\/62e1b2539b49cdeb50ee302e2a5f2bd31dc7fdba412bbac67e2a2a6e0c89bb2a?s=96&d=mm&r=g\",\"contentUrl\":\"https:\\\/\\\/secure.gravatar.com\\\/avatar\\\/62e1b2539b49cdeb50ee302e2a5f2bd31dc7fdba412bbac67e2a2a6e0c89bb2a?s=96&d=mm&r=g\",\"caption\":\"Benjam\u00edn Rosario\"},\"url\":\"https:\\\/\\\/conexion23.com\\\/?author=7\"}]}<\/script>\n<!-- \/ Yoast SEO plugin. -->","yoast_head_json":{"title":"Emma Polanco ejerce su derecho al voto y califica elecciones como \u00abfiesta de la democracia\u00bb - Conexi\u00f3n 23","robots":{"index":"index","follow":"follow","max-snippet":"max-snippet:-1","max-image-preview":"max-image-preview:large","max-video-preview":"max-video-preview:-1"},"canonical":"https:\/\/conexion23.com\/?p=8477","og_locale":"es_ES","og_type":"article","og_title":"Emma Polanco ejerce su derecho al voto y califica elecciones como \u00abfiesta de la democracia\u00bb - Conexi\u00f3n 23","og_description":"&nbsp;La actual rectora de la Universidad Aut\u00f3noma de Santo Domingo (UASD), Emma Polanco, manifest\u00f3 este mi\u00e9rcoles que se siente muy orgullosa de la organizaci\u00f3n que hasta ahora han llevado a cabo los organizadores de las elecciones internas de la Academia. Previo a ejercer su derecho al voto, la titular de la UASD, dijo que durante [&hellip;]","og_url":"https:\/\/conexion23.com\/?p=8477","og_site_name":"Conexi\u00f3n 23","article_publisher":"https:\/\/www.facebook.com\/conexion23com","article_published_time":"2022-06-15T15:29:21+00:00","article_modified_time":"2022-06-15T15:29:26+00:00","author":"Benjam\u00edn Rosario","twitter_card":"summary_large_image","twitter_misc":{"Escrito por":"Benjam\u00edn Rosario","Tiempo de lectura":"1 minuto"},"schema":{"@context":"https:\/\/schema.org","@graph":[{"@type":"Article","@id":"https:\/\/conexion23.com\/?p=8477#article","isPartOf":{"@id":"https:\/\/conexion23.com\/?p=8477"},"author":{"name":"Benjam\u00edn Rosario","@id":"http:\/\/conexion23.com\/#\/schema\/person\/c0b7ce1f0e7a915d08fa289072b8353a"},"headline":"Emma Polanco ejerce su derecho al voto y califica elecciones como \u00abfiesta de la democracia\u00bb","datePublished":"2022-06-15T15:29:21+00:00","dateModified":"2022-06-15T15:29:26+00:00","mainEntityOfPage":{"@id":"https:\/\/conexion23.com\/?p=8477"},"wordCount":123,"commentCount":0,"publisher":{"@id":"http:\/\/conexion23.com\/#organization"},"articleSection":["Uncategorized"],"inLanguage":"es","potentialAction":[{"@type":"CommentAction","name":"Comment","target":["https:\/\/conexion23.com\/?p=8477#respond"]}]},{"@type":"WebPage","@id":"https:\/\/conexion23.com\/?p=8477","url":"https:\/\/conexion23.com\/?p=8477","name":"Emma Polanco ejerce su derecho al voto y califica elecciones como \u00abfiesta de la democracia\u00bb - Conexi\u00f3n 23","isPartOf":{"@id":"http:\/\/conexion23.com\/#website"},"datePublished":"2022-06-15T15:29:21+00:00","dateModified":"2022-06-15T15:29:26+00:00","breadcrumb":{"@id":"https:\/\/conexion23.com\/?p=8477#breadcrumb"},"inLanguage":"es","potentialAction":[{"@type":"ReadAction","target":["https:\/\/conexion23.com\/?p=8477"]}]},{"@type":"BreadcrumbList","@id":"https:\/\/conexion23.com\/?p=8477#breadcrumb","itemListElement":[{"@type":"ListItem","position":1,"name":"Portada","item":"http:\/\/conexion23.com\/"},{"@type":"ListItem","position":2,"name":"Emma Polanco ejerce su derecho al voto y califica elecciones como \u00abfiesta de la democracia\u00bb"}]},{"@type":"WebSite","@id":"http:\/\/conexion23.com\/#website","url":"http:\/\/conexion23.com\/","name":"Conexi\u00f3n 23","description":"Peri\u00f3dico 100% Petromacorisano","publisher":{"@id":"http:\/\/conexion23.com\/#organization"},"potentialAction":[{"@type":"SearchAction","target":{"@type":"EntryPoint","urlTemplate":"http:\/\/conexion23.com\/?s={search_term_string}"},"query-input":{"@type":"PropertyValueSpecification","valueRequired":true,"valueName":"search_term_string"}}],"inLanguage":"es"},{"@type":"Organization","@id":"http:\/\/conexion23.com\/#organization","name":"Conexion 23","url":"http:\/\/conexion23.com\/","logo":{"@type":"ImageObject","inLanguage":"es","@id":"http:\/\/conexion23.com\/#\/schema\/logo\/image\/","url":"https:\/\/conexion23.com\/wp-content\/uploads\/2021\/11\/Diseno-sin-titulo-2.png","contentUrl":"https:\/\/conexion23.com\/wp-content\/uploads\/2021\/11\/Diseno-sin-titulo-2.png","width":541,"height":90,"caption":"Conexion 23"},"image":{"@id":"http:\/\/conexion23.com\/#\/schema\/logo\/image\/"},"sameAs":["https:\/\/www.facebook.com\/conexion23com","https:\/\/www.instagram.com\/conexion23com\/","https:\/\/www.youtube.com\/channel\/UCYc7vxxFZMYLIHNsHHxPZ3Q"]},{"@type":"Person","@id":"http:\/\/conexion23.com\/#\/schema\/person\/c0b7ce1f0e7a915d08fa289072b8353a","name":"Benjam\u00edn Rosario","image":{"@type":"ImageObject","inLanguage":"es","@id":"https:\/\/secure.gravatar.com\/avatar\/62e1b2539b49cdeb50ee302e2a5f2bd31dc7fdba412bbac67e2a2a6e0c89bb2a?s=96&d=mm&r=g","url":"https:\/\/secure.gravatar.com\/avatar\/62e1b2539b49cdeb50ee302e2a5f2bd31dc7fdba412bbac67e2a2a6e0c89bb2a?s=96&d=mm&r=g","contentUrl":"https:\/\/secure.gravatar.com\/avatar\/62e1b2539b49cdeb50ee302e2a5f2bd31dc7fdba412bbac67e2a2a6e0c89bb2a?s=96&d=mm&r=g","caption":"Benjam\u00edn Rosario"},"url":"https:\/\/conexion23.com\/?author=7"}]}},"_links":{"self":[{"href":"https:\/\/conexion23.com\/index.php?rest_route=\/wp\/v2\/posts\/8477","targetHints":{"allow":["GET"]}}],"collection":[{"href":"https:\/\/conexion23.com\/index.php?rest_route=\/wp\/v2\/posts"}],"about":[{"href":"https:\/\/conexion23.com\/index.php?rest_route=\/wp\/v2\/types\/post"}],"author":[{"embeddable":true,"href":"https:\/\/conexion23.com\/index.php?rest_route=\/wp\/v2\/users\/7"}],"replies":[{"embeddable":true,"href":"https:\/\/conexion23.com\/index.php?rest_route=%2Fwp%2Fv2%2Fcomments&post=8477"}],"version-history":[{"count":1,"href":"https:\/\/conexion23.com\/index.php?rest_route=\/wp\/v2\/posts\/8477\/revisions"}],"predecessor-version":[{"id":8479,"href":"https:\/\/conexion23.com\/index.php?rest_route=\/wp\/v2\/posts\/8477\/revisions\/8479"}],"wp:attachment":[{"href":"https:\/\/conexion23.com\/index.php?rest_route=%2Fwp%2Fv2%2Fmedia&parent=8477"}],"wp:term":[{"taxonomy":"category","embeddable":true,"href":"https:\/\/conexion23.com\/index.php?rest_route=%2Fwp%2Fv2%2Fcategories&post=8477"},{"taxonomy":"post_tag","embeddable":true,"href":"https:\/\/conexion23.com\/index.php?rest_route=%2Fwp%2Fv2%2Ftags&post=8477"}],"curies":[{"name":"wp","href":"https:\/\/api.w.org\/{rel}","templated":true}]}}