{"id":8491,"date":"2022-06-16T08:44:17","date_gmt":"2022-06-16T12:44:17","guid":{"rendered":"https:\/\/conexion23.com\/?p=8491"},"modified":"2022-06-16T08:44:25","modified_gmt":"2022-06-16T12:44:25","slug":"catolicos-conmemoran-hoy-dia-de-corpus-crhisti-con-misas-y-procesiones","status":"publish","type":"post","link":"https:\/\/conexion23.com\/?p=8491","title":{"rendered":"Cat\u00f3licos conmemoran hoy d\u00eda de Corpus Crhisti con misas y procesiones"},"content":{"rendered":"\n<p class=\"wp-block-paragraph\">La Iglesia Cat\u00f3lica conmemora hoy el d\u00eda de Corpus Christi, tambi\u00e9n conocido como&nbsp;Cuerpo de Cristo o&nbsp;Solemnidad del Cuerpo y la Sangre de Cristo y el prop\u00f3sito es celebrar la presencia del hijo de Dios en la eucarist\u00eda.<\/p>\n\n\n\n<p class=\"wp-block-paragraph\">Anteriormente tambi\u00e9n se le llamaba Corpus Domini, que significa Cuerpo del Se\u00f1or.<\/p>\n\n\n\n<p class=\"wp-block-paragraph\">Los cat\u00f3licos en todo el mundo recuerdan la instituci\u00f3n de la eucarist\u00eda, que inici\u00f3 el Jueves Santo, durante la \u00faltima cena, cuando Jesucristo convirti\u00f3 el pan y el vino en su cuerpo y sangre, e invit\u00f3 a los ap\u00f3stoles a comulgar con \u00e9l.<\/p>\n\n\n\n<p class=\"wp-block-paragraph\">En Rep\u00fablica Dominicana se festeja con misas y procesiones desde la ma\u00f1ana a entrada la noche.<\/p>\n\n\n\n<p class=\"wp-block-paragraph\">Normalmente, en la Catedral Primada de Am\u00e9rica se oficia una homil\u00eda, mientras que iglesias aleda\u00f1as y en todo el pa\u00eds, se realizan eucarist\u00edas desde las 6:00 de la ma\u00f1ana.<\/p>\n\n\n\n<p class=\"wp-block-paragraph\">Tambi\u00e9n una procesi\u00f3n desde la Iglesia Las Mercedes, ubicada en la calle que lleva su nombre esquina Jos\u00e9 Reyes, de la Zona Colonial.<\/p>\n\n\n\n<p class=\"wp-block-paragraph\">EL BUEY HABL\u00d3. En el imaginario popular dominicano se atribuye este d\u00eda a un momento ins\u00f3lito en el que un campesino no respet\u00f3 la solemnidad de este d\u00eda y su reposo.<\/p>\n\n\n\n<p class=\"wp-block-paragraph\">Procedi\u00f3, conforme a esta leyenda, a surcar la tierra con su buey y este alegadamente habl\u00f3 y le reclam\u00f3: \u201cni siquiera el D\u00eda de Corpus Christi me dejas descansar\u201d.<\/p>\n\n\n\n<p class=\"wp-block-paragraph\"><strong>HISTORIA.<\/strong>&nbsp;El Corpus Christi es celebrado 60 d\u00edas despu\u00e9s del Domingo de Resurrecci\u00f3n, el jueves siguiente a la solemnidad de la Sant\u00edsima Trinidad, que tiene lugar el domingo posterior a Pentecost\u00e9s.<\/p>\n\n\n\n<p class=\"wp-block-paragraph\">La fiesta de Corpus Christi es el jueves siguiente al noveno domingo despu\u00e9s de la primera luna llena de primavera en el hemisferio norte, y de oto\u00f1o, en el sur.<\/p>\n\n\n\n<p class=\"wp-block-paragraph\">Las celebraciones incluyen procesiones en las calles y lugares p\u00fablicos en las cuales el cuerpo de Cristo es exhibido y acompa\u00f1ado por multitudes de fieles.<\/p>\n\n\n\n<p class=\"wp-block-paragraph\">La celebraci\u00f3n surgi\u00f3 durante la Edad Media, cuando la religiosa Juliana de Cornillon comenz\u00f3 a promover la idea de celebrar una festividad que rindiera homenaje al cuerpo y la sangre de Jesucristo presente en la eucarist\u00eda.<\/p>\n\n\n\n<p class=\"wp-block-paragraph\">As\u00ed, la primera celebraci\u00f3n de Corpus Christi tuvo lugar en 1246 en la ciudad de Lieja, en la actual B\u00e9lgica.<\/p>\n\n\n\n<p class=\"wp-block-paragraph\">Tambi\u00e9n se cuenta que, en 1263, mientras un sacerdote celebraba la misa en la iglesia de la localidad de Bolsena, en Italia, ocurri\u00f3 que, al pronunciar este las palabras de consagraci\u00f3n, de la hostia comenz\u00f3 a brotar sangre.<\/p>\n","protected":false},"excerpt":{"rendered":"<p>La Iglesia Cat\u00f3lica conmemora hoy el d\u00eda de Corpus Christi, tambi\u00e9n conocido como&nbsp;Cuerpo de Cristo o&nbsp;Solemnidad del Cuerpo y la Sangre de Cristo y el prop\u00f3sito es celebrar la presencia del hijo de Dios en la eucarist\u00eda. Anteriormente tambi\u00e9n se le llamaba Corpus Domini, que significa Cuerpo del Se\u00f1or. Los cat\u00f3licos en todo el mundo [&hellip;]<\/p>\n","protected":false},"author":7,"featured_media":0,"comment_status":"open","ping_status":"open","sticky":false,"template":"","format":"standard","meta":{"footnotes":""},"categories":[1],"tags":[],"class_list":["post-8491","post","type-post","status-publish","format-standard","category-uncategorized"],"yoast_head":"<!-- This site is optimized with the Yoast SEO plugin v27.6 - https:\/\/yoast.com\/product\/yoast-seo-wordpress\/ -->\n<title>Cat\u00f3licos conmemoran hoy d\u00eda de Corpus Crhisti con misas y procesiones - Conexi\u00f3n 23<\/title>\n<meta name=\"robots\" content=\"index, follow, max-snippet:-1, max-image-preview:large, max-video-preview:-1\" \/>\n<link rel=\"canonical\" href=\"https:\/\/conexion23.com\/?p=8491\" \/>\n<meta property=\"og:locale\" content=\"es_ES\" \/>\n<meta property=\"og:type\" content=\"article\" \/>\n<meta property=\"og:title\" content=\"Cat\u00f3licos conmemoran hoy d\u00eda de Corpus Crhisti con misas y procesiones - Conexi\u00f3n 23\" \/>\n<meta property=\"og:description\" content=\"La Iglesia Cat\u00f3lica conmemora hoy el d\u00eda de Corpus Christi, tambi\u00e9n conocido como&nbsp;Cuerpo de Cristo o&nbsp;Solemnidad del Cuerpo y la Sangre de Cristo y el prop\u00f3sito es celebrar la presencia del hijo de Dios en la eucarist\u00eda. Anteriormente tambi\u00e9n se le llamaba Corpus Domini, que significa Cuerpo del Se\u00f1or. Los cat\u00f3licos en todo el mundo [&hellip;]\" \/>\n<meta property=\"og:url\" content=\"https:\/\/conexion23.com\/?p=8491\" \/>\n<meta property=\"og:site_name\" content=\"Conexi\u00f3n 23\" \/>\n<meta property=\"article:publisher\" content=\"https:\/\/www.facebook.com\/conexion23com\" \/>\n<meta property=\"article:published_time\" content=\"2022-06-16T12:44:17+00:00\" \/>\n<meta property=\"article:modified_time\" content=\"2022-06-16T12:44:25+00:00\" \/>\n<meta name=\"author\" content=\"Benjam\u00edn Rosario\" \/>\n<meta name=\"twitter:card\" content=\"summary_large_image\" \/>\n<meta name=\"twitter:label1\" content=\"Escrito por\" \/>\n\t<meta name=\"twitter:data1\" content=\"Benjam\u00edn Rosario\" \/>\n\t<meta name=\"twitter:label2\" content=\"Tiempo de lectura\" \/>\n\t<meta name=\"twitter:data2\" content=\"2 minutos\" \/>\n<script type=\"application\/ld+json\" class=\"yoast-schema-graph\">{\"@context\":\"https:\\\/\\\/schema.org\",\"@graph\":[{\"@type\":\"Article\",\"@id\":\"https:\\\/\\\/conexion23.com\\\/?p=8491#article\",\"isPartOf\":{\"@id\":\"https:\\\/\\\/conexion23.com\\\/?p=8491\"},\"author\":{\"name\":\"Benjam\u00edn Rosario\",\"@id\":\"https:\\\/\\\/conexion23.com\\\/#\\\/schema\\\/person\\\/c0b7ce1f0e7a915d08fa289072b8353a\"},\"headline\":\"Cat\u00f3licos conmemoran hoy d\u00eda de Corpus Crhisti con misas y procesiones\",\"datePublished\":\"2022-06-16T12:44:17+00:00\",\"dateModified\":\"2022-06-16T12:44:25+00:00\",\"mainEntityOfPage\":{\"@id\":\"https:\\\/\\\/conexion23.com\\\/?p=8491\"},\"wordCount\":454,\"commentCount\":0,\"publisher\":{\"@id\":\"https:\\\/\\\/conexion23.com\\\/#organization\"},\"articleSection\":[\"Uncategorized\"],\"inLanguage\":\"es\",\"potentialAction\":[{\"@type\":\"CommentAction\",\"name\":\"Comment\",\"target\":[\"https:\\\/\\\/conexion23.com\\\/?p=8491#respond\"]}]},{\"@type\":\"WebPage\",\"@id\":\"https:\\\/\\\/conexion23.com\\\/?p=8491\",\"url\":\"https:\\\/\\\/conexion23.com\\\/?p=8491\",\"name\":\"Cat\u00f3licos conmemoran hoy d\u00eda de Corpus Crhisti con misas y procesiones - Conexi\u00f3n 23\",\"isPartOf\":{\"@id\":\"https:\\\/\\\/conexion23.com\\\/#website\"},\"datePublished\":\"2022-06-16T12:44:17+00:00\",\"dateModified\":\"2022-06-16T12:44:25+00:00\",\"breadcrumb\":{\"@id\":\"https:\\\/\\\/conexion23.com\\\/?p=8491#breadcrumb\"},\"inLanguage\":\"es\",\"potentialAction\":[{\"@type\":\"ReadAction\",\"target\":[\"https:\\\/\\\/conexion23.com\\\/?p=8491\"]}]},{\"@type\":\"BreadcrumbList\",\"@id\":\"https:\\\/\\\/conexion23.com\\\/?p=8491#breadcrumb\",\"itemListElement\":[{\"@type\":\"ListItem\",\"position\":1,\"name\":\"Portada\",\"item\":\"https:\\\/\\\/conexion23.com\\\/\"},{\"@type\":\"ListItem\",\"position\":2,\"name\":\"Cat\u00f3licos conmemoran hoy d\u00eda de Corpus Crhisti con misas y procesiones\"}]},{\"@type\":\"WebSite\",\"@id\":\"https:\\\/\\\/conexion23.com\\\/#website\",\"url\":\"https:\\\/\\\/conexion23.com\\\/\",\"name\":\"Conexi\u00f3n 23\",\"description\":\"Peri\u00f3dico 100% Petromacorisano\",\"publisher\":{\"@id\":\"https:\\\/\\\/conexion23.com\\\/#organization\"},\"potentialAction\":[{\"@type\":\"SearchAction\",\"target\":{\"@type\":\"EntryPoint\",\"urlTemplate\":\"https:\\\/\\\/conexion23.com\\\/?s={search_term_string}\"},\"query-input\":{\"@type\":\"PropertyValueSpecification\",\"valueRequired\":true,\"valueName\":\"search_term_string\"}}],\"inLanguage\":\"es\"},{\"@type\":\"Organization\",\"@id\":\"https:\\\/\\\/conexion23.com\\\/#organization\",\"name\":\"Conexion 23\",\"url\":\"https:\\\/\\\/conexion23.com\\\/\",\"logo\":{\"@type\":\"ImageObject\",\"inLanguage\":\"es\",\"@id\":\"https:\\\/\\\/conexion23.com\\\/#\\\/schema\\\/logo\\\/image\\\/\",\"url\":\"https:\\\/\\\/conexion23.com\\\/wp-content\\\/uploads\\\/2021\\\/11\\\/Diseno-sin-titulo-2.png\",\"contentUrl\":\"https:\\\/\\\/conexion23.com\\\/wp-content\\\/uploads\\\/2021\\\/11\\\/Diseno-sin-titulo-2.png\",\"width\":541,\"height\":90,\"caption\":\"Conexion 23\"},\"image\":{\"@id\":\"https:\\\/\\\/conexion23.com\\\/#\\\/schema\\\/logo\\\/image\\\/\"},\"sameAs\":[\"https:\\\/\\\/www.facebook.com\\\/conexion23com\",\"https:\\\/\\\/www.instagram.com\\\/conexion23com\\\/\",\"https:\\\/\\\/www.youtube.com\\\/channel\\\/UCYc7vxxFZMYLIHNsHHxPZ3Q\"]},{\"@type\":\"Person\",\"@id\":\"https:\\\/\\\/conexion23.com\\\/#\\\/schema\\\/person\\\/c0b7ce1f0e7a915d08fa289072b8353a\",\"name\":\"Benjam\u00edn Rosario\",\"image\":{\"@type\":\"ImageObject\",\"inLanguage\":\"es\",\"@id\":\"https:\\\/\\\/secure.gravatar.com\\\/avatar\\\/62e1b2539b49cdeb50ee302e2a5f2bd31dc7fdba412bbac67e2a2a6e0c89bb2a?s=96&d=mm&r=g\",\"url\":\"https:\\\/\\\/secure.gravatar.com\\\/avatar\\\/62e1b2539b49cdeb50ee302e2a5f2bd31dc7fdba412bbac67e2a2a6e0c89bb2a?s=96&d=mm&r=g\",\"contentUrl\":\"https:\\\/\\\/secure.gravatar.com\\\/avatar\\\/62e1b2539b49cdeb50ee302e2a5f2bd31dc7fdba412bbac67e2a2a6e0c89bb2a?s=96&d=mm&r=g\",\"caption\":\"Benjam\u00edn Rosario\"},\"url\":\"https:\\\/\\\/conexion23.com\\\/?author=7\"}]}<\/script>\n<!-- \/ Yoast SEO plugin. -->","yoast_head_json":{"title":"Cat\u00f3licos conmemoran hoy d\u00eda de Corpus Crhisti con misas y procesiones - Conexi\u00f3n 23","robots":{"index":"index","follow":"follow","max-snippet":"max-snippet:-1","max-image-preview":"max-image-preview:large","max-video-preview":"max-video-preview:-1"},"canonical":"https:\/\/conexion23.com\/?p=8491","og_locale":"es_ES","og_type":"article","og_title":"Cat\u00f3licos conmemoran hoy d\u00eda de Corpus Crhisti con misas y procesiones - Conexi\u00f3n 23","og_description":"La Iglesia Cat\u00f3lica conmemora hoy el d\u00eda de Corpus Christi, tambi\u00e9n conocido como&nbsp;Cuerpo de Cristo o&nbsp;Solemnidad del Cuerpo y la Sangre de Cristo y el prop\u00f3sito es celebrar la presencia del hijo de Dios en la eucarist\u00eda. Anteriormente tambi\u00e9n se le llamaba Corpus Domini, que significa Cuerpo del Se\u00f1or. Los cat\u00f3licos en todo el mundo [&hellip;]","og_url":"https:\/\/conexion23.com\/?p=8491","og_site_name":"Conexi\u00f3n 23","article_publisher":"https:\/\/www.facebook.com\/conexion23com","article_published_time":"2022-06-16T12:44:17+00:00","article_modified_time":"2022-06-16T12:44:25+00:00","author":"Benjam\u00edn Rosario","twitter_card":"summary_large_image","twitter_misc":{"Escrito por":"Benjam\u00edn Rosario","Tiempo de lectura":"2 minutos"},"schema":{"@context":"https:\/\/schema.org","@graph":[{"@type":"Article","@id":"https:\/\/conexion23.com\/?p=8491#article","isPartOf":{"@id":"https:\/\/conexion23.com\/?p=8491"},"author":{"name":"Benjam\u00edn Rosario","@id":"https:\/\/conexion23.com\/#\/schema\/person\/c0b7ce1f0e7a915d08fa289072b8353a"},"headline":"Cat\u00f3licos conmemoran hoy d\u00eda de Corpus Crhisti con misas y procesiones","datePublished":"2022-06-16T12:44:17+00:00","dateModified":"2022-06-16T12:44:25+00:00","mainEntityOfPage":{"@id":"https:\/\/conexion23.com\/?p=8491"},"wordCount":454,"commentCount":0,"publisher":{"@id":"https:\/\/conexion23.com\/#organization"},"articleSection":["Uncategorized"],"inLanguage":"es","potentialAction":[{"@type":"CommentAction","name":"Comment","target":["https:\/\/conexion23.com\/?p=8491#respond"]}]},{"@type":"WebPage","@id":"https:\/\/conexion23.com\/?p=8491","url":"https:\/\/conexion23.com\/?p=8491","name":"Cat\u00f3licos conmemoran hoy d\u00eda de Corpus Crhisti con misas y procesiones - Conexi\u00f3n 23","isPartOf":{"@id":"https:\/\/conexion23.com\/#website"},"datePublished":"2022-06-16T12:44:17+00:00","dateModified":"2022-06-16T12:44:25+00:00","breadcrumb":{"@id":"https:\/\/conexion23.com\/?p=8491#breadcrumb"},"inLanguage":"es","potentialAction":[{"@type":"ReadAction","target":["https:\/\/conexion23.com\/?p=8491"]}]},{"@type":"BreadcrumbList","@id":"https:\/\/conexion23.com\/?p=8491#breadcrumb","itemListElement":[{"@type":"ListItem","position":1,"name":"Portada","item":"https:\/\/conexion23.com\/"},{"@type":"ListItem","position":2,"name":"Cat\u00f3licos conmemoran hoy d\u00eda de Corpus Crhisti con misas y procesiones"}]},{"@type":"WebSite","@id":"https:\/\/conexion23.com\/#website","url":"https:\/\/conexion23.com\/","name":"Conexi\u00f3n 23","description":"Peri\u00f3dico 100% Petromacorisano","publisher":{"@id":"https:\/\/conexion23.com\/#organization"},"potentialAction":[{"@type":"SearchAction","target":{"@type":"EntryPoint","urlTemplate":"https:\/\/conexion23.com\/?s={search_term_string}"},"query-input":{"@type":"PropertyValueSpecification","valueRequired":true,"valueName":"search_term_string"}}],"inLanguage":"es"},{"@type":"Organization","@id":"https:\/\/conexion23.com\/#organization","name":"Conexion 23","url":"https:\/\/conexion23.com\/","logo":{"@type":"ImageObject","inLanguage":"es","@id":"https:\/\/conexion23.com\/#\/schema\/logo\/image\/","url":"https:\/\/conexion23.com\/wp-content\/uploads\/2021\/11\/Diseno-sin-titulo-2.png","contentUrl":"https:\/\/conexion23.com\/wp-content\/uploads\/2021\/11\/Diseno-sin-titulo-2.png","width":541,"height":90,"caption":"Conexion 23"},"image":{"@id":"https:\/\/conexion23.com\/#\/schema\/logo\/image\/"},"sameAs":["https:\/\/www.facebook.com\/conexion23com","https:\/\/www.instagram.com\/conexion23com\/","https:\/\/www.youtube.com\/channel\/UCYc7vxxFZMYLIHNsHHxPZ3Q"]},{"@type":"Person","@id":"https:\/\/conexion23.com\/#\/schema\/person\/c0b7ce1f0e7a915d08fa289072b8353a","name":"Benjam\u00edn Rosario","image":{"@type":"ImageObject","inLanguage":"es","@id":"https:\/\/secure.gravatar.com\/avatar\/62e1b2539b49cdeb50ee302e2a5f2bd31dc7fdba412bbac67e2a2a6e0c89bb2a?s=96&d=mm&r=g","url":"https:\/\/secure.gravatar.com\/avatar\/62e1b2539b49cdeb50ee302e2a5f2bd31dc7fdba412bbac67e2a2a6e0c89bb2a?s=96&d=mm&r=g","contentUrl":"https:\/\/secure.gravatar.com\/avatar\/62e1b2539b49cdeb50ee302e2a5f2bd31dc7fdba412bbac67e2a2a6e0c89bb2a?s=96&d=mm&r=g","caption":"Benjam\u00edn Rosario"},"url":"https:\/\/conexion23.com\/?author=7"}]}},"_links":{"self":[{"href":"https:\/\/conexion23.com\/index.php?rest_route=\/wp\/v2\/posts\/8491","targetHints":{"allow":["GET"]}}],"collection":[{"href":"https:\/\/conexion23.com\/index.php?rest_route=\/wp\/v2\/posts"}],"about":[{"href":"https:\/\/conexion23.com\/index.php?rest_route=\/wp\/v2\/types\/post"}],"author":[{"embeddable":true,"href":"https:\/\/conexion23.com\/index.php?rest_route=\/wp\/v2\/users\/7"}],"replies":[{"embeddable":true,"href":"https:\/\/conexion23.com\/index.php?rest_route=%2Fwp%2Fv2%2Fcomments&post=8491"}],"version-history":[{"count":1,"href":"https:\/\/conexion23.com\/index.php?rest_route=\/wp\/v2\/posts\/8491\/revisions"}],"predecessor-version":[{"id":8493,"href":"https:\/\/conexion23.com\/index.php?rest_route=\/wp\/v2\/posts\/8491\/revisions\/8493"}],"wp:attachment":[{"href":"https:\/\/conexion23.com\/index.php?rest_route=%2Fwp%2Fv2%2Fmedia&parent=8491"}],"wp:term":[{"taxonomy":"category","embeddable":true,"href":"https:\/\/conexion23.com\/index.php?rest_route=%2Fwp%2Fv2%2Fcategories&post=8491"},{"taxonomy":"post_tag","embeddable":true,"href":"https:\/\/conexion23.com\/index.php?rest_route=%2Fwp%2Fv2%2Ftags&post=8491"}],"curies":[{"name":"wp","href":"https:\/\/api.w.org\/{rel}","templated":true}]}}