{"id":8850,"date":"2022-06-28T16:33:13","date_gmt":"2022-06-28T20:33:13","guid":{"rendered":"https:\/\/conexion23.com\/?p=8850"},"modified":"2022-06-28T16:45:29","modified_gmt":"2022-06-28T20:45:29","slug":"a-partir-del-15-de-julio-el-intrant-multara-las-motocicletas-que-no-esten-registradas-2","status":"publish","type":"post","link":"https:\/\/conexion23.com\/?p=8850","title":{"rendered":"El Pach\u00e1 es suspendido en La Mega"},"content":{"rendered":"\n<p class=\"wp-block-paragraph\"><strong>El controversial presentador de televisi\u00f3n dominicano Frederick Mart\u00ednez (El Pach\u00e1) ha sido suspendido del espacio radial matutino \u201cEl Vacil\u00f3n de la Ma\u00f1ana\u201d que se transmite por La Mega 97.9 FM. Su ausencia ante el micr\u00f3fono es notable.<\/strong><\/p>\n\n\n\n<p class=\"wp-block-paragraph\"><strong>El Pach\u00e1 admiti\u00f3 mediante un mensaje \u201cestoy suspendido de La Mega, desconozco las razones, me entregaron un documento donde me ratifican que estoy suspendido hasta nuevo aviso\u201d, precisa.<\/strong><\/p>\n\n\n\n<p class=\"wp-block-paragraph\"><strong>De acuerdo a Ramon Mercedes en el peri\u00f3dico <\/strong><a href=\"https:\/\/elnacional.com.do\/el-pacha-suspendido-a-tres-semanas-de-su-regreso-la-mega\/\"><strong>El Nacional<\/strong><\/a><strong>, el reconocido locutor regres\u00f3 a laborar en dicha emisora el pasado d\u00eda seis del presente mes, hace tan solo tres semanas. Para la ocasi\u00f3n, dominicanos residentes en la Gran Manzana se manifestaron complacidos con su regreso.<\/strong><\/p>\n\n\n\n<p class=\"wp-block-paragraph\"><strong>Especificaron que el animador es un fen\u00f3meno en la radio que los divierte, orienta, informa y actualiza en los diferentes aspectos de la cotidianidad y por eso los extra\u00f1amos mucho durante su retirada de la Gran Manzana.<\/strong><\/p>\n","protected":false},"excerpt":{"rendered":"<p>El controversial presentador de televisi\u00f3n dominicano Frederick Mart\u00ednez (El Pach\u00e1) ha sido suspendido del espacio radial matutino \u201cEl Vacil\u00f3n de la Ma\u00f1ana\u201d que se transmite por La Mega 97.9 FM. Su ausencia ante el micr\u00f3fono es notable. El Pach\u00e1 admiti\u00f3 mediante un mensaje \u201cestoy suspendido de La Mega, desconozco las razones, me entregaron un documento [&hellip;]<\/p>\n","protected":false},"author":7,"featured_media":0,"comment_status":"open","ping_status":"open","sticky":false,"template":"","format":"standard","meta":{"footnotes":""},"categories":[1],"tags":[],"class_list":["post-8850","post","type-post","status-publish","format-standard","category-uncategorized"],"yoast_head":"<!-- This site is optimized with the Yoast SEO plugin v27.6 - https:\/\/yoast.com\/product\/yoast-seo-wordpress\/ -->\n<title>El Pach\u00e1 es suspendido en La Mega - Conexi\u00f3n 23<\/title>\n<meta name=\"robots\" content=\"index, follow, max-snippet:-1, max-image-preview:large, max-video-preview:-1\" \/>\n<link rel=\"canonical\" href=\"https:\/\/conexion23.com\/?p=8850\" \/>\n<meta property=\"og:locale\" content=\"es_ES\" \/>\n<meta property=\"og:type\" content=\"article\" \/>\n<meta property=\"og:title\" content=\"El Pach\u00e1 es suspendido en La Mega - Conexi\u00f3n 23\" \/>\n<meta property=\"og:description\" content=\"El controversial presentador de televisi\u00f3n dominicano Frederick Mart\u00ednez (El Pach\u00e1) ha sido suspendido del espacio radial matutino \u201cEl Vacil\u00f3n de la Ma\u00f1ana\u201d que se transmite por La Mega 97.9 FM. Su ausencia ante el micr\u00f3fono es notable. El Pach\u00e1 admiti\u00f3 mediante un mensaje \u201cestoy suspendido de La Mega, desconozco las razones, me entregaron un documento [&hellip;]\" \/>\n<meta property=\"og:url\" content=\"https:\/\/conexion23.com\/?p=8850\" \/>\n<meta property=\"og:site_name\" content=\"Conexi\u00f3n 23\" \/>\n<meta property=\"article:publisher\" content=\"https:\/\/www.facebook.com\/conexion23com\" \/>\n<meta property=\"article:published_time\" content=\"2022-06-28T20:33:13+00:00\" \/>\n<meta property=\"article:modified_time\" content=\"2022-06-28T20:45:29+00:00\" \/>\n<meta name=\"author\" content=\"Benjam\u00edn Rosario\" \/>\n<meta name=\"twitter:card\" content=\"summary_large_image\" \/>\n<meta name=\"twitter:label1\" content=\"Escrito por\" \/>\n\t<meta name=\"twitter:data1\" content=\"Benjam\u00edn Rosario\" \/>\n\t<meta name=\"twitter:label2\" content=\"Tiempo de lectura\" \/>\n\t<meta name=\"twitter:data2\" content=\"1 minuto\" \/>\n<script type=\"application\/ld+json\" class=\"yoast-schema-graph\">{\"@context\":\"https:\\\/\\\/schema.org\",\"@graph\":[{\"@type\":\"Article\",\"@id\":\"https:\\\/\\\/conexion23.com\\\/?p=8850#article\",\"isPartOf\":{\"@id\":\"https:\\\/\\\/conexion23.com\\\/?p=8850\"},\"author\":{\"name\":\"Benjam\u00edn Rosario\",\"@id\":\"https:\\\/\\\/conexion23.com\\\/#\\\/schema\\\/person\\\/c0b7ce1f0e7a915d08fa289072b8353a\"},\"headline\":\"El Pach\u00e1 es suspendido en La Mega\",\"datePublished\":\"2022-06-28T20:33:13+00:00\",\"dateModified\":\"2022-06-28T20:45:29+00:00\",\"mainEntityOfPage\":{\"@id\":\"https:\\\/\\\/conexion23.com\\\/?p=8850\"},\"wordCount\":164,\"commentCount\":0,\"publisher\":{\"@id\":\"https:\\\/\\\/conexion23.com\\\/#organization\"},\"articleSection\":[\"Uncategorized\"],\"inLanguage\":\"es\",\"potentialAction\":[{\"@type\":\"CommentAction\",\"name\":\"Comment\",\"target\":[\"https:\\\/\\\/conexion23.com\\\/?p=8850#respond\"]}]},{\"@type\":\"WebPage\",\"@id\":\"https:\\\/\\\/conexion23.com\\\/?p=8850\",\"url\":\"https:\\\/\\\/conexion23.com\\\/?p=8850\",\"name\":\"El Pach\u00e1 es suspendido en La Mega - Conexi\u00f3n 23\",\"isPartOf\":{\"@id\":\"https:\\\/\\\/conexion23.com\\\/#website\"},\"datePublished\":\"2022-06-28T20:33:13+00:00\",\"dateModified\":\"2022-06-28T20:45:29+00:00\",\"breadcrumb\":{\"@id\":\"https:\\\/\\\/conexion23.com\\\/?p=8850#breadcrumb\"},\"inLanguage\":\"es\",\"potentialAction\":[{\"@type\":\"ReadAction\",\"target\":[\"https:\\\/\\\/conexion23.com\\\/?p=8850\"]}]},{\"@type\":\"BreadcrumbList\",\"@id\":\"https:\\\/\\\/conexion23.com\\\/?p=8850#breadcrumb\",\"itemListElement\":[{\"@type\":\"ListItem\",\"position\":1,\"name\":\"Portada\",\"item\":\"https:\\\/\\\/conexion23.com\\\/\"},{\"@type\":\"ListItem\",\"position\":2,\"name\":\"El Pach\u00e1 es suspendido en La Mega\"}]},{\"@type\":\"WebSite\",\"@id\":\"https:\\\/\\\/conexion23.com\\\/#website\",\"url\":\"https:\\\/\\\/conexion23.com\\\/\",\"name\":\"Conexi\u00f3n 23\",\"description\":\"Peri\u00f3dico 100% Petromacorisano\",\"publisher\":{\"@id\":\"https:\\\/\\\/conexion23.com\\\/#organization\"},\"potentialAction\":[{\"@type\":\"SearchAction\",\"target\":{\"@type\":\"EntryPoint\",\"urlTemplate\":\"https:\\\/\\\/conexion23.com\\\/?s={search_term_string}\"},\"query-input\":{\"@type\":\"PropertyValueSpecification\",\"valueRequired\":true,\"valueName\":\"search_term_string\"}}],\"inLanguage\":\"es\"},{\"@type\":\"Organization\",\"@id\":\"https:\\\/\\\/conexion23.com\\\/#organization\",\"name\":\"Conexion 23\",\"url\":\"https:\\\/\\\/conexion23.com\\\/\",\"logo\":{\"@type\":\"ImageObject\",\"inLanguage\":\"es\",\"@id\":\"https:\\\/\\\/conexion23.com\\\/#\\\/schema\\\/logo\\\/image\\\/\",\"url\":\"https:\\\/\\\/conexion23.com\\\/wp-content\\\/uploads\\\/2021\\\/11\\\/Diseno-sin-titulo-2.png\",\"contentUrl\":\"https:\\\/\\\/conexion23.com\\\/wp-content\\\/uploads\\\/2021\\\/11\\\/Diseno-sin-titulo-2.png\",\"width\":541,\"height\":90,\"caption\":\"Conexion 23\"},\"image\":{\"@id\":\"https:\\\/\\\/conexion23.com\\\/#\\\/schema\\\/logo\\\/image\\\/\"},\"sameAs\":[\"https:\\\/\\\/www.facebook.com\\\/conexion23com\",\"https:\\\/\\\/www.instagram.com\\\/conexion23com\\\/\",\"https:\\\/\\\/www.youtube.com\\\/channel\\\/UCYc7vxxFZMYLIHNsHHxPZ3Q\"]},{\"@type\":\"Person\",\"@id\":\"https:\\\/\\\/conexion23.com\\\/#\\\/schema\\\/person\\\/c0b7ce1f0e7a915d08fa289072b8353a\",\"name\":\"Benjam\u00edn Rosario\",\"image\":{\"@type\":\"ImageObject\",\"inLanguage\":\"es\",\"@id\":\"https:\\\/\\\/secure.gravatar.com\\\/avatar\\\/62e1b2539b49cdeb50ee302e2a5f2bd31dc7fdba412bbac67e2a2a6e0c89bb2a?s=96&d=mm&r=g\",\"url\":\"https:\\\/\\\/secure.gravatar.com\\\/avatar\\\/62e1b2539b49cdeb50ee302e2a5f2bd31dc7fdba412bbac67e2a2a6e0c89bb2a?s=96&d=mm&r=g\",\"contentUrl\":\"https:\\\/\\\/secure.gravatar.com\\\/avatar\\\/62e1b2539b49cdeb50ee302e2a5f2bd31dc7fdba412bbac67e2a2a6e0c89bb2a?s=96&d=mm&r=g\",\"caption\":\"Benjam\u00edn Rosario\"},\"url\":\"https:\\\/\\\/conexion23.com\\\/?author=7\"}]}<\/script>\n<!-- \/ Yoast SEO plugin. -->","yoast_head_json":{"title":"El Pach\u00e1 es suspendido en La Mega - Conexi\u00f3n 23","robots":{"index":"index","follow":"follow","max-snippet":"max-snippet:-1","max-image-preview":"max-image-preview:large","max-video-preview":"max-video-preview:-1"},"canonical":"https:\/\/conexion23.com\/?p=8850","og_locale":"es_ES","og_type":"article","og_title":"El Pach\u00e1 es suspendido en La Mega - Conexi\u00f3n 23","og_description":"El controversial presentador de televisi\u00f3n dominicano Frederick Mart\u00ednez (El Pach\u00e1) ha sido suspendido del espacio radial matutino \u201cEl Vacil\u00f3n de la Ma\u00f1ana\u201d que se transmite por La Mega 97.9 FM. Su ausencia ante el micr\u00f3fono es notable. El Pach\u00e1 admiti\u00f3 mediante un mensaje \u201cestoy suspendido de La Mega, desconozco las razones, me entregaron un documento [&hellip;]","og_url":"https:\/\/conexion23.com\/?p=8850","og_site_name":"Conexi\u00f3n 23","article_publisher":"https:\/\/www.facebook.com\/conexion23com","article_published_time":"2022-06-28T20:33:13+00:00","article_modified_time":"2022-06-28T20:45:29+00:00","author":"Benjam\u00edn Rosario","twitter_card":"summary_large_image","twitter_misc":{"Escrito por":"Benjam\u00edn Rosario","Tiempo de lectura":"1 minuto"},"schema":{"@context":"https:\/\/schema.org","@graph":[{"@type":"Article","@id":"https:\/\/conexion23.com\/?p=8850#article","isPartOf":{"@id":"https:\/\/conexion23.com\/?p=8850"},"author":{"name":"Benjam\u00edn Rosario","@id":"https:\/\/conexion23.com\/#\/schema\/person\/c0b7ce1f0e7a915d08fa289072b8353a"},"headline":"El Pach\u00e1 es suspendido en La Mega","datePublished":"2022-06-28T20:33:13+00:00","dateModified":"2022-06-28T20:45:29+00:00","mainEntityOfPage":{"@id":"https:\/\/conexion23.com\/?p=8850"},"wordCount":164,"commentCount":0,"publisher":{"@id":"https:\/\/conexion23.com\/#organization"},"articleSection":["Uncategorized"],"inLanguage":"es","potentialAction":[{"@type":"CommentAction","name":"Comment","target":["https:\/\/conexion23.com\/?p=8850#respond"]}]},{"@type":"WebPage","@id":"https:\/\/conexion23.com\/?p=8850","url":"https:\/\/conexion23.com\/?p=8850","name":"El Pach\u00e1 es suspendido en La Mega - Conexi\u00f3n 23","isPartOf":{"@id":"https:\/\/conexion23.com\/#website"},"datePublished":"2022-06-28T20:33:13+00:00","dateModified":"2022-06-28T20:45:29+00:00","breadcrumb":{"@id":"https:\/\/conexion23.com\/?p=8850#breadcrumb"},"inLanguage":"es","potentialAction":[{"@type":"ReadAction","target":["https:\/\/conexion23.com\/?p=8850"]}]},{"@type":"BreadcrumbList","@id":"https:\/\/conexion23.com\/?p=8850#breadcrumb","itemListElement":[{"@type":"ListItem","position":1,"name":"Portada","item":"https:\/\/conexion23.com\/"},{"@type":"ListItem","position":2,"name":"El Pach\u00e1 es suspendido en La Mega"}]},{"@type":"WebSite","@id":"https:\/\/conexion23.com\/#website","url":"https:\/\/conexion23.com\/","name":"Conexi\u00f3n 23","description":"Peri\u00f3dico 100% Petromacorisano","publisher":{"@id":"https:\/\/conexion23.com\/#organization"},"potentialAction":[{"@type":"SearchAction","target":{"@type":"EntryPoint","urlTemplate":"https:\/\/conexion23.com\/?s={search_term_string}"},"query-input":{"@type":"PropertyValueSpecification","valueRequired":true,"valueName":"search_term_string"}}],"inLanguage":"es"},{"@type":"Organization","@id":"https:\/\/conexion23.com\/#organization","name":"Conexion 23","url":"https:\/\/conexion23.com\/","logo":{"@type":"ImageObject","inLanguage":"es","@id":"https:\/\/conexion23.com\/#\/schema\/logo\/image\/","url":"https:\/\/conexion23.com\/wp-content\/uploads\/2021\/11\/Diseno-sin-titulo-2.png","contentUrl":"https:\/\/conexion23.com\/wp-content\/uploads\/2021\/11\/Diseno-sin-titulo-2.png","width":541,"height":90,"caption":"Conexion 23"},"image":{"@id":"https:\/\/conexion23.com\/#\/schema\/logo\/image\/"},"sameAs":["https:\/\/www.facebook.com\/conexion23com","https:\/\/www.instagram.com\/conexion23com\/","https:\/\/www.youtube.com\/channel\/UCYc7vxxFZMYLIHNsHHxPZ3Q"]},{"@type":"Person","@id":"https:\/\/conexion23.com\/#\/schema\/person\/c0b7ce1f0e7a915d08fa289072b8353a","name":"Benjam\u00edn Rosario","image":{"@type":"ImageObject","inLanguage":"es","@id":"https:\/\/secure.gravatar.com\/avatar\/62e1b2539b49cdeb50ee302e2a5f2bd31dc7fdba412bbac67e2a2a6e0c89bb2a?s=96&d=mm&r=g","url":"https:\/\/secure.gravatar.com\/avatar\/62e1b2539b49cdeb50ee302e2a5f2bd31dc7fdba412bbac67e2a2a6e0c89bb2a?s=96&d=mm&r=g","contentUrl":"https:\/\/secure.gravatar.com\/avatar\/62e1b2539b49cdeb50ee302e2a5f2bd31dc7fdba412bbac67e2a2a6e0c89bb2a?s=96&d=mm&r=g","caption":"Benjam\u00edn Rosario"},"url":"https:\/\/conexion23.com\/?author=7"}]}},"_links":{"self":[{"href":"https:\/\/conexion23.com\/index.php?rest_route=\/wp\/v2\/posts\/8850","targetHints":{"allow":["GET"]}}],"collection":[{"href":"https:\/\/conexion23.com\/index.php?rest_route=\/wp\/v2\/posts"}],"about":[{"href":"https:\/\/conexion23.com\/index.php?rest_route=\/wp\/v2\/types\/post"}],"author":[{"embeddable":true,"href":"https:\/\/conexion23.com\/index.php?rest_route=\/wp\/v2\/users\/7"}],"replies":[{"embeddable":true,"href":"https:\/\/conexion23.com\/index.php?rest_route=%2Fwp%2Fv2%2Fcomments&post=8850"}],"version-history":[{"count":2,"href":"https:\/\/conexion23.com\/index.php?rest_route=\/wp\/v2\/posts\/8850\/revisions"}],"predecessor-version":[{"id":8853,"href":"https:\/\/conexion23.com\/index.php?rest_route=\/wp\/v2\/posts\/8850\/revisions\/8853"}],"wp:attachment":[{"href":"https:\/\/conexion23.com\/index.php?rest_route=%2Fwp%2Fv2%2Fmedia&parent=8850"}],"wp:term":[{"taxonomy":"category","embeddable":true,"href":"https:\/\/conexion23.com\/index.php?rest_route=%2Fwp%2Fv2%2Fcategories&post=8850"},{"taxonomy":"post_tag","embeddable":true,"href":"https:\/\/conexion23.com\/index.php?rest_route=%2Fwp%2Fv2%2Ftags&post=8850"}],"curies":[{"name":"wp","href":"https:\/\/api.w.org\/{rel}","templated":true}]}}