{"id":9740,"date":"2022-08-28T09:33:44","date_gmt":"2022-08-28T13:33:44","guid":{"rendered":"https:\/\/conexion23.com\/?p=9740"},"modified":"2022-08-28T09:33:49","modified_gmt":"2022-08-28T13:33:49","slug":"hombre-que-lanzo-bebe-en-un-tanque-de-agua-pide-perdon-y-dice-video-tiene-dos-anos","status":"publish","type":"post","link":"https:\/\/conexion23.com\/?p=9740","title":{"rendered":"Hombre que lanz\u00f3 beb\u00e9 en un tanque de agua pide perd\u00f3n y dice video tiene dos a\u00f1os"},"content":{"rendered":"\n<p>\u00abEste video sale del alma\u00bb, dijo Jos\u00e9 Emilio, el hombre que se observa en un video lanzando lanz\u00f3 a un ni\u00f1o a un tanque de agua.<\/p>\n\n\n\n<p>De acuerdo a las informaciones ofrecidas por \u00e9l, fue un miembro honorable de la Polic\u00eda Nacional por 27 a\u00f1os y quiere vivir sus \u00faltimos d\u00edas en la sociedad con esa misma honradez que lo ha caracterizado.<\/p>\n\n\n\n<p>\u00abEste video es con relaci\u00f3n al video del ni\u00f1o que es arrojado dentro del tanque, esa persona soy yo, y fue en una reuni\u00f3n familiar\u00bb, expres\u00f3.<\/p>\n\n\n\n<p>Dijo que su accionar no fue el de un \u00abcaballero oficial\u00bb y expres\u00f3 que ese video tiene dos a\u00f1os, y que tiene ese mismo tiempo fuera del pa\u00eds. \u00abYo ayudo a mi familia, a mi sobrino, y a mi sobrina, asegur\u00f3. .<\/p>\n\n\n\n<p>Pide a la sociedad dominicana que lo perdone y que le den la oportunidad de enmendar su error.<\/p>\n","protected":false},"excerpt":{"rendered":"<p>\u00abEste video sale del alma\u00bb, dijo Jos\u00e9 Emilio, el hombre que se observa en un video lanzando lanz\u00f3 a un ni\u00f1o a un tanque de agua. De acuerdo a las informaciones ofrecidas por \u00e9l, fue un miembro honorable de la Polic\u00eda Nacional por 27 a\u00f1os y quiere vivir sus \u00faltimos d\u00edas en la sociedad con [&hellip;]<\/p>\n","protected":false},"author":15,"featured_media":0,"comment_status":"open","ping_status":"open","sticky":false,"template":"","format":"standard","meta":{"footnotes":""},"categories":[1],"tags":[],"class_list":{"0":"post-9740","1":"post","2":"type-post","3":"status-publish","4":"format-standard","6":"category-uncategorized"},"yoast_head":"<!-- This site is optimized with the Yoast SEO plugin v27.1.1 - https:\/\/yoast.com\/product\/yoast-seo-wordpress\/ -->\n<title>Hombre que lanz\u00f3 beb\u00e9 en un tanque de agua pide perd\u00f3n y dice video tiene dos a\u00f1os - Conexi\u00f3n 23<\/title>\n<meta name=\"robots\" content=\"index, follow, max-snippet:-1, max-image-preview:large, max-video-preview:-1\" \/>\n<link rel=\"canonical\" href=\"http:\/\/conexion23.com\/?p=9740\" \/>\n<meta property=\"og:locale\" content=\"es_ES\" \/>\n<meta property=\"og:type\" content=\"article\" \/>\n<meta property=\"og:title\" content=\"Hombre que lanz\u00f3 beb\u00e9 en un tanque de agua pide perd\u00f3n y dice video tiene dos a\u00f1os - Conexi\u00f3n 23\" \/>\n<meta property=\"og:description\" content=\"\u00abEste video sale del alma\u00bb, dijo Jos\u00e9 Emilio, el hombre que se observa en un video lanzando lanz\u00f3 a un ni\u00f1o a un tanque de agua. De acuerdo a las informaciones ofrecidas por \u00e9l, fue un miembro honorable de la Polic\u00eda Nacional por 27 a\u00f1os y quiere vivir sus \u00faltimos d\u00edas en la sociedad con [&hellip;]\" \/>\n<meta property=\"og:url\" content=\"http:\/\/conexion23.com\/?p=9740\" \/>\n<meta property=\"og:site_name\" content=\"Conexi\u00f3n 23\" \/>\n<meta property=\"article:publisher\" content=\"https:\/\/www.facebook.com\/conexion23com\" \/>\n<meta property=\"article:published_time\" content=\"2022-08-28T13:33:44+00:00\" \/>\n<meta property=\"article:modified_time\" content=\"2022-08-28T13:33:49+00:00\" \/>\n<meta name=\"author\" content=\"Raffy Ben\u00edtez\" \/>\n<meta name=\"twitter:card\" content=\"summary_large_image\" \/>\n<meta name=\"twitter:label1\" content=\"Escrito por\" \/>\n\t<meta name=\"twitter:data1\" content=\"Raffy Ben\u00edtez\" \/>\n\t<meta name=\"twitter:label2\" content=\"Tiempo de lectura\" \/>\n\t<meta name=\"twitter:data2\" content=\"1 minuto\" \/>\n<script type=\"application\/ld+json\" class=\"yoast-schema-graph\">{\"@context\":\"https:\/\/schema.org\",\"@graph\":[{\"@type\":\"Article\",\"@id\":\"http:\/\/conexion23.com\/?p=9740#article\",\"isPartOf\":{\"@id\":\"http:\/\/conexion23.com\/?p=9740\"},\"author\":{\"name\":\"Raffy Ben\u00edtez\",\"@id\":\"https:\/\/conexion23.com\/#\/schema\/person\/03e36043331117e97a373299bbcd30a6\"},\"headline\":\"Hombre que lanz\u00f3 beb\u00e9 en un tanque de agua pide perd\u00f3n y dice video tiene dos a\u00f1os\",\"datePublished\":\"2022-08-28T13:33:44+00:00\",\"dateModified\":\"2022-08-28T13:33:49+00:00\",\"mainEntityOfPage\":{\"@id\":\"http:\/\/conexion23.com\/?p=9740\"},\"wordCount\":174,\"commentCount\":0,\"publisher\":{\"@id\":\"https:\/\/conexion23.com\/#organization\"},\"articleSection\":[\"Uncategorized\"],\"inLanguage\":\"es\",\"potentialAction\":[{\"@type\":\"CommentAction\",\"name\":\"Comment\",\"target\":[\"http:\/\/conexion23.com\/?p=9740#respond\"]}]},{\"@type\":\"WebPage\",\"@id\":\"http:\/\/conexion23.com\/?p=9740\",\"url\":\"http:\/\/conexion23.com\/?p=9740\",\"name\":\"Hombre que lanz\u00f3 beb\u00e9 en un tanque de agua pide perd\u00f3n y dice video tiene dos a\u00f1os - Conexi\u00f3n 23\",\"isPartOf\":{\"@id\":\"https:\/\/conexion23.com\/#website\"},\"datePublished\":\"2022-08-28T13:33:44+00:00\",\"dateModified\":\"2022-08-28T13:33:49+00:00\",\"breadcrumb\":{\"@id\":\"http:\/\/conexion23.com\/?p=9740#breadcrumb\"},\"inLanguage\":\"es\",\"potentialAction\":[{\"@type\":\"ReadAction\",\"target\":[\"http:\/\/conexion23.com\/?p=9740\"]}]},{\"@type\":\"BreadcrumbList\",\"@id\":\"http:\/\/conexion23.com\/?p=9740#breadcrumb\",\"itemListElement\":[{\"@type\":\"ListItem\",\"position\":1,\"name\":\"Portada\",\"item\":\"https:\/\/conexion23.com\/\"},{\"@type\":\"ListItem\",\"position\":2,\"name\":\"Hombre que lanz\u00f3 beb\u00e9 en un tanque de agua pide perd\u00f3n y dice video tiene dos a\u00f1os\"}]},{\"@type\":\"WebSite\",\"@id\":\"https:\/\/conexion23.com\/#website\",\"url\":\"https:\/\/conexion23.com\/\",\"name\":\"Conexi\u00f3n 23\",\"description\":\"Peri\u00f3dico 100% Petromacorisano\",\"publisher\":{\"@id\":\"https:\/\/conexion23.com\/#organization\"},\"potentialAction\":[{\"@type\":\"SearchAction\",\"target\":{\"@type\":\"EntryPoint\",\"urlTemplate\":\"https:\/\/conexion23.com\/?s={search_term_string}\"},\"query-input\":{\"@type\":\"PropertyValueSpecification\",\"valueRequired\":true,\"valueName\":\"search_term_string\"}}],\"inLanguage\":\"es\"},{\"@type\":\"Organization\",\"@id\":\"https:\/\/conexion23.com\/#organization\",\"name\":\"Conexion 23\",\"url\":\"https:\/\/conexion23.com\/\",\"logo\":{\"@type\":\"ImageObject\",\"inLanguage\":\"es\",\"@id\":\"https:\/\/conexion23.com\/#\/schema\/logo\/image\/\",\"url\":\"https:\/\/conexion23.com\/wp-content\/uploads\/2021\/11\/Diseno-sin-titulo-2.png\",\"contentUrl\":\"https:\/\/conexion23.com\/wp-content\/uploads\/2021\/11\/Diseno-sin-titulo-2.png\",\"width\":541,\"height\":90,\"caption\":\"Conexion 23\"},\"image\":{\"@id\":\"https:\/\/conexion23.com\/#\/schema\/logo\/image\/\"},\"sameAs\":[\"https:\/\/www.facebook.com\/conexion23com\",\"https:\/\/www.instagram.com\/conexion23com\/\",\"https:\/\/www.youtube.com\/channel\/UCYc7vxxFZMYLIHNsHHxPZ3Q\"]},{\"@type\":\"Person\",\"@id\":\"https:\/\/conexion23.com\/#\/schema\/person\/03e36043331117e97a373299bbcd30a6\",\"name\":\"Raffy Ben\u00edtez\",\"image\":{\"@type\":\"ImageObject\",\"inLanguage\":\"es\",\"@id\":\"https:\/\/conexion23.com\/#\/schema\/person\/image\/\",\"url\":\"https:\/\/secure.gravatar.com\/avatar\/3190a6a6c5e1b0327500f7d6c56b6242472ee6cb974cf09b401ee6b3b0798f23?s=96&d=mm&r=g\",\"contentUrl\":\"https:\/\/secure.gravatar.com\/avatar\/3190a6a6c5e1b0327500f7d6c56b6242472ee6cb974cf09b401ee6b3b0798f23?s=96&d=mm&r=g\",\"caption\":\"Raffy Ben\u00edtez\"},\"url\":\"https:\/\/conexion23.com\/?author=15\"}]}<\/script>\n<!-- \/ Yoast SEO plugin. -->","yoast_head_json":{"title":"Hombre que lanz\u00f3 beb\u00e9 en un tanque de agua pide perd\u00f3n y dice video tiene dos a\u00f1os - Conexi\u00f3n 23","robots":{"index":"index","follow":"follow","max-snippet":"max-snippet:-1","max-image-preview":"max-image-preview:large","max-video-preview":"max-video-preview:-1"},"canonical":"http:\/\/conexion23.com\/?p=9740","og_locale":"es_ES","og_type":"article","og_title":"Hombre que lanz\u00f3 beb\u00e9 en un tanque de agua pide perd\u00f3n y dice video tiene dos a\u00f1os - Conexi\u00f3n 23","og_description":"\u00abEste video sale del alma\u00bb, dijo Jos\u00e9 Emilio, el hombre que se observa en un video lanzando lanz\u00f3 a un ni\u00f1o a un tanque de agua. De acuerdo a las informaciones ofrecidas por \u00e9l, fue un miembro honorable de la Polic\u00eda Nacional por 27 a\u00f1os y quiere vivir sus \u00faltimos d\u00edas en la sociedad con [&hellip;]","og_url":"http:\/\/conexion23.com\/?p=9740","og_site_name":"Conexi\u00f3n 23","article_publisher":"https:\/\/www.facebook.com\/conexion23com","article_published_time":"2022-08-28T13:33:44+00:00","article_modified_time":"2022-08-28T13:33:49+00:00","author":"Raffy Ben\u00edtez","twitter_card":"summary_large_image","twitter_misc":{"Escrito por":"Raffy Ben\u00edtez","Tiempo de lectura":"1 minuto"},"schema":{"@context":"https:\/\/schema.org","@graph":[{"@type":"Article","@id":"http:\/\/conexion23.com\/?p=9740#article","isPartOf":{"@id":"http:\/\/conexion23.com\/?p=9740"},"author":{"name":"Raffy Ben\u00edtez","@id":"https:\/\/conexion23.com\/#\/schema\/person\/03e36043331117e97a373299bbcd30a6"},"headline":"Hombre que lanz\u00f3 beb\u00e9 en un tanque de agua pide perd\u00f3n y dice video tiene dos a\u00f1os","datePublished":"2022-08-28T13:33:44+00:00","dateModified":"2022-08-28T13:33:49+00:00","mainEntityOfPage":{"@id":"http:\/\/conexion23.com\/?p=9740"},"wordCount":174,"commentCount":0,"publisher":{"@id":"https:\/\/conexion23.com\/#organization"},"articleSection":["Uncategorized"],"inLanguage":"es","potentialAction":[{"@type":"CommentAction","name":"Comment","target":["http:\/\/conexion23.com\/?p=9740#respond"]}]},{"@type":"WebPage","@id":"http:\/\/conexion23.com\/?p=9740","url":"http:\/\/conexion23.com\/?p=9740","name":"Hombre que lanz\u00f3 beb\u00e9 en un tanque de agua pide perd\u00f3n y dice video tiene dos a\u00f1os - Conexi\u00f3n 23","isPartOf":{"@id":"https:\/\/conexion23.com\/#website"},"datePublished":"2022-08-28T13:33:44+00:00","dateModified":"2022-08-28T13:33:49+00:00","breadcrumb":{"@id":"http:\/\/conexion23.com\/?p=9740#breadcrumb"},"inLanguage":"es","potentialAction":[{"@type":"ReadAction","target":["http:\/\/conexion23.com\/?p=9740"]}]},{"@type":"BreadcrumbList","@id":"http:\/\/conexion23.com\/?p=9740#breadcrumb","itemListElement":[{"@type":"ListItem","position":1,"name":"Portada","item":"https:\/\/conexion23.com\/"},{"@type":"ListItem","position":2,"name":"Hombre que lanz\u00f3 beb\u00e9 en un tanque de agua pide perd\u00f3n y dice video tiene dos a\u00f1os"}]},{"@type":"WebSite","@id":"https:\/\/conexion23.com\/#website","url":"https:\/\/conexion23.com\/","name":"Conexi\u00f3n 23","description":"Peri\u00f3dico 100% Petromacorisano","publisher":{"@id":"https:\/\/conexion23.com\/#organization"},"potentialAction":[{"@type":"SearchAction","target":{"@type":"EntryPoint","urlTemplate":"https:\/\/conexion23.com\/?s={search_term_string}"},"query-input":{"@type":"PropertyValueSpecification","valueRequired":true,"valueName":"search_term_string"}}],"inLanguage":"es"},{"@type":"Organization","@id":"https:\/\/conexion23.com\/#organization","name":"Conexion 23","url":"https:\/\/conexion23.com\/","logo":{"@type":"ImageObject","inLanguage":"es","@id":"https:\/\/conexion23.com\/#\/schema\/logo\/image\/","url":"https:\/\/conexion23.com\/wp-content\/uploads\/2021\/11\/Diseno-sin-titulo-2.png","contentUrl":"https:\/\/conexion23.com\/wp-content\/uploads\/2021\/11\/Diseno-sin-titulo-2.png","width":541,"height":90,"caption":"Conexion 23"},"image":{"@id":"https:\/\/conexion23.com\/#\/schema\/logo\/image\/"},"sameAs":["https:\/\/www.facebook.com\/conexion23com","https:\/\/www.instagram.com\/conexion23com\/","https:\/\/www.youtube.com\/channel\/UCYc7vxxFZMYLIHNsHHxPZ3Q"]},{"@type":"Person","@id":"https:\/\/conexion23.com\/#\/schema\/person\/03e36043331117e97a373299bbcd30a6","name":"Raffy Ben\u00edtez","image":{"@type":"ImageObject","inLanguage":"es","@id":"https:\/\/conexion23.com\/#\/schema\/person\/image\/","url":"https:\/\/secure.gravatar.com\/avatar\/3190a6a6c5e1b0327500f7d6c56b6242472ee6cb974cf09b401ee6b3b0798f23?s=96&d=mm&r=g","contentUrl":"https:\/\/secure.gravatar.com\/avatar\/3190a6a6c5e1b0327500f7d6c56b6242472ee6cb974cf09b401ee6b3b0798f23?s=96&d=mm&r=g","caption":"Raffy Ben\u00edtez"},"url":"https:\/\/conexion23.com\/?author=15"}]}},"_links":{"self":[{"href":"https:\/\/conexion23.com\/index.php?rest_route=\/wp\/v2\/posts\/9740","targetHints":{"allow":["GET"]}}],"collection":[{"href":"https:\/\/conexion23.com\/index.php?rest_route=\/wp\/v2\/posts"}],"about":[{"href":"https:\/\/conexion23.com\/index.php?rest_route=\/wp\/v2\/types\/post"}],"author":[{"embeddable":true,"href":"https:\/\/conexion23.com\/index.php?rest_route=\/wp\/v2\/users\/15"}],"replies":[{"embeddable":true,"href":"https:\/\/conexion23.com\/index.php?rest_route=%2Fwp%2Fv2%2Fcomments&post=9740"}],"version-history":[{"count":1,"href":"https:\/\/conexion23.com\/index.php?rest_route=\/wp\/v2\/posts\/9740\/revisions"}],"predecessor-version":[{"id":9742,"href":"https:\/\/conexion23.com\/index.php?rest_route=\/wp\/v2\/posts\/9740\/revisions\/9742"}],"wp:attachment":[{"href":"https:\/\/conexion23.com\/index.php?rest_route=%2Fwp%2Fv2%2Fmedia&parent=9740"}],"wp:term":[{"taxonomy":"category","embeddable":true,"href":"https:\/\/conexion23.com\/index.php?rest_route=%2Fwp%2Fv2%2Fcategories&post=9740"},{"taxonomy":"post_tag","embeddable":true,"href":"https:\/\/conexion23.com\/index.php?rest_route=%2Fwp%2Fv2%2Ftags&post=9740"}],"curies":[{"name":"wp","href":"https:\/\/api.w.org\/{rel}","templated":true}]}}